{"id":4077,"date":"2018-11-05T10:11:11","date_gmt":"2018-11-05T10:11:11","guid":{"rendered":"https:\/\/sindromecharge.es\/index.php\/2018\/11\/05\/participamos-en-el-i-congreso-sobre-enfermedades-raras-y-poco-frecuentes-en-castilla-la-mancha\/"},"modified":"2018-11-05T10:11:11","modified_gmt":"2018-11-05T10:11:11","slug":"participamos-en-el-i-congreso-sobre-enfermedades-raras-y-poco-frecuentes-en-castilla-la-mancha","status":"publish","type":"post","link":"https:\/\/sindromecharge.es\/index.php\/2018\/11\/05\/participamos-en-el-i-congreso-sobre-enfermedades-raras-y-poco-frecuentes-en-castilla-la-mancha\/","title":{"rendered":"Participamos en el I Congreso sobre Enfermedades Raras y poco frecuentes en Castilla-La Mancha"},"content":{"rendered":"<p>Leemos en FEDER la siguiente noticia que os reproducimos de forma \u00edntegra: <\/p>\n<p>&nbsp;<\/p>\n<p>La Consejer\u00eda de Sanidad de Castilla- La Mancha, a trav\u00e9s de las Direcciones Generales de Calidad y Humanizaci\u00f3n de la Asistencia Sanitaria y de Planificaci\u00f3n, Ordenaci\u00f3n e Inspecci\u00f3n, y en colaboraci\u00f3n con la Direcci\u00f3n General de Asistencia Sanitaria (SESCAM) organizan el I Congreso sobre Enfermedades Raras y poco frecuentes en Castilla-La Mancha que se realizar\u00e1 los d\u00edas 9 y 10 de noviembre. Gracias a la asistencia de Isabel Campos, Secretaria de FEDER y de nuestra Fundaci\u00f3n, FEDER podr\u00e1 estar presente en esta primera jornada.<\/p>\n<p>Este primer congreso se realizar\u00e1 en el sal\u00f3n de actos de la Consejer\u00eda de Sanidad de Castilla-La Mancha, Avda. de Francia N\u00ba 4, en Toledo a partir de las 9:30 .&nbsp;El objetivo principal de este Congreso es dar a conocer las actuaciones que se llevan a cabo en Centros, Servicios y Unidades que prestan servicios a las personas que conviven con estas patolog\u00edas, dentro del territorio nacional.<\/p>\n<p>Adem\u00e1s, este encuentro ser\u00e1 una herramienta valiosa para dar a conocer el trabajo de los y las profesionales que en Castilla-La Mancha, ya sea desde el \u00e1mbito de la Administraci\u00f3n como desde el movimiento asociativo, luchan para mejorar la calidad de vida de las personas diagnosticadas de enfermedades raras.<\/p>\n<p>Este Congreso est\u00e1 dirigido a todos los profesionales del \u00e1mbito sanitario y sociosanitario, familiares, enfermos y asociaciones relacionadas con estas enfermedades. Este Congreso es una actividad acreditada por la Unidad de Acreditaci\u00f3n de Formaci\u00f3n Continuada de Castilla-La Mancha con 1\u00b42 Cr\u00e9ditos.<\/p>\n<p>Desde FEDER, creemos que estas iniciativas brindan la oportunidad para poner en com\u00fan experiencias y conocimientos que sean un gran aporte para mejorar la calidad de vida de las personas que conviven con enfermedades raras en el pa\u00eds.<\/p>\n<p style=\"text-align: right\">\u00daltima actualizaci\u00f3n: 05 de noviembre de 2018.<\/p>\n<p>&nbsp;<\/p>\n<p>Fuente: FEDER <a href=\"https:\/\/enfermedades-raras.org\/index.php\/actualidad\/noticias-eventos\/2-feder\/11382-participamos-en-el-i-congreso-sobre-enfermedades-raras-y-poco-frecuentes-en-castilla-la-mancha\" target=\"_blank\">Participamos en el I Congreso sobre Enfermedades Raras y poco frecuentes en Castilla-La Mancha<\/a><\/p>\n","protected":false},"excerpt":{"rendered":"<p>Leemos en FEDER la siguiente noticia que os reproducimos de forma \u00edntegra: &nbsp; La Consejer\u00eda de Sanidad de Castilla- La Mancha, a trav\u00e9s de las Direcciones Generales de Calidad y Humanizaci\u00f3n de la Asistencia Sanitaria y de Planificaci\u00f3n, Ordenaci\u00f3n e Inspecci\u00f3n, y en colaboraci\u00f3n con la Direcci\u00f3n General de Asistencia Sanitaria (SESCAM) organizan el I [&hellip;]<\/p>\n","protected":false},"author":1,"featured_media":0,"comment_status":"open","ping_status":"closed","sticky":false,"template":"","format":"standard","meta":{"footnotes":""},"categories":[8],"tags":[36],"class_list":["post-4077","post","type-post","status-publish","format-standard","hentry","category-noticias","tag-enfermedades-raras"],"yoast_head":"<!-- This site is optimized with the Yoast SEO plugin v27.4 - https:\/\/yoast.com\/product\/yoast-seo-wordpress\/ -->\n<title>Participamos en el I Congreso sobre Enfermedades Raras y poco frecuentes en Castilla-La Mancha - Asociaci\u00f3n Espa\u00f1ola S\u00edndrome de Charge<\/title>\n<meta name=\"robots\" content=\"index, follow, max-snippet:-1, max-image-preview:large, max-video-preview:-1\" \/>\n<link rel=\"canonical\" href=\"https:\/\/sindromecharge.es\/index.php\/2018\/11\/05\/participamos-en-el-i-congreso-sobre-enfermedades-raras-y-poco-frecuentes-en-castilla-la-mancha\/\" \/>\n<meta property=\"og:locale\" content=\"es_ES\" \/>\n<meta property=\"og:type\" content=\"article\" \/>\n<meta property=\"og:title\" content=\"Participamos en el I Congreso sobre Enfermedades Raras y poco frecuentes en Castilla-La Mancha - Asociaci\u00f3n Espa\u00f1ola S\u00edndrome de Charge\" \/>\n<meta property=\"og:description\" content=\"Leemos en FEDER la siguiente noticia que os reproducimos de forma \u00edntegra: &nbsp; La Consejer\u00eda de Sanidad de Castilla- La Mancha, a trav\u00e9s de las Direcciones Generales de Calidad y Humanizaci\u00f3n de la Asistencia Sanitaria y de Planificaci\u00f3n, Ordenaci\u00f3n e Inspecci\u00f3n, y en colaboraci\u00f3n con la Direcci\u00f3n General de Asistencia Sanitaria (SESCAM) organizan el I [&hellip;]\" \/>\n<meta property=\"og:url\" content=\"https:\/\/sindromecharge.es\/index.php\/2018\/11\/05\/participamos-en-el-i-congreso-sobre-enfermedades-raras-y-poco-frecuentes-en-castilla-la-mancha\/\" \/>\n<meta property=\"og:site_name\" content=\"Asociaci\u00f3n Espa\u00f1ola S\u00edndrome de Charge\" \/>\n<meta property=\"article:publisher\" content=\"https:\/\/www.facebook.com\/asociacionsindromecharge\" \/>\n<meta property=\"article:published_time\" content=\"2018-11-05T10:11:11+00:00\" \/>\n<meta property=\"og:image\" content=\"https:\/\/sindromecharge.es\/wp-content\/uploads\/2013\/09\/logodecharge300x98.png\" \/>\n\t<meta property=\"og:image:width\" content=\"300\" \/>\n\t<meta property=\"og:image:height\" content=\"98\" \/>\n\t<meta property=\"og:image:type\" content=\"image\/png\" \/>\n<meta name=\"author\" content=\"Charge\" \/>\n<meta name=\"twitter:card\" content=\"summary_large_image\" \/>\n<meta name=\"twitter:creator\" content=\"@sindromecharge\" \/>\n<meta name=\"twitter:site\" content=\"@sindromecharge\" \/>\n<meta name=\"twitter:label1\" content=\"Escrito por\" \/>\n\t<meta name=\"twitter:data1\" content=\"Charge\" \/>\n\t<meta name=\"twitter:label2\" content=\"Tiempo de lectura\" \/>\n\t<meta name=\"twitter:data2\" content=\"2 minutos\" \/>\n<script type=\"application\/ld+json\" class=\"yoast-schema-graph\">{\"@context\":\"https:\\\/\\\/schema.org\",\"@graph\":[{\"@type\":\"Article\",\"@id\":\"https:\\\/\\\/sindromecharge.es\\\/index.php\\\/2018\\\/11\\\/05\\\/participamos-en-el-i-congreso-sobre-enfermedades-raras-y-poco-frecuentes-en-castilla-la-mancha\\\/#article\",\"isPartOf\":{\"@id\":\"https:\\\/\\\/sindromecharge.es\\\/index.php\\\/2018\\\/11\\\/05\\\/participamos-en-el-i-congreso-sobre-enfermedades-raras-y-poco-frecuentes-en-castilla-la-mancha\\\/\"},\"author\":{\"name\":\"Charge\",\"@id\":\"https:\\\/\\\/sindromecharge.es\\\/#\\\/schema\\\/person\\\/39a60ebe0a2b4d5a11179701e336b039\"},\"headline\":\"Participamos en el I Congreso sobre Enfermedades Raras y poco frecuentes en Castilla-La Mancha\",\"datePublished\":\"2018-11-05T10:11:11+00:00\",\"mainEntityOfPage\":{\"@id\":\"https:\\\/\\\/sindromecharge.es\\\/index.php\\\/2018\\\/11\\\/05\\\/participamos-en-el-i-congreso-sobre-enfermedades-raras-y-poco-frecuentes-en-castilla-la-mancha\\\/\"},\"wordCount\":345,\"commentCount\":0,\"keywords\":[\"enfermedades raras\"],\"articleSection\":[\"noticias\"],\"inLanguage\":\"es\",\"potentialAction\":[{\"@type\":\"CommentAction\",\"name\":\"Comment\",\"target\":[\"https:\\\/\\\/sindromecharge.es\\\/index.php\\\/2018\\\/11\\\/05\\\/participamos-en-el-i-congreso-sobre-enfermedades-raras-y-poco-frecuentes-en-castilla-la-mancha\\\/#respond\"]}]},{\"@type\":\"WebPage\",\"@id\":\"https:\\\/\\\/sindromecharge.es\\\/index.php\\\/2018\\\/11\\\/05\\\/participamos-en-el-i-congreso-sobre-enfermedades-raras-y-poco-frecuentes-en-castilla-la-mancha\\\/\",\"url\":\"https:\\\/\\\/sindromecharge.es\\\/index.php\\\/2018\\\/11\\\/05\\\/participamos-en-el-i-congreso-sobre-enfermedades-raras-y-poco-frecuentes-en-castilla-la-mancha\\\/\",\"name\":\"Participamos en el I Congreso sobre Enfermedades Raras y poco frecuentes en Castilla-La Mancha - Asociaci\u00f3n Espa\u00f1ola S\u00edndrome de Charge\",\"isPartOf\":{\"@id\":\"https:\\\/\\\/sindromecharge.es\\\/#website\"},\"datePublished\":\"2018-11-05T10:11:11+00:00\",\"author\":{\"@id\":\"https:\\\/\\\/sindromecharge.es\\\/#\\\/schema\\\/person\\\/39a60ebe0a2b4d5a11179701e336b039\"},\"breadcrumb\":{\"@id\":\"https:\\\/\\\/sindromecharge.es\\\/index.php\\\/2018\\\/11\\\/05\\\/participamos-en-el-i-congreso-sobre-enfermedades-raras-y-poco-frecuentes-en-castilla-la-mancha\\\/#breadcrumb\"},\"inLanguage\":\"es\",\"potentialAction\":[{\"@type\":\"ReadAction\",\"target\":[\"https:\\\/\\\/sindromecharge.es\\\/index.php\\\/2018\\\/11\\\/05\\\/participamos-en-el-i-congreso-sobre-enfermedades-raras-y-poco-frecuentes-en-castilla-la-mancha\\\/\"]}]},{\"@type\":\"BreadcrumbList\",\"@id\":\"https:\\\/\\\/sindromecharge.es\\\/index.php\\\/2018\\\/11\\\/05\\\/participamos-en-el-i-congreso-sobre-enfermedades-raras-y-poco-frecuentes-en-castilla-la-mancha\\\/#breadcrumb\",\"itemListElement\":[{\"@type\":\"ListItem\",\"position\":1,\"name\":\"Portada\",\"item\":\"https:\\\/\\\/sindromecharge.es\\\/\"},{\"@type\":\"ListItem\",\"position\":2,\"name\":\"Participamos en el I Congreso sobre Enfermedades Raras y poco frecuentes en Castilla-La Mancha\"}]},{\"@type\":\"WebSite\",\"@id\":\"https:\\\/\\\/sindromecharge.es\\\/#website\",\"url\":\"https:\\\/\\\/sindromecharge.es\\\/\",\"name\":\"Asociaci\u00f3n Espa\u00f1ola S\u00edndrome de Charge\",\"description\":\"\",\"potentialAction\":[{\"@type\":\"SearchAction\",\"target\":{\"@type\":\"EntryPoint\",\"urlTemplate\":\"https:\\\/\\\/sindromecharge.es\\\/?s={search_term_string}\"},\"query-input\":{\"@type\":\"PropertyValueSpecification\",\"valueRequired\":true,\"valueName\":\"search_term_string\"}}],\"inLanguage\":\"es\"},{\"@type\":\"Person\",\"@id\":\"https:\\\/\\\/sindromecharge.es\\\/#\\\/schema\\\/person\\\/39a60ebe0a2b4d5a11179701e336b039\",\"name\":\"Charge\",\"image\":{\"@type\":\"ImageObject\",\"inLanguage\":\"es\",\"@id\":\"https:\\\/\\\/secure.gravatar.com\\\/avatar\\\/c3b46e32a0fc3b093a0873fb767bf3293de856293065e84ef06b7ec7a8acfb98?s=96&d=identicon&r=x\",\"url\":\"https:\\\/\\\/secure.gravatar.com\\\/avatar\\\/c3b46e32a0fc3b093a0873fb767bf3293de856293065e84ef06b7ec7a8acfb98?s=96&d=identicon&r=x\",\"contentUrl\":\"https:\\\/\\\/secure.gravatar.com\\\/avatar\\\/c3b46e32a0fc3b093a0873fb767bf3293de856293065e84ef06b7ec7a8acfb98?s=96&d=identicon&r=x\",\"caption\":\"Charge\"},\"url\":\"https:\\\/\\\/sindromecharge.es\\\/index.php\\\/author\\\/admin\\\/\"}]}<\/script>\n<!-- \/ Yoast SEO plugin. -->","yoast_head_json":{"title":"Participamos en el I Congreso sobre Enfermedades Raras y poco frecuentes en Castilla-La Mancha - Asociaci\u00f3n Espa\u00f1ola S\u00edndrome de Charge","robots":{"index":"index","follow":"follow","max-snippet":"max-snippet:-1","max-image-preview":"max-image-preview:large","max-video-preview":"max-video-preview:-1"},"canonical":"https:\/\/sindromecharge.es\/index.php\/2018\/11\/05\/participamos-en-el-i-congreso-sobre-enfermedades-raras-y-poco-frecuentes-en-castilla-la-mancha\/","og_locale":"es_ES","og_type":"article","og_title":"Participamos en el I Congreso sobre Enfermedades Raras y poco frecuentes en Castilla-La Mancha - Asociaci\u00f3n Espa\u00f1ola S\u00edndrome de Charge","og_description":"Leemos en FEDER la siguiente noticia que os reproducimos de forma \u00edntegra: &nbsp; La Consejer\u00eda de Sanidad de Castilla- La Mancha, a trav\u00e9s de las Direcciones Generales de Calidad y Humanizaci\u00f3n de la Asistencia Sanitaria y de Planificaci\u00f3n, Ordenaci\u00f3n e Inspecci\u00f3n, y en colaboraci\u00f3n con la Direcci\u00f3n General de Asistencia Sanitaria (SESCAM) organizan el I [&hellip;]","og_url":"https:\/\/sindromecharge.es\/index.php\/2018\/11\/05\/participamos-en-el-i-congreso-sobre-enfermedades-raras-y-poco-frecuentes-en-castilla-la-mancha\/","og_site_name":"Asociaci\u00f3n Espa\u00f1ola S\u00edndrome de Charge","article_publisher":"https:\/\/www.facebook.com\/asociacionsindromecharge","article_published_time":"2018-11-05T10:11:11+00:00","og_image":[{"width":300,"height":98,"url":"https:\/\/sindromecharge.es\/wp-content\/uploads\/2013\/09\/logodecharge300x98.png","type":"image\/png"}],"author":"Charge","twitter_card":"summary_large_image","twitter_creator":"@sindromecharge","twitter_site":"@sindromecharge","twitter_misc":{"Escrito por":"Charge","Tiempo de lectura":"2 minutos"},"schema":{"@context":"https:\/\/schema.org","@graph":[{"@type":"Article","@id":"https:\/\/sindromecharge.es\/index.php\/2018\/11\/05\/participamos-en-el-i-congreso-sobre-enfermedades-raras-y-poco-frecuentes-en-castilla-la-mancha\/#article","isPartOf":{"@id":"https:\/\/sindromecharge.es\/index.php\/2018\/11\/05\/participamos-en-el-i-congreso-sobre-enfermedades-raras-y-poco-frecuentes-en-castilla-la-mancha\/"},"author":{"name":"Charge","@id":"https:\/\/sindromecharge.es\/#\/schema\/person\/39a60ebe0a2b4d5a11179701e336b039"},"headline":"Participamos en el I Congreso sobre Enfermedades Raras y poco frecuentes en Castilla-La Mancha","datePublished":"2018-11-05T10:11:11+00:00","mainEntityOfPage":{"@id":"https:\/\/sindromecharge.es\/index.php\/2018\/11\/05\/participamos-en-el-i-congreso-sobre-enfermedades-raras-y-poco-frecuentes-en-castilla-la-mancha\/"},"wordCount":345,"commentCount":0,"keywords":["enfermedades raras"],"articleSection":["noticias"],"inLanguage":"es","potentialAction":[{"@type":"CommentAction","name":"Comment","target":["https:\/\/sindromecharge.es\/index.php\/2018\/11\/05\/participamos-en-el-i-congreso-sobre-enfermedades-raras-y-poco-frecuentes-en-castilla-la-mancha\/#respond"]}]},{"@type":"WebPage","@id":"https:\/\/sindromecharge.es\/index.php\/2018\/11\/05\/participamos-en-el-i-congreso-sobre-enfermedades-raras-y-poco-frecuentes-en-castilla-la-mancha\/","url":"https:\/\/sindromecharge.es\/index.php\/2018\/11\/05\/participamos-en-el-i-congreso-sobre-enfermedades-raras-y-poco-frecuentes-en-castilla-la-mancha\/","name":"Participamos en el I Congreso sobre Enfermedades Raras y poco frecuentes en Castilla-La Mancha - Asociaci\u00f3n Espa\u00f1ola S\u00edndrome de Charge","isPartOf":{"@id":"https:\/\/sindromecharge.es\/#website"},"datePublished":"2018-11-05T10:11:11+00:00","author":{"@id":"https:\/\/sindromecharge.es\/#\/schema\/person\/39a60ebe0a2b4d5a11179701e336b039"},"breadcrumb":{"@id":"https:\/\/sindromecharge.es\/index.php\/2018\/11\/05\/participamos-en-el-i-congreso-sobre-enfermedades-raras-y-poco-frecuentes-en-castilla-la-mancha\/#breadcrumb"},"inLanguage":"es","potentialAction":[{"@type":"ReadAction","target":["https:\/\/sindromecharge.es\/index.php\/2018\/11\/05\/participamos-en-el-i-congreso-sobre-enfermedades-raras-y-poco-frecuentes-en-castilla-la-mancha\/"]}]},{"@type":"BreadcrumbList","@id":"https:\/\/sindromecharge.es\/index.php\/2018\/11\/05\/participamos-en-el-i-congreso-sobre-enfermedades-raras-y-poco-frecuentes-en-castilla-la-mancha\/#breadcrumb","itemListElement":[{"@type":"ListItem","position":1,"name":"Portada","item":"https:\/\/sindromecharge.es\/"},{"@type":"ListItem","position":2,"name":"Participamos en el I Congreso sobre Enfermedades Raras y poco frecuentes en Castilla-La Mancha"}]},{"@type":"WebSite","@id":"https:\/\/sindromecharge.es\/#website","url":"https:\/\/sindromecharge.es\/","name":"Asociaci\u00f3n Espa\u00f1ola S\u00edndrome de Charge","description":"","potentialAction":[{"@type":"SearchAction","target":{"@type":"EntryPoint","urlTemplate":"https:\/\/sindromecharge.es\/?s={search_term_string}"},"query-input":{"@type":"PropertyValueSpecification","valueRequired":true,"valueName":"search_term_string"}}],"inLanguage":"es"},{"@type":"Person","@id":"https:\/\/sindromecharge.es\/#\/schema\/person\/39a60ebe0a2b4d5a11179701e336b039","name":"Charge","image":{"@type":"ImageObject","inLanguage":"es","@id":"https:\/\/secure.gravatar.com\/avatar\/c3b46e32a0fc3b093a0873fb767bf3293de856293065e84ef06b7ec7a8acfb98?s=96&d=identicon&r=x","url":"https:\/\/secure.gravatar.com\/avatar\/c3b46e32a0fc3b093a0873fb767bf3293de856293065e84ef06b7ec7a8acfb98?s=96&d=identicon&r=x","contentUrl":"https:\/\/secure.gravatar.com\/avatar\/c3b46e32a0fc3b093a0873fb767bf3293de856293065e84ef06b7ec7a8acfb98?s=96&d=identicon&r=x","caption":"Charge"},"url":"https:\/\/sindromecharge.es\/index.php\/author\/admin\/"}]}},"_links":{"self":[{"href":"https:\/\/sindromecharge.es\/index.php\/wp-json\/wp\/v2\/posts\/4077","targetHints":{"allow":["GET"]}}],"collection":[{"href":"https:\/\/sindromecharge.es\/index.php\/wp-json\/wp\/v2\/posts"}],"about":[{"href":"https:\/\/sindromecharge.es\/index.php\/wp-json\/wp\/v2\/types\/post"}],"author":[{"embeddable":true,"href":"https:\/\/sindromecharge.es\/index.php\/wp-json\/wp\/v2\/users\/1"}],"replies":[{"embeddable":true,"href":"https:\/\/sindromecharge.es\/index.php\/wp-json\/wp\/v2\/comments?post=4077"}],"version-history":[{"count":0,"href":"https:\/\/sindromecharge.es\/index.php\/wp-json\/wp\/v2\/posts\/4077\/revisions"}],"wp:attachment":[{"href":"https:\/\/sindromecharge.es\/index.php\/wp-json\/wp\/v2\/media?parent=4077"}],"wp:term":[{"taxonomy":"category","embeddable":true,"href":"https:\/\/sindromecharge.es\/index.php\/wp-json\/wp\/v2\/categories?post=4077"},{"taxonomy":"post_tag","embeddable":true,"href":"https:\/\/sindromecharge.es\/index.php\/wp-json\/wp\/v2\/tags?post=4077"}],"curies":[{"name":"wp","href":"https:\/\/api.w.org\/{rel}","templated":true}]}}