{"id":4076,"date":"2018-11-05T08:05:15","date_gmt":"2018-11-05T08:05:15","guid":{"rendered":"https:\/\/sindromecharge.es\/index.php\/2018\/11\/05\/realizamos-un-taller-sobre-inteligencia-emocional-en-madrid\/"},"modified":"2018-11-05T08:05:15","modified_gmt":"2018-11-05T08:05:15","slug":"realizamos-un-taller-sobre-inteligencia-emocional-en-madrid","status":"publish","type":"post","link":"https:\/\/sindromecharge.es\/index.php\/2018\/11\/05\/realizamos-un-taller-sobre-inteligencia-emocional-en-madrid\/","title":{"rendered":"Realizamos un Taller sobre inteligencia emocional en Madrid"},"content":{"rendered":"<p>Leemos en FEDER la siguiente noticia que os reproducimos de forma \u00edntegra: <\/p>\n<p><p>La inteligencia emocional es un conjunto de destrezas, actitudes, habilidades y competencias que determinan la conducta de un individuo y que puede definirse como la capacidad de reconocer nuestros propios sentimientos y los de los dem\u00e1s, de motivarnos y de manejar adecuadamente las relaciones sociales.&nbsp;A mayor inteligencia emocional: mayor capacidad para poseer autocontrol, mayor capacidad para establecer relaciones sociales, mayor capacidad para motivarse ante un objetivo, mayor capacidad para comprender a los dem\u00e1s, y finalmente, mayor capacidad para echar una mirada hacia el interior y escuchar qu\u00e9 nos dicen nuestras emociones y sentimientos. Es por ello que a trav\u00e9s de este espacio revisaremos los principales componentes de la inteligencia emocional y c\u00f3mo podemos fortalecerlos.<\/p>\n<p>\u201cLa inteligencia emocional nos ayuda a responder a los conflictos con los que nos encontramos en el d\u00eda a d\u00eda ofreciendo recursos y habilidades fundamentales para solucionarlos de una forma sana y efectiva\u201d.<\/p>\n<p>Se tratar\u00e1 de un taller de 2 horas ( 17:00h a 19:00h) que se desarrollar\u00e1 el d\u00eda 15 de Noviembre en Madrid ( C\/Doctor Castelo, 49, PL.1) <\/p>\n<p>Fecha de inscripci\u00f3n hasta el 14 de Noviembre. <span style=\"text-decoration: underline\"><a href=\"https:\/\/docs.google.com\/forms\/d\/e\/1FAIpQLSeZqgh7juNx4-UP5TRtZSCIqh6cKTGLsYUbU0nfj-xICa3I5Q\/viewform?c=0&amp;w=1\">Para participar deber\u00e1s rellenar un formulario a trav\u00e9s de este enlace.&nbsp;<\/a><\/span><\/p>\n<p>Para m\u00e1s informaci\u00f3n o para cualquier duda, os pod\u00e9is poner en contacto con Carmen Laborda, FEDER Madrid (Telf. 918221720 \/695503606 \/ E-mail: psicologia-madrid@enfermedades-raras.org)<\/p>\n<p style=\"text-align: right\">\u00daltima actualizaci\u00f3n: 05 de noviembre de 2018.&nbsp;<\/p>\n<\/p>\n<p>Fuente: FEDER <a href=\"https:\/\/enfermedades-raras.org\/index.php\/actualidad\/noticias-eventos\/2-feder\/11378-realizamos-un-taller-sobre-inteligencia-emocional-en-madrid\" target=\"_blank\">Realizamos un Taller sobre inteligencia emocional en Madrid<\/a><\/p>\n","protected":false},"excerpt":{"rendered":"<p>Leemos en FEDER la siguiente noticia que os reproducimos de forma \u00edntegra: La inteligencia emocional es un conjunto de destrezas, actitudes, habilidades y competencias que determinan la conducta de un individuo y que puede definirse como la capacidad de reconocer nuestros propios sentimientos y los de los dem\u00e1s, de motivarnos y de manejar adecuadamente las [&hellip;]<\/p>\n","protected":false},"author":1,"featured_media":0,"comment_status":"open","ping_status":"closed","sticky":false,"template":"","format":"standard","meta":{"footnotes":""},"categories":[8],"tags":[36],"class_list":["post-4076","post","type-post","status-publish","format-standard","hentry","category-noticias","tag-enfermedades-raras"],"yoast_head":"<!-- This site is optimized with the Yoast SEO plugin v27.4 - https:\/\/yoast.com\/product\/yoast-seo-wordpress\/ -->\n<title>Realizamos un Taller sobre inteligencia emocional en Madrid - Asociaci\u00f3n Espa\u00f1ola S\u00edndrome de Charge<\/title>\n<meta name=\"robots\" content=\"index, follow, max-snippet:-1, max-image-preview:large, max-video-preview:-1\" \/>\n<link rel=\"canonical\" href=\"https:\/\/sindromecharge.es\/index.php\/2018\/11\/05\/realizamos-un-taller-sobre-inteligencia-emocional-en-madrid\/\" \/>\n<meta property=\"og:locale\" content=\"es_ES\" \/>\n<meta property=\"og:type\" content=\"article\" \/>\n<meta property=\"og:title\" content=\"Realizamos un Taller sobre inteligencia emocional en Madrid - Asociaci\u00f3n Espa\u00f1ola S\u00edndrome de Charge\" \/>\n<meta property=\"og:description\" content=\"Leemos en FEDER la siguiente noticia que os reproducimos de forma \u00edntegra: La inteligencia emocional es un conjunto de destrezas, actitudes, habilidades y competencias que determinan la conducta de un individuo y que puede definirse como la capacidad de reconocer nuestros propios sentimientos y los de los dem\u00e1s, de motivarnos y de manejar adecuadamente las [&hellip;]\" \/>\n<meta property=\"og:url\" content=\"https:\/\/sindromecharge.es\/index.php\/2018\/11\/05\/realizamos-un-taller-sobre-inteligencia-emocional-en-madrid\/\" \/>\n<meta property=\"og:site_name\" content=\"Asociaci\u00f3n Espa\u00f1ola S\u00edndrome de Charge\" \/>\n<meta property=\"article:publisher\" content=\"https:\/\/www.facebook.com\/asociacionsindromecharge\" \/>\n<meta property=\"article:published_time\" content=\"2018-11-05T08:05:15+00:00\" \/>\n<meta property=\"og:image\" content=\"https:\/\/sindromecharge.es\/wp-content\/uploads\/2013\/09\/logodecharge300x98.png\" \/>\n\t<meta property=\"og:image:width\" content=\"300\" \/>\n\t<meta property=\"og:image:height\" content=\"98\" \/>\n\t<meta property=\"og:image:type\" content=\"image\/png\" \/>\n<meta name=\"author\" content=\"Charge\" \/>\n<meta name=\"twitter:card\" content=\"summary_large_image\" \/>\n<meta name=\"twitter:creator\" content=\"@sindromecharge\" \/>\n<meta name=\"twitter:site\" content=\"@sindromecharge\" \/>\n<meta name=\"twitter:label1\" content=\"Escrito por\" \/>\n\t<meta name=\"twitter:data1\" content=\"Charge\" \/>\n\t<meta name=\"twitter:label2\" content=\"Tiempo de lectura\" \/>\n\t<meta name=\"twitter:data2\" content=\"1 minuto\" \/>\n<script type=\"application\/ld+json\" class=\"yoast-schema-graph\">{\"@context\":\"https:\\\/\\\/schema.org\",\"@graph\":[{\"@type\":\"Article\",\"@id\":\"https:\\\/\\\/sindromecharge.es\\\/index.php\\\/2018\\\/11\\\/05\\\/realizamos-un-taller-sobre-inteligencia-emocional-en-madrid\\\/#article\",\"isPartOf\":{\"@id\":\"https:\\\/\\\/sindromecharge.es\\\/index.php\\\/2018\\\/11\\\/05\\\/realizamos-un-taller-sobre-inteligencia-emocional-en-madrid\\\/\"},\"author\":{\"name\":\"Charge\",\"@id\":\"https:\\\/\\\/sindromecharge.es\\\/#\\\/schema\\\/person\\\/39a60ebe0a2b4d5a11179701e336b039\"},\"headline\":\"Realizamos un Taller sobre inteligencia emocional en Madrid\",\"datePublished\":\"2018-11-05T08:05:15+00:00\",\"mainEntityOfPage\":{\"@id\":\"https:\\\/\\\/sindromecharge.es\\\/index.php\\\/2018\\\/11\\\/05\\\/realizamos-un-taller-sobre-inteligencia-emocional-en-madrid\\\/\"},\"wordCount\":263,\"commentCount\":0,\"keywords\":[\"enfermedades raras\"],\"articleSection\":[\"noticias\"],\"inLanguage\":\"es\",\"potentialAction\":[{\"@type\":\"CommentAction\",\"name\":\"Comment\",\"target\":[\"https:\\\/\\\/sindromecharge.es\\\/index.php\\\/2018\\\/11\\\/05\\\/realizamos-un-taller-sobre-inteligencia-emocional-en-madrid\\\/#respond\"]}]},{\"@type\":\"WebPage\",\"@id\":\"https:\\\/\\\/sindromecharge.es\\\/index.php\\\/2018\\\/11\\\/05\\\/realizamos-un-taller-sobre-inteligencia-emocional-en-madrid\\\/\",\"url\":\"https:\\\/\\\/sindromecharge.es\\\/index.php\\\/2018\\\/11\\\/05\\\/realizamos-un-taller-sobre-inteligencia-emocional-en-madrid\\\/\",\"name\":\"Realizamos un Taller sobre inteligencia emocional en Madrid - Asociaci\u00f3n Espa\u00f1ola S\u00edndrome de Charge\",\"isPartOf\":{\"@id\":\"https:\\\/\\\/sindromecharge.es\\\/#website\"},\"datePublished\":\"2018-11-05T08:05:15+00:00\",\"author\":{\"@id\":\"https:\\\/\\\/sindromecharge.es\\\/#\\\/schema\\\/person\\\/39a60ebe0a2b4d5a11179701e336b039\"},\"breadcrumb\":{\"@id\":\"https:\\\/\\\/sindromecharge.es\\\/index.php\\\/2018\\\/11\\\/05\\\/realizamos-un-taller-sobre-inteligencia-emocional-en-madrid\\\/#breadcrumb\"},\"inLanguage\":\"es\",\"potentialAction\":[{\"@type\":\"ReadAction\",\"target\":[\"https:\\\/\\\/sindromecharge.es\\\/index.php\\\/2018\\\/11\\\/05\\\/realizamos-un-taller-sobre-inteligencia-emocional-en-madrid\\\/\"]}]},{\"@type\":\"BreadcrumbList\",\"@id\":\"https:\\\/\\\/sindromecharge.es\\\/index.php\\\/2018\\\/11\\\/05\\\/realizamos-un-taller-sobre-inteligencia-emocional-en-madrid\\\/#breadcrumb\",\"itemListElement\":[{\"@type\":\"ListItem\",\"position\":1,\"name\":\"Portada\",\"item\":\"https:\\\/\\\/sindromecharge.es\\\/\"},{\"@type\":\"ListItem\",\"position\":2,\"name\":\"Realizamos un Taller sobre inteligencia emocional en Madrid\"}]},{\"@type\":\"WebSite\",\"@id\":\"https:\\\/\\\/sindromecharge.es\\\/#website\",\"url\":\"https:\\\/\\\/sindromecharge.es\\\/\",\"name\":\"Asociaci\u00f3n Espa\u00f1ola S\u00edndrome de Charge\",\"description\":\"\",\"potentialAction\":[{\"@type\":\"SearchAction\",\"target\":{\"@type\":\"EntryPoint\",\"urlTemplate\":\"https:\\\/\\\/sindromecharge.es\\\/?s={search_term_string}\"},\"query-input\":{\"@type\":\"PropertyValueSpecification\",\"valueRequired\":true,\"valueName\":\"search_term_string\"}}],\"inLanguage\":\"es\"},{\"@type\":\"Person\",\"@id\":\"https:\\\/\\\/sindromecharge.es\\\/#\\\/schema\\\/person\\\/39a60ebe0a2b4d5a11179701e336b039\",\"name\":\"Charge\",\"image\":{\"@type\":\"ImageObject\",\"inLanguage\":\"es\",\"@id\":\"https:\\\/\\\/secure.gravatar.com\\\/avatar\\\/c3b46e32a0fc3b093a0873fb767bf3293de856293065e84ef06b7ec7a8acfb98?s=96&d=identicon&r=x\",\"url\":\"https:\\\/\\\/secure.gravatar.com\\\/avatar\\\/c3b46e32a0fc3b093a0873fb767bf3293de856293065e84ef06b7ec7a8acfb98?s=96&d=identicon&r=x\",\"contentUrl\":\"https:\\\/\\\/secure.gravatar.com\\\/avatar\\\/c3b46e32a0fc3b093a0873fb767bf3293de856293065e84ef06b7ec7a8acfb98?s=96&d=identicon&r=x\",\"caption\":\"Charge\"},\"url\":\"https:\\\/\\\/sindromecharge.es\\\/index.php\\\/author\\\/admin\\\/\"}]}<\/script>\n<!-- \/ Yoast SEO plugin. -->","yoast_head_json":{"title":"Realizamos un Taller sobre inteligencia emocional en Madrid - Asociaci\u00f3n Espa\u00f1ola S\u00edndrome de Charge","robots":{"index":"index","follow":"follow","max-snippet":"max-snippet:-1","max-image-preview":"max-image-preview:large","max-video-preview":"max-video-preview:-1"},"canonical":"https:\/\/sindromecharge.es\/index.php\/2018\/11\/05\/realizamos-un-taller-sobre-inteligencia-emocional-en-madrid\/","og_locale":"es_ES","og_type":"article","og_title":"Realizamos un Taller sobre inteligencia emocional en Madrid - Asociaci\u00f3n Espa\u00f1ola S\u00edndrome de Charge","og_description":"Leemos en FEDER la siguiente noticia que os reproducimos de forma \u00edntegra: La inteligencia emocional es un conjunto de destrezas, actitudes, habilidades y competencias que determinan la conducta de un individuo y que puede definirse como la capacidad de reconocer nuestros propios sentimientos y los de los dem\u00e1s, de motivarnos y de manejar adecuadamente las [&hellip;]","og_url":"https:\/\/sindromecharge.es\/index.php\/2018\/11\/05\/realizamos-un-taller-sobre-inteligencia-emocional-en-madrid\/","og_site_name":"Asociaci\u00f3n Espa\u00f1ola S\u00edndrome de Charge","article_publisher":"https:\/\/www.facebook.com\/asociacionsindromecharge","article_published_time":"2018-11-05T08:05:15+00:00","og_image":[{"width":300,"height":98,"url":"https:\/\/sindromecharge.es\/wp-content\/uploads\/2013\/09\/logodecharge300x98.png","type":"image\/png"}],"author":"Charge","twitter_card":"summary_large_image","twitter_creator":"@sindromecharge","twitter_site":"@sindromecharge","twitter_misc":{"Escrito por":"Charge","Tiempo de lectura":"1 minuto"},"schema":{"@context":"https:\/\/schema.org","@graph":[{"@type":"Article","@id":"https:\/\/sindromecharge.es\/index.php\/2018\/11\/05\/realizamos-un-taller-sobre-inteligencia-emocional-en-madrid\/#article","isPartOf":{"@id":"https:\/\/sindromecharge.es\/index.php\/2018\/11\/05\/realizamos-un-taller-sobre-inteligencia-emocional-en-madrid\/"},"author":{"name":"Charge","@id":"https:\/\/sindromecharge.es\/#\/schema\/person\/39a60ebe0a2b4d5a11179701e336b039"},"headline":"Realizamos un Taller sobre inteligencia emocional en Madrid","datePublished":"2018-11-05T08:05:15+00:00","mainEntityOfPage":{"@id":"https:\/\/sindromecharge.es\/index.php\/2018\/11\/05\/realizamos-un-taller-sobre-inteligencia-emocional-en-madrid\/"},"wordCount":263,"commentCount":0,"keywords":["enfermedades raras"],"articleSection":["noticias"],"inLanguage":"es","potentialAction":[{"@type":"CommentAction","name":"Comment","target":["https:\/\/sindromecharge.es\/index.php\/2018\/11\/05\/realizamos-un-taller-sobre-inteligencia-emocional-en-madrid\/#respond"]}]},{"@type":"WebPage","@id":"https:\/\/sindromecharge.es\/index.php\/2018\/11\/05\/realizamos-un-taller-sobre-inteligencia-emocional-en-madrid\/","url":"https:\/\/sindromecharge.es\/index.php\/2018\/11\/05\/realizamos-un-taller-sobre-inteligencia-emocional-en-madrid\/","name":"Realizamos un Taller sobre inteligencia emocional en Madrid - Asociaci\u00f3n Espa\u00f1ola S\u00edndrome de Charge","isPartOf":{"@id":"https:\/\/sindromecharge.es\/#website"},"datePublished":"2018-11-05T08:05:15+00:00","author":{"@id":"https:\/\/sindromecharge.es\/#\/schema\/person\/39a60ebe0a2b4d5a11179701e336b039"},"breadcrumb":{"@id":"https:\/\/sindromecharge.es\/index.php\/2018\/11\/05\/realizamos-un-taller-sobre-inteligencia-emocional-en-madrid\/#breadcrumb"},"inLanguage":"es","potentialAction":[{"@type":"ReadAction","target":["https:\/\/sindromecharge.es\/index.php\/2018\/11\/05\/realizamos-un-taller-sobre-inteligencia-emocional-en-madrid\/"]}]},{"@type":"BreadcrumbList","@id":"https:\/\/sindromecharge.es\/index.php\/2018\/11\/05\/realizamos-un-taller-sobre-inteligencia-emocional-en-madrid\/#breadcrumb","itemListElement":[{"@type":"ListItem","position":1,"name":"Portada","item":"https:\/\/sindromecharge.es\/"},{"@type":"ListItem","position":2,"name":"Realizamos un Taller sobre inteligencia emocional en Madrid"}]},{"@type":"WebSite","@id":"https:\/\/sindromecharge.es\/#website","url":"https:\/\/sindromecharge.es\/","name":"Asociaci\u00f3n Espa\u00f1ola S\u00edndrome de Charge","description":"","potentialAction":[{"@type":"SearchAction","target":{"@type":"EntryPoint","urlTemplate":"https:\/\/sindromecharge.es\/?s={search_term_string}"},"query-input":{"@type":"PropertyValueSpecification","valueRequired":true,"valueName":"search_term_string"}}],"inLanguage":"es"},{"@type":"Person","@id":"https:\/\/sindromecharge.es\/#\/schema\/person\/39a60ebe0a2b4d5a11179701e336b039","name":"Charge","image":{"@type":"ImageObject","inLanguage":"es","@id":"https:\/\/secure.gravatar.com\/avatar\/c3b46e32a0fc3b093a0873fb767bf3293de856293065e84ef06b7ec7a8acfb98?s=96&d=identicon&r=x","url":"https:\/\/secure.gravatar.com\/avatar\/c3b46e32a0fc3b093a0873fb767bf3293de856293065e84ef06b7ec7a8acfb98?s=96&d=identicon&r=x","contentUrl":"https:\/\/secure.gravatar.com\/avatar\/c3b46e32a0fc3b093a0873fb767bf3293de856293065e84ef06b7ec7a8acfb98?s=96&d=identicon&r=x","caption":"Charge"},"url":"https:\/\/sindromecharge.es\/index.php\/author\/admin\/"}]}},"_links":{"self":[{"href":"https:\/\/sindromecharge.es\/index.php\/wp-json\/wp\/v2\/posts\/4076","targetHints":{"allow":["GET"]}}],"collection":[{"href":"https:\/\/sindromecharge.es\/index.php\/wp-json\/wp\/v2\/posts"}],"about":[{"href":"https:\/\/sindromecharge.es\/index.php\/wp-json\/wp\/v2\/types\/post"}],"author":[{"embeddable":true,"href":"https:\/\/sindromecharge.es\/index.php\/wp-json\/wp\/v2\/users\/1"}],"replies":[{"embeddable":true,"href":"https:\/\/sindromecharge.es\/index.php\/wp-json\/wp\/v2\/comments?post=4076"}],"version-history":[{"count":0,"href":"https:\/\/sindromecharge.es\/index.php\/wp-json\/wp\/v2\/posts\/4076\/revisions"}],"wp:attachment":[{"href":"https:\/\/sindromecharge.es\/index.php\/wp-json\/wp\/v2\/media?parent=4076"}],"wp:term":[{"taxonomy":"category","embeddable":true,"href":"https:\/\/sindromecharge.es\/index.php\/wp-json\/wp\/v2\/categories?post=4076"},{"taxonomy":"post_tag","embeddable":true,"href":"https:\/\/sindromecharge.es\/index.php\/wp-json\/wp\/v2\/tags?post=4076"}],"curies":[{"name":"wp","href":"https:\/\/api.w.org\/{rel}","templated":true}]}}