{"id":4074,"date":"2018-11-05T05:40:34","date_gmt":"2018-11-05T05:40:34","guid":{"rendered":"https:\/\/sindromecharge.es\/index.php\/2018\/11\/05\/barcelona-debe-readmitir-a-un-agente-al-que-jubilo-por-una-discapacidad-fue-una-discriminacion-total\/"},"modified":"2018-11-05T05:40:34","modified_gmt":"2018-11-05T05:40:34","slug":"barcelona-debe-readmitir-a-un-agente-al-que-jubilo-por-una-discapacidad-fue-una-discriminacion-total","status":"publish","type":"post","link":"https:\/\/sindromecharge.es\/index.php\/2018\/11\/05\/barcelona-debe-readmitir-a-un-agente-al-que-jubilo-por-una-discapacidad-fue-una-discriminacion-total\/","title":{"rendered":"Barcelona debe readmitir a un agente al que jubil\u00f3 por una discapacidad: &quot;Fue una discriminaci\u00f3n total&quot;"},"content":{"rendered":"<p>Leemos en 20minutos la siguiente noticia que os reproducimos de forma \u00edntegra: <\/p>\n<p>ARACELI GUEDE<\/p>\n<ul>\n<li><a title=\"La ONU admite otras dos denuncias contra Espa\u00f1a por vulneraci\u00f3n de derechos de agentes con discapacidad\" href=\"https:\/\/www.20minutos.es\/noticia\/3334105\/0\/onu-admite-denuncias-espana-vulneracion-derechos-agentes-discapacidad\/\">La ONU ha admitido cuatro denuncias contra Espa\u00f1a por vulneraci\u00f3n de derechos de agentes con discapacidad<\/a>.<\/li>\n<li><a title=\"La lucha de Rafael Prieto para no ser un polic\u00eda jubilado con 31 a\u00f1os\" href=\"https:\/\/www.20minutos.es\/noticia\/3470775\/0\/lucha-rafael-prieto-no-ser-policia-jubilado\/\">La lucha de Rafael Prieto para no ser un polic\u00eda jubilado con 31 a\u00f1os<\/a>.<\/li>\n<\/ul>\n<p><img loading=\"lazy\" decoding=\"async\" src=\"https:\/\/cdn.20m.es\/img2\/recortes\/2018\/11\/02\/816799-620-282.jpg?v=20181104200534\" width=\"620\" height=\"282\" alt=\"Guardia Urbana de Barcelona\" \/><\/p>\n<p>Manuel Abad ten\u00eda 53 a\u00f1os y llevaba casi tres d\u00e9cadas como guardia urbano de Barcelona cuando, \u00abde un d\u00eda para otro\u00bb,<strong> le obligaron a jubilarse por una <a title=\"Minuteca de discapacidad\" href=\"https:\/\/www.20minutos.es\/minuteca\/discapacidad\/\">discapacidad<\/a> sobrevenida<\/strong>. Consciente de no poder realizar labores de calle pero plenamente capacitado para permanecer en lo que se denomina segunda actividad, Manuel denunci\u00f3 al <a title=\"Minuteca de Ayuntamiento de Barcelona\" href=\"https:\/\/www.20minutos.es\/minuteca\/ayuntamiento-de-barcelona\/\">Ayuntamiento<\/a>. En primera instancia perdi\u00f3, pero ahora, tres a\u00f1os y medio despu\u00e9s, el Tribunal Superior de Justicia de Catalu\u00f1a (TSJC) le ha dado la raz\u00f3n y obliga al Ejecutivo local a readmitirle.<\/p>\n<p>\u00abFue una discriminaci\u00f3n total. <strong>A m\u00ed me echaron por ser discapacitado<\/strong>. Yo ya estaba desempe\u00f1ando funciones m\u00e1s administrativas o sedentarias cuando me jubilaron: tareas de mantenimiento, en\u00a0 la centralita, atendiendo a las personas que llegaban a la unidad&#8230;\u00bb, relata este agente al otro lado del tel\u00e9fono. \u00abA principios de 2015 me reconocieron el paso a segunda actividad y a los pocos d\u00edas la Seguridad Social determin\u00f3 mi incapacidad permanente total para el ejercicio de mi profesi\u00f3n habitual. En el Ayuntamiento me dijeron que eso les obligaba a jubilarme pero no es as\u00ed, esa incapacidad me permite trabajar en cualquier otro sitio que no me requiera el mismo esfuerzo\u00bb, contin\u00faa.<\/p>\n<p>Manuel <strong>sufre de artrosis en las dos caderas<\/strong> y por el momento ha sido operado de una de ellas, pero puede caminar sin muletas. Cuando ocurrieron los hechos que denuncia ten\u00eda reconocido un grado de discapacidad del 35%, que ha subido al 42 en la \u00faltima revisi\u00f3n. Aquella decisi\u00f3n del Consistorio no solo le dej\u00f3 con el 55% del sueldo sino tambi\u00e9n destrozado an\u00edmicamente, \u00abhecho polvo, desconcertado\u00bb, una situaci\u00f3n que afect\u00f3 igualmente a su familia: \u00abMi mujer se qued\u00f3 muy mal tambi\u00e9n. Ten\u00edamos a nuestros dos hijos estudiando&#8230;\u00bb.<\/p>\n<p>La esperanza la encontraron en la Asociaci\u00f3n para la Integraci\u00f3n Laboral de la Polic\u00eda Local con Discapacidad (Ail-pod), presidida por Vicen\u00e7 Flores. <a href=\"https:\/\/www.20minutos.es\/noticia\/2588609\/0\/primera-denuncia-individual\/contra-espana-onu\/vulnerar-convencion-discapacidad\/\">\u00c9l lucha desde hace m\u00e1s de ocho a\u00f1os para ser readmitido en la Guardia Urbana de Barcelona<\/a> en el desempe\u00f1o de funciones no operativas y ayuda a otros funcionarios en su misma situaci\u00f3n. La suya fue la primera <strong>petici\u00f3n individual de este tipo que se present\u00f3 contra Espa\u00f1a<\/strong> ante el Comit\u00e9 sobre los Derechos de las Personas con Discapacidad de las Naciones Unidas. Este organismo la admiti\u00f3 a tr\u00e1mite y <a href=\"https:\/\/www.20minutos.es\/noticia\/3334105\/0\/onu-admite-denuncias-espana-vulneracion-derechos-agentes-discapacidad\/\">a ella le han seguido otras tres, todas procedentes de Catalu\u00f1a<\/a>. \u00abEn otras comunidades tambi\u00e9n hay casos pero vamos avanzando en la regulaci\u00f3n. Aqu\u00ed no\u00bb, se queja Vicen\u00e7.<\/p>\n<h2>Un fallo poco motivado<\/h2>\n<p>A la espera de que la <a title=\"Minuteca de la ONU\" href=\"https:\/\/www.20minutos.es\/minuteca\/onu\/\">ONU<\/a> se pronuncie, la sentencia sobre las circunstancias de Manuel tiene una gran importancia para este colectivo, al ser la primera condenatoria contra el Consistorio de Barcelona. Junto a ella se presentaron otras dos denuncias similares pero tras perder en primera instancia, los otros dos guardias decidieron retirarse y s\u00f3lo \u00e9l sigui\u00f3 adelante. <strong>\u00abLa gente tiene miedo.<\/strong> Les condenaron a pagar las costas. \u00bfY si perd\u00edan otra vez y ten\u00edan que volver a pagar? Se hab\u00edan ido a casa con la mitad del sueldo\u00bb, apunta el presidente de Ail-pod. \u00a0<\/p>\n<p>La resoluci\u00f3n del TSJC no solo anula el decreto por el cual se jubila a Manuel sino que se muestra<strong> muy cr\u00edtica con el fallo del juzgado de lo contencioso-administrativo n\u00famero 16<\/strong> y habla de \u00abfalta de motivaci\u00f3n\u00bb, \u00abescuetos razonamientos\u00bb y de \u00abincongruencia omisiva\u00bb, lo que provoca \u00abindefensi\u00f3n\u00bb. \u00abEn una sentencia de medio folio la jueza le dio la raz\u00f3n al Ayuntamiento. Ahora, en m\u00e1s de veinte p\u00e1ginas, con argumentos, el Tribunal Superior de Catalu\u00f1a le achaca que no contempl\u00f3 todo lo que nosotros aleg\u00e1bamos\u00bb, expone el demandante.<\/p>\n<p>El Gobierno municipal es condenado adem\u00e1s a pagar las retribuciones salariales que el guardia dej\u00f3 de percibir, as\u00ed como las cotizaciones a la Seguridad Social, con los intereses que correspondan desde que fue jubilado. La asociaci\u00f3n estima que esa cantidad <strong>podr\u00eda ascender a los 200.000 euros.<\/strong> Este diario ha intentado sin \u00e9xito conocer la valoraci\u00f3n de la Concejal\u00eda de Seguridad y si proceder\u00eda a recurrir ante el Tribunal Supremo, plazo que expir\u00f3 el viernes. Manuel a\u00fan no ha regresado al trabajo y podr\u00edan pasar hasta seis meses antes de que la sentencia sea ejecutada pero mientras ya disfruta de la alegr\u00eda que ha supuesto para \u00e9l y los suyos \u00abhaberle ganado a un Ayuntamiento, y m\u00e1s al de Barcelona, que no es poca cosa\u00bb.<\/p>\n<p>Fuente: 20minutos <a href=\"https:\/\/www.20minutos.es\/noticia\/3471358\/0\/barcelona-readmitir-agente-jubilo-discapacidad\/\" target=\"_blank\">Barcelona debe readmitir a un agente al que jubil\u00f3 por una discapacidad: &quot;Fue una discriminaci\u00f3n total&quot;<\/a><\/p>\n","protected":false},"excerpt":{"rendered":"<p>Leemos en 20minutos la siguiente noticia que os reproducimos de forma \u00edntegra: ARACELI GUEDE La ONU ha admitido cuatro denuncias contra Espa\u00f1a por vulneraci\u00f3n de derechos de agentes con discapacidad. La lucha de Rafael Prieto para no ser un polic\u00eda jubilado con 31 a\u00f1os. Manuel Abad ten\u00eda 53 a\u00f1os y llevaba casi tres d\u00e9cadas como [&hellip;]<\/p>\n","protected":false},"author":1,"featured_media":0,"comment_status":"open","ping_status":"closed","sticky":false,"template":"","format":"standard","meta":{"footnotes":""},"categories":[8],"tags":[31],"class_list":["post-4074","post","type-post","status-publish","format-standard","hentry","category-noticias","tag-discapacidad"],"yoast_head":"<!-- This site is optimized with the Yoast SEO plugin v27.4 - https:\/\/yoast.com\/product\/yoast-seo-wordpress\/ -->\n<title>Barcelona debe readmitir a un agente al que jubil\u00f3 por una discapacidad: &quot;Fue una discriminaci\u00f3n total&quot; - Asociaci\u00f3n Espa\u00f1ola S\u00edndrome de Charge<\/title>\n<meta name=\"robots\" content=\"index, follow, max-snippet:-1, max-image-preview:large, max-video-preview:-1\" \/>\n<link rel=\"canonical\" href=\"https:\/\/sindromecharge.es\/index.php\/2018\/11\/05\/barcelona-debe-readmitir-a-un-agente-al-que-jubilo-por-una-discapacidad-fue-una-discriminacion-total\/\" \/>\n<meta property=\"og:locale\" content=\"es_ES\" \/>\n<meta property=\"og:type\" content=\"article\" \/>\n<meta property=\"og:title\" content=\"Barcelona debe readmitir a un agente al que jubil\u00f3 por una discapacidad: &quot;Fue una discriminaci\u00f3n total&quot; - Asociaci\u00f3n Espa\u00f1ola S\u00edndrome de Charge\" \/>\n<meta property=\"og:description\" content=\"Leemos en 20minutos la siguiente noticia que os reproducimos de forma \u00edntegra: ARACELI GUEDE La ONU ha admitido cuatro denuncias contra Espa\u00f1a por vulneraci\u00f3n de derechos de agentes con discapacidad. La lucha de Rafael Prieto para no ser un polic\u00eda jubilado con 31 a\u00f1os. Manuel Abad ten\u00eda 53 a\u00f1os y llevaba casi tres d\u00e9cadas como [&hellip;]\" \/>\n<meta property=\"og:url\" content=\"https:\/\/sindromecharge.es\/index.php\/2018\/11\/05\/barcelona-debe-readmitir-a-un-agente-al-que-jubilo-por-una-discapacidad-fue-una-discriminacion-total\/\" \/>\n<meta property=\"og:site_name\" content=\"Asociaci\u00f3n Espa\u00f1ola S\u00edndrome de Charge\" \/>\n<meta property=\"article:publisher\" content=\"https:\/\/www.facebook.com\/asociacionsindromecharge\" \/>\n<meta property=\"article:published_time\" content=\"2018-11-05T05:40:34+00:00\" \/>\n<meta property=\"og:image\" content=\"https:\/\/cdn.20m.es\/img2\/recortes\/2018\/11\/02\/816799-620-282.jpg?v=20181104200534\" \/>\n<meta name=\"author\" content=\"Charge\" \/>\n<meta name=\"twitter:card\" content=\"summary_large_image\" \/>\n<meta name=\"twitter:creator\" content=\"@sindromecharge\" \/>\n<meta name=\"twitter:site\" content=\"@sindromecharge\" \/>\n<meta name=\"twitter:label1\" content=\"Escrito por\" \/>\n\t<meta name=\"twitter:data1\" content=\"Charge\" \/>\n\t<meta name=\"twitter:label2\" content=\"Tiempo de lectura\" \/>\n\t<meta name=\"twitter:data2\" content=\"4 minutos\" \/>\n<script type=\"application\/ld+json\" class=\"yoast-schema-graph\">{\"@context\":\"https:\\\/\\\/schema.org\",\"@graph\":[{\"@type\":\"Article\",\"@id\":\"https:\\\/\\\/sindromecharge.es\\\/index.php\\\/2018\\\/11\\\/05\\\/barcelona-debe-readmitir-a-un-agente-al-que-jubilo-por-una-discapacidad-fue-una-discriminacion-total\\\/#article\",\"isPartOf\":{\"@id\":\"https:\\\/\\\/sindromecharge.es\\\/index.php\\\/2018\\\/11\\\/05\\\/barcelona-debe-readmitir-a-un-agente-al-que-jubilo-por-una-discapacidad-fue-una-discriminacion-total\\\/\"},\"author\":{\"name\":\"Charge\",\"@id\":\"https:\\\/\\\/sindromecharge.es\\\/#\\\/schema\\\/person\\\/39a60ebe0a2b4d5a11179701e336b039\"},\"headline\":\"Barcelona debe readmitir a un agente al que jubil\u00f3 por una discapacidad: &quot;Fue una discriminaci\u00f3n total&quot;\",\"datePublished\":\"2018-11-05T05:40:34+00:00\",\"mainEntityOfPage\":{\"@id\":\"https:\\\/\\\/sindromecharge.es\\\/index.php\\\/2018\\\/11\\\/05\\\/barcelona-debe-readmitir-a-un-agente-al-que-jubilo-por-una-discapacidad-fue-una-discriminacion-total\\\/\"},\"wordCount\":852,\"commentCount\":0,\"image\":{\"@id\":\"https:\\\/\\\/sindromecharge.es\\\/index.php\\\/2018\\\/11\\\/05\\\/barcelona-debe-readmitir-a-un-agente-al-que-jubilo-por-una-discapacidad-fue-una-discriminacion-total\\\/#primaryimage\"},\"thumbnailUrl\":\"https:\\\/\\\/cdn.20m.es\\\/img2\\\/recortes\\\/2018\\\/11\\\/02\\\/816799-620-282.jpg?v=20181104200534\",\"keywords\":[\"discapacidad\"],\"articleSection\":[\"noticias\"],\"inLanguage\":\"es\",\"potentialAction\":[{\"@type\":\"CommentAction\",\"name\":\"Comment\",\"target\":[\"https:\\\/\\\/sindromecharge.es\\\/index.php\\\/2018\\\/11\\\/05\\\/barcelona-debe-readmitir-a-un-agente-al-que-jubilo-por-una-discapacidad-fue-una-discriminacion-total\\\/#respond\"]}]},{\"@type\":\"WebPage\",\"@id\":\"https:\\\/\\\/sindromecharge.es\\\/index.php\\\/2018\\\/11\\\/05\\\/barcelona-debe-readmitir-a-un-agente-al-que-jubilo-por-una-discapacidad-fue-una-discriminacion-total\\\/\",\"url\":\"https:\\\/\\\/sindromecharge.es\\\/index.php\\\/2018\\\/11\\\/05\\\/barcelona-debe-readmitir-a-un-agente-al-que-jubilo-por-una-discapacidad-fue-una-discriminacion-total\\\/\",\"name\":\"Barcelona debe readmitir a un agente al que jubil\u00f3 por una discapacidad: &quot;Fue una discriminaci\u00f3n total&quot; - Asociaci\u00f3n Espa\u00f1ola S\u00edndrome de Charge\",\"isPartOf\":{\"@id\":\"https:\\\/\\\/sindromecharge.es\\\/#website\"},\"primaryImageOfPage\":{\"@id\":\"https:\\\/\\\/sindromecharge.es\\\/index.php\\\/2018\\\/11\\\/05\\\/barcelona-debe-readmitir-a-un-agente-al-que-jubilo-por-una-discapacidad-fue-una-discriminacion-total\\\/#primaryimage\"},\"image\":{\"@id\":\"https:\\\/\\\/sindromecharge.es\\\/index.php\\\/2018\\\/11\\\/05\\\/barcelona-debe-readmitir-a-un-agente-al-que-jubilo-por-una-discapacidad-fue-una-discriminacion-total\\\/#primaryimage\"},\"thumbnailUrl\":\"https:\\\/\\\/cdn.20m.es\\\/img2\\\/recortes\\\/2018\\\/11\\\/02\\\/816799-620-282.jpg?v=20181104200534\",\"datePublished\":\"2018-11-05T05:40:34+00:00\",\"author\":{\"@id\":\"https:\\\/\\\/sindromecharge.es\\\/#\\\/schema\\\/person\\\/39a60ebe0a2b4d5a11179701e336b039\"},\"breadcrumb\":{\"@id\":\"https:\\\/\\\/sindromecharge.es\\\/index.php\\\/2018\\\/11\\\/05\\\/barcelona-debe-readmitir-a-un-agente-al-que-jubilo-por-una-discapacidad-fue-una-discriminacion-total\\\/#breadcrumb\"},\"inLanguage\":\"es\",\"potentialAction\":[{\"@type\":\"ReadAction\",\"target\":[\"https:\\\/\\\/sindromecharge.es\\\/index.php\\\/2018\\\/11\\\/05\\\/barcelona-debe-readmitir-a-un-agente-al-que-jubilo-por-una-discapacidad-fue-una-discriminacion-total\\\/\"]}]},{\"@type\":\"ImageObject\",\"inLanguage\":\"es\",\"@id\":\"https:\\\/\\\/sindromecharge.es\\\/index.php\\\/2018\\\/11\\\/05\\\/barcelona-debe-readmitir-a-un-agente-al-que-jubilo-por-una-discapacidad-fue-una-discriminacion-total\\\/#primaryimage\",\"url\":\"https:\\\/\\\/cdn.20m.es\\\/img2\\\/recortes\\\/2018\\\/11\\\/02\\\/816799-620-282.jpg?v=20181104200534\",\"contentUrl\":\"https:\\\/\\\/cdn.20m.es\\\/img2\\\/recortes\\\/2018\\\/11\\\/02\\\/816799-620-282.jpg?v=20181104200534\"},{\"@type\":\"BreadcrumbList\",\"@id\":\"https:\\\/\\\/sindromecharge.es\\\/index.php\\\/2018\\\/11\\\/05\\\/barcelona-debe-readmitir-a-un-agente-al-que-jubilo-por-una-discapacidad-fue-una-discriminacion-total\\\/#breadcrumb\",\"itemListElement\":[{\"@type\":\"ListItem\",\"position\":1,\"name\":\"Portada\",\"item\":\"https:\\\/\\\/sindromecharge.es\\\/\"},{\"@type\":\"ListItem\",\"position\":2,\"name\":\"Barcelona debe readmitir a un agente al que jubil\u00f3 por una discapacidad: &quot;Fue una discriminaci\u00f3n total&quot;\"}]},{\"@type\":\"WebSite\",\"@id\":\"https:\\\/\\\/sindromecharge.es\\\/#website\",\"url\":\"https:\\\/\\\/sindromecharge.es\\\/\",\"name\":\"Asociaci\u00f3n Espa\u00f1ola S\u00edndrome de Charge\",\"description\":\"\",\"potentialAction\":[{\"@type\":\"SearchAction\",\"target\":{\"@type\":\"EntryPoint\",\"urlTemplate\":\"https:\\\/\\\/sindromecharge.es\\\/?s={search_term_string}\"},\"query-input\":{\"@type\":\"PropertyValueSpecification\",\"valueRequired\":true,\"valueName\":\"search_term_string\"}}],\"inLanguage\":\"es\"},{\"@type\":\"Person\",\"@id\":\"https:\\\/\\\/sindromecharge.es\\\/#\\\/schema\\\/person\\\/39a60ebe0a2b4d5a11179701e336b039\",\"name\":\"Charge\",\"image\":{\"@type\":\"ImageObject\",\"inLanguage\":\"es\",\"@id\":\"https:\\\/\\\/secure.gravatar.com\\\/avatar\\\/c3b46e32a0fc3b093a0873fb767bf3293de856293065e84ef06b7ec7a8acfb98?s=96&d=identicon&r=x\",\"url\":\"https:\\\/\\\/secure.gravatar.com\\\/avatar\\\/c3b46e32a0fc3b093a0873fb767bf3293de856293065e84ef06b7ec7a8acfb98?s=96&d=identicon&r=x\",\"contentUrl\":\"https:\\\/\\\/secure.gravatar.com\\\/avatar\\\/c3b46e32a0fc3b093a0873fb767bf3293de856293065e84ef06b7ec7a8acfb98?s=96&d=identicon&r=x\",\"caption\":\"Charge\"},\"url\":\"https:\\\/\\\/sindromecharge.es\\\/index.php\\\/author\\\/admin\\\/\"}]}<\/script>\n<!-- \/ Yoast SEO plugin. -->","yoast_head_json":{"title":"Barcelona debe readmitir a un agente al que jubil\u00f3 por una discapacidad: &quot;Fue una discriminaci\u00f3n total&quot; - Asociaci\u00f3n Espa\u00f1ola S\u00edndrome de Charge","robots":{"index":"index","follow":"follow","max-snippet":"max-snippet:-1","max-image-preview":"max-image-preview:large","max-video-preview":"max-video-preview:-1"},"canonical":"https:\/\/sindromecharge.es\/index.php\/2018\/11\/05\/barcelona-debe-readmitir-a-un-agente-al-que-jubilo-por-una-discapacidad-fue-una-discriminacion-total\/","og_locale":"es_ES","og_type":"article","og_title":"Barcelona debe readmitir a un agente al que jubil\u00f3 por una discapacidad: &quot;Fue una discriminaci\u00f3n total&quot; - Asociaci\u00f3n Espa\u00f1ola S\u00edndrome de Charge","og_description":"Leemos en 20minutos la siguiente noticia que os reproducimos de forma \u00edntegra: ARACELI GUEDE La ONU ha admitido cuatro denuncias contra Espa\u00f1a por vulneraci\u00f3n de derechos de agentes con discapacidad. La lucha de Rafael Prieto para no ser un polic\u00eda jubilado con 31 a\u00f1os. Manuel Abad ten\u00eda 53 a\u00f1os y llevaba casi tres d\u00e9cadas como [&hellip;]","og_url":"https:\/\/sindromecharge.es\/index.php\/2018\/11\/05\/barcelona-debe-readmitir-a-un-agente-al-que-jubilo-por-una-discapacidad-fue-una-discriminacion-total\/","og_site_name":"Asociaci\u00f3n Espa\u00f1ola S\u00edndrome de Charge","article_publisher":"https:\/\/www.facebook.com\/asociacionsindromecharge","article_published_time":"2018-11-05T05:40:34+00:00","og_image":[{"url":"https:\/\/cdn.20m.es\/img2\/recortes\/2018\/11\/02\/816799-620-282.jpg?v=20181104200534","type":"","width":"","height":""}],"author":"Charge","twitter_card":"summary_large_image","twitter_creator":"@sindromecharge","twitter_site":"@sindromecharge","twitter_misc":{"Escrito por":"Charge","Tiempo de lectura":"4 minutos"},"schema":{"@context":"https:\/\/schema.org","@graph":[{"@type":"Article","@id":"https:\/\/sindromecharge.es\/index.php\/2018\/11\/05\/barcelona-debe-readmitir-a-un-agente-al-que-jubilo-por-una-discapacidad-fue-una-discriminacion-total\/#article","isPartOf":{"@id":"https:\/\/sindromecharge.es\/index.php\/2018\/11\/05\/barcelona-debe-readmitir-a-un-agente-al-que-jubilo-por-una-discapacidad-fue-una-discriminacion-total\/"},"author":{"name":"Charge","@id":"https:\/\/sindromecharge.es\/#\/schema\/person\/39a60ebe0a2b4d5a11179701e336b039"},"headline":"Barcelona debe readmitir a un agente al que jubil\u00f3 por una discapacidad: &quot;Fue una discriminaci\u00f3n total&quot;","datePublished":"2018-11-05T05:40:34+00:00","mainEntityOfPage":{"@id":"https:\/\/sindromecharge.es\/index.php\/2018\/11\/05\/barcelona-debe-readmitir-a-un-agente-al-que-jubilo-por-una-discapacidad-fue-una-discriminacion-total\/"},"wordCount":852,"commentCount":0,"image":{"@id":"https:\/\/sindromecharge.es\/index.php\/2018\/11\/05\/barcelona-debe-readmitir-a-un-agente-al-que-jubilo-por-una-discapacidad-fue-una-discriminacion-total\/#primaryimage"},"thumbnailUrl":"https:\/\/cdn.20m.es\/img2\/recortes\/2018\/11\/02\/816799-620-282.jpg?v=20181104200534","keywords":["discapacidad"],"articleSection":["noticias"],"inLanguage":"es","potentialAction":[{"@type":"CommentAction","name":"Comment","target":["https:\/\/sindromecharge.es\/index.php\/2018\/11\/05\/barcelona-debe-readmitir-a-un-agente-al-que-jubilo-por-una-discapacidad-fue-una-discriminacion-total\/#respond"]}]},{"@type":"WebPage","@id":"https:\/\/sindromecharge.es\/index.php\/2018\/11\/05\/barcelona-debe-readmitir-a-un-agente-al-que-jubilo-por-una-discapacidad-fue-una-discriminacion-total\/","url":"https:\/\/sindromecharge.es\/index.php\/2018\/11\/05\/barcelona-debe-readmitir-a-un-agente-al-que-jubilo-por-una-discapacidad-fue-una-discriminacion-total\/","name":"Barcelona debe readmitir a un agente al que jubil\u00f3 por una discapacidad: &quot;Fue una discriminaci\u00f3n total&quot; - Asociaci\u00f3n Espa\u00f1ola S\u00edndrome de Charge","isPartOf":{"@id":"https:\/\/sindromecharge.es\/#website"},"primaryImageOfPage":{"@id":"https:\/\/sindromecharge.es\/index.php\/2018\/11\/05\/barcelona-debe-readmitir-a-un-agente-al-que-jubilo-por-una-discapacidad-fue-una-discriminacion-total\/#primaryimage"},"image":{"@id":"https:\/\/sindromecharge.es\/index.php\/2018\/11\/05\/barcelona-debe-readmitir-a-un-agente-al-que-jubilo-por-una-discapacidad-fue-una-discriminacion-total\/#primaryimage"},"thumbnailUrl":"https:\/\/cdn.20m.es\/img2\/recortes\/2018\/11\/02\/816799-620-282.jpg?v=20181104200534","datePublished":"2018-11-05T05:40:34+00:00","author":{"@id":"https:\/\/sindromecharge.es\/#\/schema\/person\/39a60ebe0a2b4d5a11179701e336b039"},"breadcrumb":{"@id":"https:\/\/sindromecharge.es\/index.php\/2018\/11\/05\/barcelona-debe-readmitir-a-un-agente-al-que-jubilo-por-una-discapacidad-fue-una-discriminacion-total\/#breadcrumb"},"inLanguage":"es","potentialAction":[{"@type":"ReadAction","target":["https:\/\/sindromecharge.es\/index.php\/2018\/11\/05\/barcelona-debe-readmitir-a-un-agente-al-que-jubilo-por-una-discapacidad-fue-una-discriminacion-total\/"]}]},{"@type":"ImageObject","inLanguage":"es","@id":"https:\/\/sindromecharge.es\/index.php\/2018\/11\/05\/barcelona-debe-readmitir-a-un-agente-al-que-jubilo-por-una-discapacidad-fue-una-discriminacion-total\/#primaryimage","url":"https:\/\/cdn.20m.es\/img2\/recortes\/2018\/11\/02\/816799-620-282.jpg?v=20181104200534","contentUrl":"https:\/\/cdn.20m.es\/img2\/recortes\/2018\/11\/02\/816799-620-282.jpg?v=20181104200534"},{"@type":"BreadcrumbList","@id":"https:\/\/sindromecharge.es\/index.php\/2018\/11\/05\/barcelona-debe-readmitir-a-un-agente-al-que-jubilo-por-una-discapacidad-fue-una-discriminacion-total\/#breadcrumb","itemListElement":[{"@type":"ListItem","position":1,"name":"Portada","item":"https:\/\/sindromecharge.es\/"},{"@type":"ListItem","position":2,"name":"Barcelona debe readmitir a un agente al que jubil\u00f3 por una discapacidad: &quot;Fue una discriminaci\u00f3n total&quot;"}]},{"@type":"WebSite","@id":"https:\/\/sindromecharge.es\/#website","url":"https:\/\/sindromecharge.es\/","name":"Asociaci\u00f3n Espa\u00f1ola S\u00edndrome de Charge","description":"","potentialAction":[{"@type":"SearchAction","target":{"@type":"EntryPoint","urlTemplate":"https:\/\/sindromecharge.es\/?s={search_term_string}"},"query-input":{"@type":"PropertyValueSpecification","valueRequired":true,"valueName":"search_term_string"}}],"inLanguage":"es"},{"@type":"Person","@id":"https:\/\/sindromecharge.es\/#\/schema\/person\/39a60ebe0a2b4d5a11179701e336b039","name":"Charge","image":{"@type":"ImageObject","inLanguage":"es","@id":"https:\/\/secure.gravatar.com\/avatar\/c3b46e32a0fc3b093a0873fb767bf3293de856293065e84ef06b7ec7a8acfb98?s=96&d=identicon&r=x","url":"https:\/\/secure.gravatar.com\/avatar\/c3b46e32a0fc3b093a0873fb767bf3293de856293065e84ef06b7ec7a8acfb98?s=96&d=identicon&r=x","contentUrl":"https:\/\/secure.gravatar.com\/avatar\/c3b46e32a0fc3b093a0873fb767bf3293de856293065e84ef06b7ec7a8acfb98?s=96&d=identicon&r=x","caption":"Charge"},"url":"https:\/\/sindromecharge.es\/index.php\/author\/admin\/"}]}},"_links":{"self":[{"href":"https:\/\/sindromecharge.es\/index.php\/wp-json\/wp\/v2\/posts\/4074","targetHints":{"allow":["GET"]}}],"collection":[{"href":"https:\/\/sindromecharge.es\/index.php\/wp-json\/wp\/v2\/posts"}],"about":[{"href":"https:\/\/sindromecharge.es\/index.php\/wp-json\/wp\/v2\/types\/post"}],"author":[{"embeddable":true,"href":"https:\/\/sindromecharge.es\/index.php\/wp-json\/wp\/v2\/users\/1"}],"replies":[{"embeddable":true,"href":"https:\/\/sindromecharge.es\/index.php\/wp-json\/wp\/v2\/comments?post=4074"}],"version-history":[{"count":0,"href":"https:\/\/sindromecharge.es\/index.php\/wp-json\/wp\/v2\/posts\/4074\/revisions"}],"wp:attachment":[{"href":"https:\/\/sindromecharge.es\/index.php\/wp-json\/wp\/v2\/media?parent=4074"}],"wp:term":[{"taxonomy":"category","embeddable":true,"href":"https:\/\/sindromecharge.es\/index.php\/wp-json\/wp\/v2\/categories?post=4074"},{"taxonomy":"post_tag","embeddable":true,"href":"https:\/\/sindromecharge.es\/index.php\/wp-json\/wp\/v2\/tags?post=4074"}],"curies":[{"name":"wp","href":"https:\/\/api.w.org\/{rel}","templated":true}]}}