{"id":4071,"date":"2018-10-31T04:12:05","date_gmt":"2018-10-31T04:12:05","guid":{"rendered":"https:\/\/sindromecharge.es\/index.php\/2018\/10\/31\/la-mitad-de-las-personas-con-enfermedades-raras-ha-sufrido-un-retraso-en-su-diagnostico\/"},"modified":"2018-10-31T04:12:05","modified_gmt":"2018-10-31T04:12:05","slug":"la-mitad-de-las-personas-con-enfermedades-raras-ha-sufrido-un-retraso-en-su-diagnostico","status":"publish","type":"post","link":"https:\/\/sindromecharge.es\/index.php\/2018\/10\/31\/la-mitad-de-las-personas-con-enfermedades-raras-ha-sufrido-un-retraso-en-su-diagnostico\/","title":{"rendered":"La mitad de las personas con enfermedades raras ha sufrido un retraso en su diagn\u00f3stico"},"content":{"rendered":"<p>Leemos en FEDER la siguiente noticia que os reproducimos de forma \u00edntegra: <\/p>\n<p><b>Nota de Prensa<\/b>:&nbsp;\u00abLa mitad de las personas con enfermedades poco frecuentes ha sufrido un retraso en su diagn\u00f3stico. De ellas, m\u00e1s del 40% del colectivo ha esperado m\u00e1s de 4 a\u00f1os, el 20% m\u00e1s de 9. Entre las principales consecuencias de esta demora, se encuentra la accesibilidad a tratamiento: el 47% del movimiento reporta no disponer de un medicamento adecuado\u00bb.<\/p>\n<p>As\u00ed lo ha puesto de relieve hoy Juan Carri\u00f3n, Presidente de la Federaci\u00f3n Espa\u00f1ola de Enfermedades Raras (FEDER), durante la inauguraci\u00f3n del I Simposium Cient\u00edfico de Investigaci\u00f3n en Enfermedades Raras que la organizaci\u00f3n espa\u00f1ola celebra hoy de la mano de su Fundaci\u00f3n en el Hospital Sant Joan de D\u00e8u. Con \u00e9l, el movimiento asociativo busca conocer el estado de situaci\u00f3n de la investigaci\u00f3n de estas patolog\u00edas en Espa\u00f1a as\u00ed como reconocer a todos los agentes que la hacen posible.<\/p>\n<p>En la bienvenida, la Federaci\u00f3n tambi\u00e9n ha contado con las intervenciones de Manuel del Castillo Rey, Director Gerente del Hospital Sant Joan de D\u00e8u, y de Jaume Revent\u00f3s, Responsable de Operaciones y Relaciones Institucionales de la Direcci\u00f3n General de Investigaci\u00f3n e Innovaci\u00f3n del Dpto. de Salud de la Generalitat. Junto a ellos, la primera edici\u00f3n de este encuentro ha contado con m\u00e1s de 20 expertos, la representaci\u00f3n de m\u00e1s de 10 centros de investigaci\u00f3n espa\u00f1oles y m\u00e1s de 200 personas inscritas.<\/p>\n<h3>\u00bfEn Espa\u00f1a se investiga en enfermedades raras?<\/h3>\n<p>En la actualidad, seg\u00fan se recoge en el Mapa de Proyectos de Investigaci\u00f3n en Enfermedades Raras (MAPER), en Espa\u00f1a se han puesto en marcha m\u00e1s de 750 proyectos relativos a diagn\u00f3stico y tratamiento de las enfermedades raras.<\/p>\n<p>\u00abPero la investigaci\u00f3n en enfermedades raras se ve a\u00fan muy condicionada por la escasez de muestra, la dispersi\u00f3n y fragmentaci\u00f3n de recursos, el poco atractivo comercial o la falta de centros especializados\u00bb ha recordado Carri\u00f3n.<\/p>\n<p>El presidente de FEDER y su Fundaci\u00f3n ha recordado la reducci\u00f3n en la inversi\u00f3n para innovaci\u00f3n que ha sufrido nuestro pa\u00eds a la par que ha reconocido que las partidas espec\u00edficas para enfermedades raras se han incrementado paulatinamente.<\/p>\n<p>A pesar de ello, \u00ablos esfuerzos son insuficientes\u00bb ha subrayado. Precisamente por eso y a trav\u00e9s de este Simposium, la organizaci\u00f3n espa\u00f1ola ha querido poner en valor \u00abla dedicaci\u00f3n y el esfuerzo de todos los agentes implicados en que la investigaci\u00f3n en estas patolog\u00edas sea una realidad\u00bb.<\/p>\n<p>As\u00ed, ha destacado el papel los investigadores del Instituto de Investigaci\u00f3n de Salud Carlos III del que se desprenden tanto el Instituto de Investigaci\u00f3n en Enfermedades Raras o el Centro de Investigaci\u00f3n Biom\u00e9dica en Red de Enfermedades Raras; ambos con proyectos activos en lo que respecta a estas patolog\u00edas.<\/p>\n<p>Por otro lado, tambi\u00e9n ha subrayado el esfuerzo y la humanizaci\u00f3n de los profesionales cl\u00ednicos as\u00ed como de la industria por afrontar el reto de investigar en enfermedades poco frecuentes a\u00fan con las barreras que ello implica. Por \u00faltimo, Carri\u00f3n ha recordado el papel de la administraci\u00f3n p\u00fablica como \u00abun eslab\u00f3n m\u00e1s\u00bb en la b\u00fasqueda de respuestas a la prevenci\u00f3n, diagn\u00f3stico y tratamiento.<\/p>\n<h3>El 52% del tejido asociativo busca recursos para apoyar proyectos de investigaci\u00f3n<\/h3>\n<h3>Unificar esfuerzos por la investigaci\u00f3n de estas patolog\u00edas ha llevado al colectivo de personas y familias con enfermedades raras a situarse como un agente m\u00e1s. De hecho, el 38% de las entidades federadas \u2013que a d\u00eda de hoy suman 343- apoyan el desarrollo de proyectos propios y el 52% buscan recursos para proyectos impulsados por otros organismos.<\/h3>\n<p>Precisamente por eso, FEDER y su Fundaci\u00f3n pusieron en marcha en 2015 una Convocatoria Anual de Ayudas a la Investigaci\u00f3n que este a\u00f1o ha alcanzado su cuarta edici\u00f3n. Gracias a ello, a lo largo de estos a\u00f1os ha podido impulsar 7 proyectos promovidos desde el movimiento asociativo de la organizaci\u00f3n a trav\u00e9s de la gesti\u00f3n de 158.000 euros.<\/p>\n<h3>La alternativa: el trabajo en red<\/h3>\n<p>\u00ab\u00bfQu\u00e9 podemos hacer para favorecer un diagn\u00f3stico r\u00e1pido, potenciar el tratamiento de precisi\u00f3n y mejorar la atenci\u00f3n sociosanitaria? Existen muchas v\u00edas posibles para lograrlo, pero hoy m\u00e1s que nunca ha quedado patente una alternativa en la que estamos todos implicados: el trabajo en red\u00bb.<\/p>\n<p>Con estas palabras ha clausurado Santiago de la Riva, Vicepresidente de Fundaci\u00f3n FEDER, este Simposium a la par que ha subrayado la necesidad de mirar al futuro y ampliar la proyecci\u00f3n de la experiencia de nuestro pa\u00eds a nivel internacional.<\/p>\n<p>Para ello, ha recordado los objetivos del IRDiRC, el Consorcio Internacional de Investigaci\u00f3n en Enfermedades Raras, que tras haberse conseguido las m\u00e1s de 200 terapias que se propon\u00edan para el 2020, han consensuado como retos para la pr\u00f3xima d\u00e9cada que todos los pacientes reciban diagn\u00f3stico en menos de un a\u00f1o y se aprueben mil nuevas terapias.<\/p>\n<p>Para lograrlo \u00abes indispensable trabajar bajo un modelo colaborativo que nos permita compartir experiencia a nivel nacional, pero tambi\u00e9n m\u00e1s all\u00e1 de nuestras fronteras. Porque somos un pa\u00eds l\u00edder y debemos aprovechar nuestro recorrido para lograr una cobertura universal de la salud que garantice el diagn\u00f3stico y el tratamiento de quienes convivimos con una enfermedad poco frecuente\u00bb ha concluido.<\/p>\n<p style=\"text-align: right\">\u00daltima actualizaci\u00f3n: 25\/10\/2018.<\/p>\n<p>&nbsp;<\/p>\n<p>Fuente: FEDER <a href=\"https:\/\/enfermedades-raras.org\/index.php\/actualidad\/noticias-eventos\/2-feder\/11333-os-invitamos-a-nuestro-i-simposium-cient%C3%ADfico-el-25-de-octubre-4\" target=\"_blank\">La mitad de las personas con enfermedades raras ha sufrido un retraso en su diagn\u00f3stico<\/a><\/p>\n","protected":false},"excerpt":{"rendered":"<p>Leemos en FEDER la siguiente noticia que os reproducimos de forma \u00edntegra: Nota de Prensa:&nbsp;\u00abLa mitad de las personas con enfermedades poco frecuentes ha sufrido un retraso en su diagn\u00f3stico. De ellas, m\u00e1s del 40% del colectivo ha esperado m\u00e1s de 4 a\u00f1os, el 20% m\u00e1s de 9. Entre las principales consecuencias de esta demora, [&hellip;]<\/p>\n","protected":false},"author":1,"featured_media":0,"comment_status":"open","ping_status":"closed","sticky":false,"template":"","format":"standard","meta":{"footnotes":""},"categories":[8],"tags":[36],"class_list":["post-4071","post","type-post","status-publish","format-standard","hentry","category-noticias","tag-enfermedades-raras"],"yoast_head":"<!-- This site is optimized with the Yoast SEO plugin v27.4 - https:\/\/yoast.com\/product\/yoast-seo-wordpress\/ -->\n<title>La mitad de las personas con enfermedades raras ha sufrido un retraso en su diagn\u00f3stico - Asociaci\u00f3n Espa\u00f1ola S\u00edndrome de Charge<\/title>\n<meta name=\"robots\" content=\"index, follow, max-snippet:-1, max-image-preview:large, max-video-preview:-1\" \/>\n<link rel=\"canonical\" href=\"https:\/\/sindromecharge.es\/index.php\/2018\/10\/31\/la-mitad-de-las-personas-con-enfermedades-raras-ha-sufrido-un-retraso-en-su-diagnostico\/\" \/>\n<meta property=\"og:locale\" content=\"es_ES\" \/>\n<meta property=\"og:type\" content=\"article\" \/>\n<meta property=\"og:title\" content=\"La mitad de las personas con enfermedades raras ha sufrido un retraso en su diagn\u00f3stico - Asociaci\u00f3n Espa\u00f1ola S\u00edndrome de Charge\" \/>\n<meta property=\"og:description\" content=\"Leemos en FEDER la siguiente noticia que os reproducimos de forma \u00edntegra: Nota de Prensa:&nbsp;\u00abLa mitad de las personas con enfermedades poco frecuentes ha sufrido un retraso en su diagn\u00f3stico. De ellas, m\u00e1s del 40% del colectivo ha esperado m\u00e1s de 4 a\u00f1os, el 20% m\u00e1s de 9. Entre las principales consecuencias de esta demora, [&hellip;]\" \/>\n<meta property=\"og:url\" content=\"https:\/\/sindromecharge.es\/index.php\/2018\/10\/31\/la-mitad-de-las-personas-con-enfermedades-raras-ha-sufrido-un-retraso-en-su-diagnostico\/\" \/>\n<meta property=\"og:site_name\" content=\"Asociaci\u00f3n Espa\u00f1ola S\u00edndrome de Charge\" \/>\n<meta property=\"article:publisher\" content=\"https:\/\/www.facebook.com\/asociacionsindromecharge\" \/>\n<meta property=\"article:published_time\" content=\"2018-10-31T04:12:05+00:00\" \/>\n<meta property=\"og:image\" content=\"https:\/\/sindromecharge.es\/wp-content\/uploads\/2013\/09\/logodecharge300x98.png\" \/>\n\t<meta property=\"og:image:width\" content=\"300\" \/>\n\t<meta property=\"og:image:height\" content=\"98\" \/>\n\t<meta property=\"og:image:type\" content=\"image\/png\" \/>\n<meta name=\"author\" content=\"Charge\" \/>\n<meta name=\"twitter:card\" content=\"summary_large_image\" \/>\n<meta name=\"twitter:creator\" content=\"@sindromecharge\" \/>\n<meta name=\"twitter:site\" content=\"@sindromecharge\" \/>\n<meta name=\"twitter:label1\" content=\"Escrito por\" \/>\n\t<meta name=\"twitter:data1\" content=\"Charge\" \/>\n\t<meta name=\"twitter:label2\" content=\"Tiempo de lectura\" \/>\n\t<meta name=\"twitter:data2\" content=\"5 minutos\" \/>\n<script type=\"application\/ld+json\" class=\"yoast-schema-graph\">{\"@context\":\"https:\\\/\\\/schema.org\",\"@graph\":[{\"@type\":\"Article\",\"@id\":\"https:\\\/\\\/sindromecharge.es\\\/index.php\\\/2018\\\/10\\\/31\\\/la-mitad-de-las-personas-con-enfermedades-raras-ha-sufrido-un-retraso-en-su-diagnostico\\\/#article\",\"isPartOf\":{\"@id\":\"https:\\\/\\\/sindromecharge.es\\\/index.php\\\/2018\\\/10\\\/31\\\/la-mitad-de-las-personas-con-enfermedades-raras-ha-sufrido-un-retraso-en-su-diagnostico\\\/\"},\"author\":{\"name\":\"Charge\",\"@id\":\"https:\\\/\\\/sindromecharge.es\\\/#\\\/schema\\\/person\\\/39a60ebe0a2b4d5a11179701e336b039\"},\"headline\":\"La mitad de las personas con enfermedades raras ha sufrido un retraso en su diagn\u00f3stico\",\"datePublished\":\"2018-10-31T04:12:05+00:00\",\"mainEntityOfPage\":{\"@id\":\"https:\\\/\\\/sindromecharge.es\\\/index.php\\\/2018\\\/10\\\/31\\\/la-mitad-de-las-personas-con-enfermedades-raras-ha-sufrido-un-retraso-en-su-diagnostico\\\/\"},\"wordCount\":970,\"commentCount\":0,\"keywords\":[\"enfermedades raras\"],\"articleSection\":[\"noticias\"],\"inLanguage\":\"es\",\"potentialAction\":[{\"@type\":\"CommentAction\",\"name\":\"Comment\",\"target\":[\"https:\\\/\\\/sindromecharge.es\\\/index.php\\\/2018\\\/10\\\/31\\\/la-mitad-de-las-personas-con-enfermedades-raras-ha-sufrido-un-retraso-en-su-diagnostico\\\/#respond\"]}]},{\"@type\":\"WebPage\",\"@id\":\"https:\\\/\\\/sindromecharge.es\\\/index.php\\\/2018\\\/10\\\/31\\\/la-mitad-de-las-personas-con-enfermedades-raras-ha-sufrido-un-retraso-en-su-diagnostico\\\/\",\"url\":\"https:\\\/\\\/sindromecharge.es\\\/index.php\\\/2018\\\/10\\\/31\\\/la-mitad-de-las-personas-con-enfermedades-raras-ha-sufrido-un-retraso-en-su-diagnostico\\\/\",\"name\":\"La mitad de las personas con enfermedades raras ha sufrido un retraso en su diagn\u00f3stico - Asociaci\u00f3n Espa\u00f1ola S\u00edndrome de Charge\",\"isPartOf\":{\"@id\":\"https:\\\/\\\/sindromecharge.es\\\/#website\"},\"datePublished\":\"2018-10-31T04:12:05+00:00\",\"author\":{\"@id\":\"https:\\\/\\\/sindromecharge.es\\\/#\\\/schema\\\/person\\\/39a60ebe0a2b4d5a11179701e336b039\"},\"breadcrumb\":{\"@id\":\"https:\\\/\\\/sindromecharge.es\\\/index.php\\\/2018\\\/10\\\/31\\\/la-mitad-de-las-personas-con-enfermedades-raras-ha-sufrido-un-retraso-en-su-diagnostico\\\/#breadcrumb\"},\"inLanguage\":\"es\",\"potentialAction\":[{\"@type\":\"ReadAction\",\"target\":[\"https:\\\/\\\/sindromecharge.es\\\/index.php\\\/2018\\\/10\\\/31\\\/la-mitad-de-las-personas-con-enfermedades-raras-ha-sufrido-un-retraso-en-su-diagnostico\\\/\"]}]},{\"@type\":\"BreadcrumbList\",\"@id\":\"https:\\\/\\\/sindromecharge.es\\\/index.php\\\/2018\\\/10\\\/31\\\/la-mitad-de-las-personas-con-enfermedades-raras-ha-sufrido-un-retraso-en-su-diagnostico\\\/#breadcrumb\",\"itemListElement\":[{\"@type\":\"ListItem\",\"position\":1,\"name\":\"Portada\",\"item\":\"https:\\\/\\\/sindromecharge.es\\\/\"},{\"@type\":\"ListItem\",\"position\":2,\"name\":\"La mitad de las personas con enfermedades raras ha sufrido un retraso en su diagn\u00f3stico\"}]},{\"@type\":\"WebSite\",\"@id\":\"https:\\\/\\\/sindromecharge.es\\\/#website\",\"url\":\"https:\\\/\\\/sindromecharge.es\\\/\",\"name\":\"Asociaci\u00f3n Espa\u00f1ola S\u00edndrome de Charge\",\"description\":\"\",\"potentialAction\":[{\"@type\":\"SearchAction\",\"target\":{\"@type\":\"EntryPoint\",\"urlTemplate\":\"https:\\\/\\\/sindromecharge.es\\\/?s={search_term_string}\"},\"query-input\":{\"@type\":\"PropertyValueSpecification\",\"valueRequired\":true,\"valueName\":\"search_term_string\"}}],\"inLanguage\":\"es\"},{\"@type\":\"Person\",\"@id\":\"https:\\\/\\\/sindromecharge.es\\\/#\\\/schema\\\/person\\\/39a60ebe0a2b4d5a11179701e336b039\",\"name\":\"Charge\",\"image\":{\"@type\":\"ImageObject\",\"inLanguage\":\"es\",\"@id\":\"https:\\\/\\\/secure.gravatar.com\\\/avatar\\\/c3b46e32a0fc3b093a0873fb767bf3293de856293065e84ef06b7ec7a8acfb98?s=96&d=identicon&r=x\",\"url\":\"https:\\\/\\\/secure.gravatar.com\\\/avatar\\\/c3b46e32a0fc3b093a0873fb767bf3293de856293065e84ef06b7ec7a8acfb98?s=96&d=identicon&r=x\",\"contentUrl\":\"https:\\\/\\\/secure.gravatar.com\\\/avatar\\\/c3b46e32a0fc3b093a0873fb767bf3293de856293065e84ef06b7ec7a8acfb98?s=96&d=identicon&r=x\",\"caption\":\"Charge\"},\"url\":\"https:\\\/\\\/sindromecharge.es\\\/index.php\\\/author\\\/admin\\\/\"}]}<\/script>\n<!-- \/ Yoast SEO plugin. -->","yoast_head_json":{"title":"La mitad de las personas con enfermedades raras ha sufrido un retraso en su diagn\u00f3stico - Asociaci\u00f3n Espa\u00f1ola S\u00edndrome de Charge","robots":{"index":"index","follow":"follow","max-snippet":"max-snippet:-1","max-image-preview":"max-image-preview:large","max-video-preview":"max-video-preview:-1"},"canonical":"https:\/\/sindromecharge.es\/index.php\/2018\/10\/31\/la-mitad-de-las-personas-con-enfermedades-raras-ha-sufrido-un-retraso-en-su-diagnostico\/","og_locale":"es_ES","og_type":"article","og_title":"La mitad de las personas con enfermedades raras ha sufrido un retraso en su diagn\u00f3stico - Asociaci\u00f3n Espa\u00f1ola S\u00edndrome de Charge","og_description":"Leemos en FEDER la siguiente noticia que os reproducimos de forma \u00edntegra: Nota de Prensa:&nbsp;\u00abLa mitad de las personas con enfermedades poco frecuentes ha sufrido un retraso en su diagn\u00f3stico. De ellas, m\u00e1s del 40% del colectivo ha esperado m\u00e1s de 4 a\u00f1os, el 20% m\u00e1s de 9. Entre las principales consecuencias de esta demora, [&hellip;]","og_url":"https:\/\/sindromecharge.es\/index.php\/2018\/10\/31\/la-mitad-de-las-personas-con-enfermedades-raras-ha-sufrido-un-retraso-en-su-diagnostico\/","og_site_name":"Asociaci\u00f3n Espa\u00f1ola S\u00edndrome de Charge","article_publisher":"https:\/\/www.facebook.com\/asociacionsindromecharge","article_published_time":"2018-10-31T04:12:05+00:00","og_image":[{"width":300,"height":98,"url":"https:\/\/sindromecharge.es\/wp-content\/uploads\/2013\/09\/logodecharge300x98.png","type":"image\/png"}],"author":"Charge","twitter_card":"summary_large_image","twitter_creator":"@sindromecharge","twitter_site":"@sindromecharge","twitter_misc":{"Escrito por":"Charge","Tiempo de lectura":"5 minutos"},"schema":{"@context":"https:\/\/schema.org","@graph":[{"@type":"Article","@id":"https:\/\/sindromecharge.es\/index.php\/2018\/10\/31\/la-mitad-de-las-personas-con-enfermedades-raras-ha-sufrido-un-retraso-en-su-diagnostico\/#article","isPartOf":{"@id":"https:\/\/sindromecharge.es\/index.php\/2018\/10\/31\/la-mitad-de-las-personas-con-enfermedades-raras-ha-sufrido-un-retraso-en-su-diagnostico\/"},"author":{"name":"Charge","@id":"https:\/\/sindromecharge.es\/#\/schema\/person\/39a60ebe0a2b4d5a11179701e336b039"},"headline":"La mitad de las personas con enfermedades raras ha sufrido un retraso en su diagn\u00f3stico","datePublished":"2018-10-31T04:12:05+00:00","mainEntityOfPage":{"@id":"https:\/\/sindromecharge.es\/index.php\/2018\/10\/31\/la-mitad-de-las-personas-con-enfermedades-raras-ha-sufrido-un-retraso-en-su-diagnostico\/"},"wordCount":970,"commentCount":0,"keywords":["enfermedades raras"],"articleSection":["noticias"],"inLanguage":"es","potentialAction":[{"@type":"CommentAction","name":"Comment","target":["https:\/\/sindromecharge.es\/index.php\/2018\/10\/31\/la-mitad-de-las-personas-con-enfermedades-raras-ha-sufrido-un-retraso-en-su-diagnostico\/#respond"]}]},{"@type":"WebPage","@id":"https:\/\/sindromecharge.es\/index.php\/2018\/10\/31\/la-mitad-de-las-personas-con-enfermedades-raras-ha-sufrido-un-retraso-en-su-diagnostico\/","url":"https:\/\/sindromecharge.es\/index.php\/2018\/10\/31\/la-mitad-de-las-personas-con-enfermedades-raras-ha-sufrido-un-retraso-en-su-diagnostico\/","name":"La mitad de las personas con enfermedades raras ha sufrido un retraso en su diagn\u00f3stico - Asociaci\u00f3n Espa\u00f1ola S\u00edndrome de Charge","isPartOf":{"@id":"https:\/\/sindromecharge.es\/#website"},"datePublished":"2018-10-31T04:12:05+00:00","author":{"@id":"https:\/\/sindromecharge.es\/#\/schema\/person\/39a60ebe0a2b4d5a11179701e336b039"},"breadcrumb":{"@id":"https:\/\/sindromecharge.es\/index.php\/2018\/10\/31\/la-mitad-de-las-personas-con-enfermedades-raras-ha-sufrido-un-retraso-en-su-diagnostico\/#breadcrumb"},"inLanguage":"es","potentialAction":[{"@type":"ReadAction","target":["https:\/\/sindromecharge.es\/index.php\/2018\/10\/31\/la-mitad-de-las-personas-con-enfermedades-raras-ha-sufrido-un-retraso-en-su-diagnostico\/"]}]},{"@type":"BreadcrumbList","@id":"https:\/\/sindromecharge.es\/index.php\/2018\/10\/31\/la-mitad-de-las-personas-con-enfermedades-raras-ha-sufrido-un-retraso-en-su-diagnostico\/#breadcrumb","itemListElement":[{"@type":"ListItem","position":1,"name":"Portada","item":"https:\/\/sindromecharge.es\/"},{"@type":"ListItem","position":2,"name":"La mitad de las personas con enfermedades raras ha sufrido un retraso en su diagn\u00f3stico"}]},{"@type":"WebSite","@id":"https:\/\/sindromecharge.es\/#website","url":"https:\/\/sindromecharge.es\/","name":"Asociaci\u00f3n Espa\u00f1ola S\u00edndrome de Charge","description":"","potentialAction":[{"@type":"SearchAction","target":{"@type":"EntryPoint","urlTemplate":"https:\/\/sindromecharge.es\/?s={search_term_string}"},"query-input":{"@type":"PropertyValueSpecification","valueRequired":true,"valueName":"search_term_string"}}],"inLanguage":"es"},{"@type":"Person","@id":"https:\/\/sindromecharge.es\/#\/schema\/person\/39a60ebe0a2b4d5a11179701e336b039","name":"Charge","image":{"@type":"ImageObject","inLanguage":"es","@id":"https:\/\/secure.gravatar.com\/avatar\/c3b46e32a0fc3b093a0873fb767bf3293de856293065e84ef06b7ec7a8acfb98?s=96&d=identicon&r=x","url":"https:\/\/secure.gravatar.com\/avatar\/c3b46e32a0fc3b093a0873fb767bf3293de856293065e84ef06b7ec7a8acfb98?s=96&d=identicon&r=x","contentUrl":"https:\/\/secure.gravatar.com\/avatar\/c3b46e32a0fc3b093a0873fb767bf3293de856293065e84ef06b7ec7a8acfb98?s=96&d=identicon&r=x","caption":"Charge"},"url":"https:\/\/sindromecharge.es\/index.php\/author\/admin\/"}]}},"_links":{"self":[{"href":"https:\/\/sindromecharge.es\/index.php\/wp-json\/wp\/v2\/posts\/4071","targetHints":{"allow":["GET"]}}],"collection":[{"href":"https:\/\/sindromecharge.es\/index.php\/wp-json\/wp\/v2\/posts"}],"about":[{"href":"https:\/\/sindromecharge.es\/index.php\/wp-json\/wp\/v2\/types\/post"}],"author":[{"embeddable":true,"href":"https:\/\/sindromecharge.es\/index.php\/wp-json\/wp\/v2\/users\/1"}],"replies":[{"embeddable":true,"href":"https:\/\/sindromecharge.es\/index.php\/wp-json\/wp\/v2\/comments?post=4071"}],"version-history":[{"count":0,"href":"https:\/\/sindromecharge.es\/index.php\/wp-json\/wp\/v2\/posts\/4071\/revisions"}],"wp:attachment":[{"href":"https:\/\/sindromecharge.es\/index.php\/wp-json\/wp\/v2\/media?parent=4071"}],"wp:term":[{"taxonomy":"category","embeddable":true,"href":"https:\/\/sindromecharge.es\/index.php\/wp-json\/wp\/v2\/categories?post=4071"},{"taxonomy":"post_tag","embeddable":true,"href":"https:\/\/sindromecharge.es\/index.php\/wp-json\/wp\/v2\/tags?post=4071"}],"curies":[{"name":"wp","href":"https:\/\/api.w.org\/{rel}","templated":true}]}}