{"id":4070,"date":"2018-10-30T16:40:25","date_gmt":"2018-10-30T16:40:25","guid":{"rendered":"https:\/\/sindromecharge.es\/index.php\/2018\/10\/30\/elecciones-2-d-las-personas-ciegas-o-con-discapacidad-visual-grave-tienen-hasta-el-dia-5-para-pedir-el-voto-en-braille\/"},"modified":"2018-10-30T16:40:25","modified_gmt":"2018-10-30T16:40:25","slug":"elecciones-2-d-las-personas-ciegas-o-con-discapacidad-visual-grave-tienen-hasta-el-dia-5-para-pedir-el-voto-en-braille","status":"publish","type":"post","link":"https:\/\/sindromecharge.es\/index.php\/2018\/10\/30\/elecciones-2-d-las-personas-ciegas-o-con-discapacidad-visual-grave-tienen-hasta-el-dia-5-para-pedir-el-voto-en-braille\/","title":{"rendered":"Elecciones 2-D: las personas ciegas o con discapacidad visual grave tienen hasta el d\u00eda 5 para pedir el voto en braille"},"content":{"rendered":"<p>Leemos en 20minutos la siguiente noticia que os reproducimos de forma \u00edntegra: <\/p>\n<p>EUROPA PRESS<\/p>\n<ul>\n<li>Es la manera de participar sin ayuda, aunque tambi\u00e9n podr\u00e1n acudir con una persona de confianza.<\/li>\n<li><a href=\"https:\/\/www.20minutos.es\/noticia\/3476359\/0\/fecha-puedo-votar-correo-elecciones-andalucia\/\">\u00bfHasta qu\u00e9 fecha puedo votar por correo en las elecciones de Andaluc\u00eda?<\/a> | <a href=\"https:\/\/www.20minutos.es\/noticia\/3476304\/0\/como-votar-elecciones-andalucia-extranjero-plazo\/\">Votar desde el extranjero.<\/a><\/li>\n<li><strong>ENCUESTA:<\/strong> <a href=\"https:\/\/www.20minutos.es\/encuesta\/quien-te-gustaria-que-ganara-las-elecciones-en-andalucia-2018-5949\/resultados\/\">\u00bfQui\u00e9n te gustar\u00eda que ganara las elecciones en Andaluc\u00eda?<\/a><\/li>\n<\/ul>\n<p><img loading=\"lazy\" decoding=\"async\" src=\"https:\/\/cdn.20m.es\/img2\/recortes\/2018\/10\/30\/814773-620-282.jpg?v=20181030173827\" width=\"620\" height=\"282\" alt=\"ONCE Andaluc\u00eda\" \/><\/p>\n<p>Las personas ciegas o con discapacidad visual grave que lo necesiten tienen de plazo <strong>hasta el pr\u00f3ximo 5 de noviembre<\/strong> para solicitar el material de votaci\u00f3n accesible y poder as\u00ed participar sin ayuda en las <a href=\"https:\/\/www.20minutos.es\/minuteca\/elecciones-en-andalucia\/\">elecciones andaluzas<\/a>.<\/p>\n<p>Las personas que pueden solicitar este material son aquellas <strong>que conozcan el sistema de lecto-escritura braille<\/strong> y tengan reconocido un grado de discapacidad igual o superior al 33% o sean afiliados a la ONCE. No obstante, la utilizaci\u00f3n de este procedimiento es voluntaria; quien quiera votar de manera tradicional podr\u00e1n acudir con una persona de su confianza.<\/p>\n<p>El material, que se entrega gratuitamente, consta de una gu\u00eda explicativa en braille para la emisi\u00f3n del voto y un sobre peque\u00f1o <strong>por cada candidatura que se presenta a las elecciones<\/strong>, con una etiqueta en la que figura, en braille y tinta, su nombre y siglas y la papeleta correspondiente en el interior. Toda la informaci\u00f3n <a href=\"http:\/\/www.eleccionesparlamentoandalucia2018.es\" target=\"_blank\">se puede consultar online<\/a>.<\/p>\n<p>Los electores con discapacidad visual que deseen utilizar este procedimiento deben solicitarlo <strong>a trav\u00e9s del tel\u00e9fono gratuito de informaci\u00f3n electoral<\/strong> 900 12 20 18, que est\u00e1 operativo todos los d\u00edas de 09,00a 21,00 horas hasta el pr\u00f3ximo 5 de noviembre.<\/p>\n<p>El d\u00eda de las elecciones, la persona que ha recibido el material de votaci\u00f3n accesible podr\u00e1, si as\u00ed lo requiere, solicitar a los componentes de su mesa electoral <strong>que le faciliten el acceso a un espacio<\/strong>, ubicado lo m\u00e1s cerca posible, para que pueda manejar all\u00ed con garant\u00edas de privacidad la documentaci\u00f3n contenida en el kit e introducir la papeleta dentro del sobre con la candidatura elegida.<\/p>\n<p>A continuaci\u00f3n, el elector<strong> deber\u00e1 mostrar al presidente de su mesa el DNI o su pasaporte<\/strong> para proceder a depositar el voto. Despu\u00e9s de la votaci\u00f3n, se recomienda que se lleve consigo el kit de votaci\u00f3n accesible, junto con todo el material sobrante, a fin de asegurar el secreto del sufragio emitido.<\/p>\n<p>Adem\u00e1s,<strong> las personas sordas o con discapacidad auditiva<\/strong> que hayan sido designadas miembros de una mesa electoral podr\u00e1n disponer de un servicio gratuito de interpretaci\u00f3n de lengua de signos durante la jornada electoral.<\/p>\n<p>Fuente: 20minutos <a href=\"https:\/\/www.20minutos.es\/noticia\/3479131\/0\/elecciones-andaluzas-voto-braille-discapacidad-visual\/\" target=\"_blank\">Elecciones 2-D: las personas ciegas o con discapacidad visual grave tienen hasta el d\u00eda 5 para pedir el voto en braille<\/a><\/p>\n","protected":false},"excerpt":{"rendered":"<p>Leemos en 20minutos la siguiente noticia que os reproducimos de forma \u00edntegra: EUROPA PRESS Es la manera de participar sin ayuda, aunque tambi\u00e9n podr\u00e1n acudir con una persona de confianza. \u00bfHasta qu\u00e9 fecha puedo votar por correo en las elecciones de Andaluc\u00eda? | Votar desde el extranjero. ENCUESTA: \u00bfQui\u00e9n te gustar\u00eda que ganara las elecciones [&hellip;]<\/p>\n","protected":false},"author":1,"featured_media":0,"comment_status":"open","ping_status":"closed","sticky":false,"template":"","format":"standard","meta":{"footnotes":""},"categories":[8],"tags":[31],"class_list":["post-4070","post","type-post","status-publish","format-standard","hentry","category-noticias","tag-discapacidad"],"yoast_head":"<!-- This site is optimized with the Yoast SEO plugin v27.4 - https:\/\/yoast.com\/product\/yoast-seo-wordpress\/ -->\n<title>Elecciones 2-D: las personas ciegas o con discapacidad visual grave tienen hasta el d\u00eda 5 para pedir el voto en braille - Asociaci\u00f3n Espa\u00f1ola S\u00edndrome de Charge<\/title>\n<meta name=\"robots\" content=\"index, follow, max-snippet:-1, max-image-preview:large, max-video-preview:-1\" \/>\n<link rel=\"canonical\" href=\"https:\/\/sindromecharge.es\/index.php\/2018\/10\/30\/elecciones-2-d-las-personas-ciegas-o-con-discapacidad-visual-grave-tienen-hasta-el-dia-5-para-pedir-el-voto-en-braille\/\" \/>\n<meta property=\"og:locale\" content=\"es_ES\" \/>\n<meta property=\"og:type\" content=\"article\" \/>\n<meta property=\"og:title\" content=\"Elecciones 2-D: las personas ciegas o con discapacidad visual grave tienen hasta el d\u00eda 5 para pedir el voto en braille - Asociaci\u00f3n Espa\u00f1ola S\u00edndrome de Charge\" \/>\n<meta property=\"og:description\" content=\"Leemos en 20minutos la siguiente noticia que os reproducimos de forma \u00edntegra: EUROPA PRESS Es la manera de participar sin ayuda, aunque tambi\u00e9n podr\u00e1n acudir con una persona de confianza. \u00bfHasta qu\u00e9 fecha puedo votar por correo en las elecciones de Andaluc\u00eda? | Votar desde el extranjero. ENCUESTA: \u00bfQui\u00e9n te gustar\u00eda que ganara las elecciones [&hellip;]\" \/>\n<meta property=\"og:url\" content=\"https:\/\/sindromecharge.es\/index.php\/2018\/10\/30\/elecciones-2-d-las-personas-ciegas-o-con-discapacidad-visual-grave-tienen-hasta-el-dia-5-para-pedir-el-voto-en-braille\/\" \/>\n<meta property=\"og:site_name\" content=\"Asociaci\u00f3n Espa\u00f1ola S\u00edndrome de Charge\" \/>\n<meta property=\"article:publisher\" content=\"https:\/\/www.facebook.com\/asociacionsindromecharge\" \/>\n<meta property=\"article:published_time\" content=\"2018-10-30T16:40:25+00:00\" \/>\n<meta property=\"og:image\" content=\"https:\/\/cdn.20m.es\/img2\/recortes\/2018\/10\/30\/814773-620-282.jpg?v=20181030173827\" \/>\n<meta name=\"author\" content=\"Charge\" \/>\n<meta name=\"twitter:card\" content=\"summary_large_image\" \/>\n<meta name=\"twitter:creator\" content=\"@sindromecharge\" \/>\n<meta name=\"twitter:site\" content=\"@sindromecharge\" \/>\n<meta name=\"twitter:label1\" content=\"Escrito por\" \/>\n\t<meta name=\"twitter:data1\" content=\"Charge\" \/>\n\t<meta name=\"twitter:label2\" content=\"Tiempo de lectura\" \/>\n\t<meta name=\"twitter:data2\" content=\"2 minutos\" \/>\n<script type=\"application\/ld+json\" class=\"yoast-schema-graph\">{\"@context\":\"https:\\\/\\\/schema.org\",\"@graph\":[{\"@type\":\"Article\",\"@id\":\"https:\\\/\\\/sindromecharge.es\\\/index.php\\\/2018\\\/10\\\/30\\\/elecciones-2-d-las-personas-ciegas-o-con-discapacidad-visual-grave-tienen-hasta-el-dia-5-para-pedir-el-voto-en-braille\\\/#article\",\"isPartOf\":{\"@id\":\"https:\\\/\\\/sindromecharge.es\\\/index.php\\\/2018\\\/10\\\/30\\\/elecciones-2-d-las-personas-ciegas-o-con-discapacidad-visual-grave-tienen-hasta-el-dia-5-para-pedir-el-voto-en-braille\\\/\"},\"author\":{\"name\":\"Charge\",\"@id\":\"https:\\\/\\\/sindromecharge.es\\\/#\\\/schema\\\/person\\\/39a60ebe0a2b4d5a11179701e336b039\"},\"headline\":\"Elecciones 2-D: las personas ciegas o con discapacidad visual grave tienen hasta el d\u00eda 5 para pedir el voto en braille\",\"datePublished\":\"2018-10-30T16:40:25+00:00\",\"mainEntityOfPage\":{\"@id\":\"https:\\\/\\\/sindromecharge.es\\\/index.php\\\/2018\\\/10\\\/30\\\/elecciones-2-d-las-personas-ciegas-o-con-discapacidad-visual-grave-tienen-hasta-el-dia-5-para-pedir-el-voto-en-braille\\\/\"},\"wordCount\":469,\"commentCount\":0,\"image\":{\"@id\":\"https:\\\/\\\/sindromecharge.es\\\/index.php\\\/2018\\\/10\\\/30\\\/elecciones-2-d-las-personas-ciegas-o-con-discapacidad-visual-grave-tienen-hasta-el-dia-5-para-pedir-el-voto-en-braille\\\/#primaryimage\"},\"thumbnailUrl\":\"https:\\\/\\\/cdn.20m.es\\\/img2\\\/recortes\\\/2018\\\/10\\\/30\\\/814773-620-282.jpg?v=20181030173827\",\"keywords\":[\"discapacidad\"],\"articleSection\":[\"noticias\"],\"inLanguage\":\"es\",\"potentialAction\":[{\"@type\":\"CommentAction\",\"name\":\"Comment\",\"target\":[\"https:\\\/\\\/sindromecharge.es\\\/index.php\\\/2018\\\/10\\\/30\\\/elecciones-2-d-las-personas-ciegas-o-con-discapacidad-visual-grave-tienen-hasta-el-dia-5-para-pedir-el-voto-en-braille\\\/#respond\"]}]},{\"@type\":\"WebPage\",\"@id\":\"https:\\\/\\\/sindromecharge.es\\\/index.php\\\/2018\\\/10\\\/30\\\/elecciones-2-d-las-personas-ciegas-o-con-discapacidad-visual-grave-tienen-hasta-el-dia-5-para-pedir-el-voto-en-braille\\\/\",\"url\":\"https:\\\/\\\/sindromecharge.es\\\/index.php\\\/2018\\\/10\\\/30\\\/elecciones-2-d-las-personas-ciegas-o-con-discapacidad-visual-grave-tienen-hasta-el-dia-5-para-pedir-el-voto-en-braille\\\/\",\"name\":\"Elecciones 2-D: las personas ciegas o con discapacidad visual grave tienen hasta el d\u00eda 5 para pedir el voto en braille - Asociaci\u00f3n Espa\u00f1ola S\u00edndrome de Charge\",\"isPartOf\":{\"@id\":\"https:\\\/\\\/sindromecharge.es\\\/#website\"},\"primaryImageOfPage\":{\"@id\":\"https:\\\/\\\/sindromecharge.es\\\/index.php\\\/2018\\\/10\\\/30\\\/elecciones-2-d-las-personas-ciegas-o-con-discapacidad-visual-grave-tienen-hasta-el-dia-5-para-pedir-el-voto-en-braille\\\/#primaryimage\"},\"image\":{\"@id\":\"https:\\\/\\\/sindromecharge.es\\\/index.php\\\/2018\\\/10\\\/30\\\/elecciones-2-d-las-personas-ciegas-o-con-discapacidad-visual-grave-tienen-hasta-el-dia-5-para-pedir-el-voto-en-braille\\\/#primaryimage\"},\"thumbnailUrl\":\"https:\\\/\\\/cdn.20m.es\\\/img2\\\/recortes\\\/2018\\\/10\\\/30\\\/814773-620-282.jpg?v=20181030173827\",\"datePublished\":\"2018-10-30T16:40:25+00:00\",\"author\":{\"@id\":\"https:\\\/\\\/sindromecharge.es\\\/#\\\/schema\\\/person\\\/39a60ebe0a2b4d5a11179701e336b039\"},\"breadcrumb\":{\"@id\":\"https:\\\/\\\/sindromecharge.es\\\/index.php\\\/2018\\\/10\\\/30\\\/elecciones-2-d-las-personas-ciegas-o-con-discapacidad-visual-grave-tienen-hasta-el-dia-5-para-pedir-el-voto-en-braille\\\/#breadcrumb\"},\"inLanguage\":\"es\",\"potentialAction\":[{\"@type\":\"ReadAction\",\"target\":[\"https:\\\/\\\/sindromecharge.es\\\/index.php\\\/2018\\\/10\\\/30\\\/elecciones-2-d-las-personas-ciegas-o-con-discapacidad-visual-grave-tienen-hasta-el-dia-5-para-pedir-el-voto-en-braille\\\/\"]}]},{\"@type\":\"ImageObject\",\"inLanguage\":\"es\",\"@id\":\"https:\\\/\\\/sindromecharge.es\\\/index.php\\\/2018\\\/10\\\/30\\\/elecciones-2-d-las-personas-ciegas-o-con-discapacidad-visual-grave-tienen-hasta-el-dia-5-para-pedir-el-voto-en-braille\\\/#primaryimage\",\"url\":\"https:\\\/\\\/cdn.20m.es\\\/img2\\\/recortes\\\/2018\\\/10\\\/30\\\/814773-620-282.jpg?v=20181030173827\",\"contentUrl\":\"https:\\\/\\\/cdn.20m.es\\\/img2\\\/recortes\\\/2018\\\/10\\\/30\\\/814773-620-282.jpg?v=20181030173827\"},{\"@type\":\"BreadcrumbList\",\"@id\":\"https:\\\/\\\/sindromecharge.es\\\/index.php\\\/2018\\\/10\\\/30\\\/elecciones-2-d-las-personas-ciegas-o-con-discapacidad-visual-grave-tienen-hasta-el-dia-5-para-pedir-el-voto-en-braille\\\/#breadcrumb\",\"itemListElement\":[{\"@type\":\"ListItem\",\"position\":1,\"name\":\"Portada\",\"item\":\"https:\\\/\\\/sindromecharge.es\\\/\"},{\"@type\":\"ListItem\",\"position\":2,\"name\":\"Elecciones 2-D: las personas ciegas o con discapacidad visual grave tienen hasta el d\u00eda 5 para pedir el voto en braille\"}]},{\"@type\":\"WebSite\",\"@id\":\"https:\\\/\\\/sindromecharge.es\\\/#website\",\"url\":\"https:\\\/\\\/sindromecharge.es\\\/\",\"name\":\"Asociaci\u00f3n Espa\u00f1ola S\u00edndrome de Charge\",\"description\":\"\",\"potentialAction\":[{\"@type\":\"SearchAction\",\"target\":{\"@type\":\"EntryPoint\",\"urlTemplate\":\"https:\\\/\\\/sindromecharge.es\\\/?s={search_term_string}\"},\"query-input\":{\"@type\":\"PropertyValueSpecification\",\"valueRequired\":true,\"valueName\":\"search_term_string\"}}],\"inLanguage\":\"es\"},{\"@type\":\"Person\",\"@id\":\"https:\\\/\\\/sindromecharge.es\\\/#\\\/schema\\\/person\\\/39a60ebe0a2b4d5a11179701e336b039\",\"name\":\"Charge\",\"image\":{\"@type\":\"ImageObject\",\"inLanguage\":\"es\",\"@id\":\"https:\\\/\\\/secure.gravatar.com\\\/avatar\\\/c3b46e32a0fc3b093a0873fb767bf3293de856293065e84ef06b7ec7a8acfb98?s=96&d=identicon&r=x\",\"url\":\"https:\\\/\\\/secure.gravatar.com\\\/avatar\\\/c3b46e32a0fc3b093a0873fb767bf3293de856293065e84ef06b7ec7a8acfb98?s=96&d=identicon&r=x\",\"contentUrl\":\"https:\\\/\\\/secure.gravatar.com\\\/avatar\\\/c3b46e32a0fc3b093a0873fb767bf3293de856293065e84ef06b7ec7a8acfb98?s=96&d=identicon&r=x\",\"caption\":\"Charge\"},\"url\":\"https:\\\/\\\/sindromecharge.es\\\/index.php\\\/author\\\/admin\\\/\"}]}<\/script>\n<!-- \/ Yoast SEO plugin. -->","yoast_head_json":{"title":"Elecciones 2-D: las personas ciegas o con discapacidad visual grave tienen hasta el d\u00eda 5 para pedir el voto en braille - Asociaci\u00f3n Espa\u00f1ola S\u00edndrome de Charge","robots":{"index":"index","follow":"follow","max-snippet":"max-snippet:-1","max-image-preview":"max-image-preview:large","max-video-preview":"max-video-preview:-1"},"canonical":"https:\/\/sindromecharge.es\/index.php\/2018\/10\/30\/elecciones-2-d-las-personas-ciegas-o-con-discapacidad-visual-grave-tienen-hasta-el-dia-5-para-pedir-el-voto-en-braille\/","og_locale":"es_ES","og_type":"article","og_title":"Elecciones 2-D: las personas ciegas o con discapacidad visual grave tienen hasta el d\u00eda 5 para pedir el voto en braille - Asociaci\u00f3n Espa\u00f1ola S\u00edndrome de Charge","og_description":"Leemos en 20minutos la siguiente noticia que os reproducimos de forma \u00edntegra: EUROPA PRESS Es la manera de participar sin ayuda, aunque tambi\u00e9n podr\u00e1n acudir con una persona de confianza. \u00bfHasta qu\u00e9 fecha puedo votar por correo en las elecciones de Andaluc\u00eda? | Votar desde el extranjero. ENCUESTA: \u00bfQui\u00e9n te gustar\u00eda que ganara las elecciones [&hellip;]","og_url":"https:\/\/sindromecharge.es\/index.php\/2018\/10\/30\/elecciones-2-d-las-personas-ciegas-o-con-discapacidad-visual-grave-tienen-hasta-el-dia-5-para-pedir-el-voto-en-braille\/","og_site_name":"Asociaci\u00f3n Espa\u00f1ola S\u00edndrome de Charge","article_publisher":"https:\/\/www.facebook.com\/asociacionsindromecharge","article_published_time":"2018-10-30T16:40:25+00:00","og_image":[{"url":"https:\/\/cdn.20m.es\/img2\/recortes\/2018\/10\/30\/814773-620-282.jpg?v=20181030173827","type":"","width":"","height":""}],"author":"Charge","twitter_card":"summary_large_image","twitter_creator":"@sindromecharge","twitter_site":"@sindromecharge","twitter_misc":{"Escrito por":"Charge","Tiempo de lectura":"2 minutos"},"schema":{"@context":"https:\/\/schema.org","@graph":[{"@type":"Article","@id":"https:\/\/sindromecharge.es\/index.php\/2018\/10\/30\/elecciones-2-d-las-personas-ciegas-o-con-discapacidad-visual-grave-tienen-hasta-el-dia-5-para-pedir-el-voto-en-braille\/#article","isPartOf":{"@id":"https:\/\/sindromecharge.es\/index.php\/2018\/10\/30\/elecciones-2-d-las-personas-ciegas-o-con-discapacidad-visual-grave-tienen-hasta-el-dia-5-para-pedir-el-voto-en-braille\/"},"author":{"name":"Charge","@id":"https:\/\/sindromecharge.es\/#\/schema\/person\/39a60ebe0a2b4d5a11179701e336b039"},"headline":"Elecciones 2-D: las personas ciegas o con discapacidad visual grave tienen hasta el d\u00eda 5 para pedir el voto en braille","datePublished":"2018-10-30T16:40:25+00:00","mainEntityOfPage":{"@id":"https:\/\/sindromecharge.es\/index.php\/2018\/10\/30\/elecciones-2-d-las-personas-ciegas-o-con-discapacidad-visual-grave-tienen-hasta-el-dia-5-para-pedir-el-voto-en-braille\/"},"wordCount":469,"commentCount":0,"image":{"@id":"https:\/\/sindromecharge.es\/index.php\/2018\/10\/30\/elecciones-2-d-las-personas-ciegas-o-con-discapacidad-visual-grave-tienen-hasta-el-dia-5-para-pedir-el-voto-en-braille\/#primaryimage"},"thumbnailUrl":"https:\/\/cdn.20m.es\/img2\/recortes\/2018\/10\/30\/814773-620-282.jpg?v=20181030173827","keywords":["discapacidad"],"articleSection":["noticias"],"inLanguage":"es","potentialAction":[{"@type":"CommentAction","name":"Comment","target":["https:\/\/sindromecharge.es\/index.php\/2018\/10\/30\/elecciones-2-d-las-personas-ciegas-o-con-discapacidad-visual-grave-tienen-hasta-el-dia-5-para-pedir-el-voto-en-braille\/#respond"]}]},{"@type":"WebPage","@id":"https:\/\/sindromecharge.es\/index.php\/2018\/10\/30\/elecciones-2-d-las-personas-ciegas-o-con-discapacidad-visual-grave-tienen-hasta-el-dia-5-para-pedir-el-voto-en-braille\/","url":"https:\/\/sindromecharge.es\/index.php\/2018\/10\/30\/elecciones-2-d-las-personas-ciegas-o-con-discapacidad-visual-grave-tienen-hasta-el-dia-5-para-pedir-el-voto-en-braille\/","name":"Elecciones 2-D: las personas ciegas o con discapacidad visual grave tienen hasta el d\u00eda 5 para pedir el voto en braille - Asociaci\u00f3n Espa\u00f1ola S\u00edndrome de Charge","isPartOf":{"@id":"https:\/\/sindromecharge.es\/#website"},"primaryImageOfPage":{"@id":"https:\/\/sindromecharge.es\/index.php\/2018\/10\/30\/elecciones-2-d-las-personas-ciegas-o-con-discapacidad-visual-grave-tienen-hasta-el-dia-5-para-pedir-el-voto-en-braille\/#primaryimage"},"image":{"@id":"https:\/\/sindromecharge.es\/index.php\/2018\/10\/30\/elecciones-2-d-las-personas-ciegas-o-con-discapacidad-visual-grave-tienen-hasta-el-dia-5-para-pedir-el-voto-en-braille\/#primaryimage"},"thumbnailUrl":"https:\/\/cdn.20m.es\/img2\/recortes\/2018\/10\/30\/814773-620-282.jpg?v=20181030173827","datePublished":"2018-10-30T16:40:25+00:00","author":{"@id":"https:\/\/sindromecharge.es\/#\/schema\/person\/39a60ebe0a2b4d5a11179701e336b039"},"breadcrumb":{"@id":"https:\/\/sindromecharge.es\/index.php\/2018\/10\/30\/elecciones-2-d-las-personas-ciegas-o-con-discapacidad-visual-grave-tienen-hasta-el-dia-5-para-pedir-el-voto-en-braille\/#breadcrumb"},"inLanguage":"es","potentialAction":[{"@type":"ReadAction","target":["https:\/\/sindromecharge.es\/index.php\/2018\/10\/30\/elecciones-2-d-las-personas-ciegas-o-con-discapacidad-visual-grave-tienen-hasta-el-dia-5-para-pedir-el-voto-en-braille\/"]}]},{"@type":"ImageObject","inLanguage":"es","@id":"https:\/\/sindromecharge.es\/index.php\/2018\/10\/30\/elecciones-2-d-las-personas-ciegas-o-con-discapacidad-visual-grave-tienen-hasta-el-dia-5-para-pedir-el-voto-en-braille\/#primaryimage","url":"https:\/\/cdn.20m.es\/img2\/recortes\/2018\/10\/30\/814773-620-282.jpg?v=20181030173827","contentUrl":"https:\/\/cdn.20m.es\/img2\/recortes\/2018\/10\/30\/814773-620-282.jpg?v=20181030173827"},{"@type":"BreadcrumbList","@id":"https:\/\/sindromecharge.es\/index.php\/2018\/10\/30\/elecciones-2-d-las-personas-ciegas-o-con-discapacidad-visual-grave-tienen-hasta-el-dia-5-para-pedir-el-voto-en-braille\/#breadcrumb","itemListElement":[{"@type":"ListItem","position":1,"name":"Portada","item":"https:\/\/sindromecharge.es\/"},{"@type":"ListItem","position":2,"name":"Elecciones 2-D: las personas ciegas o con discapacidad visual grave tienen hasta el d\u00eda 5 para pedir el voto en braille"}]},{"@type":"WebSite","@id":"https:\/\/sindromecharge.es\/#website","url":"https:\/\/sindromecharge.es\/","name":"Asociaci\u00f3n Espa\u00f1ola S\u00edndrome de Charge","description":"","potentialAction":[{"@type":"SearchAction","target":{"@type":"EntryPoint","urlTemplate":"https:\/\/sindromecharge.es\/?s={search_term_string}"},"query-input":{"@type":"PropertyValueSpecification","valueRequired":true,"valueName":"search_term_string"}}],"inLanguage":"es"},{"@type":"Person","@id":"https:\/\/sindromecharge.es\/#\/schema\/person\/39a60ebe0a2b4d5a11179701e336b039","name":"Charge","image":{"@type":"ImageObject","inLanguage":"es","@id":"https:\/\/secure.gravatar.com\/avatar\/c3b46e32a0fc3b093a0873fb767bf3293de856293065e84ef06b7ec7a8acfb98?s=96&d=identicon&r=x","url":"https:\/\/secure.gravatar.com\/avatar\/c3b46e32a0fc3b093a0873fb767bf3293de856293065e84ef06b7ec7a8acfb98?s=96&d=identicon&r=x","contentUrl":"https:\/\/secure.gravatar.com\/avatar\/c3b46e32a0fc3b093a0873fb767bf3293de856293065e84ef06b7ec7a8acfb98?s=96&d=identicon&r=x","caption":"Charge"},"url":"https:\/\/sindromecharge.es\/index.php\/author\/admin\/"}]}},"_links":{"self":[{"href":"https:\/\/sindromecharge.es\/index.php\/wp-json\/wp\/v2\/posts\/4070","targetHints":{"allow":["GET"]}}],"collection":[{"href":"https:\/\/sindromecharge.es\/index.php\/wp-json\/wp\/v2\/posts"}],"about":[{"href":"https:\/\/sindromecharge.es\/index.php\/wp-json\/wp\/v2\/types\/post"}],"author":[{"embeddable":true,"href":"https:\/\/sindromecharge.es\/index.php\/wp-json\/wp\/v2\/users\/1"}],"replies":[{"embeddable":true,"href":"https:\/\/sindromecharge.es\/index.php\/wp-json\/wp\/v2\/comments?post=4070"}],"version-history":[{"count":0,"href":"https:\/\/sindromecharge.es\/index.php\/wp-json\/wp\/v2\/posts\/4070\/revisions"}],"wp:attachment":[{"href":"https:\/\/sindromecharge.es\/index.php\/wp-json\/wp\/v2\/media?parent=4070"}],"wp:term":[{"taxonomy":"category","embeddable":true,"href":"https:\/\/sindromecharge.es\/index.php\/wp-json\/wp\/v2\/categories?post=4070"},{"taxonomy":"post_tag","embeddable":true,"href":"https:\/\/sindromecharge.es\/index.php\/wp-json\/wp\/v2\/tags?post=4070"}],"curies":[{"name":"wp","href":"https:\/\/api.w.org\/{rel}","templated":true}]}}