{"id":4065,"date":"2018-10-27T16:25:53","date_gmt":"2018-10-27T16:25:53","guid":{"rendered":"https:\/\/sindromecharge.es\/index.php\/2018\/10\/27\/abre-el-primer-starbucks-para-sordos\/"},"modified":"2018-10-27T16:25:53","modified_gmt":"2018-10-27T16:25:53","slug":"abre-el-primer-starbucks-para-sordos","status":"publish","type":"post","link":"https:\/\/sindromecharge.es\/index.php\/2018\/10\/27\/abre-el-primer-starbucks-para-sordos\/","title":{"rendered":"Abre el primer Starbucks para sordos"},"content":{"rendered":"<p>Leemos en 20minutos la siguiente noticia que os reproducimos de forma \u00edntegra: <\/p>\n<p>EFE<\/p>\n<ul>\n<li><a href=\"https:\/\/www.20minutos.es\/minuteca\/starbucks\/\">Todas las noticias sobre Starbucks<\/a>.<\/li>\n<\/ul>\n<p><img loading=\"lazy\" decoding=\"async\" src=\"https:\/\/cdn.20m.es\/img2\/recortes\/2018\/10\/27\/812742-620-282.jpg\" width=\"620\" height=\"282\" alt=\"Starbucks para sordos\" \/><\/p>\n<p>M\u00e1s all\u00e1 del ruido de las cafeteras, el \u00fanico sonido que se puede o\u00edr en el primer establecimiento de <a href=\"https:\/\/www.20minutos.es\/minuteca\/starbucks\/\">Starbucks<\/a> para sordos en Estados Unidos es el de las carcajadas de sus clientes, que est\u00e1n <strong>\u00abmuy contentos\u00bb<\/strong> con la apertura de su nuevo punto de encuentro en Washington. <\/p>\n<p>\u00abCreo que este lugar es genial, el personal es muy simp\u00e1tico y todo el mundo puede comunicarse f\u00e1cilmente aqu\u00ed. <strong>Es una experiencia fant\u00e1stica<\/strong>\u00ab, escribe Taylor en una libreta. <\/p>\n<p>La joven sordomuda, nacida en Denver (Colorado), es una de las decenas de estudiantes de la<strong> Universidad Gallaudet<\/strong> de la capital estadounidense que han acudido a la nueva cafeter\u00eda de esta firma, que abri\u00f3 sus puertas esta semana a dos calles de la facultad. <\/p>\n<p>Precisamente, Gallaudet es el <strong>\u00fanico centro educativo del mundo que ofrece educaci\u00f3n para sordos en todos los nivele<\/strong>s, desde la escuela primaria hasta el doctorado. <\/p>\n<p>Para Taylor, que bebe su primer t\u00e9 de fresa y <em>a\u00e7a\u00ed<\/em> \u2014una fruta amaz\u00f3nica\u2014 en su nueva cafeter\u00eda preferida, este tipo de locales <strong>\u00abhacen sentir a los sordos m\u00e1s implicados en el mundo\u00bb<\/strong>. <\/p>\n<p>La estudiante comparte mesa con sus amigos <strong>Connor y Enric<\/strong>, alumnos de la misma universidad que tambi\u00e9n est\u00e1n entusiasmados con el nuevo caf\u00e9. <\/p>\n<p>\u00abEs mi primera vez aqu\u00ed y me siento muy orgulloso de que por fin exista un lugar especialmente para los sordos. <strong>Los sordos son mi familia<\/strong>\u00ab, redacta Enric en un m\u00f3vil. <\/p>\n<h2>Pantallas y tabletas<\/h2>\n<p>Lejos de ser una tarea complicada, como ocurre en los establecimientos habituales con las personas sordas, la comunicaci\u00f3n en este lugar para aquellos que no dominan el lenguaje de signos es fluida<strong> a trav\u00e9s de pantallas y tabletas<\/strong>. <\/p>\n<p>Los 25 integrantes de la plantilla del nuevo Starbucks saben reconocer en escasos segundos<strong> si el interlocutor controla o no el lenguaje de signos<\/strong> y, en ning\u00fan momento, hacen que uno se sienta inc\u00f3modo por no tener esa habilidad. <\/p>\n<p>Con una sonrisa y una expresi\u00f3n de<strong> \u00abno pasa nada\u00bb,<\/strong> los camareros ofrecen un puntero y una tableta para que uno pueda escribir lo que quiera consumir y, al lado, su nombre. <\/p>\n<p>Minutos despu\u00e9s, los clientes pueden ver en una pantalla si su pedido est\u00e1 preparado, a la vez que los baristas<strong> lo dicen con las manos.<\/strong> <\/p>\n<p>\u00abNunca he visto algo as\u00ed en toda mi vida,<strong> es una gran sorpresa y un gusto muy grande<\/strong>\u00ab, mecanograf\u00eda lentamente Roger Cardwell, un anciano de Indiana visiblemente emocionado. \u00abNunca en mi vida\u00bb, vuelve a anotar en la libreta. <\/p>\n<p>Cardwell lleg\u00f3 a Starbucks con su hija y su mujer, ambas sordas, con quienes <strong>se tom\u00f3 numerosas fotos dentro de la cafeter\u00eda<\/strong>, que tiene varios murales y carteles con s\u00edmbolos del lenguaje de signos. <\/p>\n<p>Pese a que la inauguraci\u00f3n de este local es un paso adelante para la comunidad sorda washingtoniana, Enric, el joven latino de la Universidad de Gallaudet, considera que <strong>\u00aba\u00fan hay mucho trabajo por hacer\u00bb<\/strong> en Estados Unidos. <\/p>\n<p>\u00abCasi todo el mundo sabe que los sordos tambi\u00e9n <strong>podemos ser inteligentes<\/strong>, pero todav\u00eda hay mucho trabajo por hacer con la ignorancia. A\u00fan hay discriminaci\u00f3n contra nosotros porque la gente oyente no entiende nuestra situaci\u00f3n\u00bb, reflexiona. <\/p>\n<p>Otras personas oyentes, sin embargo, ven la apertura de este nuevo caf\u00e9 como una oportunidad para <strong>acercar a ambas comunidades<\/strong> y poder educar sobre lo que significa no poder escuchar. <\/p>\n<p>Este es el caso de<strong> Elizabeth Green<\/strong>, una mujer sin familiares ni amigos sordos que ha decidido conocer de primera mano la nueva cafeter\u00eda de la que los medios de comunicaci\u00f3n se han hecho eco. <\/p>\n<p>\u00abEstar aqu\u00ed me hace reflexionar sobre la manera en la que (los sordos) se comunican. <strong>Es una vivencia incre\u00edble<\/strong> y ya quiero traer a mis tres hijas para que empiecen a entender y valorar a la comunidad sorda\u00bb, susurra Elizabeth, que no quiere romper el agradable silencio que se respira en el local de la calle H de Washington.<\/p>\n<p>Fuente: 20minutos <a href=\"https:\/\/www.20minutos.es\/noticia\/3476782\/0\/abre-primer-starbucks-sordos\/\" target=\"_blank\">Abre el primer Starbucks para sordos<\/a><\/p>\n","protected":false},"excerpt":{"rendered":"<p>Leemos en 20minutos la siguiente noticia que os reproducimos de forma \u00edntegra: EFE Todas las noticias sobre Starbucks. M\u00e1s all\u00e1 del ruido de las cafeteras, el \u00fanico sonido que se puede o\u00edr en el primer establecimiento de Starbucks para sordos en Estados Unidos es el de las carcajadas de sus clientes, que est\u00e1n \u00abmuy contentos\u00bb [&hellip;]<\/p>\n","protected":false},"author":1,"featured_media":0,"comment_status":"open","ping_status":"closed","sticky":false,"template":"","format":"standard","meta":{"footnotes":""},"categories":[8],"tags":[31],"class_list":["post-4065","post","type-post","status-publish","format-standard","hentry","category-noticias","tag-discapacidad"],"yoast_head":"<!-- This site is optimized with the Yoast SEO plugin v27.4 - https:\/\/yoast.com\/product\/yoast-seo-wordpress\/ -->\n<title>Abre el primer Starbucks para sordos - Asociaci\u00f3n Espa\u00f1ola S\u00edndrome de Charge<\/title>\n<meta name=\"robots\" content=\"index, follow, max-snippet:-1, max-image-preview:large, max-video-preview:-1\" \/>\n<link rel=\"canonical\" href=\"https:\/\/sindromecharge.es\/index.php\/2018\/10\/27\/abre-el-primer-starbucks-para-sordos\/\" \/>\n<meta property=\"og:locale\" content=\"es_ES\" \/>\n<meta property=\"og:type\" content=\"article\" \/>\n<meta property=\"og:title\" content=\"Abre el primer Starbucks para sordos - Asociaci\u00f3n Espa\u00f1ola S\u00edndrome de Charge\" \/>\n<meta property=\"og:description\" content=\"Leemos en 20minutos la siguiente noticia que os reproducimos de forma \u00edntegra: EFE Todas las noticias sobre Starbucks. M\u00e1s all\u00e1 del ruido de las cafeteras, el \u00fanico sonido que se puede o\u00edr en el primer establecimiento de Starbucks para sordos en Estados Unidos es el de las carcajadas de sus clientes, que est\u00e1n \u00abmuy contentos\u00bb [&hellip;]\" \/>\n<meta property=\"og:url\" content=\"https:\/\/sindromecharge.es\/index.php\/2018\/10\/27\/abre-el-primer-starbucks-para-sordos\/\" \/>\n<meta property=\"og:site_name\" content=\"Asociaci\u00f3n Espa\u00f1ola S\u00edndrome de Charge\" \/>\n<meta property=\"article:publisher\" content=\"https:\/\/www.facebook.com\/asociacionsindromecharge\" \/>\n<meta property=\"article:published_time\" content=\"2018-10-27T16:25:53+00:00\" \/>\n<meta property=\"og:image\" content=\"https:\/\/cdn.20m.es\/img2\/recortes\/2018\/10\/27\/812742-620-282.jpg\" \/>\n<meta name=\"author\" content=\"Charge\" \/>\n<meta name=\"twitter:card\" content=\"summary_large_image\" \/>\n<meta name=\"twitter:creator\" content=\"@sindromecharge\" \/>\n<meta name=\"twitter:site\" content=\"@sindromecharge\" \/>\n<meta name=\"twitter:label1\" content=\"Escrito por\" \/>\n\t<meta name=\"twitter:data1\" content=\"Charge\" \/>\n\t<meta name=\"twitter:label2\" content=\"Tiempo de lectura\" \/>\n\t<meta name=\"twitter:data2\" content=\"3 minutos\" \/>\n<script type=\"application\/ld+json\" class=\"yoast-schema-graph\">{\"@context\":\"https:\\\/\\\/schema.org\",\"@graph\":[{\"@type\":\"Article\",\"@id\":\"https:\\\/\\\/sindromecharge.es\\\/index.php\\\/2018\\\/10\\\/27\\\/abre-el-primer-starbucks-para-sordos\\\/#article\",\"isPartOf\":{\"@id\":\"https:\\\/\\\/sindromecharge.es\\\/index.php\\\/2018\\\/10\\\/27\\\/abre-el-primer-starbucks-para-sordos\\\/\"},\"author\":{\"name\":\"Charge\",\"@id\":\"https:\\\/\\\/sindromecharge.es\\\/#\\\/schema\\\/person\\\/39a60ebe0a2b4d5a11179701e336b039\"},\"headline\":\"Abre el primer Starbucks para sordos\",\"datePublished\":\"2018-10-27T16:25:53+00:00\",\"mainEntityOfPage\":{\"@id\":\"https:\\\/\\\/sindromecharge.es\\\/index.php\\\/2018\\\/10\\\/27\\\/abre-el-primer-starbucks-para-sordos\\\/\"},\"wordCount\":703,\"commentCount\":0,\"image\":{\"@id\":\"https:\\\/\\\/sindromecharge.es\\\/index.php\\\/2018\\\/10\\\/27\\\/abre-el-primer-starbucks-para-sordos\\\/#primaryimage\"},\"thumbnailUrl\":\"https:\\\/\\\/cdn.20m.es\\\/img2\\\/recortes\\\/2018\\\/10\\\/27\\\/812742-620-282.jpg\",\"keywords\":[\"discapacidad\"],\"articleSection\":[\"noticias\"],\"inLanguage\":\"es\",\"potentialAction\":[{\"@type\":\"CommentAction\",\"name\":\"Comment\",\"target\":[\"https:\\\/\\\/sindromecharge.es\\\/index.php\\\/2018\\\/10\\\/27\\\/abre-el-primer-starbucks-para-sordos\\\/#respond\"]}]},{\"@type\":\"WebPage\",\"@id\":\"https:\\\/\\\/sindromecharge.es\\\/index.php\\\/2018\\\/10\\\/27\\\/abre-el-primer-starbucks-para-sordos\\\/\",\"url\":\"https:\\\/\\\/sindromecharge.es\\\/index.php\\\/2018\\\/10\\\/27\\\/abre-el-primer-starbucks-para-sordos\\\/\",\"name\":\"Abre el primer Starbucks para sordos - Asociaci\u00f3n Espa\u00f1ola S\u00edndrome de Charge\",\"isPartOf\":{\"@id\":\"https:\\\/\\\/sindromecharge.es\\\/#website\"},\"primaryImageOfPage\":{\"@id\":\"https:\\\/\\\/sindromecharge.es\\\/index.php\\\/2018\\\/10\\\/27\\\/abre-el-primer-starbucks-para-sordos\\\/#primaryimage\"},\"image\":{\"@id\":\"https:\\\/\\\/sindromecharge.es\\\/index.php\\\/2018\\\/10\\\/27\\\/abre-el-primer-starbucks-para-sordos\\\/#primaryimage\"},\"thumbnailUrl\":\"https:\\\/\\\/cdn.20m.es\\\/img2\\\/recortes\\\/2018\\\/10\\\/27\\\/812742-620-282.jpg\",\"datePublished\":\"2018-10-27T16:25:53+00:00\",\"author\":{\"@id\":\"https:\\\/\\\/sindromecharge.es\\\/#\\\/schema\\\/person\\\/39a60ebe0a2b4d5a11179701e336b039\"},\"breadcrumb\":{\"@id\":\"https:\\\/\\\/sindromecharge.es\\\/index.php\\\/2018\\\/10\\\/27\\\/abre-el-primer-starbucks-para-sordos\\\/#breadcrumb\"},\"inLanguage\":\"es\",\"potentialAction\":[{\"@type\":\"ReadAction\",\"target\":[\"https:\\\/\\\/sindromecharge.es\\\/index.php\\\/2018\\\/10\\\/27\\\/abre-el-primer-starbucks-para-sordos\\\/\"]}]},{\"@type\":\"ImageObject\",\"inLanguage\":\"es\",\"@id\":\"https:\\\/\\\/sindromecharge.es\\\/index.php\\\/2018\\\/10\\\/27\\\/abre-el-primer-starbucks-para-sordos\\\/#primaryimage\",\"url\":\"https:\\\/\\\/cdn.20m.es\\\/img2\\\/recortes\\\/2018\\\/10\\\/27\\\/812742-620-282.jpg\",\"contentUrl\":\"https:\\\/\\\/cdn.20m.es\\\/img2\\\/recortes\\\/2018\\\/10\\\/27\\\/812742-620-282.jpg\"},{\"@type\":\"BreadcrumbList\",\"@id\":\"https:\\\/\\\/sindromecharge.es\\\/index.php\\\/2018\\\/10\\\/27\\\/abre-el-primer-starbucks-para-sordos\\\/#breadcrumb\",\"itemListElement\":[{\"@type\":\"ListItem\",\"position\":1,\"name\":\"Portada\",\"item\":\"https:\\\/\\\/sindromecharge.es\\\/\"},{\"@type\":\"ListItem\",\"position\":2,\"name\":\"Abre el primer Starbucks para sordos\"}]},{\"@type\":\"WebSite\",\"@id\":\"https:\\\/\\\/sindromecharge.es\\\/#website\",\"url\":\"https:\\\/\\\/sindromecharge.es\\\/\",\"name\":\"Asociaci\u00f3n Espa\u00f1ola S\u00edndrome de Charge\",\"description\":\"\",\"potentialAction\":[{\"@type\":\"SearchAction\",\"target\":{\"@type\":\"EntryPoint\",\"urlTemplate\":\"https:\\\/\\\/sindromecharge.es\\\/?s={search_term_string}\"},\"query-input\":{\"@type\":\"PropertyValueSpecification\",\"valueRequired\":true,\"valueName\":\"search_term_string\"}}],\"inLanguage\":\"es\"},{\"@type\":\"Person\",\"@id\":\"https:\\\/\\\/sindromecharge.es\\\/#\\\/schema\\\/person\\\/39a60ebe0a2b4d5a11179701e336b039\",\"name\":\"Charge\",\"image\":{\"@type\":\"ImageObject\",\"inLanguage\":\"es\",\"@id\":\"https:\\\/\\\/secure.gravatar.com\\\/avatar\\\/c3b46e32a0fc3b093a0873fb767bf3293de856293065e84ef06b7ec7a8acfb98?s=96&d=identicon&r=x\",\"url\":\"https:\\\/\\\/secure.gravatar.com\\\/avatar\\\/c3b46e32a0fc3b093a0873fb767bf3293de856293065e84ef06b7ec7a8acfb98?s=96&d=identicon&r=x\",\"contentUrl\":\"https:\\\/\\\/secure.gravatar.com\\\/avatar\\\/c3b46e32a0fc3b093a0873fb767bf3293de856293065e84ef06b7ec7a8acfb98?s=96&d=identicon&r=x\",\"caption\":\"Charge\"},\"url\":\"https:\\\/\\\/sindromecharge.es\\\/index.php\\\/author\\\/admin\\\/\"}]}<\/script>\n<!-- \/ Yoast SEO plugin. -->","yoast_head_json":{"title":"Abre el primer Starbucks para sordos - Asociaci\u00f3n Espa\u00f1ola S\u00edndrome de Charge","robots":{"index":"index","follow":"follow","max-snippet":"max-snippet:-1","max-image-preview":"max-image-preview:large","max-video-preview":"max-video-preview:-1"},"canonical":"https:\/\/sindromecharge.es\/index.php\/2018\/10\/27\/abre-el-primer-starbucks-para-sordos\/","og_locale":"es_ES","og_type":"article","og_title":"Abre el primer Starbucks para sordos - Asociaci\u00f3n Espa\u00f1ola S\u00edndrome de Charge","og_description":"Leemos en 20minutos la siguiente noticia que os reproducimos de forma \u00edntegra: EFE Todas las noticias sobre Starbucks. M\u00e1s all\u00e1 del ruido de las cafeteras, el \u00fanico sonido que se puede o\u00edr en el primer establecimiento de Starbucks para sordos en Estados Unidos es el de las carcajadas de sus clientes, que est\u00e1n \u00abmuy contentos\u00bb [&hellip;]","og_url":"https:\/\/sindromecharge.es\/index.php\/2018\/10\/27\/abre-el-primer-starbucks-para-sordos\/","og_site_name":"Asociaci\u00f3n Espa\u00f1ola S\u00edndrome de Charge","article_publisher":"https:\/\/www.facebook.com\/asociacionsindromecharge","article_published_time":"2018-10-27T16:25:53+00:00","og_image":[{"url":"https:\/\/cdn.20m.es\/img2\/recortes\/2018\/10\/27\/812742-620-282.jpg","type":"","width":"","height":""}],"author":"Charge","twitter_card":"summary_large_image","twitter_creator":"@sindromecharge","twitter_site":"@sindromecharge","twitter_misc":{"Escrito por":"Charge","Tiempo de lectura":"3 minutos"},"schema":{"@context":"https:\/\/schema.org","@graph":[{"@type":"Article","@id":"https:\/\/sindromecharge.es\/index.php\/2018\/10\/27\/abre-el-primer-starbucks-para-sordos\/#article","isPartOf":{"@id":"https:\/\/sindromecharge.es\/index.php\/2018\/10\/27\/abre-el-primer-starbucks-para-sordos\/"},"author":{"name":"Charge","@id":"https:\/\/sindromecharge.es\/#\/schema\/person\/39a60ebe0a2b4d5a11179701e336b039"},"headline":"Abre el primer Starbucks para sordos","datePublished":"2018-10-27T16:25:53+00:00","mainEntityOfPage":{"@id":"https:\/\/sindromecharge.es\/index.php\/2018\/10\/27\/abre-el-primer-starbucks-para-sordos\/"},"wordCount":703,"commentCount":0,"image":{"@id":"https:\/\/sindromecharge.es\/index.php\/2018\/10\/27\/abre-el-primer-starbucks-para-sordos\/#primaryimage"},"thumbnailUrl":"https:\/\/cdn.20m.es\/img2\/recortes\/2018\/10\/27\/812742-620-282.jpg","keywords":["discapacidad"],"articleSection":["noticias"],"inLanguage":"es","potentialAction":[{"@type":"CommentAction","name":"Comment","target":["https:\/\/sindromecharge.es\/index.php\/2018\/10\/27\/abre-el-primer-starbucks-para-sordos\/#respond"]}]},{"@type":"WebPage","@id":"https:\/\/sindromecharge.es\/index.php\/2018\/10\/27\/abre-el-primer-starbucks-para-sordos\/","url":"https:\/\/sindromecharge.es\/index.php\/2018\/10\/27\/abre-el-primer-starbucks-para-sordos\/","name":"Abre el primer Starbucks para sordos - Asociaci\u00f3n Espa\u00f1ola S\u00edndrome de Charge","isPartOf":{"@id":"https:\/\/sindromecharge.es\/#website"},"primaryImageOfPage":{"@id":"https:\/\/sindromecharge.es\/index.php\/2018\/10\/27\/abre-el-primer-starbucks-para-sordos\/#primaryimage"},"image":{"@id":"https:\/\/sindromecharge.es\/index.php\/2018\/10\/27\/abre-el-primer-starbucks-para-sordos\/#primaryimage"},"thumbnailUrl":"https:\/\/cdn.20m.es\/img2\/recortes\/2018\/10\/27\/812742-620-282.jpg","datePublished":"2018-10-27T16:25:53+00:00","author":{"@id":"https:\/\/sindromecharge.es\/#\/schema\/person\/39a60ebe0a2b4d5a11179701e336b039"},"breadcrumb":{"@id":"https:\/\/sindromecharge.es\/index.php\/2018\/10\/27\/abre-el-primer-starbucks-para-sordos\/#breadcrumb"},"inLanguage":"es","potentialAction":[{"@type":"ReadAction","target":["https:\/\/sindromecharge.es\/index.php\/2018\/10\/27\/abre-el-primer-starbucks-para-sordos\/"]}]},{"@type":"ImageObject","inLanguage":"es","@id":"https:\/\/sindromecharge.es\/index.php\/2018\/10\/27\/abre-el-primer-starbucks-para-sordos\/#primaryimage","url":"https:\/\/cdn.20m.es\/img2\/recortes\/2018\/10\/27\/812742-620-282.jpg","contentUrl":"https:\/\/cdn.20m.es\/img2\/recortes\/2018\/10\/27\/812742-620-282.jpg"},{"@type":"BreadcrumbList","@id":"https:\/\/sindromecharge.es\/index.php\/2018\/10\/27\/abre-el-primer-starbucks-para-sordos\/#breadcrumb","itemListElement":[{"@type":"ListItem","position":1,"name":"Portada","item":"https:\/\/sindromecharge.es\/"},{"@type":"ListItem","position":2,"name":"Abre el primer Starbucks para sordos"}]},{"@type":"WebSite","@id":"https:\/\/sindromecharge.es\/#website","url":"https:\/\/sindromecharge.es\/","name":"Asociaci\u00f3n Espa\u00f1ola S\u00edndrome de Charge","description":"","potentialAction":[{"@type":"SearchAction","target":{"@type":"EntryPoint","urlTemplate":"https:\/\/sindromecharge.es\/?s={search_term_string}"},"query-input":{"@type":"PropertyValueSpecification","valueRequired":true,"valueName":"search_term_string"}}],"inLanguage":"es"},{"@type":"Person","@id":"https:\/\/sindromecharge.es\/#\/schema\/person\/39a60ebe0a2b4d5a11179701e336b039","name":"Charge","image":{"@type":"ImageObject","inLanguage":"es","@id":"https:\/\/secure.gravatar.com\/avatar\/c3b46e32a0fc3b093a0873fb767bf3293de856293065e84ef06b7ec7a8acfb98?s=96&d=identicon&r=x","url":"https:\/\/secure.gravatar.com\/avatar\/c3b46e32a0fc3b093a0873fb767bf3293de856293065e84ef06b7ec7a8acfb98?s=96&d=identicon&r=x","contentUrl":"https:\/\/secure.gravatar.com\/avatar\/c3b46e32a0fc3b093a0873fb767bf3293de856293065e84ef06b7ec7a8acfb98?s=96&d=identicon&r=x","caption":"Charge"},"url":"https:\/\/sindromecharge.es\/index.php\/author\/admin\/"}]}},"_links":{"self":[{"href":"https:\/\/sindromecharge.es\/index.php\/wp-json\/wp\/v2\/posts\/4065","targetHints":{"allow":["GET"]}}],"collection":[{"href":"https:\/\/sindromecharge.es\/index.php\/wp-json\/wp\/v2\/posts"}],"about":[{"href":"https:\/\/sindromecharge.es\/index.php\/wp-json\/wp\/v2\/types\/post"}],"author":[{"embeddable":true,"href":"https:\/\/sindromecharge.es\/index.php\/wp-json\/wp\/v2\/users\/1"}],"replies":[{"embeddable":true,"href":"https:\/\/sindromecharge.es\/index.php\/wp-json\/wp\/v2\/comments?post=4065"}],"version-history":[{"count":0,"href":"https:\/\/sindromecharge.es\/index.php\/wp-json\/wp\/v2\/posts\/4065\/revisions"}],"wp:attachment":[{"href":"https:\/\/sindromecharge.es\/index.php\/wp-json\/wp\/v2\/media?parent=4065"}],"wp:term":[{"taxonomy":"category","embeddable":true,"href":"https:\/\/sindromecharge.es\/index.php\/wp-json\/wp\/v2\/categories?post=4065"},{"taxonomy":"post_tag","embeddable":true,"href":"https:\/\/sindromecharge.es\/index.php\/wp-json\/wp\/v2\/tags?post=4065"}],"curies":[{"name":"wp","href":"https:\/\/api.w.org\/{rel}","templated":true}]}}