{"id":4063,"date":"2018-10-25T07:32:47","date_gmt":"2018-10-25T07:32:47","guid":{"rendered":"https:\/\/sindromecharge.es\/index.php\/2018\/10\/25\/nos-unimos-a-la-celebracion-del-dia-mundial-la-espina-bifida-e-hidrocefalia\/"},"modified":"2018-10-25T07:32:47","modified_gmt":"2018-10-25T07:32:47","slug":"nos-unimos-a-la-celebracion-del-dia-mundial-la-espina-bifida-e-hidrocefalia","status":"publish","type":"post","link":"https:\/\/sindromecharge.es\/index.php\/2018\/10\/25\/nos-unimos-a-la-celebracion-del-dia-mundial-la-espina-bifida-e-hidrocefalia\/","title":{"rendered":"Nos unimos a la celebraci\u00f3n del D\u00eda Mundial la Espina B\u00edfida e Hidrocefalia"},"content":{"rendered":"<p>Leemos en FEDER la siguiente noticia que os reproducimos de forma \u00edntegra: <\/p>\n<p><p>Este 25 de octubre, en FEDER queremos unirnos la celebraci\u00f3n del D\u00eda Mundial la Espina B\u00edfida e Hidrocefalia y&nbsp;quiere expresar su apoyo a todos los pacientes y familias que conviven con esta patolog\u00edas y reconocer su lucha para promover un mayor reconocimiento de estas enfermedades.&nbsp;Este d\u00eda est\u00e1 dedicado a &nbsp;todas las personas y familias que conviven con estas enfermedades &nbsp;y resalta el esfuerzo y la lucha constante que d\u00eda a d\u00eda deben enfrentar.<\/p>\n<p>La Espina B\u00edfida es el defecto cong\u00e9nito m\u00e1s frecuente de los conocidos como \u201cdefectos del tubo neural\u201d. El tubo neural es la estructura embrionaria que origina el cerebro y la m\u00e9dula espinal. La Espina B\u00edfida afecta a la columna vertebral y, en ocasiones, a la m\u00e9dula espinal.&nbsp;Este trastorno se localiza, con m\u00e1s frecuencia, en la parte lumbar o sacra de la columna vertebral y afecta a dos o m\u00e1s v\u00e9rtebras, aunque en ocasiones puede afectar a m\u00e1s. Las consecuencias que acarrea sobre la persona son paraplejia (par\u00e1lisis de los miembros inferiores), Hidrocefalia, malformaci\u00f3n de Arnold-Chiari e incontinencia urinaria y anorrectal.<\/p>\n<p>La intensidad de los s\u00edntomas var\u00eda en funci\u00f3n del nivel y el alcance de la lesi\u00f3n. La prevalencia de la Espina B\u00edfida en Europa es de aproximadamente 5 personas por cada 10.000 nacimientos. En los nacidos con Espina B\u00edfida s se realiza cirug\u00eda paliativa, a la que puede a\u00f1adirse derivaci\u00f3n ventr\u00edculo-peritoneal si se ha producido Hidrocefalia.<\/p>\n<p>Este trastorno est\u00e1 provocado los factores m\u00faltiples y estudios demuestran que la ingesta de \u00e1cido f\u00f3lico (una vitamina B), todos los d\u00edas antes y al comienzo del embarazo, disminuye el riesgo de defectos en el tubo neural. Los pacientes que desarrollan Espina B\u00edfida tienen secuelas que les acompa\u00f1ar\u00e1n a lo largo de su vida.<\/p>\n<p>Por su parte, la Hidrocefalia se produce en algunos casos de Espina B\u00edfida y es una condici\u00f3n en la que los ventr\u00edculos cerebrales (espacios cerebrales) est\u00e1n anormalmente ensanchados e impiden el flujo normal del l\u00edquido cerebroespinal. Este l\u00edquido se acumula en el cr\u00e1neo y provoca un aumento de presi\u00f3n en los tejidos del cerebro. Adem\u00e1s, las hemorragias y los tumores en el cerebro y casos graves de meningitis tambi\u00e9n pueden producir Hidrocefalia.<\/p>\n<p>En este d\u00eda, que se celebra desde el a\u00f1o 2012, asociaciones de pacientes han realizado diferentes campa\u00f1as que buscan llamar la atenci\u00f3n de la sociedad, instituciones y comunidad cient\u00edfica para dar a conocer los diferentes retos que afrontan los pacientes que conviven con estas enfermedades raras y sus familias. Adem\u00e1s, estas campa\u00f1as buscan resaltar la importancia y la necesidad de la investigaci\u00f3n para avanzar en el conocimiento de estas patolog\u00edas en torno al diagn\u00f3stico oportuno y el tratamiento de la misma.<\/p>\n<p>Por esta raz\u00f3n, en FEDER, en este d\u00eda, nos solidarizmos con todas las personas que conviven con estas enfermedades y con sus familiares. Y resalta la importancia de concienciar a la ciudadan\u00eda sobre lo que supone convivir con este dolor y las consecuencias que puede tener en la vida diaria de los pacientes, pero adem\u00e1s reafirma su compromiso de hacer visibles las necesidades comunes de toda la comunidad de familias con ER en Espa\u00f1a y proponer soluciones para mejorar su calidad de vida, representando sus intereses, defendiendo sus derechos y promoviendo mejoras concretas para lograr su plena inclusi\u00f3n social.<\/p>\n<p>En especial, queremos &nbsp;resaltar el trabajo de la Federaci\u00f3n Espa\u00f1ola de Asociaciones de Espina B\u00edfida e Hidrocefalia (FEBHI), la Asociaci\u00f3n Bizkaia Elkartea Espina B\u00edfida e Hidrocefalia (ASEBI), la Asociaci\u00f3n de Ni\u00f1os con Discapacidad de Almer\u00eda (ANDA),la Asociaci\u00f3n de Ayuda Mutua PANIDE (PANIDE), la Asociaci\u00f3n Araba Elkartea Espina B\u00edfida e Hidrocefalia (ARESBI), la Asociaci\u00f3n Espa\u00f1ola de Afectados por Malformaciones Craneo-Cervicales (AEMC), la Federaci\u00f3n Espa\u00f1ola Malformaci\u00f3n de Chiari y Patologias Asociadas (FEMACPA), la Asociaci\u00f3n Madrile\u00f1a de Espina B\u00edfida (AMEB) y la Asociaci\u00f3n Catalana de Espina B\u00edfida e Hidrocefalia (ACAEBH), Asociaci\u00f3n de Enfermedades Raras D\u00b4Genes y la Asociaci\u00f3n de Padres y Tutores de Personas con Par\u00e1lisis Cerebral y Discapacidades afines de Segovia.<\/p>\n<p style=\"text-align: right\">\u00daltima actualizaci\u00f3n: 25 de octubre de 2018.&nbsp;<\/p>\n<\/p>\n<p>Fuente: FEDER <a href=\"https:\/\/enfermedades-raras.org\/index.php\/actualidad\/noticias-eventos\/2-feder\/11336-nos-unimos-a-la-celebraci%C3%B3n-del-d%C3%ADa-mundial-la-espina-b%C3%ADfida-e-hidrocefalia\" target=\"_blank\">Nos unimos a la celebraci\u00f3n del D\u00eda Mundial la Espina B\u00edfida e Hidrocefalia<\/a><\/p>\n","protected":false},"excerpt":{"rendered":"<p>Leemos en FEDER la siguiente noticia que os reproducimos de forma \u00edntegra: Este 25 de octubre, en FEDER queremos unirnos la celebraci\u00f3n del D\u00eda Mundial la Espina B\u00edfida e Hidrocefalia y&nbsp;quiere expresar su apoyo a todos los pacientes y familias que conviven con esta patolog\u00edas y reconocer su lucha para promover un mayor reconocimiento de [&hellip;]<\/p>\n","protected":false},"author":1,"featured_media":0,"comment_status":"open","ping_status":"closed","sticky":false,"template":"","format":"standard","meta":{"footnotes":""},"categories":[8],"tags":[36],"class_list":["post-4063","post","type-post","status-publish","format-standard","hentry","category-noticias","tag-enfermedades-raras"],"yoast_head":"<!-- This site is optimized with the Yoast SEO plugin v27.4 - https:\/\/yoast.com\/product\/yoast-seo-wordpress\/ -->\n<title>Nos unimos a la celebraci\u00f3n del D\u00eda Mundial la Espina B\u00edfida e Hidrocefalia - Asociaci\u00f3n Espa\u00f1ola S\u00edndrome de Charge<\/title>\n<meta name=\"robots\" content=\"index, follow, max-snippet:-1, max-image-preview:large, max-video-preview:-1\" \/>\n<link rel=\"canonical\" href=\"https:\/\/sindromecharge.es\/index.php\/2018\/10\/25\/nos-unimos-a-la-celebracion-del-dia-mundial-la-espina-bifida-e-hidrocefalia\/\" \/>\n<meta property=\"og:locale\" content=\"es_ES\" \/>\n<meta property=\"og:type\" content=\"article\" \/>\n<meta property=\"og:title\" content=\"Nos unimos a la celebraci\u00f3n del D\u00eda Mundial la Espina B\u00edfida e Hidrocefalia - Asociaci\u00f3n Espa\u00f1ola S\u00edndrome de Charge\" \/>\n<meta property=\"og:description\" content=\"Leemos en FEDER la siguiente noticia que os reproducimos de forma \u00edntegra: Este 25 de octubre, en FEDER queremos unirnos la celebraci\u00f3n del D\u00eda Mundial la Espina B\u00edfida e Hidrocefalia y&nbsp;quiere expresar su apoyo a todos los pacientes y familias que conviven con esta patolog\u00edas y reconocer su lucha para promover un mayor reconocimiento de [&hellip;]\" \/>\n<meta property=\"og:url\" content=\"https:\/\/sindromecharge.es\/index.php\/2018\/10\/25\/nos-unimos-a-la-celebracion-del-dia-mundial-la-espina-bifida-e-hidrocefalia\/\" \/>\n<meta property=\"og:site_name\" content=\"Asociaci\u00f3n Espa\u00f1ola S\u00edndrome de Charge\" \/>\n<meta property=\"article:publisher\" content=\"https:\/\/www.facebook.com\/asociacionsindromecharge\" \/>\n<meta property=\"article:published_time\" content=\"2018-10-25T07:32:47+00:00\" \/>\n<meta property=\"og:image\" content=\"https:\/\/sindromecharge.es\/wp-content\/uploads\/2013\/09\/logodecharge300x98.png\" \/>\n\t<meta property=\"og:image:width\" content=\"300\" \/>\n\t<meta property=\"og:image:height\" content=\"98\" \/>\n\t<meta property=\"og:image:type\" content=\"image\/png\" \/>\n<meta name=\"author\" content=\"Charge\" \/>\n<meta name=\"twitter:card\" content=\"summary_large_image\" \/>\n<meta name=\"twitter:creator\" content=\"@sindromecharge\" \/>\n<meta name=\"twitter:site\" content=\"@sindromecharge\" \/>\n<meta name=\"twitter:label1\" content=\"Escrito por\" \/>\n\t<meta name=\"twitter:data1\" content=\"Charge\" \/>\n\t<meta name=\"twitter:label2\" content=\"Tiempo de lectura\" \/>\n\t<meta name=\"twitter:data2\" content=\"4 minutos\" \/>\n<script type=\"application\/ld+json\" class=\"yoast-schema-graph\">{\"@context\":\"https:\\\/\\\/schema.org\",\"@graph\":[{\"@type\":\"Article\",\"@id\":\"https:\\\/\\\/sindromecharge.es\\\/index.php\\\/2018\\\/10\\\/25\\\/nos-unimos-a-la-celebracion-del-dia-mundial-la-espina-bifida-e-hidrocefalia\\\/#article\",\"isPartOf\":{\"@id\":\"https:\\\/\\\/sindromecharge.es\\\/index.php\\\/2018\\\/10\\\/25\\\/nos-unimos-a-la-celebracion-del-dia-mundial-la-espina-bifida-e-hidrocefalia\\\/\"},\"author\":{\"name\":\"Charge\",\"@id\":\"https:\\\/\\\/sindromecharge.es\\\/#\\\/schema\\\/person\\\/39a60ebe0a2b4d5a11179701e336b039\"},\"headline\":\"Nos unimos a la celebraci\u00f3n del D\u00eda Mundial la Espina B\u00edfida e Hidrocefalia\",\"datePublished\":\"2018-10-25T07:32:47+00:00\",\"mainEntityOfPage\":{\"@id\":\"https:\\\/\\\/sindromecharge.es\\\/index.php\\\/2018\\\/10\\\/25\\\/nos-unimos-a-la-celebracion-del-dia-mundial-la-espina-bifida-e-hidrocefalia\\\/\"},\"wordCount\":789,\"commentCount\":0,\"keywords\":[\"enfermedades raras\"],\"articleSection\":[\"noticias\"],\"inLanguage\":\"es\",\"potentialAction\":[{\"@type\":\"CommentAction\",\"name\":\"Comment\",\"target\":[\"https:\\\/\\\/sindromecharge.es\\\/index.php\\\/2018\\\/10\\\/25\\\/nos-unimos-a-la-celebracion-del-dia-mundial-la-espina-bifida-e-hidrocefalia\\\/#respond\"]}]},{\"@type\":\"WebPage\",\"@id\":\"https:\\\/\\\/sindromecharge.es\\\/index.php\\\/2018\\\/10\\\/25\\\/nos-unimos-a-la-celebracion-del-dia-mundial-la-espina-bifida-e-hidrocefalia\\\/\",\"url\":\"https:\\\/\\\/sindromecharge.es\\\/index.php\\\/2018\\\/10\\\/25\\\/nos-unimos-a-la-celebracion-del-dia-mundial-la-espina-bifida-e-hidrocefalia\\\/\",\"name\":\"Nos unimos a la celebraci\u00f3n del D\u00eda Mundial la Espina B\u00edfida e Hidrocefalia - Asociaci\u00f3n Espa\u00f1ola S\u00edndrome de Charge\",\"isPartOf\":{\"@id\":\"https:\\\/\\\/sindromecharge.es\\\/#website\"},\"datePublished\":\"2018-10-25T07:32:47+00:00\",\"author\":{\"@id\":\"https:\\\/\\\/sindromecharge.es\\\/#\\\/schema\\\/person\\\/39a60ebe0a2b4d5a11179701e336b039\"},\"breadcrumb\":{\"@id\":\"https:\\\/\\\/sindromecharge.es\\\/index.php\\\/2018\\\/10\\\/25\\\/nos-unimos-a-la-celebracion-del-dia-mundial-la-espina-bifida-e-hidrocefalia\\\/#breadcrumb\"},\"inLanguage\":\"es\",\"potentialAction\":[{\"@type\":\"ReadAction\",\"target\":[\"https:\\\/\\\/sindromecharge.es\\\/index.php\\\/2018\\\/10\\\/25\\\/nos-unimos-a-la-celebracion-del-dia-mundial-la-espina-bifida-e-hidrocefalia\\\/\"]}]},{\"@type\":\"BreadcrumbList\",\"@id\":\"https:\\\/\\\/sindromecharge.es\\\/index.php\\\/2018\\\/10\\\/25\\\/nos-unimos-a-la-celebracion-del-dia-mundial-la-espina-bifida-e-hidrocefalia\\\/#breadcrumb\",\"itemListElement\":[{\"@type\":\"ListItem\",\"position\":1,\"name\":\"Portada\",\"item\":\"https:\\\/\\\/sindromecharge.es\\\/\"},{\"@type\":\"ListItem\",\"position\":2,\"name\":\"Nos unimos a la celebraci\u00f3n del D\u00eda Mundial la Espina B\u00edfida e Hidrocefalia\"}]},{\"@type\":\"WebSite\",\"@id\":\"https:\\\/\\\/sindromecharge.es\\\/#website\",\"url\":\"https:\\\/\\\/sindromecharge.es\\\/\",\"name\":\"Asociaci\u00f3n Espa\u00f1ola S\u00edndrome de Charge\",\"description\":\"\",\"potentialAction\":[{\"@type\":\"SearchAction\",\"target\":{\"@type\":\"EntryPoint\",\"urlTemplate\":\"https:\\\/\\\/sindromecharge.es\\\/?s={search_term_string}\"},\"query-input\":{\"@type\":\"PropertyValueSpecification\",\"valueRequired\":true,\"valueName\":\"search_term_string\"}}],\"inLanguage\":\"es\"},{\"@type\":\"Person\",\"@id\":\"https:\\\/\\\/sindromecharge.es\\\/#\\\/schema\\\/person\\\/39a60ebe0a2b4d5a11179701e336b039\",\"name\":\"Charge\",\"image\":{\"@type\":\"ImageObject\",\"inLanguage\":\"es\",\"@id\":\"https:\\\/\\\/secure.gravatar.com\\\/avatar\\\/c3b46e32a0fc3b093a0873fb767bf3293de856293065e84ef06b7ec7a8acfb98?s=96&d=identicon&r=x\",\"url\":\"https:\\\/\\\/secure.gravatar.com\\\/avatar\\\/c3b46e32a0fc3b093a0873fb767bf3293de856293065e84ef06b7ec7a8acfb98?s=96&d=identicon&r=x\",\"contentUrl\":\"https:\\\/\\\/secure.gravatar.com\\\/avatar\\\/c3b46e32a0fc3b093a0873fb767bf3293de856293065e84ef06b7ec7a8acfb98?s=96&d=identicon&r=x\",\"caption\":\"Charge\"},\"url\":\"https:\\\/\\\/sindromecharge.es\\\/index.php\\\/author\\\/admin\\\/\"}]}<\/script>\n<!-- \/ Yoast SEO plugin. -->","yoast_head_json":{"title":"Nos unimos a la celebraci\u00f3n del D\u00eda Mundial la Espina B\u00edfida e Hidrocefalia - Asociaci\u00f3n Espa\u00f1ola S\u00edndrome de Charge","robots":{"index":"index","follow":"follow","max-snippet":"max-snippet:-1","max-image-preview":"max-image-preview:large","max-video-preview":"max-video-preview:-1"},"canonical":"https:\/\/sindromecharge.es\/index.php\/2018\/10\/25\/nos-unimos-a-la-celebracion-del-dia-mundial-la-espina-bifida-e-hidrocefalia\/","og_locale":"es_ES","og_type":"article","og_title":"Nos unimos a la celebraci\u00f3n del D\u00eda Mundial la Espina B\u00edfida e Hidrocefalia - Asociaci\u00f3n Espa\u00f1ola S\u00edndrome de Charge","og_description":"Leemos en FEDER la siguiente noticia que os reproducimos de forma \u00edntegra: Este 25 de octubre, en FEDER queremos unirnos la celebraci\u00f3n del D\u00eda Mundial la Espina B\u00edfida e Hidrocefalia y&nbsp;quiere expresar su apoyo a todos los pacientes y familias que conviven con esta patolog\u00edas y reconocer su lucha para promover un mayor reconocimiento de [&hellip;]","og_url":"https:\/\/sindromecharge.es\/index.php\/2018\/10\/25\/nos-unimos-a-la-celebracion-del-dia-mundial-la-espina-bifida-e-hidrocefalia\/","og_site_name":"Asociaci\u00f3n Espa\u00f1ola S\u00edndrome de Charge","article_publisher":"https:\/\/www.facebook.com\/asociacionsindromecharge","article_published_time":"2018-10-25T07:32:47+00:00","og_image":[{"width":300,"height":98,"url":"https:\/\/sindromecharge.es\/wp-content\/uploads\/2013\/09\/logodecharge300x98.png","type":"image\/png"}],"author":"Charge","twitter_card":"summary_large_image","twitter_creator":"@sindromecharge","twitter_site":"@sindromecharge","twitter_misc":{"Escrito por":"Charge","Tiempo de lectura":"4 minutos"},"schema":{"@context":"https:\/\/schema.org","@graph":[{"@type":"Article","@id":"https:\/\/sindromecharge.es\/index.php\/2018\/10\/25\/nos-unimos-a-la-celebracion-del-dia-mundial-la-espina-bifida-e-hidrocefalia\/#article","isPartOf":{"@id":"https:\/\/sindromecharge.es\/index.php\/2018\/10\/25\/nos-unimos-a-la-celebracion-del-dia-mundial-la-espina-bifida-e-hidrocefalia\/"},"author":{"name":"Charge","@id":"https:\/\/sindromecharge.es\/#\/schema\/person\/39a60ebe0a2b4d5a11179701e336b039"},"headline":"Nos unimos a la celebraci\u00f3n del D\u00eda Mundial la Espina B\u00edfida e Hidrocefalia","datePublished":"2018-10-25T07:32:47+00:00","mainEntityOfPage":{"@id":"https:\/\/sindromecharge.es\/index.php\/2018\/10\/25\/nos-unimos-a-la-celebracion-del-dia-mundial-la-espina-bifida-e-hidrocefalia\/"},"wordCount":789,"commentCount":0,"keywords":["enfermedades raras"],"articleSection":["noticias"],"inLanguage":"es","potentialAction":[{"@type":"CommentAction","name":"Comment","target":["https:\/\/sindromecharge.es\/index.php\/2018\/10\/25\/nos-unimos-a-la-celebracion-del-dia-mundial-la-espina-bifida-e-hidrocefalia\/#respond"]}]},{"@type":"WebPage","@id":"https:\/\/sindromecharge.es\/index.php\/2018\/10\/25\/nos-unimos-a-la-celebracion-del-dia-mundial-la-espina-bifida-e-hidrocefalia\/","url":"https:\/\/sindromecharge.es\/index.php\/2018\/10\/25\/nos-unimos-a-la-celebracion-del-dia-mundial-la-espina-bifida-e-hidrocefalia\/","name":"Nos unimos a la celebraci\u00f3n del D\u00eda Mundial la Espina B\u00edfida e Hidrocefalia - Asociaci\u00f3n Espa\u00f1ola S\u00edndrome de Charge","isPartOf":{"@id":"https:\/\/sindromecharge.es\/#website"},"datePublished":"2018-10-25T07:32:47+00:00","author":{"@id":"https:\/\/sindromecharge.es\/#\/schema\/person\/39a60ebe0a2b4d5a11179701e336b039"},"breadcrumb":{"@id":"https:\/\/sindromecharge.es\/index.php\/2018\/10\/25\/nos-unimos-a-la-celebracion-del-dia-mundial-la-espina-bifida-e-hidrocefalia\/#breadcrumb"},"inLanguage":"es","potentialAction":[{"@type":"ReadAction","target":["https:\/\/sindromecharge.es\/index.php\/2018\/10\/25\/nos-unimos-a-la-celebracion-del-dia-mundial-la-espina-bifida-e-hidrocefalia\/"]}]},{"@type":"BreadcrumbList","@id":"https:\/\/sindromecharge.es\/index.php\/2018\/10\/25\/nos-unimos-a-la-celebracion-del-dia-mundial-la-espina-bifida-e-hidrocefalia\/#breadcrumb","itemListElement":[{"@type":"ListItem","position":1,"name":"Portada","item":"https:\/\/sindromecharge.es\/"},{"@type":"ListItem","position":2,"name":"Nos unimos a la celebraci\u00f3n del D\u00eda Mundial la Espina B\u00edfida e Hidrocefalia"}]},{"@type":"WebSite","@id":"https:\/\/sindromecharge.es\/#website","url":"https:\/\/sindromecharge.es\/","name":"Asociaci\u00f3n Espa\u00f1ola S\u00edndrome de Charge","description":"","potentialAction":[{"@type":"SearchAction","target":{"@type":"EntryPoint","urlTemplate":"https:\/\/sindromecharge.es\/?s={search_term_string}"},"query-input":{"@type":"PropertyValueSpecification","valueRequired":true,"valueName":"search_term_string"}}],"inLanguage":"es"},{"@type":"Person","@id":"https:\/\/sindromecharge.es\/#\/schema\/person\/39a60ebe0a2b4d5a11179701e336b039","name":"Charge","image":{"@type":"ImageObject","inLanguage":"es","@id":"https:\/\/secure.gravatar.com\/avatar\/c3b46e32a0fc3b093a0873fb767bf3293de856293065e84ef06b7ec7a8acfb98?s=96&d=identicon&r=x","url":"https:\/\/secure.gravatar.com\/avatar\/c3b46e32a0fc3b093a0873fb767bf3293de856293065e84ef06b7ec7a8acfb98?s=96&d=identicon&r=x","contentUrl":"https:\/\/secure.gravatar.com\/avatar\/c3b46e32a0fc3b093a0873fb767bf3293de856293065e84ef06b7ec7a8acfb98?s=96&d=identicon&r=x","caption":"Charge"},"url":"https:\/\/sindromecharge.es\/index.php\/author\/admin\/"}]}},"_links":{"self":[{"href":"https:\/\/sindromecharge.es\/index.php\/wp-json\/wp\/v2\/posts\/4063","targetHints":{"allow":["GET"]}}],"collection":[{"href":"https:\/\/sindromecharge.es\/index.php\/wp-json\/wp\/v2\/posts"}],"about":[{"href":"https:\/\/sindromecharge.es\/index.php\/wp-json\/wp\/v2\/types\/post"}],"author":[{"embeddable":true,"href":"https:\/\/sindromecharge.es\/index.php\/wp-json\/wp\/v2\/users\/1"}],"replies":[{"embeddable":true,"href":"https:\/\/sindromecharge.es\/index.php\/wp-json\/wp\/v2\/comments?post=4063"}],"version-history":[{"count":0,"href":"https:\/\/sindromecharge.es\/index.php\/wp-json\/wp\/v2\/posts\/4063\/revisions"}],"wp:attachment":[{"href":"https:\/\/sindromecharge.es\/index.php\/wp-json\/wp\/v2\/media?parent=4063"}],"wp:term":[{"taxonomy":"category","embeddable":true,"href":"https:\/\/sindromecharge.es\/index.php\/wp-json\/wp\/v2\/categories?post=4063"},{"taxonomy":"post_tag","embeddable":true,"href":"https:\/\/sindromecharge.es\/index.php\/wp-json\/wp\/v2\/tags?post=4063"}],"curies":[{"name":"wp","href":"https:\/\/api.w.org\/{rel}","templated":true}]}}