{"id":4062,"date":"2018-10-25T07:07:07","date_gmt":"2018-10-25T07:07:07","guid":{"rendered":"https:\/\/sindromecharge.es\/index.php\/2018\/10\/25\/nos-adherimos-a-la-celebracion-del-dia-mundial-de-las-patologias-del-crecimiento\/"},"modified":"2018-10-25T07:07:07","modified_gmt":"2018-10-25T07:07:07","slug":"nos-adherimos-a-la-celebracion-del-dia-mundial-de-las-patologias-del-crecimiento","status":"publish","type":"post","link":"https:\/\/sindromecharge.es\/index.php\/2018\/10\/25\/nos-adherimos-a-la-celebracion-del-dia-mundial-de-las-patologias-del-crecimiento\/","title":{"rendered":"Nos adherimos a la celebraci\u00f3n del D\u00eda Mundial de las Patolog\u00edas del Crecimiento"},"content":{"rendered":"<p>Leemos en FEDER la siguiente noticia que os reproducimos de forma \u00edntegra: <\/p>\n<p>&nbsp;<\/p>\n<p>El 25 de octubre se conmemora el D\u00eda Mundial de las Patolog\u00edas del Crecimiento con el objetivo principal de esta jornada es visibilizar de forma p\u00fablica este grupo de patolog\u00edas as\u00ed como establecer sinergias con el sector sanitario y cient\u00edfico para fomentar terapias que mejoren la calidad de vida de los pacientes. Por esta raz\u00f3n, en FEDER queremos adherirnos a la celebraci\u00f3n &nbsp;a este d\u00eda para brindar su apoyo a todas las personas que conviven con estas enfermedades.<\/p>\n<p>Las Patolog\u00edas del Crecimiento comprenden a un conjunto de malformaciones cong\u00e9nitas que tienen consecuencias en el desarrollo f\u00edsico y social de la persona. Las personas que conviven con estas patolog\u00edas poseen caracter\u00edsticas comunes; entre ellas la talla baja desproporcionada, rasgos fenot\u00edpicos concretos, alteraciones radiol\u00f3gicas o deformidades \u00f3seas.<\/p>\n<p>Existen hasta 300 tipos de displasias (tipo de Patolog\u00edas del Crecimiento que presentan una alteraci\u00f3n generaliza en el tejido \u00f3seo) y, dependiendo de la enfermedad, pueden originarse como causa de una mutaci\u00f3n gen\u00e9tica espont\u00e1nea o debido a una transmisi\u00f3n autos\u00f3mica dominante o recesiva. Actualmente es posible realizar un diagn\u00f3stico prenatal de estas patolog\u00edas.<\/p>\n<p>La Acondroplasia es de las m\u00e1s frecuentes y tiene una prevalencia de 1 persona por cada 15.000. Est\u00e1 caracterizada por extremidades cortas, hiperlordosis (aumento de la curvatura lumbar), manos peque\u00f1as, y macrocefalia con frente alta y nariz en silla de montar (nariz de aspecto peque\u00f1o).Las personas que conviven con Acondroplasia alcanzan la estatura media de 130 cent\u00edmetros. Poseen deformidades moderadas en el esqueleto y pueden tener complicaciones neurol\u00f3gicas a causa de la estrechez del canal vertebral. El 90% de los casos de las personas que nacen con esta patolog\u00eda son hijos de padres no afectados, lo que se debe a mutaciones gen\u00e9ticas.<\/p>\n<p>El tratamiento ortop\u00e9dico es la \u00fanica terapia de la que se dispone hoy en d\u00eda para tratar esta patolog\u00eda, aunque en los \u00faltimos a\u00f1os la cirug\u00eda ortop\u00e9dica de alargamientos \u00f3seos mejora el pron\u00f3stico de talla en algunas patolog\u00edas.<\/p>\n<p>Durante este d\u00eda, diferentes asociaciones de pacientes en todo el mundo unen esfuerzos y realizan diferentes actividades divulgativas para sensibilizar y concienciar sobre esta enfermedad pero adem\u00e1s incidir en el desarrollo de nuevas estrategias terap\u00e9uticas que permitan mejorar la calidad de vida de las personas con problemas del crecimiento<\/p>\n<p>Asimismo, desde FEDER queremos resaltar la importancia y el valor del trabajo asociativo por ayudar y ser la voz de las familias que conviven con estas enfermedades no solo en este d\u00eda sino durante los 365 d\u00edas del a\u00f1o. En este d\u00eda resaltamos el trabajo de la Asociaci\u00f3n de Familiares y Afectados por Patolog\u00edas del Crecimiento (AFAPAC), Asociaci\u00f3n para Problemas de Crecimiento (CREER) as\u00ed como sus delegaciones en Granada, Huelva, Almer\u00eda, Zaragoza, Baleares y Madrid y la Asociaci\u00f3n para las Deficiencias que afectan al Crecimiento y al Desarrollo.<\/p>\n<p style=\"text-align: right\">\u00daltima actualizaci\u00f3n: 25 de octubre de 2018.<\/p>\n<p>&nbsp;<\/p>\n<p>Fuente: FEDER <a href=\"https:\/\/enfermedades-raras.org\/index.php\/actualidad\/noticias-eventos\/2-feder\/11335-nos-adherimos-a-la-celebraci%C3%B3n-del-d%C3%ADa-mundial-de-las-patolog%C3%ADas-del-crecimiento\" target=\"_blank\">Nos adherimos a la celebraci\u00f3n del D\u00eda Mundial de las Patolog\u00edas del Crecimiento<\/a><\/p>\n","protected":false},"excerpt":{"rendered":"<p>Leemos en FEDER la siguiente noticia que os reproducimos de forma \u00edntegra: &nbsp; El 25 de octubre se conmemora el D\u00eda Mundial de las Patolog\u00edas del Crecimiento con el objetivo principal de esta jornada es visibilizar de forma p\u00fablica este grupo de patolog\u00edas as\u00ed como establecer sinergias con el sector sanitario y cient\u00edfico para fomentar [&hellip;]<\/p>\n","protected":false},"author":1,"featured_media":0,"comment_status":"open","ping_status":"closed","sticky":false,"template":"","format":"standard","meta":{"footnotes":""},"categories":[8],"tags":[36],"class_list":["post-4062","post","type-post","status-publish","format-standard","hentry","category-noticias","tag-enfermedades-raras"],"yoast_head":"<!-- This site is optimized with the Yoast SEO plugin v27.4 - https:\/\/yoast.com\/product\/yoast-seo-wordpress\/ -->\n<title>Nos adherimos a la celebraci\u00f3n del D\u00eda Mundial de las Patolog\u00edas del Crecimiento - Asociaci\u00f3n Espa\u00f1ola S\u00edndrome de Charge<\/title>\n<meta name=\"robots\" content=\"index, follow, max-snippet:-1, max-image-preview:large, max-video-preview:-1\" \/>\n<link rel=\"canonical\" href=\"https:\/\/sindromecharge.es\/index.php\/2018\/10\/25\/nos-adherimos-a-la-celebracion-del-dia-mundial-de-las-patologias-del-crecimiento\/\" \/>\n<meta property=\"og:locale\" content=\"es_ES\" \/>\n<meta property=\"og:type\" content=\"article\" \/>\n<meta property=\"og:title\" content=\"Nos adherimos a la celebraci\u00f3n del D\u00eda Mundial de las Patolog\u00edas del Crecimiento - Asociaci\u00f3n Espa\u00f1ola S\u00edndrome de Charge\" \/>\n<meta property=\"og:description\" content=\"Leemos en FEDER la siguiente noticia que os reproducimos de forma \u00edntegra: &nbsp; El 25 de octubre se conmemora el D\u00eda Mundial de las Patolog\u00edas del Crecimiento con el objetivo principal de esta jornada es visibilizar de forma p\u00fablica este grupo de patolog\u00edas as\u00ed como establecer sinergias con el sector sanitario y cient\u00edfico para fomentar [&hellip;]\" \/>\n<meta property=\"og:url\" content=\"https:\/\/sindromecharge.es\/index.php\/2018\/10\/25\/nos-adherimos-a-la-celebracion-del-dia-mundial-de-las-patologias-del-crecimiento\/\" \/>\n<meta property=\"og:site_name\" content=\"Asociaci\u00f3n Espa\u00f1ola S\u00edndrome de Charge\" \/>\n<meta property=\"article:publisher\" content=\"https:\/\/www.facebook.com\/asociacionsindromecharge\" \/>\n<meta property=\"article:published_time\" content=\"2018-10-25T07:07:07+00:00\" \/>\n<meta property=\"og:image\" content=\"https:\/\/sindromecharge.es\/wp-content\/uploads\/2013\/09\/logodecharge300x98.png\" \/>\n\t<meta property=\"og:image:width\" content=\"300\" \/>\n\t<meta property=\"og:image:height\" content=\"98\" \/>\n\t<meta property=\"og:image:type\" content=\"image\/png\" \/>\n<meta name=\"author\" content=\"Charge\" \/>\n<meta name=\"twitter:card\" content=\"summary_large_image\" \/>\n<meta name=\"twitter:creator\" content=\"@sindromecharge\" \/>\n<meta name=\"twitter:site\" content=\"@sindromecharge\" \/>\n<meta name=\"twitter:label1\" content=\"Escrito por\" \/>\n\t<meta name=\"twitter:data1\" content=\"Charge\" \/>\n\t<meta name=\"twitter:label2\" content=\"Tiempo de lectura\" \/>\n\t<meta name=\"twitter:data2\" content=\"3 minutos\" \/>\n<script type=\"application\/ld+json\" class=\"yoast-schema-graph\">{\"@context\":\"https:\\\/\\\/schema.org\",\"@graph\":[{\"@type\":\"Article\",\"@id\":\"https:\\\/\\\/sindromecharge.es\\\/index.php\\\/2018\\\/10\\\/25\\\/nos-adherimos-a-la-celebracion-del-dia-mundial-de-las-patologias-del-crecimiento\\\/#article\",\"isPartOf\":{\"@id\":\"https:\\\/\\\/sindromecharge.es\\\/index.php\\\/2018\\\/10\\\/25\\\/nos-adherimos-a-la-celebracion-del-dia-mundial-de-las-patologias-del-crecimiento\\\/\"},\"author\":{\"name\":\"Charge\",\"@id\":\"https:\\\/\\\/sindromecharge.es\\\/#\\\/schema\\\/person\\\/39a60ebe0a2b4d5a11179701e336b039\"},\"headline\":\"Nos adherimos a la celebraci\u00f3n del D\u00eda Mundial de las Patolog\u00edas del Crecimiento\",\"datePublished\":\"2018-10-25T07:07:07+00:00\",\"mainEntityOfPage\":{\"@id\":\"https:\\\/\\\/sindromecharge.es\\\/index.php\\\/2018\\\/10\\\/25\\\/nos-adherimos-a-la-celebracion-del-dia-mundial-de-las-patologias-del-crecimiento\\\/\"},\"wordCount\":555,\"commentCount\":0,\"keywords\":[\"enfermedades raras\"],\"articleSection\":[\"noticias\"],\"inLanguage\":\"es\",\"potentialAction\":[{\"@type\":\"CommentAction\",\"name\":\"Comment\",\"target\":[\"https:\\\/\\\/sindromecharge.es\\\/index.php\\\/2018\\\/10\\\/25\\\/nos-adherimos-a-la-celebracion-del-dia-mundial-de-las-patologias-del-crecimiento\\\/#respond\"]}]},{\"@type\":\"WebPage\",\"@id\":\"https:\\\/\\\/sindromecharge.es\\\/index.php\\\/2018\\\/10\\\/25\\\/nos-adherimos-a-la-celebracion-del-dia-mundial-de-las-patologias-del-crecimiento\\\/\",\"url\":\"https:\\\/\\\/sindromecharge.es\\\/index.php\\\/2018\\\/10\\\/25\\\/nos-adherimos-a-la-celebracion-del-dia-mundial-de-las-patologias-del-crecimiento\\\/\",\"name\":\"Nos adherimos a la celebraci\u00f3n del D\u00eda Mundial de las Patolog\u00edas del Crecimiento - Asociaci\u00f3n Espa\u00f1ola S\u00edndrome de Charge\",\"isPartOf\":{\"@id\":\"https:\\\/\\\/sindromecharge.es\\\/#website\"},\"datePublished\":\"2018-10-25T07:07:07+00:00\",\"author\":{\"@id\":\"https:\\\/\\\/sindromecharge.es\\\/#\\\/schema\\\/person\\\/39a60ebe0a2b4d5a11179701e336b039\"},\"breadcrumb\":{\"@id\":\"https:\\\/\\\/sindromecharge.es\\\/index.php\\\/2018\\\/10\\\/25\\\/nos-adherimos-a-la-celebracion-del-dia-mundial-de-las-patologias-del-crecimiento\\\/#breadcrumb\"},\"inLanguage\":\"es\",\"potentialAction\":[{\"@type\":\"ReadAction\",\"target\":[\"https:\\\/\\\/sindromecharge.es\\\/index.php\\\/2018\\\/10\\\/25\\\/nos-adherimos-a-la-celebracion-del-dia-mundial-de-las-patologias-del-crecimiento\\\/\"]}]},{\"@type\":\"BreadcrumbList\",\"@id\":\"https:\\\/\\\/sindromecharge.es\\\/index.php\\\/2018\\\/10\\\/25\\\/nos-adherimos-a-la-celebracion-del-dia-mundial-de-las-patologias-del-crecimiento\\\/#breadcrumb\",\"itemListElement\":[{\"@type\":\"ListItem\",\"position\":1,\"name\":\"Portada\",\"item\":\"https:\\\/\\\/sindromecharge.es\\\/\"},{\"@type\":\"ListItem\",\"position\":2,\"name\":\"Nos adherimos a la celebraci\u00f3n del D\u00eda Mundial de las Patolog\u00edas del Crecimiento\"}]},{\"@type\":\"WebSite\",\"@id\":\"https:\\\/\\\/sindromecharge.es\\\/#website\",\"url\":\"https:\\\/\\\/sindromecharge.es\\\/\",\"name\":\"Asociaci\u00f3n Espa\u00f1ola S\u00edndrome de Charge\",\"description\":\"\",\"potentialAction\":[{\"@type\":\"SearchAction\",\"target\":{\"@type\":\"EntryPoint\",\"urlTemplate\":\"https:\\\/\\\/sindromecharge.es\\\/?s={search_term_string}\"},\"query-input\":{\"@type\":\"PropertyValueSpecification\",\"valueRequired\":true,\"valueName\":\"search_term_string\"}}],\"inLanguage\":\"es\"},{\"@type\":\"Person\",\"@id\":\"https:\\\/\\\/sindromecharge.es\\\/#\\\/schema\\\/person\\\/39a60ebe0a2b4d5a11179701e336b039\",\"name\":\"Charge\",\"image\":{\"@type\":\"ImageObject\",\"inLanguage\":\"es\",\"@id\":\"https:\\\/\\\/secure.gravatar.com\\\/avatar\\\/c3b46e32a0fc3b093a0873fb767bf3293de856293065e84ef06b7ec7a8acfb98?s=96&d=identicon&r=x\",\"url\":\"https:\\\/\\\/secure.gravatar.com\\\/avatar\\\/c3b46e32a0fc3b093a0873fb767bf3293de856293065e84ef06b7ec7a8acfb98?s=96&d=identicon&r=x\",\"contentUrl\":\"https:\\\/\\\/secure.gravatar.com\\\/avatar\\\/c3b46e32a0fc3b093a0873fb767bf3293de856293065e84ef06b7ec7a8acfb98?s=96&d=identicon&r=x\",\"caption\":\"Charge\"},\"url\":\"https:\\\/\\\/sindromecharge.es\\\/index.php\\\/author\\\/admin\\\/\"}]}<\/script>\n<!-- \/ Yoast SEO plugin. -->","yoast_head_json":{"title":"Nos adherimos a la celebraci\u00f3n del D\u00eda Mundial de las Patolog\u00edas del Crecimiento - Asociaci\u00f3n Espa\u00f1ola S\u00edndrome de Charge","robots":{"index":"index","follow":"follow","max-snippet":"max-snippet:-1","max-image-preview":"max-image-preview:large","max-video-preview":"max-video-preview:-1"},"canonical":"https:\/\/sindromecharge.es\/index.php\/2018\/10\/25\/nos-adherimos-a-la-celebracion-del-dia-mundial-de-las-patologias-del-crecimiento\/","og_locale":"es_ES","og_type":"article","og_title":"Nos adherimos a la celebraci\u00f3n del D\u00eda Mundial de las Patolog\u00edas del Crecimiento - Asociaci\u00f3n Espa\u00f1ola S\u00edndrome de Charge","og_description":"Leemos en FEDER la siguiente noticia que os reproducimos de forma \u00edntegra: &nbsp; El 25 de octubre se conmemora el D\u00eda Mundial de las Patolog\u00edas del Crecimiento con el objetivo principal de esta jornada es visibilizar de forma p\u00fablica este grupo de patolog\u00edas as\u00ed como establecer sinergias con el sector sanitario y cient\u00edfico para fomentar [&hellip;]","og_url":"https:\/\/sindromecharge.es\/index.php\/2018\/10\/25\/nos-adherimos-a-la-celebracion-del-dia-mundial-de-las-patologias-del-crecimiento\/","og_site_name":"Asociaci\u00f3n Espa\u00f1ola S\u00edndrome de Charge","article_publisher":"https:\/\/www.facebook.com\/asociacionsindromecharge","article_published_time":"2018-10-25T07:07:07+00:00","og_image":[{"width":300,"height":98,"url":"https:\/\/sindromecharge.es\/wp-content\/uploads\/2013\/09\/logodecharge300x98.png","type":"image\/png"}],"author":"Charge","twitter_card":"summary_large_image","twitter_creator":"@sindromecharge","twitter_site":"@sindromecharge","twitter_misc":{"Escrito por":"Charge","Tiempo de lectura":"3 minutos"},"schema":{"@context":"https:\/\/schema.org","@graph":[{"@type":"Article","@id":"https:\/\/sindromecharge.es\/index.php\/2018\/10\/25\/nos-adherimos-a-la-celebracion-del-dia-mundial-de-las-patologias-del-crecimiento\/#article","isPartOf":{"@id":"https:\/\/sindromecharge.es\/index.php\/2018\/10\/25\/nos-adherimos-a-la-celebracion-del-dia-mundial-de-las-patologias-del-crecimiento\/"},"author":{"name":"Charge","@id":"https:\/\/sindromecharge.es\/#\/schema\/person\/39a60ebe0a2b4d5a11179701e336b039"},"headline":"Nos adherimos a la celebraci\u00f3n del D\u00eda Mundial de las Patolog\u00edas del Crecimiento","datePublished":"2018-10-25T07:07:07+00:00","mainEntityOfPage":{"@id":"https:\/\/sindromecharge.es\/index.php\/2018\/10\/25\/nos-adherimos-a-la-celebracion-del-dia-mundial-de-las-patologias-del-crecimiento\/"},"wordCount":555,"commentCount":0,"keywords":["enfermedades raras"],"articleSection":["noticias"],"inLanguage":"es","potentialAction":[{"@type":"CommentAction","name":"Comment","target":["https:\/\/sindromecharge.es\/index.php\/2018\/10\/25\/nos-adherimos-a-la-celebracion-del-dia-mundial-de-las-patologias-del-crecimiento\/#respond"]}]},{"@type":"WebPage","@id":"https:\/\/sindromecharge.es\/index.php\/2018\/10\/25\/nos-adherimos-a-la-celebracion-del-dia-mundial-de-las-patologias-del-crecimiento\/","url":"https:\/\/sindromecharge.es\/index.php\/2018\/10\/25\/nos-adherimos-a-la-celebracion-del-dia-mundial-de-las-patologias-del-crecimiento\/","name":"Nos adherimos a la celebraci\u00f3n del D\u00eda Mundial de las Patolog\u00edas del Crecimiento - Asociaci\u00f3n Espa\u00f1ola S\u00edndrome de Charge","isPartOf":{"@id":"https:\/\/sindromecharge.es\/#website"},"datePublished":"2018-10-25T07:07:07+00:00","author":{"@id":"https:\/\/sindromecharge.es\/#\/schema\/person\/39a60ebe0a2b4d5a11179701e336b039"},"breadcrumb":{"@id":"https:\/\/sindromecharge.es\/index.php\/2018\/10\/25\/nos-adherimos-a-la-celebracion-del-dia-mundial-de-las-patologias-del-crecimiento\/#breadcrumb"},"inLanguage":"es","potentialAction":[{"@type":"ReadAction","target":["https:\/\/sindromecharge.es\/index.php\/2018\/10\/25\/nos-adherimos-a-la-celebracion-del-dia-mundial-de-las-patologias-del-crecimiento\/"]}]},{"@type":"BreadcrumbList","@id":"https:\/\/sindromecharge.es\/index.php\/2018\/10\/25\/nos-adherimos-a-la-celebracion-del-dia-mundial-de-las-patologias-del-crecimiento\/#breadcrumb","itemListElement":[{"@type":"ListItem","position":1,"name":"Portada","item":"https:\/\/sindromecharge.es\/"},{"@type":"ListItem","position":2,"name":"Nos adherimos a la celebraci\u00f3n del D\u00eda Mundial de las Patolog\u00edas del Crecimiento"}]},{"@type":"WebSite","@id":"https:\/\/sindromecharge.es\/#website","url":"https:\/\/sindromecharge.es\/","name":"Asociaci\u00f3n Espa\u00f1ola S\u00edndrome de Charge","description":"","potentialAction":[{"@type":"SearchAction","target":{"@type":"EntryPoint","urlTemplate":"https:\/\/sindromecharge.es\/?s={search_term_string}"},"query-input":{"@type":"PropertyValueSpecification","valueRequired":true,"valueName":"search_term_string"}}],"inLanguage":"es"},{"@type":"Person","@id":"https:\/\/sindromecharge.es\/#\/schema\/person\/39a60ebe0a2b4d5a11179701e336b039","name":"Charge","image":{"@type":"ImageObject","inLanguage":"es","@id":"https:\/\/secure.gravatar.com\/avatar\/c3b46e32a0fc3b093a0873fb767bf3293de856293065e84ef06b7ec7a8acfb98?s=96&d=identicon&r=x","url":"https:\/\/secure.gravatar.com\/avatar\/c3b46e32a0fc3b093a0873fb767bf3293de856293065e84ef06b7ec7a8acfb98?s=96&d=identicon&r=x","contentUrl":"https:\/\/secure.gravatar.com\/avatar\/c3b46e32a0fc3b093a0873fb767bf3293de856293065e84ef06b7ec7a8acfb98?s=96&d=identicon&r=x","caption":"Charge"},"url":"https:\/\/sindromecharge.es\/index.php\/author\/admin\/"}]}},"_links":{"self":[{"href":"https:\/\/sindromecharge.es\/index.php\/wp-json\/wp\/v2\/posts\/4062","targetHints":{"allow":["GET"]}}],"collection":[{"href":"https:\/\/sindromecharge.es\/index.php\/wp-json\/wp\/v2\/posts"}],"about":[{"href":"https:\/\/sindromecharge.es\/index.php\/wp-json\/wp\/v2\/types\/post"}],"author":[{"embeddable":true,"href":"https:\/\/sindromecharge.es\/index.php\/wp-json\/wp\/v2\/users\/1"}],"replies":[{"embeddable":true,"href":"https:\/\/sindromecharge.es\/index.php\/wp-json\/wp\/v2\/comments?post=4062"}],"version-history":[{"count":0,"href":"https:\/\/sindromecharge.es\/index.php\/wp-json\/wp\/v2\/posts\/4062\/revisions"}],"wp:attachment":[{"href":"https:\/\/sindromecharge.es\/index.php\/wp-json\/wp\/v2\/media?parent=4062"}],"wp:term":[{"taxonomy":"category","embeddable":true,"href":"https:\/\/sindromecharge.es\/index.php\/wp-json\/wp\/v2\/categories?post=4062"},{"taxonomy":"post_tag","embeddable":true,"href":"https:\/\/sindromecharge.es\/index.php\/wp-json\/wp\/v2\/tags?post=4062"}],"curies":[{"name":"wp","href":"https:\/\/api.w.org\/{rel}","templated":true}]}}