{"id":4059,"date":"2018-10-24T09:30:42","date_gmt":"2018-10-24T09:30:42","guid":{"rendered":"https:\/\/sindromecharge.es\/index.php\/2018\/10\/24\/el-24-de-octubre-dia-mundial-contra-la-polio\/"},"modified":"2018-10-24T09:30:42","modified_gmt":"2018-10-24T09:30:42","slug":"el-24-de-octubre-dia-mundial-contra-la-polio","status":"publish","type":"post","link":"https:\/\/sindromecharge.es\/index.php\/2018\/10\/24\/el-24-de-octubre-dia-mundial-contra-la-polio\/","title":{"rendered":"El 24 de octubre, D\u00eda Mundial contra la Polio"},"content":{"rendered":"<p>Leemos en FEDER la siguiente noticia que os reproducimos de forma \u00edntegra: <\/p>\n<p>&nbsp;<\/p>\n<p>El 24 de octubre, se celebra el D\u00eda Mundial contra la Polio con el objetivo de concienciar a la ciudadan\u00eda sobre las implicaciones de esta enfermedad poco frecuente. Con este objetivo, la Federaci\u00f3n Espa\u00f1ola de Enfermedades Raras (FEDER) se adhiere a esta a conmemoraci\u00f3n para dar visibildiad a quienes conviven con esta enfermedad poco frecuente.<\/p>\n<p>El s\u00edndrome postpoliomiel\u00edtico es un trastorno neurol\u00f3gico caracterizado por el desarrollo de nuevos s\u00edntomas neuromusculares tales como debilidad muscular progresiva o la propensi\u00f3n an\u00f3mala a la fatiga muscular que se da entre los pacientes de la forma paral\u00edtica aguda de la poliomielitis, entre 15 y 40 a\u00f1os despu\u00e9s de la curaci\u00f3n de la enfermedad, y que no se explica por ninguna otra causa m\u00e9dica. <\/p>\n<p>Otras manifestaciones que pueden aparecer de forma gradual son la fatiga generalizada, atrofia muscular, dolor articular y muscular, intolerancia al fr\u00edo, y dificultades para dormir, deglutir o respirar.<\/p>\n<p>En este marco, la Federaci\u00f3n se une al tejido asociativo para dar visibilidad a esta enfermedad y sus consecuencias as\u00ed como para reconocer a las entidades que, a diario, trabajan por dar soporte a las familias que conviven con ella. En concreto, reconoce el trabajo EPE (Euskadiko Polio Elkartea) como entidad que presenta la problem\u00e1tica que en este momento tenemos los afectados por la Polio.<\/p>\n<p style=\"text-align: right\">\u00daltima actualizaci\u00f3n: 24\/10\/2018.<\/p>\n<p>&nbsp;<\/p>\n<p>Fuente: FEDER <a href=\"https:\/\/enfermedades-raras.org\/index.php\/actualidad\/noticias-eventos\/2-feder\/11331-el-24-de-octubre%2C-d%C3%ADa-mundial-contra-la-polio\" target=\"_blank\">El 24 de octubre, D\u00eda Mundial contra la Polio<\/a><\/p>\n","protected":false},"excerpt":{"rendered":"<p>Leemos en FEDER la siguiente noticia que os reproducimos de forma \u00edntegra: &nbsp; El 24 de octubre, se celebra el D\u00eda Mundial contra la Polio con el objetivo de concienciar a la ciudadan\u00eda sobre las implicaciones de esta enfermedad poco frecuente. Con este objetivo, la Federaci\u00f3n Espa\u00f1ola de Enfermedades Raras (FEDER) se adhiere a esta [&hellip;]<\/p>\n","protected":false},"author":1,"featured_media":0,"comment_status":"open","ping_status":"closed","sticky":false,"template":"","format":"standard","meta":{"footnotes":""},"categories":[8],"tags":[36],"class_list":["post-4059","post","type-post","status-publish","format-standard","hentry","category-noticias","tag-enfermedades-raras"],"yoast_head":"<!-- This site is optimized with the Yoast SEO plugin v27.4 - https:\/\/yoast.com\/product\/yoast-seo-wordpress\/ -->\n<title>El 24 de octubre, D\u00eda Mundial contra la Polio - Asociaci\u00f3n Espa\u00f1ola S\u00edndrome de Charge<\/title>\n<meta name=\"robots\" content=\"index, follow, max-snippet:-1, max-image-preview:large, max-video-preview:-1\" \/>\n<link rel=\"canonical\" href=\"https:\/\/sindromecharge.es\/index.php\/2018\/10\/24\/el-24-de-octubre-dia-mundial-contra-la-polio\/\" \/>\n<meta property=\"og:locale\" content=\"es_ES\" \/>\n<meta property=\"og:type\" content=\"article\" \/>\n<meta property=\"og:title\" content=\"El 24 de octubre, D\u00eda Mundial contra la Polio - Asociaci\u00f3n Espa\u00f1ola S\u00edndrome de Charge\" \/>\n<meta property=\"og:description\" content=\"Leemos en FEDER la siguiente noticia que os reproducimos de forma \u00edntegra: &nbsp; El 24 de octubre, se celebra el D\u00eda Mundial contra la Polio con el objetivo de concienciar a la ciudadan\u00eda sobre las implicaciones de esta enfermedad poco frecuente. Con este objetivo, la Federaci\u00f3n Espa\u00f1ola de Enfermedades Raras (FEDER) se adhiere a esta [&hellip;]\" \/>\n<meta property=\"og:url\" content=\"https:\/\/sindromecharge.es\/index.php\/2018\/10\/24\/el-24-de-octubre-dia-mundial-contra-la-polio\/\" \/>\n<meta property=\"og:site_name\" content=\"Asociaci\u00f3n Espa\u00f1ola S\u00edndrome de Charge\" \/>\n<meta property=\"article:publisher\" content=\"https:\/\/www.facebook.com\/asociacionsindromecharge\" \/>\n<meta property=\"article:published_time\" content=\"2018-10-24T09:30:42+00:00\" \/>\n<meta property=\"og:image\" content=\"https:\/\/sindromecharge.es\/wp-content\/uploads\/2013\/09\/logodecharge300x98.png\" \/>\n\t<meta property=\"og:image:width\" content=\"300\" \/>\n\t<meta property=\"og:image:height\" content=\"98\" \/>\n\t<meta property=\"og:image:type\" content=\"image\/png\" \/>\n<meta name=\"author\" content=\"Charge\" \/>\n<meta name=\"twitter:card\" content=\"summary_large_image\" \/>\n<meta name=\"twitter:creator\" content=\"@sindromecharge\" \/>\n<meta name=\"twitter:site\" content=\"@sindromecharge\" \/>\n<meta name=\"twitter:label1\" content=\"Escrito por\" \/>\n\t<meta name=\"twitter:data1\" content=\"Charge\" \/>\n\t<meta name=\"twitter:label2\" content=\"Tiempo de lectura\" \/>\n\t<meta name=\"twitter:data2\" content=\"1 minuto\" \/>\n<script type=\"application\/ld+json\" class=\"yoast-schema-graph\">{\"@context\":\"https:\\\/\\\/schema.org\",\"@graph\":[{\"@type\":\"Article\",\"@id\":\"https:\\\/\\\/sindromecharge.es\\\/index.php\\\/2018\\\/10\\\/24\\\/el-24-de-octubre-dia-mundial-contra-la-polio\\\/#article\",\"isPartOf\":{\"@id\":\"https:\\\/\\\/sindromecharge.es\\\/index.php\\\/2018\\\/10\\\/24\\\/el-24-de-octubre-dia-mundial-contra-la-polio\\\/\"},\"author\":{\"name\":\"Charge\",\"@id\":\"https:\\\/\\\/sindromecharge.es\\\/#\\\/schema\\\/person\\\/39a60ebe0a2b4d5a11179701e336b039\"},\"headline\":\"El 24 de octubre, D\u00eda Mundial contra la Polio\",\"datePublished\":\"2018-10-24T09:30:42+00:00\",\"mainEntityOfPage\":{\"@id\":\"https:\\\/\\\/sindromecharge.es\\\/index.php\\\/2018\\\/10\\\/24\\\/el-24-de-octubre-dia-mundial-contra-la-polio\\\/\"},\"wordCount\":265,\"commentCount\":0,\"keywords\":[\"enfermedades raras\"],\"articleSection\":[\"noticias\"],\"inLanguage\":\"es\",\"potentialAction\":[{\"@type\":\"CommentAction\",\"name\":\"Comment\",\"target\":[\"https:\\\/\\\/sindromecharge.es\\\/index.php\\\/2018\\\/10\\\/24\\\/el-24-de-octubre-dia-mundial-contra-la-polio\\\/#respond\"]}]},{\"@type\":\"WebPage\",\"@id\":\"https:\\\/\\\/sindromecharge.es\\\/index.php\\\/2018\\\/10\\\/24\\\/el-24-de-octubre-dia-mundial-contra-la-polio\\\/\",\"url\":\"https:\\\/\\\/sindromecharge.es\\\/index.php\\\/2018\\\/10\\\/24\\\/el-24-de-octubre-dia-mundial-contra-la-polio\\\/\",\"name\":\"El 24 de octubre, D\u00eda Mundial contra la Polio - Asociaci\u00f3n Espa\u00f1ola S\u00edndrome de Charge\",\"isPartOf\":{\"@id\":\"https:\\\/\\\/sindromecharge.es\\\/#website\"},\"datePublished\":\"2018-10-24T09:30:42+00:00\",\"author\":{\"@id\":\"https:\\\/\\\/sindromecharge.es\\\/#\\\/schema\\\/person\\\/39a60ebe0a2b4d5a11179701e336b039\"},\"breadcrumb\":{\"@id\":\"https:\\\/\\\/sindromecharge.es\\\/index.php\\\/2018\\\/10\\\/24\\\/el-24-de-octubre-dia-mundial-contra-la-polio\\\/#breadcrumb\"},\"inLanguage\":\"es\",\"potentialAction\":[{\"@type\":\"ReadAction\",\"target\":[\"https:\\\/\\\/sindromecharge.es\\\/index.php\\\/2018\\\/10\\\/24\\\/el-24-de-octubre-dia-mundial-contra-la-polio\\\/\"]}]},{\"@type\":\"BreadcrumbList\",\"@id\":\"https:\\\/\\\/sindromecharge.es\\\/index.php\\\/2018\\\/10\\\/24\\\/el-24-de-octubre-dia-mundial-contra-la-polio\\\/#breadcrumb\",\"itemListElement\":[{\"@type\":\"ListItem\",\"position\":1,\"name\":\"Portada\",\"item\":\"https:\\\/\\\/sindromecharge.es\\\/\"},{\"@type\":\"ListItem\",\"position\":2,\"name\":\"El 24 de octubre, D\u00eda Mundial contra la Polio\"}]},{\"@type\":\"WebSite\",\"@id\":\"https:\\\/\\\/sindromecharge.es\\\/#website\",\"url\":\"https:\\\/\\\/sindromecharge.es\\\/\",\"name\":\"Asociaci\u00f3n Espa\u00f1ola S\u00edndrome de Charge\",\"description\":\"\",\"potentialAction\":[{\"@type\":\"SearchAction\",\"target\":{\"@type\":\"EntryPoint\",\"urlTemplate\":\"https:\\\/\\\/sindromecharge.es\\\/?s={search_term_string}\"},\"query-input\":{\"@type\":\"PropertyValueSpecification\",\"valueRequired\":true,\"valueName\":\"search_term_string\"}}],\"inLanguage\":\"es\"},{\"@type\":\"Person\",\"@id\":\"https:\\\/\\\/sindromecharge.es\\\/#\\\/schema\\\/person\\\/39a60ebe0a2b4d5a11179701e336b039\",\"name\":\"Charge\",\"image\":{\"@type\":\"ImageObject\",\"inLanguage\":\"es\",\"@id\":\"https:\\\/\\\/secure.gravatar.com\\\/avatar\\\/c3b46e32a0fc3b093a0873fb767bf3293de856293065e84ef06b7ec7a8acfb98?s=96&d=identicon&r=x\",\"url\":\"https:\\\/\\\/secure.gravatar.com\\\/avatar\\\/c3b46e32a0fc3b093a0873fb767bf3293de856293065e84ef06b7ec7a8acfb98?s=96&d=identicon&r=x\",\"contentUrl\":\"https:\\\/\\\/secure.gravatar.com\\\/avatar\\\/c3b46e32a0fc3b093a0873fb767bf3293de856293065e84ef06b7ec7a8acfb98?s=96&d=identicon&r=x\",\"caption\":\"Charge\"},\"url\":\"https:\\\/\\\/sindromecharge.es\\\/index.php\\\/author\\\/admin\\\/\"}]}<\/script>\n<!-- \/ Yoast SEO plugin. -->","yoast_head_json":{"title":"El 24 de octubre, D\u00eda Mundial contra la Polio - Asociaci\u00f3n Espa\u00f1ola S\u00edndrome de Charge","robots":{"index":"index","follow":"follow","max-snippet":"max-snippet:-1","max-image-preview":"max-image-preview:large","max-video-preview":"max-video-preview:-1"},"canonical":"https:\/\/sindromecharge.es\/index.php\/2018\/10\/24\/el-24-de-octubre-dia-mundial-contra-la-polio\/","og_locale":"es_ES","og_type":"article","og_title":"El 24 de octubre, D\u00eda Mundial contra la Polio - Asociaci\u00f3n Espa\u00f1ola S\u00edndrome de Charge","og_description":"Leemos en FEDER la siguiente noticia que os reproducimos de forma \u00edntegra: &nbsp; El 24 de octubre, se celebra el D\u00eda Mundial contra la Polio con el objetivo de concienciar a la ciudadan\u00eda sobre las implicaciones de esta enfermedad poco frecuente. Con este objetivo, la Federaci\u00f3n Espa\u00f1ola de Enfermedades Raras (FEDER) se adhiere a esta [&hellip;]","og_url":"https:\/\/sindromecharge.es\/index.php\/2018\/10\/24\/el-24-de-octubre-dia-mundial-contra-la-polio\/","og_site_name":"Asociaci\u00f3n Espa\u00f1ola S\u00edndrome de Charge","article_publisher":"https:\/\/www.facebook.com\/asociacionsindromecharge","article_published_time":"2018-10-24T09:30:42+00:00","og_image":[{"width":300,"height":98,"url":"https:\/\/sindromecharge.es\/wp-content\/uploads\/2013\/09\/logodecharge300x98.png","type":"image\/png"}],"author":"Charge","twitter_card":"summary_large_image","twitter_creator":"@sindromecharge","twitter_site":"@sindromecharge","twitter_misc":{"Escrito por":"Charge","Tiempo de lectura":"1 minuto"},"schema":{"@context":"https:\/\/schema.org","@graph":[{"@type":"Article","@id":"https:\/\/sindromecharge.es\/index.php\/2018\/10\/24\/el-24-de-octubre-dia-mundial-contra-la-polio\/#article","isPartOf":{"@id":"https:\/\/sindromecharge.es\/index.php\/2018\/10\/24\/el-24-de-octubre-dia-mundial-contra-la-polio\/"},"author":{"name":"Charge","@id":"https:\/\/sindromecharge.es\/#\/schema\/person\/39a60ebe0a2b4d5a11179701e336b039"},"headline":"El 24 de octubre, D\u00eda Mundial contra la Polio","datePublished":"2018-10-24T09:30:42+00:00","mainEntityOfPage":{"@id":"https:\/\/sindromecharge.es\/index.php\/2018\/10\/24\/el-24-de-octubre-dia-mundial-contra-la-polio\/"},"wordCount":265,"commentCount":0,"keywords":["enfermedades raras"],"articleSection":["noticias"],"inLanguage":"es","potentialAction":[{"@type":"CommentAction","name":"Comment","target":["https:\/\/sindromecharge.es\/index.php\/2018\/10\/24\/el-24-de-octubre-dia-mundial-contra-la-polio\/#respond"]}]},{"@type":"WebPage","@id":"https:\/\/sindromecharge.es\/index.php\/2018\/10\/24\/el-24-de-octubre-dia-mundial-contra-la-polio\/","url":"https:\/\/sindromecharge.es\/index.php\/2018\/10\/24\/el-24-de-octubre-dia-mundial-contra-la-polio\/","name":"El 24 de octubre, D\u00eda Mundial contra la Polio - Asociaci\u00f3n Espa\u00f1ola S\u00edndrome de Charge","isPartOf":{"@id":"https:\/\/sindromecharge.es\/#website"},"datePublished":"2018-10-24T09:30:42+00:00","author":{"@id":"https:\/\/sindromecharge.es\/#\/schema\/person\/39a60ebe0a2b4d5a11179701e336b039"},"breadcrumb":{"@id":"https:\/\/sindromecharge.es\/index.php\/2018\/10\/24\/el-24-de-octubre-dia-mundial-contra-la-polio\/#breadcrumb"},"inLanguage":"es","potentialAction":[{"@type":"ReadAction","target":["https:\/\/sindromecharge.es\/index.php\/2018\/10\/24\/el-24-de-octubre-dia-mundial-contra-la-polio\/"]}]},{"@type":"BreadcrumbList","@id":"https:\/\/sindromecharge.es\/index.php\/2018\/10\/24\/el-24-de-octubre-dia-mundial-contra-la-polio\/#breadcrumb","itemListElement":[{"@type":"ListItem","position":1,"name":"Portada","item":"https:\/\/sindromecharge.es\/"},{"@type":"ListItem","position":2,"name":"El 24 de octubre, D\u00eda Mundial contra la Polio"}]},{"@type":"WebSite","@id":"https:\/\/sindromecharge.es\/#website","url":"https:\/\/sindromecharge.es\/","name":"Asociaci\u00f3n Espa\u00f1ola S\u00edndrome de Charge","description":"","potentialAction":[{"@type":"SearchAction","target":{"@type":"EntryPoint","urlTemplate":"https:\/\/sindromecharge.es\/?s={search_term_string}"},"query-input":{"@type":"PropertyValueSpecification","valueRequired":true,"valueName":"search_term_string"}}],"inLanguage":"es"},{"@type":"Person","@id":"https:\/\/sindromecharge.es\/#\/schema\/person\/39a60ebe0a2b4d5a11179701e336b039","name":"Charge","image":{"@type":"ImageObject","inLanguage":"es","@id":"https:\/\/secure.gravatar.com\/avatar\/c3b46e32a0fc3b093a0873fb767bf3293de856293065e84ef06b7ec7a8acfb98?s=96&d=identicon&r=x","url":"https:\/\/secure.gravatar.com\/avatar\/c3b46e32a0fc3b093a0873fb767bf3293de856293065e84ef06b7ec7a8acfb98?s=96&d=identicon&r=x","contentUrl":"https:\/\/secure.gravatar.com\/avatar\/c3b46e32a0fc3b093a0873fb767bf3293de856293065e84ef06b7ec7a8acfb98?s=96&d=identicon&r=x","caption":"Charge"},"url":"https:\/\/sindromecharge.es\/index.php\/author\/admin\/"}]}},"_links":{"self":[{"href":"https:\/\/sindromecharge.es\/index.php\/wp-json\/wp\/v2\/posts\/4059","targetHints":{"allow":["GET"]}}],"collection":[{"href":"https:\/\/sindromecharge.es\/index.php\/wp-json\/wp\/v2\/posts"}],"about":[{"href":"https:\/\/sindromecharge.es\/index.php\/wp-json\/wp\/v2\/types\/post"}],"author":[{"embeddable":true,"href":"https:\/\/sindromecharge.es\/index.php\/wp-json\/wp\/v2\/users\/1"}],"replies":[{"embeddable":true,"href":"https:\/\/sindromecharge.es\/index.php\/wp-json\/wp\/v2\/comments?post=4059"}],"version-history":[{"count":0,"href":"https:\/\/sindromecharge.es\/index.php\/wp-json\/wp\/v2\/posts\/4059\/revisions"}],"wp:attachment":[{"href":"https:\/\/sindromecharge.es\/index.php\/wp-json\/wp\/v2\/media?parent=4059"}],"wp:term":[{"taxonomy":"category","embeddable":true,"href":"https:\/\/sindromecharge.es\/index.php\/wp-json\/wp\/v2\/categories?post=4059"},{"taxonomy":"post_tag","embeddable":true,"href":"https:\/\/sindromecharge.es\/index.php\/wp-json\/wp\/v2\/tags?post=4059"}],"curies":[{"name":"wp","href":"https:\/\/api.w.org\/{rel}","templated":true}]}}