{"id":4056,"date":"2018-10-23T15:02:54","date_gmt":"2018-10-23T15:02:54","guid":{"rendered":"https:\/\/sindromecharge.es\/index.php\/2018\/10\/23\/fin-de-semana-de-juventud-implantada-coclear\/"},"modified":"2018-10-23T15:02:54","modified_gmt":"2018-10-23T15:02:54","slug":"fin-de-semana-de-juventud-implantada-coclear","status":"publish","type":"post","link":"https:\/\/sindromecharge.es\/index.php\/2018\/10\/23\/fin-de-semana-de-juventud-implantada-coclear\/","title":{"rendered":"Fin de semana de Juventud Implantada Coclear"},"content":{"rendered":"<p>Leemos en Federaci\u00f3n Aice la siguiente noticia que os reproducimos de forma \u00edntegra: <\/p>\n<p><a class=\"jcepopup\" title=\"Fin de Semana de Juventud Implantada Coclear. 23 y 24 de noviembre.\" href=\"http:\/\/www.implantecoclear.org\/images\/stories\/Fin_de_Semana_Juventud.jpg\" target=\"_blank\"><img loading=\"lazy\" decoding=\"async\" style=\"margin: 6px;float: left\" src=\"http:\/\/www.implantecoclear.org\/images\/stories\/Fin_de_Semana_Juventud.jpg\" alt=\"Cartel Fin de Semana de la Juventud\" width=\"200\" height=\"283\" \/><\/a>El pr\u00f3ximo 23 y 24 de noviembre se organiza el \u201cFin de semana de Juventud Implantada Coclear\u201d para j\u00f3venes de 18 a 30 a\u00f1os.<\/p>\n<p>Re\u00fanete con viejos amigos o ven a conocer a gente de toda Espa\u00f1a en un encuentro donde visitar\u00e1s Barcelona, disfrutar\u00e1s de actividades y realizar\u00e1s un taller de empoderamiento con la organizaci\u00f3n AICE.<\/p>\n<p>Para fin de fiesta, \u00a1nos uniremos a la cena de gala de XXI Premios AICE!<\/p>\n<p>No te lo pierdas! Plazas Limitadas.<\/p>\n<p>Para apuntarse, contactar con: <a>jovenes@implantecoclear.org<\/a><\/p>\n<p>Telf: +34.93.331.74.75<\/p>\n<p>Precio: 10 \u20ac Socios, 100 \u20ac No socios<\/p>\n<p><strong>\u00a1Os esperamos!<\/strong><\/p>\n<p>Fuente: Federaci\u00f3n Aice <a href=\"http:\/\/implantecoclear.org\/index.php?option=com_content&#038;view=article&#038;id=521:fin-de-semana-de-juventud-implantada-coclear&#038;catid=1:latest-news&#038;Itemid=50\" target=\"_blank\">Fin de semana de Juventud Implantada Coclear<\/a><\/p>\n","protected":false},"excerpt":{"rendered":"<p>Leemos en Federaci\u00f3n Aice la siguiente noticia que os reproducimos de forma \u00edntegra: El pr\u00f3ximo 23 y 24 de noviembre se organiza el \u201cFin de semana de Juventud Implantada Coclear\u201d para j\u00f3venes de 18 a 30 a\u00f1os. Re\u00fanete con viejos amigos o ven a conocer a gente de toda Espa\u00f1a en un encuentro donde visitar\u00e1s [&hellip;]<\/p>\n","protected":false},"author":1,"featured_media":0,"comment_status":"open","ping_status":"closed","sticky":false,"template":"","format":"standard","meta":{"footnotes":""},"categories":[8],"tags":[31],"class_list":["post-4056","post","type-post","status-publish","format-standard","hentry","category-noticias","tag-discapacidad"],"yoast_head":"<!-- This site is optimized with the Yoast SEO plugin v27.4 - https:\/\/yoast.com\/product\/yoast-seo-wordpress\/ -->\n<title>Fin de semana de Juventud Implantada Coclear - Asociaci\u00f3n Espa\u00f1ola S\u00edndrome de Charge<\/title>\n<meta name=\"robots\" content=\"index, follow, max-snippet:-1, max-image-preview:large, max-video-preview:-1\" \/>\n<link rel=\"canonical\" href=\"https:\/\/sindromecharge.es\/index.php\/2018\/10\/23\/fin-de-semana-de-juventud-implantada-coclear\/\" \/>\n<meta property=\"og:locale\" content=\"es_ES\" \/>\n<meta property=\"og:type\" content=\"article\" \/>\n<meta property=\"og:title\" content=\"Fin de semana de Juventud Implantada Coclear - Asociaci\u00f3n Espa\u00f1ola S\u00edndrome de Charge\" \/>\n<meta property=\"og:description\" content=\"Leemos en Federaci\u00f3n Aice la siguiente noticia que os reproducimos de forma \u00edntegra: El pr\u00f3ximo 23 y 24 de noviembre se organiza el \u201cFin de semana de Juventud Implantada Coclear\u201d para j\u00f3venes de 18 a 30 a\u00f1os. Re\u00fanete con viejos amigos o ven a conocer a gente de toda Espa\u00f1a en un encuentro donde visitar\u00e1s [&hellip;]\" \/>\n<meta property=\"og:url\" content=\"https:\/\/sindromecharge.es\/index.php\/2018\/10\/23\/fin-de-semana-de-juventud-implantada-coclear\/\" \/>\n<meta property=\"og:site_name\" content=\"Asociaci\u00f3n Espa\u00f1ola S\u00edndrome de Charge\" \/>\n<meta property=\"article:publisher\" content=\"https:\/\/www.facebook.com\/asociacionsindromecharge\" \/>\n<meta property=\"article:published_time\" content=\"2018-10-23T15:02:54+00:00\" \/>\n<meta property=\"og:image\" content=\"http:\/\/www.implantecoclear.org\/images\/stories\/Fin_de_Semana_Juventud.jpg\" \/>\n<meta name=\"author\" content=\"Charge\" \/>\n<meta name=\"twitter:card\" content=\"summary_large_image\" \/>\n<meta name=\"twitter:creator\" content=\"@sindromecharge\" \/>\n<meta name=\"twitter:site\" content=\"@sindromecharge\" \/>\n<meta name=\"twitter:label1\" content=\"Escrito por\" \/>\n\t<meta name=\"twitter:data1\" content=\"Charge\" \/>\n\t<meta name=\"twitter:label2\" content=\"Tiempo de lectura\" \/>\n\t<meta name=\"twitter:data2\" content=\"1 minuto\" \/>\n<script type=\"application\/ld+json\" class=\"yoast-schema-graph\">{\"@context\":\"https:\\\/\\\/schema.org\",\"@graph\":[{\"@type\":\"Article\",\"@id\":\"https:\\\/\\\/sindromecharge.es\\\/index.php\\\/2018\\\/10\\\/23\\\/fin-de-semana-de-juventud-implantada-coclear\\\/#article\",\"isPartOf\":{\"@id\":\"https:\\\/\\\/sindromecharge.es\\\/index.php\\\/2018\\\/10\\\/23\\\/fin-de-semana-de-juventud-implantada-coclear\\\/\"},\"author\":{\"name\":\"Charge\",\"@id\":\"https:\\\/\\\/sindromecharge.es\\\/#\\\/schema\\\/person\\\/39a60ebe0a2b4d5a11179701e336b039\"},\"headline\":\"Fin de semana de Juventud Implantada Coclear\",\"datePublished\":\"2018-10-23T15:02:54+00:00\",\"mainEntityOfPage\":{\"@id\":\"https:\\\/\\\/sindromecharge.es\\\/index.php\\\/2018\\\/10\\\/23\\\/fin-de-semana-de-juventud-implantada-coclear\\\/\"},\"wordCount\":128,\"commentCount\":0,\"image\":{\"@id\":\"https:\\\/\\\/sindromecharge.es\\\/index.php\\\/2018\\\/10\\\/23\\\/fin-de-semana-de-juventud-implantada-coclear\\\/#primaryimage\"},\"thumbnailUrl\":\"http:\\\/\\\/www.implantecoclear.org\\\/images\\\/stories\\\/Fin_de_Semana_Juventud.jpg\",\"keywords\":[\"discapacidad\"],\"articleSection\":[\"noticias\"],\"inLanguage\":\"es\",\"potentialAction\":[{\"@type\":\"CommentAction\",\"name\":\"Comment\",\"target\":[\"https:\\\/\\\/sindromecharge.es\\\/index.php\\\/2018\\\/10\\\/23\\\/fin-de-semana-de-juventud-implantada-coclear\\\/#respond\"]}]},{\"@type\":\"WebPage\",\"@id\":\"https:\\\/\\\/sindromecharge.es\\\/index.php\\\/2018\\\/10\\\/23\\\/fin-de-semana-de-juventud-implantada-coclear\\\/\",\"url\":\"https:\\\/\\\/sindromecharge.es\\\/index.php\\\/2018\\\/10\\\/23\\\/fin-de-semana-de-juventud-implantada-coclear\\\/\",\"name\":\"Fin de semana de Juventud Implantada Coclear - Asociaci\u00f3n Espa\u00f1ola S\u00edndrome de Charge\",\"isPartOf\":{\"@id\":\"https:\\\/\\\/sindromecharge.es\\\/#website\"},\"primaryImageOfPage\":{\"@id\":\"https:\\\/\\\/sindromecharge.es\\\/index.php\\\/2018\\\/10\\\/23\\\/fin-de-semana-de-juventud-implantada-coclear\\\/#primaryimage\"},\"image\":{\"@id\":\"https:\\\/\\\/sindromecharge.es\\\/index.php\\\/2018\\\/10\\\/23\\\/fin-de-semana-de-juventud-implantada-coclear\\\/#primaryimage\"},\"thumbnailUrl\":\"http:\\\/\\\/www.implantecoclear.org\\\/images\\\/stories\\\/Fin_de_Semana_Juventud.jpg\",\"datePublished\":\"2018-10-23T15:02:54+00:00\",\"author\":{\"@id\":\"https:\\\/\\\/sindromecharge.es\\\/#\\\/schema\\\/person\\\/39a60ebe0a2b4d5a11179701e336b039\"},\"breadcrumb\":{\"@id\":\"https:\\\/\\\/sindromecharge.es\\\/index.php\\\/2018\\\/10\\\/23\\\/fin-de-semana-de-juventud-implantada-coclear\\\/#breadcrumb\"},\"inLanguage\":\"es\",\"potentialAction\":[{\"@type\":\"ReadAction\",\"target\":[\"https:\\\/\\\/sindromecharge.es\\\/index.php\\\/2018\\\/10\\\/23\\\/fin-de-semana-de-juventud-implantada-coclear\\\/\"]}]},{\"@type\":\"ImageObject\",\"inLanguage\":\"es\",\"@id\":\"https:\\\/\\\/sindromecharge.es\\\/index.php\\\/2018\\\/10\\\/23\\\/fin-de-semana-de-juventud-implantada-coclear\\\/#primaryimage\",\"url\":\"http:\\\/\\\/www.implantecoclear.org\\\/images\\\/stories\\\/Fin_de_Semana_Juventud.jpg\",\"contentUrl\":\"http:\\\/\\\/www.implantecoclear.org\\\/images\\\/stories\\\/Fin_de_Semana_Juventud.jpg\"},{\"@type\":\"BreadcrumbList\",\"@id\":\"https:\\\/\\\/sindromecharge.es\\\/index.php\\\/2018\\\/10\\\/23\\\/fin-de-semana-de-juventud-implantada-coclear\\\/#breadcrumb\",\"itemListElement\":[{\"@type\":\"ListItem\",\"position\":1,\"name\":\"Portada\",\"item\":\"https:\\\/\\\/sindromecharge.es\\\/\"},{\"@type\":\"ListItem\",\"position\":2,\"name\":\"Fin de semana de Juventud Implantada Coclear\"}]},{\"@type\":\"WebSite\",\"@id\":\"https:\\\/\\\/sindromecharge.es\\\/#website\",\"url\":\"https:\\\/\\\/sindromecharge.es\\\/\",\"name\":\"Asociaci\u00f3n Espa\u00f1ola S\u00edndrome de Charge\",\"description\":\"\",\"potentialAction\":[{\"@type\":\"SearchAction\",\"target\":{\"@type\":\"EntryPoint\",\"urlTemplate\":\"https:\\\/\\\/sindromecharge.es\\\/?s={search_term_string}\"},\"query-input\":{\"@type\":\"PropertyValueSpecification\",\"valueRequired\":true,\"valueName\":\"search_term_string\"}}],\"inLanguage\":\"es\"},{\"@type\":\"Person\",\"@id\":\"https:\\\/\\\/sindromecharge.es\\\/#\\\/schema\\\/person\\\/39a60ebe0a2b4d5a11179701e336b039\",\"name\":\"Charge\",\"image\":{\"@type\":\"ImageObject\",\"inLanguage\":\"es\",\"@id\":\"https:\\\/\\\/secure.gravatar.com\\\/avatar\\\/c3b46e32a0fc3b093a0873fb767bf3293de856293065e84ef06b7ec7a8acfb98?s=96&d=identicon&r=x\",\"url\":\"https:\\\/\\\/secure.gravatar.com\\\/avatar\\\/c3b46e32a0fc3b093a0873fb767bf3293de856293065e84ef06b7ec7a8acfb98?s=96&d=identicon&r=x\",\"contentUrl\":\"https:\\\/\\\/secure.gravatar.com\\\/avatar\\\/c3b46e32a0fc3b093a0873fb767bf3293de856293065e84ef06b7ec7a8acfb98?s=96&d=identicon&r=x\",\"caption\":\"Charge\"},\"url\":\"https:\\\/\\\/sindromecharge.es\\\/index.php\\\/author\\\/admin\\\/\"}]}<\/script>\n<!-- \/ Yoast SEO plugin. -->","yoast_head_json":{"title":"Fin de semana de Juventud Implantada Coclear - Asociaci\u00f3n Espa\u00f1ola S\u00edndrome de Charge","robots":{"index":"index","follow":"follow","max-snippet":"max-snippet:-1","max-image-preview":"max-image-preview:large","max-video-preview":"max-video-preview:-1"},"canonical":"https:\/\/sindromecharge.es\/index.php\/2018\/10\/23\/fin-de-semana-de-juventud-implantada-coclear\/","og_locale":"es_ES","og_type":"article","og_title":"Fin de semana de Juventud Implantada Coclear - Asociaci\u00f3n Espa\u00f1ola S\u00edndrome de Charge","og_description":"Leemos en Federaci\u00f3n Aice la siguiente noticia que os reproducimos de forma \u00edntegra: El pr\u00f3ximo 23 y 24 de noviembre se organiza el \u201cFin de semana de Juventud Implantada Coclear\u201d para j\u00f3venes de 18 a 30 a\u00f1os. Re\u00fanete con viejos amigos o ven a conocer a gente de toda Espa\u00f1a en un encuentro donde visitar\u00e1s [&hellip;]","og_url":"https:\/\/sindromecharge.es\/index.php\/2018\/10\/23\/fin-de-semana-de-juventud-implantada-coclear\/","og_site_name":"Asociaci\u00f3n Espa\u00f1ola S\u00edndrome de Charge","article_publisher":"https:\/\/www.facebook.com\/asociacionsindromecharge","article_published_time":"2018-10-23T15:02:54+00:00","og_image":[{"url":"http:\/\/www.implantecoclear.org\/images\/stories\/Fin_de_Semana_Juventud.jpg","type":"","width":"","height":""}],"author":"Charge","twitter_card":"summary_large_image","twitter_creator":"@sindromecharge","twitter_site":"@sindromecharge","twitter_misc":{"Escrito por":"Charge","Tiempo de lectura":"1 minuto"},"schema":{"@context":"https:\/\/schema.org","@graph":[{"@type":"Article","@id":"https:\/\/sindromecharge.es\/index.php\/2018\/10\/23\/fin-de-semana-de-juventud-implantada-coclear\/#article","isPartOf":{"@id":"https:\/\/sindromecharge.es\/index.php\/2018\/10\/23\/fin-de-semana-de-juventud-implantada-coclear\/"},"author":{"name":"Charge","@id":"https:\/\/sindromecharge.es\/#\/schema\/person\/39a60ebe0a2b4d5a11179701e336b039"},"headline":"Fin de semana de Juventud Implantada Coclear","datePublished":"2018-10-23T15:02:54+00:00","mainEntityOfPage":{"@id":"https:\/\/sindromecharge.es\/index.php\/2018\/10\/23\/fin-de-semana-de-juventud-implantada-coclear\/"},"wordCount":128,"commentCount":0,"image":{"@id":"https:\/\/sindromecharge.es\/index.php\/2018\/10\/23\/fin-de-semana-de-juventud-implantada-coclear\/#primaryimage"},"thumbnailUrl":"http:\/\/www.implantecoclear.org\/images\/stories\/Fin_de_Semana_Juventud.jpg","keywords":["discapacidad"],"articleSection":["noticias"],"inLanguage":"es","potentialAction":[{"@type":"CommentAction","name":"Comment","target":["https:\/\/sindromecharge.es\/index.php\/2018\/10\/23\/fin-de-semana-de-juventud-implantada-coclear\/#respond"]}]},{"@type":"WebPage","@id":"https:\/\/sindromecharge.es\/index.php\/2018\/10\/23\/fin-de-semana-de-juventud-implantada-coclear\/","url":"https:\/\/sindromecharge.es\/index.php\/2018\/10\/23\/fin-de-semana-de-juventud-implantada-coclear\/","name":"Fin de semana de Juventud Implantada Coclear - Asociaci\u00f3n Espa\u00f1ola S\u00edndrome de Charge","isPartOf":{"@id":"https:\/\/sindromecharge.es\/#website"},"primaryImageOfPage":{"@id":"https:\/\/sindromecharge.es\/index.php\/2018\/10\/23\/fin-de-semana-de-juventud-implantada-coclear\/#primaryimage"},"image":{"@id":"https:\/\/sindromecharge.es\/index.php\/2018\/10\/23\/fin-de-semana-de-juventud-implantada-coclear\/#primaryimage"},"thumbnailUrl":"http:\/\/www.implantecoclear.org\/images\/stories\/Fin_de_Semana_Juventud.jpg","datePublished":"2018-10-23T15:02:54+00:00","author":{"@id":"https:\/\/sindromecharge.es\/#\/schema\/person\/39a60ebe0a2b4d5a11179701e336b039"},"breadcrumb":{"@id":"https:\/\/sindromecharge.es\/index.php\/2018\/10\/23\/fin-de-semana-de-juventud-implantada-coclear\/#breadcrumb"},"inLanguage":"es","potentialAction":[{"@type":"ReadAction","target":["https:\/\/sindromecharge.es\/index.php\/2018\/10\/23\/fin-de-semana-de-juventud-implantada-coclear\/"]}]},{"@type":"ImageObject","inLanguage":"es","@id":"https:\/\/sindromecharge.es\/index.php\/2018\/10\/23\/fin-de-semana-de-juventud-implantada-coclear\/#primaryimage","url":"http:\/\/www.implantecoclear.org\/images\/stories\/Fin_de_Semana_Juventud.jpg","contentUrl":"http:\/\/www.implantecoclear.org\/images\/stories\/Fin_de_Semana_Juventud.jpg"},{"@type":"BreadcrumbList","@id":"https:\/\/sindromecharge.es\/index.php\/2018\/10\/23\/fin-de-semana-de-juventud-implantada-coclear\/#breadcrumb","itemListElement":[{"@type":"ListItem","position":1,"name":"Portada","item":"https:\/\/sindromecharge.es\/"},{"@type":"ListItem","position":2,"name":"Fin de semana de Juventud Implantada Coclear"}]},{"@type":"WebSite","@id":"https:\/\/sindromecharge.es\/#website","url":"https:\/\/sindromecharge.es\/","name":"Asociaci\u00f3n Espa\u00f1ola S\u00edndrome de Charge","description":"","potentialAction":[{"@type":"SearchAction","target":{"@type":"EntryPoint","urlTemplate":"https:\/\/sindromecharge.es\/?s={search_term_string}"},"query-input":{"@type":"PropertyValueSpecification","valueRequired":true,"valueName":"search_term_string"}}],"inLanguage":"es"},{"@type":"Person","@id":"https:\/\/sindromecharge.es\/#\/schema\/person\/39a60ebe0a2b4d5a11179701e336b039","name":"Charge","image":{"@type":"ImageObject","inLanguage":"es","@id":"https:\/\/secure.gravatar.com\/avatar\/c3b46e32a0fc3b093a0873fb767bf3293de856293065e84ef06b7ec7a8acfb98?s=96&d=identicon&r=x","url":"https:\/\/secure.gravatar.com\/avatar\/c3b46e32a0fc3b093a0873fb767bf3293de856293065e84ef06b7ec7a8acfb98?s=96&d=identicon&r=x","contentUrl":"https:\/\/secure.gravatar.com\/avatar\/c3b46e32a0fc3b093a0873fb767bf3293de856293065e84ef06b7ec7a8acfb98?s=96&d=identicon&r=x","caption":"Charge"},"url":"https:\/\/sindromecharge.es\/index.php\/author\/admin\/"}]}},"_links":{"self":[{"href":"https:\/\/sindromecharge.es\/index.php\/wp-json\/wp\/v2\/posts\/4056","targetHints":{"allow":["GET"]}}],"collection":[{"href":"https:\/\/sindromecharge.es\/index.php\/wp-json\/wp\/v2\/posts"}],"about":[{"href":"https:\/\/sindromecharge.es\/index.php\/wp-json\/wp\/v2\/types\/post"}],"author":[{"embeddable":true,"href":"https:\/\/sindromecharge.es\/index.php\/wp-json\/wp\/v2\/users\/1"}],"replies":[{"embeddable":true,"href":"https:\/\/sindromecharge.es\/index.php\/wp-json\/wp\/v2\/comments?post=4056"}],"version-history":[{"count":0,"href":"https:\/\/sindromecharge.es\/index.php\/wp-json\/wp\/v2\/posts\/4056\/revisions"}],"wp:attachment":[{"href":"https:\/\/sindromecharge.es\/index.php\/wp-json\/wp\/v2\/media?parent=4056"}],"wp:term":[{"taxonomy":"category","embeddable":true,"href":"https:\/\/sindromecharge.es\/index.php\/wp-json\/wp\/v2\/categories?post=4056"},{"taxonomy":"post_tag","embeddable":true,"href":"https:\/\/sindromecharge.es\/index.php\/wp-json\/wp\/v2\/tags?post=4056"}],"curies":[{"name":"wp","href":"https:\/\/api.w.org\/{rel}","templated":true}]}}