{"id":4052,"date":"2018-10-23T04:26:39","date_gmt":"2018-10-23T04:26:39","guid":{"rendered":"https:\/\/sindromecharge.es\/index.php\/2018\/10\/23\/mireia-y-gonzalo-una-historia-de-amor-sordo\/"},"modified":"2018-10-23T04:26:39","modified_gmt":"2018-10-23T04:26:39","slug":"mireia-y-gonzalo-una-historia-de-amor-sordo","status":"publish","type":"post","link":"https:\/\/sindromecharge.es\/index.php\/2018\/10\/23\/mireia-y-gonzalo-una-historia-de-amor-sordo\/","title":{"rendered":"Mireia y Gonzalo, una historia de amor sordo"},"content":{"rendered":"<p>Leemos en 20minutos la siguiente noticia que os reproducimos de forma \u00edntegra: <\/p>\n<p>CLARA ROCA<\/p>\n<ul>\n<li>La pareja cuenta su historia en el D\u00eda Internacional de la Sordera.<\/li>\n<li>Pertenecen al m\u00e1s del mill\u00f3n de personas con discapacidad auditiva en Espa\u00f1a.<\/li>\n<\/ul>\n<p><img loading=\"lazy\" decoding=\"async\" src=\"https:\/\/cdn.20m.es\/img2\/recortes\/2018\/09\/27\/790562-620-282.jpg\" width=\"620\" height=\"282\" alt=\"Gonzalo y Mireia en Plaza de Castilla\" \/><\/p>\n<p>Mireia y Gonzalo llevan seis a\u00f1os juntos y se casaron hace un a\u00f1o. <strong>La ilusi\u00f3n del nuevo matrimonio<\/strong> se nota en las brillantes alianzas y en la miradas c\u00f3mplices que se dedican el uno al otro.<\/p>\n<p><strong>Gonzalo Mart\u00edn Arregui<\/strong>, de 35 a\u00f1os, es un madrile\u00f1o y <strong>Mireia Moncho Fern\u00e1ndez<\/strong>, de 31, menorquina. Una amiga les present\u00f3 en el 75\u00ba aniversario de la Confederaci\u00f3n Estatal de Personas Sordas (CNSE), celebrado en Madrid. Ella naci\u00f3 sorda. \u00c9l perdi\u00f3 la audici\u00f3n con menos de un a\u00f1o por un accidente. Ambos pertenecen al<strong> m\u00e1s del mill\u00f3n de personas en Espa\u00f1a<\/strong> con sordera.<\/p>\n<p>Entre ellos hablan en silencio, o muy bajito. No les hace falta m\u00e1s, <strong>sus manos se mueven r\u00e1pidamente.<\/strong> A una velocidad normal para quien domina la lengua de signos, pero imposible de seguir para quien no la conoce. Es como escuchar hablar alem\u00e1n por primera vez. Se puede entender el tono y alg\u00fan concepto aislado, pero la mayor parte de la conversaci\u00f3n permanece un enigma.<\/p>\n<h2>Las manos tambi\u00e9n hablan<\/h2>\n<p>Ambos se comunican con sus padres por lectura labial, ya que no aprendieron bien la lengua de signos. <strong>\u00abLes daba miedo que no aprendi\u00e9ramos a hablar\u00bb<\/strong>, dice ella. Se trata de un temor muy com\u00fan entre los padres de hijos con problemas auditivos.<\/p>\n<p>-\u00bfQu\u00e9 prefer\u00eds, la lengua signada o la oral?<\/p>\n<p>&#8211; <strong>Las dos<\/strong> \u2014contesta r\u00e1pidamente Mireia<span class=\"st\">\u2014<\/span>. La oral te sirve para comunicarte con la gente no signante, para pedir en un restaurante o para preguntar algo por la calle, pero con la de signos te comunicas mejor.<\/p>\n<p>\u00c9l habla castellano (oral y signado). Ella habla castellano y catal\u00e1n oral. \u00abMe siento m\u00e1s c\u00f3moda con el catal\u00e1n. De peque\u00f1a era muy tozuda y no quer\u00eda aprender castellano\u00bb. Pero ahora casada con el madrile\u00f1o y con una gran mayor\u00eda de amigos en la ciudad castellanoparlantes, agradece haberlo aprendido.<\/p>\n<p>En signado habla <strong>\u00abuna mezcla\u00bb<\/strong>, dice ri\u00e9ndose y mirando a su pareja.\u00a0En Espa\u00f1a las dos lenguas de signos oficiales son el espa\u00f1ol y el catal\u00e1n. No fue hasta 2007 cuando fueron reconocidas <a href=\"https:\/\/www.boe.es\/buscar\/act.php?id=BOE-A-2007-18476\" target=\"_blank\">por ley<\/a> como las lenguas propias de las personas sordas que la usan. \u00abHay muchos signos parecidos en el castellano y en el catal\u00e1n\u00bb, cuenta. Acto seguido explica algunas diferencias, como la forma de hacer &#8216;dilluns&#8217;, con cuernitos hacia el receptor, o &#8216;lunes&#8217;, con cuernitos sobre la mano.<\/p>\n<h2>\u00abM\u00e1s int\u00e9rpretes\u00bb<\/h2>\n<p>Gonzalo lleva 13 a\u00f1os trabajando en el<strong> grupo Santillana<\/strong>. \u00ab\u00bfSi pudieras cambiar algo en las instituciones qu\u00e9 ser\u00eda?\u00bb. No lo duda un segundo: \u00abM\u00e1s int\u00e9rpretes\u00bb. En su d\u00eda a d\u00eda como auxiliar administrativo no lo necesita. Trabaja principalmente con el ordenador. Con sus compa\u00f1eros puede comunicarse de forma oral y con lectura labial, pero cuando llega la hora de una reuni\u00f3n la cosa se complica.<\/p>\n<p>La inmensa mayor\u00eda de los amigos de la pareja son sordos y se comunican sin barreras con la lengua signada. Pero para hablar con normoyentes no signantes, es decir, personas oyentes que no manejan la lengua de signos, se requieren algunas consideraciones. Por parte de la persona que est\u00e9 hablando es importante <strong>mirar de frente y a la misma altura<\/strong> a la persona sorda, para que pueda leer bien los labios. Hay que<strong> vocalizar bien y no taparse la boca<\/strong> ni masticar nada.<\/p>\n<p>A cierta distancia, en situaciones con muchas personas hablando o con poca luz la lectura se dificulta. \u00abEn las reuniones me pierdo la mayor\u00eda de la informaci\u00f3n y luego le tengo que preguntar a mis compa\u00f1eros, pero claro, me lo explican de forma muy breve y resumida. Me gustar\u00eda tener un int\u00e9rprete para estos casos, pero si lo quiero <strong>me lo tengo que pagar de mi propio bolsillo<\/strong>\u00ab, se lamenta.<\/p>\n<h2>Un peque\u00f1o detalle<\/h2>\n<p>Mireia trabajaba de esteticista y masajista en Menorca, pero ahora en Madrid trabaja de limpiadora por las noches en la Torre Picasso porque no consigue trabajo en su campo: \u00abMe dicen que <strong>no me contratan porque no puedo atender el tel\u00e9fono<\/strong>\u00ab, se queja. No entiende porqu\u00e9 hoy en d\u00eda con recursos tecnol\u00f3gicos como Whatsapp no puede comunicarse con los clientes por medios escritos. Un peque\u00f1o detalle que cambia una vida. \u00abAdem\u00e1s, no o\u00edr es mejor para hacer una manicura o un masaje: no te distraes, no charlas, te concentras al 100% en lo que est\u00e1s haciendo\u00bb, se\u00f1ala.<\/p>\n<p>Aunque para los normoyentes ser sordo significa una sola cosa, existe un rango muy amplio de discapacidades auditivas. Tanto Gonzalo como Mireia tienen sordera bilateral profunda. Ella lleva ahora un <strong>implante coclear<\/strong>, cuya colocaci\u00f3n implica cirug\u00eda. En su caso el cambio ha sido para mejor: \u00abcon los aud\u00edfonos solo o\u00eda ruidos\u00bb. \u00c9l, por su parte, lleva unos<strong> aud\u00edfonos<\/strong> nuevos desde hace a\u00f1o y medio y tambi\u00e9n est\u00e1 mucho m\u00e1s contento: \u00abLos de antes no me iban nada bien\u00bb.<\/p>\n<p>O\u00edr con aud\u00edfonos no es equivalente a hacerlo de forma natural, m\u00e1s bajito o peor: <strong>es o\u00edr distinto.<\/strong> Con un cambio de aparatos tienen que aprender a identificar de d\u00f3nde vienen los ruidos o a reconocer el sonido de su propio nombre.<\/p>\n<h2>\u00abNo somos mudos\u00bb<\/h2>\n<p>-\u00bfQu\u00e9 le pedir\u00edais a la comunidad normoyente?<\/p>\n<p>&#8211; <strong>Que se animen m\u00e1s<\/strong> a hablar con las personas sordas \u2014comenta Gonzalo\u2014. Mucha gente no lo hace porque lo ve dif\u00edcil. A veces hay que repetir alguna palabra o escribir algo que no se entienda.<\/p>\n<p>&#8211; Me molesta que se use la palabra &#8216;sordomudo&#8217; \u2014cuenta Mireia\u2014. <strong>Puedo hablar.<\/strong> No somos mudos, no tenemos ning\u00fan problema con las cuerdas vocales. No se escucha la expresi\u00f3n &#8216;oyentemudo&#8217;, \u00bfverdad?<\/p>\n<p>Fuente: 20minutos <a href=\"https:\/\/www.20minutos.es\/noticia\/3450023\/0\/amor-sordo-historia-mireia-gonzalo-dia-mundial-sordera\/\" target=\"_blank\">Mireia y Gonzalo, una historia de amor sordo<\/a><\/p>\n","protected":false},"excerpt":{"rendered":"<p>Leemos en 20minutos la siguiente noticia que os reproducimos de forma \u00edntegra: CLARA ROCA La pareja cuenta su historia en el D\u00eda Internacional de la Sordera. Pertenecen al m\u00e1s del mill\u00f3n de personas con discapacidad auditiva en Espa\u00f1a. Mireia y Gonzalo llevan seis a\u00f1os juntos y se casaron hace un a\u00f1o. La ilusi\u00f3n del nuevo [&hellip;]<\/p>\n","protected":false},"author":1,"featured_media":0,"comment_status":"open","ping_status":"closed","sticky":false,"template":"","format":"standard","meta":{"footnotes":""},"categories":[8],"tags":[31],"class_list":["post-4052","post","type-post","status-publish","format-standard","hentry","category-noticias","tag-discapacidad"],"yoast_head":"<!-- This site is optimized with the Yoast SEO plugin v27.4 - https:\/\/yoast.com\/product\/yoast-seo-wordpress\/ -->\n<title>Mireia y Gonzalo, una historia de amor sordo - Asociaci\u00f3n Espa\u00f1ola S\u00edndrome de Charge<\/title>\n<meta name=\"robots\" content=\"index, follow, max-snippet:-1, max-image-preview:large, max-video-preview:-1\" \/>\n<link rel=\"canonical\" href=\"https:\/\/sindromecharge.es\/index.php\/2018\/10\/23\/mireia-y-gonzalo-una-historia-de-amor-sordo\/\" \/>\n<meta property=\"og:locale\" content=\"es_ES\" \/>\n<meta property=\"og:type\" content=\"article\" \/>\n<meta property=\"og:title\" content=\"Mireia y Gonzalo, una historia de amor sordo - Asociaci\u00f3n Espa\u00f1ola S\u00edndrome de Charge\" \/>\n<meta property=\"og:description\" content=\"Leemos en 20minutos la siguiente noticia que os reproducimos de forma \u00edntegra: CLARA ROCA La pareja cuenta su historia en el D\u00eda Internacional de la Sordera. Pertenecen al m\u00e1s del mill\u00f3n de personas con discapacidad auditiva en Espa\u00f1a. Mireia y Gonzalo llevan seis a\u00f1os juntos y se casaron hace un a\u00f1o. La ilusi\u00f3n del nuevo [&hellip;]\" \/>\n<meta property=\"og:url\" content=\"https:\/\/sindromecharge.es\/index.php\/2018\/10\/23\/mireia-y-gonzalo-una-historia-de-amor-sordo\/\" \/>\n<meta property=\"og:site_name\" content=\"Asociaci\u00f3n Espa\u00f1ola S\u00edndrome de Charge\" \/>\n<meta property=\"article:publisher\" content=\"https:\/\/www.facebook.com\/asociacionsindromecharge\" \/>\n<meta property=\"article:published_time\" content=\"2018-10-23T04:26:39+00:00\" \/>\n<meta property=\"og:image\" content=\"https:\/\/cdn.20m.es\/img2\/recortes\/2018\/09\/27\/790562-620-282.jpg\" \/>\n<meta name=\"author\" content=\"Charge\" \/>\n<meta name=\"twitter:card\" content=\"summary_large_image\" \/>\n<meta name=\"twitter:creator\" content=\"@sindromecharge\" \/>\n<meta name=\"twitter:site\" content=\"@sindromecharge\" \/>\n<meta name=\"twitter:label1\" content=\"Escrito por\" \/>\n\t<meta name=\"twitter:data1\" content=\"Charge\" \/>\n\t<meta name=\"twitter:label2\" content=\"Tiempo de lectura\" \/>\n\t<meta name=\"twitter:data2\" content=\"5 minutos\" \/>\n<script type=\"application\/ld+json\" class=\"yoast-schema-graph\">{\"@context\":\"https:\\\/\\\/schema.org\",\"@graph\":[{\"@type\":\"Article\",\"@id\":\"https:\\\/\\\/sindromecharge.es\\\/index.php\\\/2018\\\/10\\\/23\\\/mireia-y-gonzalo-una-historia-de-amor-sordo\\\/#article\",\"isPartOf\":{\"@id\":\"https:\\\/\\\/sindromecharge.es\\\/index.php\\\/2018\\\/10\\\/23\\\/mireia-y-gonzalo-una-historia-de-amor-sordo\\\/\"},\"author\":{\"name\":\"Charge\",\"@id\":\"https:\\\/\\\/sindromecharge.es\\\/#\\\/schema\\\/person\\\/39a60ebe0a2b4d5a11179701e336b039\"},\"headline\":\"Mireia y Gonzalo, una historia de amor sordo\",\"datePublished\":\"2018-10-23T04:26:39+00:00\",\"mainEntityOfPage\":{\"@id\":\"https:\\\/\\\/sindromecharge.es\\\/index.php\\\/2018\\\/10\\\/23\\\/mireia-y-gonzalo-una-historia-de-amor-sordo\\\/\"},\"wordCount\":1038,\"commentCount\":0,\"image\":{\"@id\":\"https:\\\/\\\/sindromecharge.es\\\/index.php\\\/2018\\\/10\\\/23\\\/mireia-y-gonzalo-una-historia-de-amor-sordo\\\/#primaryimage\"},\"thumbnailUrl\":\"https:\\\/\\\/cdn.20m.es\\\/img2\\\/recortes\\\/2018\\\/09\\\/27\\\/790562-620-282.jpg\",\"keywords\":[\"discapacidad\"],\"articleSection\":[\"noticias\"],\"inLanguage\":\"es\",\"potentialAction\":[{\"@type\":\"CommentAction\",\"name\":\"Comment\",\"target\":[\"https:\\\/\\\/sindromecharge.es\\\/index.php\\\/2018\\\/10\\\/23\\\/mireia-y-gonzalo-una-historia-de-amor-sordo\\\/#respond\"]}]},{\"@type\":\"WebPage\",\"@id\":\"https:\\\/\\\/sindromecharge.es\\\/index.php\\\/2018\\\/10\\\/23\\\/mireia-y-gonzalo-una-historia-de-amor-sordo\\\/\",\"url\":\"https:\\\/\\\/sindromecharge.es\\\/index.php\\\/2018\\\/10\\\/23\\\/mireia-y-gonzalo-una-historia-de-amor-sordo\\\/\",\"name\":\"Mireia y Gonzalo, una historia de amor sordo - Asociaci\u00f3n Espa\u00f1ola S\u00edndrome de Charge\",\"isPartOf\":{\"@id\":\"https:\\\/\\\/sindromecharge.es\\\/#website\"},\"primaryImageOfPage\":{\"@id\":\"https:\\\/\\\/sindromecharge.es\\\/index.php\\\/2018\\\/10\\\/23\\\/mireia-y-gonzalo-una-historia-de-amor-sordo\\\/#primaryimage\"},\"image\":{\"@id\":\"https:\\\/\\\/sindromecharge.es\\\/index.php\\\/2018\\\/10\\\/23\\\/mireia-y-gonzalo-una-historia-de-amor-sordo\\\/#primaryimage\"},\"thumbnailUrl\":\"https:\\\/\\\/cdn.20m.es\\\/img2\\\/recortes\\\/2018\\\/09\\\/27\\\/790562-620-282.jpg\",\"datePublished\":\"2018-10-23T04:26:39+00:00\",\"author\":{\"@id\":\"https:\\\/\\\/sindromecharge.es\\\/#\\\/schema\\\/person\\\/39a60ebe0a2b4d5a11179701e336b039\"},\"breadcrumb\":{\"@id\":\"https:\\\/\\\/sindromecharge.es\\\/index.php\\\/2018\\\/10\\\/23\\\/mireia-y-gonzalo-una-historia-de-amor-sordo\\\/#breadcrumb\"},\"inLanguage\":\"es\",\"potentialAction\":[{\"@type\":\"ReadAction\",\"target\":[\"https:\\\/\\\/sindromecharge.es\\\/index.php\\\/2018\\\/10\\\/23\\\/mireia-y-gonzalo-una-historia-de-amor-sordo\\\/\"]}]},{\"@type\":\"ImageObject\",\"inLanguage\":\"es\",\"@id\":\"https:\\\/\\\/sindromecharge.es\\\/index.php\\\/2018\\\/10\\\/23\\\/mireia-y-gonzalo-una-historia-de-amor-sordo\\\/#primaryimage\",\"url\":\"https:\\\/\\\/cdn.20m.es\\\/img2\\\/recortes\\\/2018\\\/09\\\/27\\\/790562-620-282.jpg\",\"contentUrl\":\"https:\\\/\\\/cdn.20m.es\\\/img2\\\/recortes\\\/2018\\\/09\\\/27\\\/790562-620-282.jpg\"},{\"@type\":\"BreadcrumbList\",\"@id\":\"https:\\\/\\\/sindromecharge.es\\\/index.php\\\/2018\\\/10\\\/23\\\/mireia-y-gonzalo-una-historia-de-amor-sordo\\\/#breadcrumb\",\"itemListElement\":[{\"@type\":\"ListItem\",\"position\":1,\"name\":\"Portada\",\"item\":\"https:\\\/\\\/sindromecharge.es\\\/\"},{\"@type\":\"ListItem\",\"position\":2,\"name\":\"Mireia y Gonzalo, una historia de amor sordo\"}]},{\"@type\":\"WebSite\",\"@id\":\"https:\\\/\\\/sindromecharge.es\\\/#website\",\"url\":\"https:\\\/\\\/sindromecharge.es\\\/\",\"name\":\"Asociaci\u00f3n Espa\u00f1ola S\u00edndrome de Charge\",\"description\":\"\",\"potentialAction\":[{\"@type\":\"SearchAction\",\"target\":{\"@type\":\"EntryPoint\",\"urlTemplate\":\"https:\\\/\\\/sindromecharge.es\\\/?s={search_term_string}\"},\"query-input\":{\"@type\":\"PropertyValueSpecification\",\"valueRequired\":true,\"valueName\":\"search_term_string\"}}],\"inLanguage\":\"es\"},{\"@type\":\"Person\",\"@id\":\"https:\\\/\\\/sindromecharge.es\\\/#\\\/schema\\\/person\\\/39a60ebe0a2b4d5a11179701e336b039\",\"name\":\"Charge\",\"image\":{\"@type\":\"ImageObject\",\"inLanguage\":\"es\",\"@id\":\"https:\\\/\\\/secure.gravatar.com\\\/avatar\\\/c3b46e32a0fc3b093a0873fb767bf3293de856293065e84ef06b7ec7a8acfb98?s=96&d=identicon&r=x\",\"url\":\"https:\\\/\\\/secure.gravatar.com\\\/avatar\\\/c3b46e32a0fc3b093a0873fb767bf3293de856293065e84ef06b7ec7a8acfb98?s=96&d=identicon&r=x\",\"contentUrl\":\"https:\\\/\\\/secure.gravatar.com\\\/avatar\\\/c3b46e32a0fc3b093a0873fb767bf3293de856293065e84ef06b7ec7a8acfb98?s=96&d=identicon&r=x\",\"caption\":\"Charge\"},\"url\":\"https:\\\/\\\/sindromecharge.es\\\/index.php\\\/author\\\/admin\\\/\"}]}<\/script>\n<!-- \/ Yoast SEO plugin. -->","yoast_head_json":{"title":"Mireia y Gonzalo, una historia de amor sordo - Asociaci\u00f3n Espa\u00f1ola S\u00edndrome de Charge","robots":{"index":"index","follow":"follow","max-snippet":"max-snippet:-1","max-image-preview":"max-image-preview:large","max-video-preview":"max-video-preview:-1"},"canonical":"https:\/\/sindromecharge.es\/index.php\/2018\/10\/23\/mireia-y-gonzalo-una-historia-de-amor-sordo\/","og_locale":"es_ES","og_type":"article","og_title":"Mireia y Gonzalo, una historia de amor sordo - Asociaci\u00f3n Espa\u00f1ola S\u00edndrome de Charge","og_description":"Leemos en 20minutos la siguiente noticia que os reproducimos de forma \u00edntegra: CLARA ROCA La pareja cuenta su historia en el D\u00eda Internacional de la Sordera. Pertenecen al m\u00e1s del mill\u00f3n de personas con discapacidad auditiva en Espa\u00f1a. Mireia y Gonzalo llevan seis a\u00f1os juntos y se casaron hace un a\u00f1o. La ilusi\u00f3n del nuevo [&hellip;]","og_url":"https:\/\/sindromecharge.es\/index.php\/2018\/10\/23\/mireia-y-gonzalo-una-historia-de-amor-sordo\/","og_site_name":"Asociaci\u00f3n Espa\u00f1ola S\u00edndrome de Charge","article_publisher":"https:\/\/www.facebook.com\/asociacionsindromecharge","article_published_time":"2018-10-23T04:26:39+00:00","og_image":[{"url":"https:\/\/cdn.20m.es\/img2\/recortes\/2018\/09\/27\/790562-620-282.jpg","type":"","width":"","height":""}],"author":"Charge","twitter_card":"summary_large_image","twitter_creator":"@sindromecharge","twitter_site":"@sindromecharge","twitter_misc":{"Escrito por":"Charge","Tiempo de lectura":"5 minutos"},"schema":{"@context":"https:\/\/schema.org","@graph":[{"@type":"Article","@id":"https:\/\/sindromecharge.es\/index.php\/2018\/10\/23\/mireia-y-gonzalo-una-historia-de-amor-sordo\/#article","isPartOf":{"@id":"https:\/\/sindromecharge.es\/index.php\/2018\/10\/23\/mireia-y-gonzalo-una-historia-de-amor-sordo\/"},"author":{"name":"Charge","@id":"https:\/\/sindromecharge.es\/#\/schema\/person\/39a60ebe0a2b4d5a11179701e336b039"},"headline":"Mireia y Gonzalo, una historia de amor sordo","datePublished":"2018-10-23T04:26:39+00:00","mainEntityOfPage":{"@id":"https:\/\/sindromecharge.es\/index.php\/2018\/10\/23\/mireia-y-gonzalo-una-historia-de-amor-sordo\/"},"wordCount":1038,"commentCount":0,"image":{"@id":"https:\/\/sindromecharge.es\/index.php\/2018\/10\/23\/mireia-y-gonzalo-una-historia-de-amor-sordo\/#primaryimage"},"thumbnailUrl":"https:\/\/cdn.20m.es\/img2\/recortes\/2018\/09\/27\/790562-620-282.jpg","keywords":["discapacidad"],"articleSection":["noticias"],"inLanguage":"es","potentialAction":[{"@type":"CommentAction","name":"Comment","target":["https:\/\/sindromecharge.es\/index.php\/2018\/10\/23\/mireia-y-gonzalo-una-historia-de-amor-sordo\/#respond"]}]},{"@type":"WebPage","@id":"https:\/\/sindromecharge.es\/index.php\/2018\/10\/23\/mireia-y-gonzalo-una-historia-de-amor-sordo\/","url":"https:\/\/sindromecharge.es\/index.php\/2018\/10\/23\/mireia-y-gonzalo-una-historia-de-amor-sordo\/","name":"Mireia y Gonzalo, una historia de amor sordo - Asociaci\u00f3n Espa\u00f1ola S\u00edndrome de Charge","isPartOf":{"@id":"https:\/\/sindromecharge.es\/#website"},"primaryImageOfPage":{"@id":"https:\/\/sindromecharge.es\/index.php\/2018\/10\/23\/mireia-y-gonzalo-una-historia-de-amor-sordo\/#primaryimage"},"image":{"@id":"https:\/\/sindromecharge.es\/index.php\/2018\/10\/23\/mireia-y-gonzalo-una-historia-de-amor-sordo\/#primaryimage"},"thumbnailUrl":"https:\/\/cdn.20m.es\/img2\/recortes\/2018\/09\/27\/790562-620-282.jpg","datePublished":"2018-10-23T04:26:39+00:00","author":{"@id":"https:\/\/sindromecharge.es\/#\/schema\/person\/39a60ebe0a2b4d5a11179701e336b039"},"breadcrumb":{"@id":"https:\/\/sindromecharge.es\/index.php\/2018\/10\/23\/mireia-y-gonzalo-una-historia-de-amor-sordo\/#breadcrumb"},"inLanguage":"es","potentialAction":[{"@type":"ReadAction","target":["https:\/\/sindromecharge.es\/index.php\/2018\/10\/23\/mireia-y-gonzalo-una-historia-de-amor-sordo\/"]}]},{"@type":"ImageObject","inLanguage":"es","@id":"https:\/\/sindromecharge.es\/index.php\/2018\/10\/23\/mireia-y-gonzalo-una-historia-de-amor-sordo\/#primaryimage","url":"https:\/\/cdn.20m.es\/img2\/recortes\/2018\/09\/27\/790562-620-282.jpg","contentUrl":"https:\/\/cdn.20m.es\/img2\/recortes\/2018\/09\/27\/790562-620-282.jpg"},{"@type":"BreadcrumbList","@id":"https:\/\/sindromecharge.es\/index.php\/2018\/10\/23\/mireia-y-gonzalo-una-historia-de-amor-sordo\/#breadcrumb","itemListElement":[{"@type":"ListItem","position":1,"name":"Portada","item":"https:\/\/sindromecharge.es\/"},{"@type":"ListItem","position":2,"name":"Mireia y Gonzalo, una historia de amor sordo"}]},{"@type":"WebSite","@id":"https:\/\/sindromecharge.es\/#website","url":"https:\/\/sindromecharge.es\/","name":"Asociaci\u00f3n Espa\u00f1ola S\u00edndrome de Charge","description":"","potentialAction":[{"@type":"SearchAction","target":{"@type":"EntryPoint","urlTemplate":"https:\/\/sindromecharge.es\/?s={search_term_string}"},"query-input":{"@type":"PropertyValueSpecification","valueRequired":true,"valueName":"search_term_string"}}],"inLanguage":"es"},{"@type":"Person","@id":"https:\/\/sindromecharge.es\/#\/schema\/person\/39a60ebe0a2b4d5a11179701e336b039","name":"Charge","image":{"@type":"ImageObject","inLanguage":"es","@id":"https:\/\/secure.gravatar.com\/avatar\/c3b46e32a0fc3b093a0873fb767bf3293de856293065e84ef06b7ec7a8acfb98?s=96&d=identicon&r=x","url":"https:\/\/secure.gravatar.com\/avatar\/c3b46e32a0fc3b093a0873fb767bf3293de856293065e84ef06b7ec7a8acfb98?s=96&d=identicon&r=x","contentUrl":"https:\/\/secure.gravatar.com\/avatar\/c3b46e32a0fc3b093a0873fb767bf3293de856293065e84ef06b7ec7a8acfb98?s=96&d=identicon&r=x","caption":"Charge"},"url":"https:\/\/sindromecharge.es\/index.php\/author\/admin\/"}]}},"_links":{"self":[{"href":"https:\/\/sindromecharge.es\/index.php\/wp-json\/wp\/v2\/posts\/4052","targetHints":{"allow":["GET"]}}],"collection":[{"href":"https:\/\/sindromecharge.es\/index.php\/wp-json\/wp\/v2\/posts"}],"about":[{"href":"https:\/\/sindromecharge.es\/index.php\/wp-json\/wp\/v2\/types\/post"}],"author":[{"embeddable":true,"href":"https:\/\/sindromecharge.es\/index.php\/wp-json\/wp\/v2\/users\/1"}],"replies":[{"embeddable":true,"href":"https:\/\/sindromecharge.es\/index.php\/wp-json\/wp\/v2\/comments?post=4052"}],"version-history":[{"count":0,"href":"https:\/\/sindromecharge.es\/index.php\/wp-json\/wp\/v2\/posts\/4052\/revisions"}],"wp:attachment":[{"href":"https:\/\/sindromecharge.es\/index.php\/wp-json\/wp\/v2\/media?parent=4052"}],"wp:term":[{"taxonomy":"category","embeddable":true,"href":"https:\/\/sindromecharge.es\/index.php\/wp-json\/wp\/v2\/categories?post=4052"},{"taxonomy":"post_tag","embeddable":true,"href":"https:\/\/sindromecharge.es\/index.php\/wp-json\/wp\/v2\/tags?post=4052"}],"curies":[{"name":"wp","href":"https:\/\/api.w.org\/{rel}","templated":true}]}}