{"id":4051,"date":"2018-10-22T06:30:52","date_gmt":"2018-10-22T06:30:52","guid":{"rendered":"https:\/\/sindromecharge.es\/index.php\/2018\/10\/22\/nos-unimos-a-la-celebracion-del-primer-dia-internacional-del-sindrome-de-phelan-mcdermid\/"},"modified":"2018-10-22T06:30:52","modified_gmt":"2018-10-22T06:30:52","slug":"nos-unimos-a-la-celebracion-del-primer-dia-internacional-del-sindrome-de-phelan-mcdermid","status":"publish","type":"post","link":"https:\/\/sindromecharge.es\/index.php\/2018\/10\/22\/nos-unimos-a-la-celebracion-del-primer-dia-internacional-del-sindrome-de-phelan-mcdermid\/","title":{"rendered":"Nos unimos a la celebraci\u00f3n del Primer D\u00eda Internacional del S\u00edndrome de Phelan-McDermid."},"content":{"rendered":"<p>Leemos en FEDER la siguiente noticia que os reproducimos de forma \u00edntegra: <\/p>\n<p><p><span style=\"font-size: 11.97px;line-height: 1.3\">El 22 de octubre es la fecha designada para la celebraci\u00f3n del D\u00eda Internacional del S\u00edndrome de Phelan- McDermid, siendo esta la primera celebraci\u00f3n en la que el colectivo de pacientes que conviven con esta enfermedad, junto a sus familias, alza su voz para sensibilizar a la sociedad sobre los retos que deben afrontar d\u00eda a d\u00eda. Por esta raz\u00f3n; desde FEDER queremos expresar nuestro apoyo a todos los pacientes y familias que conviven con esta patolog\u00eda y reconocer su lucha para promover un mayor reconocimiento de esta enfermedad.<\/span><\/p>\n<p>El S\u00edndrome de Phelan-McDermid, o deleci\u00f3n del cromosoma 22q13, es una condici\u00f3n gen\u00e9tica considerada enfermedad rara. Est\u00e1 causada en la mayor\u00eda de casos por la p\u00e9rdida de material gen\u00e9tico del extremo terminal del cromosoma 22. Esta p\u00e9rdida se produce durante la divisi\u00f3n celular, cuando los cromosomas se alinean y replican, algunos de ellos se rompen y se pierden. El 80 por ciento de las personas con esta enfermedad tienen un trastorno del espectro autista.<br \/>Las caracter\u00edsticas m\u00e1s comunes del S\u00edndrome Phelan-McDermid son discapacidad intelectual de diversos grados, hipoton\u00eda, ausencia o retraso del habla y s\u00edntomas de autismo o trastorno del espectro autista.<\/p>\n<p>El diagn\u00f3stico de esta enfermedad poco frecuente est\u00e1 condicionado por la falta de conocimiento y, por ende, la no derivaci\u00f3n a las pruebas necesarias. De hecho, alrededor del 1% de las personas con discapacidad cognitiva tienen Phelan-McDermid y el 1% de los menores con autismo, ya que en muchos casos el diagn\u00f3stico se queda ah\u00ed y no se piensa que pueda ser un problema gen\u00e9tico.<\/p>\n<p>Actualmente el S\u00edndrome de Phelan-McDermid no cuenta con ning\u00fan centro de referencia, por lo que \u201cen este d\u00eda, y con motivo de esta primera gran celebraci\u00f3n, desde FEDER queremos resaltar la importancia de concienciar a la ciudadan\u00eda sobre lo que supone convivir con este enfermedad y las consecuencias que puede tener en la vida diaria de los pacientes, pero adem\u00e1s reafirmamos, con m\u00e1s fuerza, nuestro compromiso de hacer visibles las necesidades comunes de toda la comunidad de familias con ER en Espa\u00f1a y proponer soluciones para mejorar su calidad de vida, representando sus intereses, defendiendo sus derechos y promoviendo mejoras concretas para lograr su plena inclusi\u00f3n social\u201d se\u00f1ala Juan Carri\u00f3n, presidente de FEDER y su Fundaci\u00f3n.<\/p>\n<h3>La investigaci\u00f3n para avanzar<\/h3>\n<p>El esfuerzo y trabajo de las Asociaciones en torno a la sensibilizaci\u00f3n y visibilizaci\u00f3n de esta patolog\u00eda les ha permitido vincularse con la comunidad cient\u00edfica y cl\u00ednica a trav\u00e9s de 3 grandes proyectos de investigaci\u00f3n impulsados por el voluntariado y la Asociaci\u00f3n S\u00edndrome Pheland &#8211; McDermid (22q13):<\/p>\n<p>1. El primero de ellos es sobre la caracterizaci\u00f3n psiqui\u00e1trica de los ni\u00f1os y ni\u00f1as que conviven con Phelan-McDermid, porque cuando llegan a la adolescencia, en algunos casos aparecen episodios epil\u00e9pticos, bipolaridad y esquizofrenia, lo que conlleva a su vez una gran regresi\u00f3n. Un total de 50 menores han participado en esta investigaci\u00f3n que se est\u00e1 desarrollando en el Gregorio Mara\u00f1\u00f3n y que actualmente est\u00e1 en fase de estudio.<\/p>\n<p>2. En el Hospital de La Paz se est\u00e1 desarrollando otro proyecto sobre el s\u00edndrome pero esta vez aplicado a los problemas neurol\u00f3gicos y otras comorbilidades para que se pueda comparar y correlacionar fenotipo-genotipo de los pacientes. Este proyecto cuenta con el apoyo de Auchan para hacer diagn\u00f3sticos en la poblaci\u00f3n de j\u00f3venes y adultos y acelerar el proceso y encontrar casos sin diagnosticar en estas edades.<\/p>\n<p>3. Por \u00faltimo, se est\u00e1 dando impulso a un proyecto sobre nutrici\u00f3n para conocer c\u00f3mo sintetizan los menores los nutrientes porque todos los ni\u00f1os y ni\u00f1as con Phelan-McDermid tienen problemas g\u00e1stricos. Una sintomatolog\u00eda que, adem\u00e1s, toma especial relevancia debido a las dificultades comunicativas con las que cursa la enfermedad.<\/p>\n<p>En este d\u00eda, queremos resaltar la labor que la Asociaci\u00f3n S\u00edndrome Pheland &#8211; McDermid (22q13) (ASPM) y la Asociaci\u00f3n de Discapacitados de Molina de Segura y Vega Media (DISMO) realizan en pro de generar una concienciaci\u00f3n global en torno a esta enfermedad y los desaf\u00edos que d\u00eda a d\u00eda enfrentan los pacientes y sus familias. Adem\u00e1s resaltar, la labor que realizan para informar a las familias y los pacientes, dar a conocer las l\u00edneas de investigaci\u00f3n que se desarrollan a nivel nacional e internacional y sobre todo trabajar d\u00eda a d\u00eda con fuerza por mejorar la calidad de vida de los pacientes.<\/p>\n<p style=\"text-align: right\">\u00daltima actualizaci\u00f3n: 22 de octubre de 2018.<\/p>\n<\/p>\n<p>Fuente: FEDER <a href=\"https:\/\/enfermedades-raras.org\/index.php\/actualidad\/noticias-eventos\/2-feder\/11317-nos-unimos-a-la-celebraci%C3%B3n-del-primer-d%C3%ADa-internacional-del-s%C3%ADndrome-de-phelan-mcdermid\" target=\"_blank\">Nos unimos a la celebraci\u00f3n del Primer D\u00eda Internacional del S\u00edndrome de Phelan-McDermid.<\/a><\/p>\n","protected":false},"excerpt":{"rendered":"<p>Leemos en FEDER la siguiente noticia que os reproducimos de forma \u00edntegra: El 22 de octubre es la fecha designada para la celebraci\u00f3n del D\u00eda Internacional del S\u00edndrome de Phelan- McDermid, siendo esta la primera celebraci\u00f3n en la que el colectivo de pacientes que conviven con esta enfermedad, junto a sus familias, alza su voz [&hellip;]<\/p>\n","protected":false},"author":1,"featured_media":0,"comment_status":"open","ping_status":"closed","sticky":false,"template":"","format":"standard","meta":{"footnotes":""},"categories":[8],"tags":[36],"class_list":["post-4051","post","type-post","status-publish","format-standard","hentry","category-noticias","tag-enfermedades-raras"],"yoast_head":"<!-- This site is optimized with the Yoast SEO plugin v27.4 - https:\/\/yoast.com\/product\/yoast-seo-wordpress\/ -->\n<title>Nos unimos a la celebraci\u00f3n del Primer D\u00eda Internacional del S\u00edndrome de Phelan-McDermid. - Asociaci\u00f3n Espa\u00f1ola S\u00edndrome de Charge<\/title>\n<meta name=\"robots\" content=\"index, follow, max-snippet:-1, max-image-preview:large, max-video-preview:-1\" \/>\n<link rel=\"canonical\" href=\"https:\/\/sindromecharge.es\/index.php\/2018\/10\/22\/nos-unimos-a-la-celebracion-del-primer-dia-internacional-del-sindrome-de-phelan-mcdermid\/\" \/>\n<meta property=\"og:locale\" content=\"es_ES\" \/>\n<meta property=\"og:type\" content=\"article\" \/>\n<meta property=\"og:title\" content=\"Nos unimos a la celebraci\u00f3n del Primer D\u00eda Internacional del S\u00edndrome de Phelan-McDermid. - Asociaci\u00f3n Espa\u00f1ola S\u00edndrome de Charge\" \/>\n<meta property=\"og:description\" content=\"Leemos en FEDER la siguiente noticia que os reproducimos de forma \u00edntegra: El 22 de octubre es la fecha designada para la celebraci\u00f3n del D\u00eda Internacional del S\u00edndrome de Phelan- McDermid, siendo esta la primera celebraci\u00f3n en la que el colectivo de pacientes que conviven con esta enfermedad, junto a sus familias, alza su voz [&hellip;]\" \/>\n<meta property=\"og:url\" content=\"https:\/\/sindromecharge.es\/index.php\/2018\/10\/22\/nos-unimos-a-la-celebracion-del-primer-dia-internacional-del-sindrome-de-phelan-mcdermid\/\" \/>\n<meta property=\"og:site_name\" content=\"Asociaci\u00f3n Espa\u00f1ola S\u00edndrome de Charge\" \/>\n<meta property=\"article:publisher\" content=\"https:\/\/www.facebook.com\/asociacionsindromecharge\" \/>\n<meta property=\"article:published_time\" content=\"2018-10-22T06:30:52+00:00\" \/>\n<meta property=\"og:image\" content=\"https:\/\/sindromecharge.es\/wp-content\/uploads\/2013\/09\/logodecharge300x98.png\" \/>\n\t<meta property=\"og:image:width\" content=\"300\" \/>\n\t<meta property=\"og:image:height\" content=\"98\" \/>\n\t<meta property=\"og:image:type\" content=\"image\/png\" \/>\n<meta name=\"author\" content=\"Charge\" \/>\n<meta name=\"twitter:card\" content=\"summary_large_image\" \/>\n<meta name=\"twitter:creator\" content=\"@sindromecharge\" \/>\n<meta name=\"twitter:site\" content=\"@sindromecharge\" \/>\n<meta name=\"twitter:label1\" content=\"Escrito por\" \/>\n\t<meta name=\"twitter:data1\" content=\"Charge\" \/>\n\t<meta name=\"twitter:label2\" content=\"Tiempo de lectura\" \/>\n\t<meta name=\"twitter:data2\" content=\"4 minutos\" \/>\n<script type=\"application\/ld+json\" class=\"yoast-schema-graph\">{\"@context\":\"https:\\\/\\\/schema.org\",\"@graph\":[{\"@type\":\"Article\",\"@id\":\"https:\\\/\\\/sindromecharge.es\\\/index.php\\\/2018\\\/10\\\/22\\\/nos-unimos-a-la-celebracion-del-primer-dia-internacional-del-sindrome-de-phelan-mcdermid\\\/#article\",\"isPartOf\":{\"@id\":\"https:\\\/\\\/sindromecharge.es\\\/index.php\\\/2018\\\/10\\\/22\\\/nos-unimos-a-la-celebracion-del-primer-dia-internacional-del-sindrome-de-phelan-mcdermid\\\/\"},\"author\":{\"name\":\"Charge\",\"@id\":\"https:\\\/\\\/sindromecharge.es\\\/#\\\/schema\\\/person\\\/39a60ebe0a2b4d5a11179701e336b039\"},\"headline\":\"Nos unimos a la celebraci\u00f3n del Primer D\u00eda Internacional del S\u00edndrome de Phelan-McDermid.\",\"datePublished\":\"2018-10-22T06:30:52+00:00\",\"mainEntityOfPage\":{\"@id\":\"https:\\\/\\\/sindromecharge.es\\\/index.php\\\/2018\\\/10\\\/22\\\/nos-unimos-a-la-celebracion-del-primer-dia-internacional-del-sindrome-de-phelan-mcdermid\\\/\"},\"wordCount\":833,\"commentCount\":0,\"keywords\":[\"enfermedades raras\"],\"articleSection\":[\"noticias\"],\"inLanguage\":\"es\",\"potentialAction\":[{\"@type\":\"CommentAction\",\"name\":\"Comment\",\"target\":[\"https:\\\/\\\/sindromecharge.es\\\/index.php\\\/2018\\\/10\\\/22\\\/nos-unimos-a-la-celebracion-del-primer-dia-internacional-del-sindrome-de-phelan-mcdermid\\\/#respond\"]}]},{\"@type\":\"WebPage\",\"@id\":\"https:\\\/\\\/sindromecharge.es\\\/index.php\\\/2018\\\/10\\\/22\\\/nos-unimos-a-la-celebracion-del-primer-dia-internacional-del-sindrome-de-phelan-mcdermid\\\/\",\"url\":\"https:\\\/\\\/sindromecharge.es\\\/index.php\\\/2018\\\/10\\\/22\\\/nos-unimos-a-la-celebracion-del-primer-dia-internacional-del-sindrome-de-phelan-mcdermid\\\/\",\"name\":\"Nos unimos a la celebraci\u00f3n del Primer D\u00eda Internacional del S\u00edndrome de Phelan-McDermid. - Asociaci\u00f3n Espa\u00f1ola S\u00edndrome de Charge\",\"isPartOf\":{\"@id\":\"https:\\\/\\\/sindromecharge.es\\\/#website\"},\"datePublished\":\"2018-10-22T06:30:52+00:00\",\"author\":{\"@id\":\"https:\\\/\\\/sindromecharge.es\\\/#\\\/schema\\\/person\\\/39a60ebe0a2b4d5a11179701e336b039\"},\"breadcrumb\":{\"@id\":\"https:\\\/\\\/sindromecharge.es\\\/index.php\\\/2018\\\/10\\\/22\\\/nos-unimos-a-la-celebracion-del-primer-dia-internacional-del-sindrome-de-phelan-mcdermid\\\/#breadcrumb\"},\"inLanguage\":\"es\",\"potentialAction\":[{\"@type\":\"ReadAction\",\"target\":[\"https:\\\/\\\/sindromecharge.es\\\/index.php\\\/2018\\\/10\\\/22\\\/nos-unimos-a-la-celebracion-del-primer-dia-internacional-del-sindrome-de-phelan-mcdermid\\\/\"]}]},{\"@type\":\"BreadcrumbList\",\"@id\":\"https:\\\/\\\/sindromecharge.es\\\/index.php\\\/2018\\\/10\\\/22\\\/nos-unimos-a-la-celebracion-del-primer-dia-internacional-del-sindrome-de-phelan-mcdermid\\\/#breadcrumb\",\"itemListElement\":[{\"@type\":\"ListItem\",\"position\":1,\"name\":\"Portada\",\"item\":\"https:\\\/\\\/sindromecharge.es\\\/\"},{\"@type\":\"ListItem\",\"position\":2,\"name\":\"Nos unimos a la celebraci\u00f3n del Primer D\u00eda Internacional del S\u00edndrome de Phelan-McDermid.\"}]},{\"@type\":\"WebSite\",\"@id\":\"https:\\\/\\\/sindromecharge.es\\\/#website\",\"url\":\"https:\\\/\\\/sindromecharge.es\\\/\",\"name\":\"Asociaci\u00f3n Espa\u00f1ola S\u00edndrome de Charge\",\"description\":\"\",\"potentialAction\":[{\"@type\":\"SearchAction\",\"target\":{\"@type\":\"EntryPoint\",\"urlTemplate\":\"https:\\\/\\\/sindromecharge.es\\\/?s={search_term_string}\"},\"query-input\":{\"@type\":\"PropertyValueSpecification\",\"valueRequired\":true,\"valueName\":\"search_term_string\"}}],\"inLanguage\":\"es\"},{\"@type\":\"Person\",\"@id\":\"https:\\\/\\\/sindromecharge.es\\\/#\\\/schema\\\/person\\\/39a60ebe0a2b4d5a11179701e336b039\",\"name\":\"Charge\",\"image\":{\"@type\":\"ImageObject\",\"inLanguage\":\"es\",\"@id\":\"https:\\\/\\\/secure.gravatar.com\\\/avatar\\\/c3b46e32a0fc3b093a0873fb767bf3293de856293065e84ef06b7ec7a8acfb98?s=96&d=identicon&r=x\",\"url\":\"https:\\\/\\\/secure.gravatar.com\\\/avatar\\\/c3b46e32a0fc3b093a0873fb767bf3293de856293065e84ef06b7ec7a8acfb98?s=96&d=identicon&r=x\",\"contentUrl\":\"https:\\\/\\\/secure.gravatar.com\\\/avatar\\\/c3b46e32a0fc3b093a0873fb767bf3293de856293065e84ef06b7ec7a8acfb98?s=96&d=identicon&r=x\",\"caption\":\"Charge\"},\"url\":\"https:\\\/\\\/sindromecharge.es\\\/index.php\\\/author\\\/admin\\\/\"}]}<\/script>\n<!-- \/ Yoast SEO plugin. -->","yoast_head_json":{"title":"Nos unimos a la celebraci\u00f3n del Primer D\u00eda Internacional del S\u00edndrome de Phelan-McDermid. - Asociaci\u00f3n Espa\u00f1ola S\u00edndrome de Charge","robots":{"index":"index","follow":"follow","max-snippet":"max-snippet:-1","max-image-preview":"max-image-preview:large","max-video-preview":"max-video-preview:-1"},"canonical":"https:\/\/sindromecharge.es\/index.php\/2018\/10\/22\/nos-unimos-a-la-celebracion-del-primer-dia-internacional-del-sindrome-de-phelan-mcdermid\/","og_locale":"es_ES","og_type":"article","og_title":"Nos unimos a la celebraci\u00f3n del Primer D\u00eda Internacional del S\u00edndrome de Phelan-McDermid. - Asociaci\u00f3n Espa\u00f1ola S\u00edndrome de Charge","og_description":"Leemos en FEDER la siguiente noticia que os reproducimos de forma \u00edntegra: El 22 de octubre es la fecha designada para la celebraci\u00f3n del D\u00eda Internacional del S\u00edndrome de Phelan- McDermid, siendo esta la primera celebraci\u00f3n en la que el colectivo de pacientes que conviven con esta enfermedad, junto a sus familias, alza su voz [&hellip;]","og_url":"https:\/\/sindromecharge.es\/index.php\/2018\/10\/22\/nos-unimos-a-la-celebracion-del-primer-dia-internacional-del-sindrome-de-phelan-mcdermid\/","og_site_name":"Asociaci\u00f3n Espa\u00f1ola S\u00edndrome de Charge","article_publisher":"https:\/\/www.facebook.com\/asociacionsindromecharge","article_published_time":"2018-10-22T06:30:52+00:00","og_image":[{"width":300,"height":98,"url":"https:\/\/sindromecharge.es\/wp-content\/uploads\/2013\/09\/logodecharge300x98.png","type":"image\/png"}],"author":"Charge","twitter_card":"summary_large_image","twitter_creator":"@sindromecharge","twitter_site":"@sindromecharge","twitter_misc":{"Escrito por":"Charge","Tiempo de lectura":"4 minutos"},"schema":{"@context":"https:\/\/schema.org","@graph":[{"@type":"Article","@id":"https:\/\/sindromecharge.es\/index.php\/2018\/10\/22\/nos-unimos-a-la-celebracion-del-primer-dia-internacional-del-sindrome-de-phelan-mcdermid\/#article","isPartOf":{"@id":"https:\/\/sindromecharge.es\/index.php\/2018\/10\/22\/nos-unimos-a-la-celebracion-del-primer-dia-internacional-del-sindrome-de-phelan-mcdermid\/"},"author":{"name":"Charge","@id":"https:\/\/sindromecharge.es\/#\/schema\/person\/39a60ebe0a2b4d5a11179701e336b039"},"headline":"Nos unimos a la celebraci\u00f3n del Primer D\u00eda Internacional del S\u00edndrome de Phelan-McDermid.","datePublished":"2018-10-22T06:30:52+00:00","mainEntityOfPage":{"@id":"https:\/\/sindromecharge.es\/index.php\/2018\/10\/22\/nos-unimos-a-la-celebracion-del-primer-dia-internacional-del-sindrome-de-phelan-mcdermid\/"},"wordCount":833,"commentCount":0,"keywords":["enfermedades raras"],"articleSection":["noticias"],"inLanguage":"es","potentialAction":[{"@type":"CommentAction","name":"Comment","target":["https:\/\/sindromecharge.es\/index.php\/2018\/10\/22\/nos-unimos-a-la-celebracion-del-primer-dia-internacional-del-sindrome-de-phelan-mcdermid\/#respond"]}]},{"@type":"WebPage","@id":"https:\/\/sindromecharge.es\/index.php\/2018\/10\/22\/nos-unimos-a-la-celebracion-del-primer-dia-internacional-del-sindrome-de-phelan-mcdermid\/","url":"https:\/\/sindromecharge.es\/index.php\/2018\/10\/22\/nos-unimos-a-la-celebracion-del-primer-dia-internacional-del-sindrome-de-phelan-mcdermid\/","name":"Nos unimos a la celebraci\u00f3n del Primer D\u00eda Internacional del S\u00edndrome de Phelan-McDermid. - Asociaci\u00f3n Espa\u00f1ola S\u00edndrome de Charge","isPartOf":{"@id":"https:\/\/sindromecharge.es\/#website"},"datePublished":"2018-10-22T06:30:52+00:00","author":{"@id":"https:\/\/sindromecharge.es\/#\/schema\/person\/39a60ebe0a2b4d5a11179701e336b039"},"breadcrumb":{"@id":"https:\/\/sindromecharge.es\/index.php\/2018\/10\/22\/nos-unimos-a-la-celebracion-del-primer-dia-internacional-del-sindrome-de-phelan-mcdermid\/#breadcrumb"},"inLanguage":"es","potentialAction":[{"@type":"ReadAction","target":["https:\/\/sindromecharge.es\/index.php\/2018\/10\/22\/nos-unimos-a-la-celebracion-del-primer-dia-internacional-del-sindrome-de-phelan-mcdermid\/"]}]},{"@type":"BreadcrumbList","@id":"https:\/\/sindromecharge.es\/index.php\/2018\/10\/22\/nos-unimos-a-la-celebracion-del-primer-dia-internacional-del-sindrome-de-phelan-mcdermid\/#breadcrumb","itemListElement":[{"@type":"ListItem","position":1,"name":"Portada","item":"https:\/\/sindromecharge.es\/"},{"@type":"ListItem","position":2,"name":"Nos unimos a la celebraci\u00f3n del Primer D\u00eda Internacional del S\u00edndrome de Phelan-McDermid."}]},{"@type":"WebSite","@id":"https:\/\/sindromecharge.es\/#website","url":"https:\/\/sindromecharge.es\/","name":"Asociaci\u00f3n Espa\u00f1ola S\u00edndrome de Charge","description":"","potentialAction":[{"@type":"SearchAction","target":{"@type":"EntryPoint","urlTemplate":"https:\/\/sindromecharge.es\/?s={search_term_string}"},"query-input":{"@type":"PropertyValueSpecification","valueRequired":true,"valueName":"search_term_string"}}],"inLanguage":"es"},{"@type":"Person","@id":"https:\/\/sindromecharge.es\/#\/schema\/person\/39a60ebe0a2b4d5a11179701e336b039","name":"Charge","image":{"@type":"ImageObject","inLanguage":"es","@id":"https:\/\/secure.gravatar.com\/avatar\/c3b46e32a0fc3b093a0873fb767bf3293de856293065e84ef06b7ec7a8acfb98?s=96&d=identicon&r=x","url":"https:\/\/secure.gravatar.com\/avatar\/c3b46e32a0fc3b093a0873fb767bf3293de856293065e84ef06b7ec7a8acfb98?s=96&d=identicon&r=x","contentUrl":"https:\/\/secure.gravatar.com\/avatar\/c3b46e32a0fc3b093a0873fb767bf3293de856293065e84ef06b7ec7a8acfb98?s=96&d=identicon&r=x","caption":"Charge"},"url":"https:\/\/sindromecharge.es\/index.php\/author\/admin\/"}]}},"_links":{"self":[{"href":"https:\/\/sindromecharge.es\/index.php\/wp-json\/wp\/v2\/posts\/4051","targetHints":{"allow":["GET"]}}],"collection":[{"href":"https:\/\/sindromecharge.es\/index.php\/wp-json\/wp\/v2\/posts"}],"about":[{"href":"https:\/\/sindromecharge.es\/index.php\/wp-json\/wp\/v2\/types\/post"}],"author":[{"embeddable":true,"href":"https:\/\/sindromecharge.es\/index.php\/wp-json\/wp\/v2\/users\/1"}],"replies":[{"embeddable":true,"href":"https:\/\/sindromecharge.es\/index.php\/wp-json\/wp\/v2\/comments?post=4051"}],"version-history":[{"count":0,"href":"https:\/\/sindromecharge.es\/index.php\/wp-json\/wp\/v2\/posts\/4051\/revisions"}],"wp:attachment":[{"href":"https:\/\/sindromecharge.es\/index.php\/wp-json\/wp\/v2\/media?parent=4051"}],"wp:term":[{"taxonomy":"category","embeddable":true,"href":"https:\/\/sindromecharge.es\/index.php\/wp-json\/wp\/v2\/categories?post=4051"},{"taxonomy":"post_tag","embeddable":true,"href":"https:\/\/sindromecharge.es\/index.php\/wp-json\/wp\/v2\/tags?post=4051"}],"curies":[{"name":"wp","href":"https:\/\/api.w.org\/{rel}","templated":true}]}}