{"id":3354,"date":"2017-11-16T08:06:34","date_gmt":"2017-11-16T08:06:34","guid":{"rendered":"https:\/\/sindromecharge.es\/index.php\/2017\/11\/16\/susana-diaz-anuncia-un-plan-de-atencion-a-pacientes-de-er\/"},"modified":"2017-11-16T08:06:34","modified_gmt":"2017-11-16T08:06:34","slug":"susana-diaz-anuncia-un-plan-de-atencion-a-pacientes-de-er","status":"publish","type":"post","link":"https:\/\/sindromecharge.es\/index.php\/2017\/11\/16\/susana-diaz-anuncia-un-plan-de-atencion-a-pacientes-de-er\/","title":{"rendered":"Susana D\u00edaz anuncia un plan de atenci\u00f3n a pacientes de ER"},"content":{"rendered":"<p>Leemos en FEDER la siguiente noticia que os reproducimos de forma \u00edntegra: <\/p>\n<p><p>Fuente: <span style=\"text-decoration: underline\"><a href=\"https:\/\/www.redaccionmedica.com\/autonomias\/andalucia\/diaz-anuncia-un-plan-de-atencion-personal-a-pacientes-de-enfermedades-raras-5413\" target=\"_blank\">Redacci\u00f3n M\u00e9dica<\/a><\/span> | Durante el Debate de Estado de la Comunidad de Andaluc\u00eda y la intervenci\u00f3n de la presidenta de la Junta, Susana D\u00edaz, se han hecho algunas referencias a la Sanidad. La presidenta ha anunciado la introducci\u00f3n de un plan de atenci\u00f3n personalizada a las personas con enfermedades raras. Tambi\u00e9n ha revelado que buscar\u00e1 un acuerdo con los sindicatos para ampliar la cobertura sanitaria en aquellas zonas con menos demanda y a las que es m\u00e1s dif\u00edcil llegar.<\/p>\n<p>En el discurso de apertura, Susana D\u00edaz ha lanzado el mensaje de que tiene tres prioridades por encima del resto: \u00absanidad, educaci\u00f3n y empleo\u00bb. En cuanto a la sanidad ha destacado que se ha \u00abdedicado un esfuerzo colosal a la sanidad p\u00fablica, con el mayor presupuesto de la historia del SAS\u00bb. El presupuesto para el pr\u00f3ximo a\u00f1o ser\u00e1 de 9.013 millones de euros, un cinco por ciento mayor que el del pasado a\u00f1o.<\/p>\n<p style=\"text-align: right\"><span style=\"font-size: 11.97px;font-style: normal;font-weight: normal\">Fuente:&nbsp;<\/span><span style=\"font-weight: normal;font-style: normal;font-size: 11.97px\"><a href=\"https:\/\/www.redaccionmedica.com\/autonomias\/andalucia\/diaz-anuncia-un-plan-de-atencion-personal-a-pacientes-de-enfermedades-raras-5413\" target=\"_blank\">Redacci\u00f3n M\u00e9dica<\/a><\/span><\/p>\n<p style=\"text-align: right\">\u00daltima noticia: 16\/11\/2017.<\/p>\n<\/p>\n<p>Fuente: FEDER <a href=\"https:\/\/enfermedades-raras.org\/index.php\/actualidad\/noticias-eventos\/2-feder\/9560-susana-d%C3%ADaz-anuncia-un-plan-de-atenci%C3%B3n-a-pacientes-de-er\" target=\"_blank\">Susana D\u00edaz anuncia un plan de atenci\u00f3n a pacientes de ER<\/a><\/p>\n","protected":false},"excerpt":{"rendered":"<p>Leemos en FEDER la siguiente noticia que os reproducimos de forma \u00edntegra: Fuente: Redacci\u00f3n M\u00e9dica | Durante el Debate de Estado de la Comunidad de Andaluc\u00eda y la intervenci\u00f3n de la presidenta de la Junta, Susana D\u00edaz, se han hecho algunas referencias a la Sanidad. La presidenta ha anunciado la introducci\u00f3n de un plan de [&hellip;]<\/p>\n","protected":false},"author":1,"featured_media":0,"comment_status":"open","ping_status":"open","sticky":false,"template":"","format":"standard","meta":{"footnotes":""},"categories":[8],"tags":[36],"class_list":["post-3354","post","type-post","status-publish","format-standard","hentry","category-noticias","tag-enfermedades-raras"],"yoast_head":"<!-- This site is optimized with the Yoast SEO plugin v27.4 - https:\/\/yoast.com\/product\/yoast-seo-wordpress\/ -->\n<title>Susana D\u00edaz anuncia un plan de atenci\u00f3n a pacientes de ER - Asociaci\u00f3n Espa\u00f1ola S\u00edndrome de Charge<\/title>\n<meta name=\"robots\" content=\"index, follow, max-snippet:-1, max-image-preview:large, max-video-preview:-1\" \/>\n<link rel=\"canonical\" href=\"https:\/\/sindromecharge.es\/index.php\/2017\/11\/16\/susana-diaz-anuncia-un-plan-de-atencion-a-pacientes-de-er\/\" \/>\n<meta property=\"og:locale\" content=\"es_ES\" \/>\n<meta property=\"og:type\" content=\"article\" \/>\n<meta property=\"og:title\" content=\"Susana D\u00edaz anuncia un plan de atenci\u00f3n a pacientes de ER - Asociaci\u00f3n Espa\u00f1ola S\u00edndrome de Charge\" \/>\n<meta property=\"og:description\" content=\"Leemos en FEDER la siguiente noticia que os reproducimos de forma \u00edntegra: Fuente: Redacci\u00f3n M\u00e9dica | Durante el Debate de Estado de la Comunidad de Andaluc\u00eda y la intervenci\u00f3n de la presidenta de la Junta, Susana D\u00edaz, se han hecho algunas referencias a la Sanidad. La presidenta ha anunciado la introducci\u00f3n de un plan de [&hellip;]\" \/>\n<meta property=\"og:url\" content=\"https:\/\/sindromecharge.es\/index.php\/2017\/11\/16\/susana-diaz-anuncia-un-plan-de-atencion-a-pacientes-de-er\/\" \/>\n<meta property=\"og:site_name\" content=\"Asociaci\u00f3n Espa\u00f1ola S\u00edndrome de Charge\" \/>\n<meta property=\"article:publisher\" content=\"https:\/\/www.facebook.com\/asociacionsindromecharge\" \/>\n<meta property=\"article:published_time\" content=\"2017-11-16T08:06:34+00:00\" \/>\n<meta property=\"og:image\" content=\"https:\/\/sindromecharge.es\/wp-content\/uploads\/2013\/09\/logodecharge300x98.png\" \/>\n\t<meta property=\"og:image:width\" content=\"300\" \/>\n\t<meta property=\"og:image:height\" content=\"98\" \/>\n\t<meta property=\"og:image:type\" content=\"image\/png\" \/>\n<meta name=\"author\" content=\"Charge\" \/>\n<meta name=\"twitter:card\" content=\"summary_large_image\" \/>\n<meta name=\"twitter:creator\" content=\"@sindromecharge\" \/>\n<meta name=\"twitter:site\" content=\"@sindromecharge\" \/>\n<meta name=\"twitter:label1\" content=\"Escrito por\" \/>\n\t<meta name=\"twitter:data1\" content=\"Charge\" \/>\n\t<meta name=\"twitter:label2\" content=\"Tiempo de lectura\" \/>\n\t<meta name=\"twitter:data2\" content=\"1 minuto\" \/>\n<script type=\"application\/ld+json\" class=\"yoast-schema-graph\">{\"@context\":\"https:\\\/\\\/schema.org\",\"@graph\":[{\"@type\":\"Article\",\"@id\":\"https:\\\/\\\/sindromecharge.es\\\/index.php\\\/2017\\\/11\\\/16\\\/susana-diaz-anuncia-un-plan-de-atencion-a-pacientes-de-er\\\/#article\",\"isPartOf\":{\"@id\":\"https:\\\/\\\/sindromecharge.es\\\/index.php\\\/2017\\\/11\\\/16\\\/susana-diaz-anuncia-un-plan-de-atencion-a-pacientes-de-er\\\/\"},\"author\":{\"name\":\"Charge\",\"@id\":\"https:\\\/\\\/sindromecharge.es\\\/#\\\/schema\\\/person\\\/39a60ebe0a2b4d5a11179701e336b039\"},\"headline\":\"Susana D\u00edaz anuncia un plan de atenci\u00f3n a pacientes de ER\",\"datePublished\":\"2017-11-16T08:06:34+00:00\",\"mainEntityOfPage\":{\"@id\":\"https:\\\/\\\/sindromecharge.es\\\/index.php\\\/2017\\\/11\\\/16\\\/susana-diaz-anuncia-un-plan-de-atencion-a-pacientes-de-er\\\/\"},\"wordCount\":215,\"commentCount\":0,\"keywords\":[\"enfermedades raras\"],\"articleSection\":[\"noticias\"],\"inLanguage\":\"es\",\"potentialAction\":[{\"@type\":\"CommentAction\",\"name\":\"Comment\",\"target\":[\"https:\\\/\\\/sindromecharge.es\\\/index.php\\\/2017\\\/11\\\/16\\\/susana-diaz-anuncia-un-plan-de-atencion-a-pacientes-de-er\\\/#respond\"]}]},{\"@type\":\"WebPage\",\"@id\":\"https:\\\/\\\/sindromecharge.es\\\/index.php\\\/2017\\\/11\\\/16\\\/susana-diaz-anuncia-un-plan-de-atencion-a-pacientes-de-er\\\/\",\"url\":\"https:\\\/\\\/sindromecharge.es\\\/index.php\\\/2017\\\/11\\\/16\\\/susana-diaz-anuncia-un-plan-de-atencion-a-pacientes-de-er\\\/\",\"name\":\"Susana D\u00edaz anuncia un plan de atenci\u00f3n a pacientes de ER - Asociaci\u00f3n Espa\u00f1ola S\u00edndrome de Charge\",\"isPartOf\":{\"@id\":\"https:\\\/\\\/sindromecharge.es\\\/#website\"},\"datePublished\":\"2017-11-16T08:06:34+00:00\",\"author\":{\"@id\":\"https:\\\/\\\/sindromecharge.es\\\/#\\\/schema\\\/person\\\/39a60ebe0a2b4d5a11179701e336b039\"},\"breadcrumb\":{\"@id\":\"https:\\\/\\\/sindromecharge.es\\\/index.php\\\/2017\\\/11\\\/16\\\/susana-diaz-anuncia-un-plan-de-atencion-a-pacientes-de-er\\\/#breadcrumb\"},\"inLanguage\":\"es\",\"potentialAction\":[{\"@type\":\"ReadAction\",\"target\":[\"https:\\\/\\\/sindromecharge.es\\\/index.php\\\/2017\\\/11\\\/16\\\/susana-diaz-anuncia-un-plan-de-atencion-a-pacientes-de-er\\\/\"]}]},{\"@type\":\"BreadcrumbList\",\"@id\":\"https:\\\/\\\/sindromecharge.es\\\/index.php\\\/2017\\\/11\\\/16\\\/susana-diaz-anuncia-un-plan-de-atencion-a-pacientes-de-er\\\/#breadcrumb\",\"itemListElement\":[{\"@type\":\"ListItem\",\"position\":1,\"name\":\"Portada\",\"item\":\"https:\\\/\\\/sindromecharge.es\\\/\"},{\"@type\":\"ListItem\",\"position\":2,\"name\":\"Susana D\u00edaz anuncia un plan de atenci\u00f3n a pacientes de ER\"}]},{\"@type\":\"WebSite\",\"@id\":\"https:\\\/\\\/sindromecharge.es\\\/#website\",\"url\":\"https:\\\/\\\/sindromecharge.es\\\/\",\"name\":\"Asociaci\u00f3n Espa\u00f1ola S\u00edndrome de Charge\",\"description\":\"\",\"potentialAction\":[{\"@type\":\"SearchAction\",\"target\":{\"@type\":\"EntryPoint\",\"urlTemplate\":\"https:\\\/\\\/sindromecharge.es\\\/?s={search_term_string}\"},\"query-input\":{\"@type\":\"PropertyValueSpecification\",\"valueRequired\":true,\"valueName\":\"search_term_string\"}}],\"inLanguage\":\"es\"},{\"@type\":\"Person\",\"@id\":\"https:\\\/\\\/sindromecharge.es\\\/#\\\/schema\\\/person\\\/39a60ebe0a2b4d5a11179701e336b039\",\"name\":\"Charge\",\"image\":{\"@type\":\"ImageObject\",\"inLanguage\":\"es\",\"@id\":\"https:\\\/\\\/secure.gravatar.com\\\/avatar\\\/c3b46e32a0fc3b093a0873fb767bf3293de856293065e84ef06b7ec7a8acfb98?s=96&d=identicon&r=x\",\"url\":\"https:\\\/\\\/secure.gravatar.com\\\/avatar\\\/c3b46e32a0fc3b093a0873fb767bf3293de856293065e84ef06b7ec7a8acfb98?s=96&d=identicon&r=x\",\"contentUrl\":\"https:\\\/\\\/secure.gravatar.com\\\/avatar\\\/c3b46e32a0fc3b093a0873fb767bf3293de856293065e84ef06b7ec7a8acfb98?s=96&d=identicon&r=x\",\"caption\":\"Charge\"},\"url\":\"https:\\\/\\\/sindromecharge.es\\\/index.php\\\/author\\\/admin\\\/\"}]}<\/script>\n<!-- \/ Yoast SEO plugin. -->","yoast_head_json":{"title":"Susana D\u00edaz anuncia un plan de atenci\u00f3n a pacientes de ER - Asociaci\u00f3n Espa\u00f1ola S\u00edndrome de Charge","robots":{"index":"index","follow":"follow","max-snippet":"max-snippet:-1","max-image-preview":"max-image-preview:large","max-video-preview":"max-video-preview:-1"},"canonical":"https:\/\/sindromecharge.es\/index.php\/2017\/11\/16\/susana-diaz-anuncia-un-plan-de-atencion-a-pacientes-de-er\/","og_locale":"es_ES","og_type":"article","og_title":"Susana D\u00edaz anuncia un plan de atenci\u00f3n a pacientes de ER - Asociaci\u00f3n Espa\u00f1ola S\u00edndrome de Charge","og_description":"Leemos en FEDER la siguiente noticia que os reproducimos de forma \u00edntegra: Fuente: Redacci\u00f3n M\u00e9dica | Durante el Debate de Estado de la Comunidad de Andaluc\u00eda y la intervenci\u00f3n de la presidenta de la Junta, Susana D\u00edaz, se han hecho algunas referencias a la Sanidad. La presidenta ha anunciado la introducci\u00f3n de un plan de [&hellip;]","og_url":"https:\/\/sindromecharge.es\/index.php\/2017\/11\/16\/susana-diaz-anuncia-un-plan-de-atencion-a-pacientes-de-er\/","og_site_name":"Asociaci\u00f3n Espa\u00f1ola S\u00edndrome de Charge","article_publisher":"https:\/\/www.facebook.com\/asociacionsindromecharge","article_published_time":"2017-11-16T08:06:34+00:00","og_image":[{"width":300,"height":98,"url":"https:\/\/sindromecharge.es\/wp-content\/uploads\/2013\/09\/logodecharge300x98.png","type":"image\/png"}],"author":"Charge","twitter_card":"summary_large_image","twitter_creator":"@sindromecharge","twitter_site":"@sindromecharge","twitter_misc":{"Escrito por":"Charge","Tiempo de lectura":"1 minuto"},"schema":{"@context":"https:\/\/schema.org","@graph":[{"@type":"Article","@id":"https:\/\/sindromecharge.es\/index.php\/2017\/11\/16\/susana-diaz-anuncia-un-plan-de-atencion-a-pacientes-de-er\/#article","isPartOf":{"@id":"https:\/\/sindromecharge.es\/index.php\/2017\/11\/16\/susana-diaz-anuncia-un-plan-de-atencion-a-pacientes-de-er\/"},"author":{"name":"Charge","@id":"https:\/\/sindromecharge.es\/#\/schema\/person\/39a60ebe0a2b4d5a11179701e336b039"},"headline":"Susana D\u00edaz anuncia un plan de atenci\u00f3n a pacientes de ER","datePublished":"2017-11-16T08:06:34+00:00","mainEntityOfPage":{"@id":"https:\/\/sindromecharge.es\/index.php\/2017\/11\/16\/susana-diaz-anuncia-un-plan-de-atencion-a-pacientes-de-er\/"},"wordCount":215,"commentCount":0,"keywords":["enfermedades raras"],"articleSection":["noticias"],"inLanguage":"es","potentialAction":[{"@type":"CommentAction","name":"Comment","target":["https:\/\/sindromecharge.es\/index.php\/2017\/11\/16\/susana-diaz-anuncia-un-plan-de-atencion-a-pacientes-de-er\/#respond"]}]},{"@type":"WebPage","@id":"https:\/\/sindromecharge.es\/index.php\/2017\/11\/16\/susana-diaz-anuncia-un-plan-de-atencion-a-pacientes-de-er\/","url":"https:\/\/sindromecharge.es\/index.php\/2017\/11\/16\/susana-diaz-anuncia-un-plan-de-atencion-a-pacientes-de-er\/","name":"Susana D\u00edaz anuncia un plan de atenci\u00f3n a pacientes de ER - Asociaci\u00f3n Espa\u00f1ola S\u00edndrome de Charge","isPartOf":{"@id":"https:\/\/sindromecharge.es\/#website"},"datePublished":"2017-11-16T08:06:34+00:00","author":{"@id":"https:\/\/sindromecharge.es\/#\/schema\/person\/39a60ebe0a2b4d5a11179701e336b039"},"breadcrumb":{"@id":"https:\/\/sindromecharge.es\/index.php\/2017\/11\/16\/susana-diaz-anuncia-un-plan-de-atencion-a-pacientes-de-er\/#breadcrumb"},"inLanguage":"es","potentialAction":[{"@type":"ReadAction","target":["https:\/\/sindromecharge.es\/index.php\/2017\/11\/16\/susana-diaz-anuncia-un-plan-de-atencion-a-pacientes-de-er\/"]}]},{"@type":"BreadcrumbList","@id":"https:\/\/sindromecharge.es\/index.php\/2017\/11\/16\/susana-diaz-anuncia-un-plan-de-atencion-a-pacientes-de-er\/#breadcrumb","itemListElement":[{"@type":"ListItem","position":1,"name":"Portada","item":"https:\/\/sindromecharge.es\/"},{"@type":"ListItem","position":2,"name":"Susana D\u00edaz anuncia un plan de atenci\u00f3n a pacientes de ER"}]},{"@type":"WebSite","@id":"https:\/\/sindromecharge.es\/#website","url":"https:\/\/sindromecharge.es\/","name":"Asociaci\u00f3n Espa\u00f1ola S\u00edndrome de Charge","description":"","potentialAction":[{"@type":"SearchAction","target":{"@type":"EntryPoint","urlTemplate":"https:\/\/sindromecharge.es\/?s={search_term_string}"},"query-input":{"@type":"PropertyValueSpecification","valueRequired":true,"valueName":"search_term_string"}}],"inLanguage":"es"},{"@type":"Person","@id":"https:\/\/sindromecharge.es\/#\/schema\/person\/39a60ebe0a2b4d5a11179701e336b039","name":"Charge","image":{"@type":"ImageObject","inLanguage":"es","@id":"https:\/\/secure.gravatar.com\/avatar\/c3b46e32a0fc3b093a0873fb767bf3293de856293065e84ef06b7ec7a8acfb98?s=96&d=identicon&r=x","url":"https:\/\/secure.gravatar.com\/avatar\/c3b46e32a0fc3b093a0873fb767bf3293de856293065e84ef06b7ec7a8acfb98?s=96&d=identicon&r=x","contentUrl":"https:\/\/secure.gravatar.com\/avatar\/c3b46e32a0fc3b093a0873fb767bf3293de856293065e84ef06b7ec7a8acfb98?s=96&d=identicon&r=x","caption":"Charge"},"url":"https:\/\/sindromecharge.es\/index.php\/author\/admin\/"}]}},"_links":{"self":[{"href":"https:\/\/sindromecharge.es\/index.php\/wp-json\/wp\/v2\/posts\/3354","targetHints":{"allow":["GET"]}}],"collection":[{"href":"https:\/\/sindromecharge.es\/index.php\/wp-json\/wp\/v2\/posts"}],"about":[{"href":"https:\/\/sindromecharge.es\/index.php\/wp-json\/wp\/v2\/types\/post"}],"author":[{"embeddable":true,"href":"https:\/\/sindromecharge.es\/index.php\/wp-json\/wp\/v2\/users\/1"}],"replies":[{"embeddable":true,"href":"https:\/\/sindromecharge.es\/index.php\/wp-json\/wp\/v2\/comments?post=3354"}],"version-history":[{"count":0,"href":"https:\/\/sindromecharge.es\/index.php\/wp-json\/wp\/v2\/posts\/3354\/revisions"}],"wp:attachment":[{"href":"https:\/\/sindromecharge.es\/index.php\/wp-json\/wp\/v2\/media?parent=3354"}],"wp:term":[{"taxonomy":"category","embeddable":true,"href":"https:\/\/sindromecharge.es\/index.php\/wp-json\/wp\/v2\/categories?post=3354"},{"taxonomy":"post_tag","embeddable":true,"href":"https:\/\/sindromecharge.es\/index.php\/wp-json\/wp\/v2\/tags?post=3354"}],"curies":[{"name":"wp","href":"https:\/\/api.w.org\/{rel}","templated":true}]}}