{"id":3353,"date":"2017-11-16T06:21:19","date_gmt":"2017-11-16T06:21:19","guid":{"rendered":"https:\/\/sindromecharge.es\/index.php\/2017\/11\/16\/recibimos-el-premio-new-medical-economics-por-sus-lectores\/"},"modified":"2017-11-16T06:21:19","modified_gmt":"2017-11-16T06:21:19","slug":"recibimos-el-premio-new-medical-economics-por-sus-lectores","status":"publish","type":"post","link":"https:\/\/sindromecharge.es\/index.php\/2017\/11\/16\/recibimos-el-premio-new-medical-economics-por-sus-lectores\/","title":{"rendered":"\u00a1Recibimos el premio New Medical Economics por sus lectores!"},"content":{"rendered":"<p>Leemos en FEDER la siguiente noticia que os reproducimos de forma \u00edntegra: <\/p>\n<p><p>El 15 de noviembre recibimos el Premio New Medical Economics en la categor\u00eda de Asociaci\u00f3n de Pacientes. Abraham de las Pe\u00f1as, Vocal de la Junta Directiva de nuestra organizaci\u00f3n, fue el encargado de recoger esta distinci\u00f3n en nombre de los m\u00e1s de 3 millones de personas que, se estima, conviven con alguna de estas patolog\u00edas en nuestro pa\u00eds.<\/p>\n<p>Este reconocimiento es fruto de la votaci\u00f3n de los propios lectores de la publicaci\u00f3n tras la apuesta de la publicaci\u00f3n de gesti\u00f3n sanitaria por situar a la Federaci\u00f3n como una de las candidatas en esta categor\u00eda. Como resultado, De las Pe\u00f1as expres\u00f3 ayer la gratitud de todo el movimiento \u00abtanto a los seguidores de la New Medical Economics como a la propia revista\u00bb subrayando de forma expresa a Jos\u00e9 Mar\u00eda Mart\u00ednez Garc\u00eda, Director de la revista.<\/p>\n<p>Un agradecimiento que tambi\u00e9n hizo extensible a \u00abla implicaci\u00f3n que, a diario, demuestra la publicaci\u00f3n\u00bb y que \u00abnos ha ayudado a situar la causa que nos mueve como un desaf\u00edo de salud p\u00fablica, integr\u00e1ndola en la agenda pol\u00edtica y social de nuestro pa\u00eds\u00bb.&nbsp;Porque \u00abdesde FEDER, entendemos que los medios de comunicaci\u00f3n muestran la sociedad en su conjunto y las personas con enfermedades raras son parte de ella, por lo que tambi\u00e9n deben verse reflejadas\u00bb ha recordado De las Pe\u00f1as.<\/p>\n<h3>Cerca de una veintena de premiados<\/h3>\n<p>Junto a nosotros, la revista entreg\u00f3 cerca de una veintena de premios que cubren todas las \u00e1reas sanitarias: desde la gesti\u00f3n hospitalaria p\u00fablica y privada hasta campa\u00f1as de sensibilizaci\u00f3n, pasando por las aseguradoras, el \u00e1mbito cient\u00edfico y de innovaci\u00f3n, emprendimiento, humanizaci\u00f3n sanitaria o narraci\u00f3n.<\/p>\n<p>El total de premiados se encuentra desglosado en la <span style=\"text-decoration: underline\"><a href=\"http:\/\/newmedicaleconomics.es\/index.php\/premios-2017\/premiados-nme-2017\" target=\"_blank\">p\u00e1gina web de New Medical Economics<\/a><\/span>.<\/p>\n<p style=\"text-align: right\">\u00daltima actualizaci\u00f3n: 16\/11\/2017.<\/p>\n<\/p>\n<p>Fuente: FEDER <a href=\"https:\/\/enfermedades-raras.org\/index.php\/actualidad\/noticias-eventos\/2-feder\/9555-%C2%A1recibimos-el-premio-new-medical-economics-por-sus-lectores\" target=\"_blank\">\u00a1Recibimos el premio New Medical Economics por sus lectores!<\/a><\/p>\n","protected":false},"excerpt":{"rendered":"<p>Leemos en FEDER la siguiente noticia que os reproducimos de forma \u00edntegra: El 15 de noviembre recibimos el Premio New Medical Economics en la categor\u00eda de Asociaci\u00f3n de Pacientes. Abraham de las Pe\u00f1as, Vocal de la Junta Directiva de nuestra organizaci\u00f3n, fue el encargado de recoger esta distinci\u00f3n en nombre de los m\u00e1s de 3 [&hellip;]<\/p>\n","protected":false},"author":1,"featured_media":0,"comment_status":"open","ping_status":"open","sticky":false,"template":"","format":"standard","meta":{"footnotes":""},"categories":[8],"tags":[36],"class_list":["post-3353","post","type-post","status-publish","format-standard","hentry","category-noticias","tag-enfermedades-raras"],"yoast_head":"<!-- This site is optimized with the Yoast SEO plugin v27.4 - https:\/\/yoast.com\/product\/yoast-seo-wordpress\/ -->\n<title>\u00a1Recibimos el premio New Medical Economics por sus lectores! - Asociaci\u00f3n Espa\u00f1ola S\u00edndrome de Charge<\/title>\n<meta name=\"robots\" content=\"index, follow, max-snippet:-1, max-image-preview:large, max-video-preview:-1\" \/>\n<link rel=\"canonical\" href=\"https:\/\/sindromecharge.es\/index.php\/2017\/11\/16\/recibimos-el-premio-new-medical-economics-por-sus-lectores\/\" \/>\n<meta property=\"og:locale\" content=\"es_ES\" \/>\n<meta property=\"og:type\" content=\"article\" \/>\n<meta property=\"og:title\" content=\"\u00a1Recibimos el premio New Medical Economics por sus lectores! - Asociaci\u00f3n Espa\u00f1ola S\u00edndrome de Charge\" \/>\n<meta property=\"og:description\" content=\"Leemos en FEDER la siguiente noticia que os reproducimos de forma \u00edntegra: El 15 de noviembre recibimos el Premio New Medical Economics en la categor\u00eda de Asociaci\u00f3n de Pacientes. Abraham de las Pe\u00f1as, Vocal de la Junta Directiva de nuestra organizaci\u00f3n, fue el encargado de recoger esta distinci\u00f3n en nombre de los m\u00e1s de 3 [&hellip;]\" \/>\n<meta property=\"og:url\" content=\"https:\/\/sindromecharge.es\/index.php\/2017\/11\/16\/recibimos-el-premio-new-medical-economics-por-sus-lectores\/\" \/>\n<meta property=\"og:site_name\" content=\"Asociaci\u00f3n Espa\u00f1ola S\u00edndrome de Charge\" \/>\n<meta property=\"article:publisher\" content=\"https:\/\/www.facebook.com\/asociacionsindromecharge\" \/>\n<meta property=\"article:published_time\" content=\"2017-11-16T06:21:19+00:00\" \/>\n<meta property=\"og:image\" content=\"https:\/\/sindromecharge.es\/wp-content\/uploads\/2013\/09\/logodecharge300x98.png\" \/>\n\t<meta property=\"og:image:width\" content=\"300\" \/>\n\t<meta property=\"og:image:height\" content=\"98\" \/>\n\t<meta property=\"og:image:type\" content=\"image\/png\" \/>\n<meta name=\"author\" content=\"Charge\" \/>\n<meta name=\"twitter:card\" content=\"summary_large_image\" \/>\n<meta name=\"twitter:creator\" content=\"@sindromecharge\" \/>\n<meta name=\"twitter:site\" content=\"@sindromecharge\" \/>\n<meta name=\"twitter:label1\" content=\"Escrito por\" \/>\n\t<meta name=\"twitter:data1\" content=\"Charge\" \/>\n\t<meta name=\"twitter:label2\" content=\"Tiempo de lectura\" \/>\n\t<meta name=\"twitter:data2\" content=\"2 minutos\" \/>\n<script type=\"application\/ld+json\" class=\"yoast-schema-graph\">{\"@context\":\"https:\\\/\\\/schema.org\",\"@graph\":[{\"@type\":\"Article\",\"@id\":\"https:\\\/\\\/sindromecharge.es\\\/index.php\\\/2017\\\/11\\\/16\\\/recibimos-el-premio-new-medical-economics-por-sus-lectores\\\/#article\",\"isPartOf\":{\"@id\":\"https:\\\/\\\/sindromecharge.es\\\/index.php\\\/2017\\\/11\\\/16\\\/recibimos-el-premio-new-medical-economics-por-sus-lectores\\\/\"},\"author\":{\"name\":\"Charge\",\"@id\":\"https:\\\/\\\/sindromecharge.es\\\/#\\\/schema\\\/person\\\/39a60ebe0a2b4d5a11179701e336b039\"},\"headline\":\"\u00a1Recibimos el premio New Medical Economics por sus lectores!\",\"datePublished\":\"2017-11-16T06:21:19+00:00\",\"mainEntityOfPage\":{\"@id\":\"https:\\\/\\\/sindromecharge.es\\\/index.php\\\/2017\\\/11\\\/16\\\/recibimos-el-premio-new-medical-economics-por-sus-lectores\\\/\"},\"wordCount\":351,\"commentCount\":0,\"keywords\":[\"enfermedades raras\"],\"articleSection\":[\"noticias\"],\"inLanguage\":\"es\",\"potentialAction\":[{\"@type\":\"CommentAction\",\"name\":\"Comment\",\"target\":[\"https:\\\/\\\/sindromecharge.es\\\/index.php\\\/2017\\\/11\\\/16\\\/recibimos-el-premio-new-medical-economics-por-sus-lectores\\\/#respond\"]}]},{\"@type\":\"WebPage\",\"@id\":\"https:\\\/\\\/sindromecharge.es\\\/index.php\\\/2017\\\/11\\\/16\\\/recibimos-el-premio-new-medical-economics-por-sus-lectores\\\/\",\"url\":\"https:\\\/\\\/sindromecharge.es\\\/index.php\\\/2017\\\/11\\\/16\\\/recibimos-el-premio-new-medical-economics-por-sus-lectores\\\/\",\"name\":\"\u00a1Recibimos el premio New Medical Economics por sus lectores! - Asociaci\u00f3n Espa\u00f1ola S\u00edndrome de Charge\",\"isPartOf\":{\"@id\":\"https:\\\/\\\/sindromecharge.es\\\/#website\"},\"datePublished\":\"2017-11-16T06:21:19+00:00\",\"author\":{\"@id\":\"https:\\\/\\\/sindromecharge.es\\\/#\\\/schema\\\/person\\\/39a60ebe0a2b4d5a11179701e336b039\"},\"breadcrumb\":{\"@id\":\"https:\\\/\\\/sindromecharge.es\\\/index.php\\\/2017\\\/11\\\/16\\\/recibimos-el-premio-new-medical-economics-por-sus-lectores\\\/#breadcrumb\"},\"inLanguage\":\"es\",\"potentialAction\":[{\"@type\":\"ReadAction\",\"target\":[\"https:\\\/\\\/sindromecharge.es\\\/index.php\\\/2017\\\/11\\\/16\\\/recibimos-el-premio-new-medical-economics-por-sus-lectores\\\/\"]}]},{\"@type\":\"BreadcrumbList\",\"@id\":\"https:\\\/\\\/sindromecharge.es\\\/index.php\\\/2017\\\/11\\\/16\\\/recibimos-el-premio-new-medical-economics-por-sus-lectores\\\/#breadcrumb\",\"itemListElement\":[{\"@type\":\"ListItem\",\"position\":1,\"name\":\"Portada\",\"item\":\"https:\\\/\\\/sindromecharge.es\\\/\"},{\"@type\":\"ListItem\",\"position\":2,\"name\":\"\u00a1Recibimos el premio New Medical Economics por sus lectores!\"}]},{\"@type\":\"WebSite\",\"@id\":\"https:\\\/\\\/sindromecharge.es\\\/#website\",\"url\":\"https:\\\/\\\/sindromecharge.es\\\/\",\"name\":\"Asociaci\u00f3n Espa\u00f1ola S\u00edndrome de Charge\",\"description\":\"\",\"potentialAction\":[{\"@type\":\"SearchAction\",\"target\":{\"@type\":\"EntryPoint\",\"urlTemplate\":\"https:\\\/\\\/sindromecharge.es\\\/?s={search_term_string}\"},\"query-input\":{\"@type\":\"PropertyValueSpecification\",\"valueRequired\":true,\"valueName\":\"search_term_string\"}}],\"inLanguage\":\"es\"},{\"@type\":\"Person\",\"@id\":\"https:\\\/\\\/sindromecharge.es\\\/#\\\/schema\\\/person\\\/39a60ebe0a2b4d5a11179701e336b039\",\"name\":\"Charge\",\"image\":{\"@type\":\"ImageObject\",\"inLanguage\":\"es\",\"@id\":\"https:\\\/\\\/secure.gravatar.com\\\/avatar\\\/c3b46e32a0fc3b093a0873fb767bf3293de856293065e84ef06b7ec7a8acfb98?s=96&d=identicon&r=x\",\"url\":\"https:\\\/\\\/secure.gravatar.com\\\/avatar\\\/c3b46e32a0fc3b093a0873fb767bf3293de856293065e84ef06b7ec7a8acfb98?s=96&d=identicon&r=x\",\"contentUrl\":\"https:\\\/\\\/secure.gravatar.com\\\/avatar\\\/c3b46e32a0fc3b093a0873fb767bf3293de856293065e84ef06b7ec7a8acfb98?s=96&d=identicon&r=x\",\"caption\":\"Charge\"},\"url\":\"https:\\\/\\\/sindromecharge.es\\\/index.php\\\/author\\\/admin\\\/\"}]}<\/script>\n<!-- \/ Yoast SEO plugin. -->","yoast_head_json":{"title":"\u00a1Recibimos el premio New Medical Economics por sus lectores! - Asociaci\u00f3n Espa\u00f1ola S\u00edndrome de Charge","robots":{"index":"index","follow":"follow","max-snippet":"max-snippet:-1","max-image-preview":"max-image-preview:large","max-video-preview":"max-video-preview:-1"},"canonical":"https:\/\/sindromecharge.es\/index.php\/2017\/11\/16\/recibimos-el-premio-new-medical-economics-por-sus-lectores\/","og_locale":"es_ES","og_type":"article","og_title":"\u00a1Recibimos el premio New Medical Economics por sus lectores! - Asociaci\u00f3n Espa\u00f1ola S\u00edndrome de Charge","og_description":"Leemos en FEDER la siguiente noticia que os reproducimos de forma \u00edntegra: El 15 de noviembre recibimos el Premio New Medical Economics en la categor\u00eda de Asociaci\u00f3n de Pacientes. Abraham de las Pe\u00f1as, Vocal de la Junta Directiva de nuestra organizaci\u00f3n, fue el encargado de recoger esta distinci\u00f3n en nombre de los m\u00e1s de 3 [&hellip;]","og_url":"https:\/\/sindromecharge.es\/index.php\/2017\/11\/16\/recibimos-el-premio-new-medical-economics-por-sus-lectores\/","og_site_name":"Asociaci\u00f3n Espa\u00f1ola S\u00edndrome de Charge","article_publisher":"https:\/\/www.facebook.com\/asociacionsindromecharge","article_published_time":"2017-11-16T06:21:19+00:00","og_image":[{"width":300,"height":98,"url":"https:\/\/sindromecharge.es\/wp-content\/uploads\/2013\/09\/logodecharge300x98.png","type":"image\/png"}],"author":"Charge","twitter_card":"summary_large_image","twitter_creator":"@sindromecharge","twitter_site":"@sindromecharge","twitter_misc":{"Escrito por":"Charge","Tiempo de lectura":"2 minutos"},"schema":{"@context":"https:\/\/schema.org","@graph":[{"@type":"Article","@id":"https:\/\/sindromecharge.es\/index.php\/2017\/11\/16\/recibimos-el-premio-new-medical-economics-por-sus-lectores\/#article","isPartOf":{"@id":"https:\/\/sindromecharge.es\/index.php\/2017\/11\/16\/recibimos-el-premio-new-medical-economics-por-sus-lectores\/"},"author":{"name":"Charge","@id":"https:\/\/sindromecharge.es\/#\/schema\/person\/39a60ebe0a2b4d5a11179701e336b039"},"headline":"\u00a1Recibimos el premio New Medical Economics por sus lectores!","datePublished":"2017-11-16T06:21:19+00:00","mainEntityOfPage":{"@id":"https:\/\/sindromecharge.es\/index.php\/2017\/11\/16\/recibimos-el-premio-new-medical-economics-por-sus-lectores\/"},"wordCount":351,"commentCount":0,"keywords":["enfermedades raras"],"articleSection":["noticias"],"inLanguage":"es","potentialAction":[{"@type":"CommentAction","name":"Comment","target":["https:\/\/sindromecharge.es\/index.php\/2017\/11\/16\/recibimos-el-premio-new-medical-economics-por-sus-lectores\/#respond"]}]},{"@type":"WebPage","@id":"https:\/\/sindromecharge.es\/index.php\/2017\/11\/16\/recibimos-el-premio-new-medical-economics-por-sus-lectores\/","url":"https:\/\/sindromecharge.es\/index.php\/2017\/11\/16\/recibimos-el-premio-new-medical-economics-por-sus-lectores\/","name":"\u00a1Recibimos el premio New Medical Economics por sus lectores! - Asociaci\u00f3n Espa\u00f1ola S\u00edndrome de Charge","isPartOf":{"@id":"https:\/\/sindromecharge.es\/#website"},"datePublished":"2017-11-16T06:21:19+00:00","author":{"@id":"https:\/\/sindromecharge.es\/#\/schema\/person\/39a60ebe0a2b4d5a11179701e336b039"},"breadcrumb":{"@id":"https:\/\/sindromecharge.es\/index.php\/2017\/11\/16\/recibimos-el-premio-new-medical-economics-por-sus-lectores\/#breadcrumb"},"inLanguage":"es","potentialAction":[{"@type":"ReadAction","target":["https:\/\/sindromecharge.es\/index.php\/2017\/11\/16\/recibimos-el-premio-new-medical-economics-por-sus-lectores\/"]}]},{"@type":"BreadcrumbList","@id":"https:\/\/sindromecharge.es\/index.php\/2017\/11\/16\/recibimos-el-premio-new-medical-economics-por-sus-lectores\/#breadcrumb","itemListElement":[{"@type":"ListItem","position":1,"name":"Portada","item":"https:\/\/sindromecharge.es\/"},{"@type":"ListItem","position":2,"name":"\u00a1Recibimos el premio New Medical Economics por sus lectores!"}]},{"@type":"WebSite","@id":"https:\/\/sindromecharge.es\/#website","url":"https:\/\/sindromecharge.es\/","name":"Asociaci\u00f3n Espa\u00f1ola S\u00edndrome de Charge","description":"","potentialAction":[{"@type":"SearchAction","target":{"@type":"EntryPoint","urlTemplate":"https:\/\/sindromecharge.es\/?s={search_term_string}"},"query-input":{"@type":"PropertyValueSpecification","valueRequired":true,"valueName":"search_term_string"}}],"inLanguage":"es"},{"@type":"Person","@id":"https:\/\/sindromecharge.es\/#\/schema\/person\/39a60ebe0a2b4d5a11179701e336b039","name":"Charge","image":{"@type":"ImageObject","inLanguage":"es","@id":"https:\/\/secure.gravatar.com\/avatar\/c3b46e32a0fc3b093a0873fb767bf3293de856293065e84ef06b7ec7a8acfb98?s=96&d=identicon&r=x","url":"https:\/\/secure.gravatar.com\/avatar\/c3b46e32a0fc3b093a0873fb767bf3293de856293065e84ef06b7ec7a8acfb98?s=96&d=identicon&r=x","contentUrl":"https:\/\/secure.gravatar.com\/avatar\/c3b46e32a0fc3b093a0873fb767bf3293de856293065e84ef06b7ec7a8acfb98?s=96&d=identicon&r=x","caption":"Charge"},"url":"https:\/\/sindromecharge.es\/index.php\/author\/admin\/"}]}},"_links":{"self":[{"href":"https:\/\/sindromecharge.es\/index.php\/wp-json\/wp\/v2\/posts\/3353","targetHints":{"allow":["GET"]}}],"collection":[{"href":"https:\/\/sindromecharge.es\/index.php\/wp-json\/wp\/v2\/posts"}],"about":[{"href":"https:\/\/sindromecharge.es\/index.php\/wp-json\/wp\/v2\/types\/post"}],"author":[{"embeddable":true,"href":"https:\/\/sindromecharge.es\/index.php\/wp-json\/wp\/v2\/users\/1"}],"replies":[{"embeddable":true,"href":"https:\/\/sindromecharge.es\/index.php\/wp-json\/wp\/v2\/comments?post=3353"}],"version-history":[{"count":0,"href":"https:\/\/sindromecharge.es\/index.php\/wp-json\/wp\/v2\/posts\/3353\/revisions"}],"wp:attachment":[{"href":"https:\/\/sindromecharge.es\/index.php\/wp-json\/wp\/v2\/media?parent=3353"}],"wp:term":[{"taxonomy":"category","embeddable":true,"href":"https:\/\/sindromecharge.es\/index.php\/wp-json\/wp\/v2\/categories?post=3353"},{"taxonomy":"post_tag","embeddable":true,"href":"https:\/\/sindromecharge.es\/index.php\/wp-json\/wp\/v2\/tags?post=3353"}],"curies":[{"name":"wp","href":"https:\/\/api.w.org\/{rel}","templated":true}]}}