{"id":3352,"date":"2017-11-15T10:33:24","date_gmt":"2017-11-15T10:33:24","guid":{"rendered":"https:\/\/sindromecharge.es\/index.php\/2017\/11\/15\/apuntate-al-taller-de-resiliencia-antes-del-24-de-noviembre\/"},"modified":"2017-11-15T10:33:24","modified_gmt":"2017-11-15T10:33:24","slug":"apuntate-al-taller-de-resiliencia-antes-del-24-de-noviembre","status":"publish","type":"post","link":"https:\/\/sindromecharge.es\/index.php\/2017\/11\/15\/apuntate-al-taller-de-resiliencia-antes-del-24-de-noviembre\/","title":{"rendered":"\u00a1Ap\u00fantate al taller de resiliencia antes del 24 de noviembre!"},"content":{"rendered":"<p>Leemos en FEDER la siguiente noticia que os reproducimos de forma \u00edntegra: <\/p>\n<p><p>La resiliencia, se define como la capacidad de asumir con flexibilidad situaciones l\u00edmite y sobreponerse a ellas, pero en psicolog\u00eda a\u00f1adimos algo m\u00e1s al concepto de resiliencia gracias a ella somos capaces de afrontar las crisis o situaciones potencialmente traum\u00e1ticas, sino que tambi\u00e9n podemos salir fortalecidos de ellas.<\/p>\n<p>Nuestro Servicio de Atenci\u00f3n Psicol\u00f3gica pone en marcha un nuevo taller en la nuestra de Madrid sobre la resiliencia. \u00bfQu\u00e9 es la resiliencia? En este taller conoceremos los beneficios que tiene pensar, sentir y actuar de forma resiliente, as\u00ed como las habilidades que nos ayuden a adaptarnos a las situaciones.<\/p>\n<h3>\u00bfQuieres saber m\u00e1s?<\/h3>\n<p>Lugar: C\/Doctor Castelo, 49, Metro : O\u00b4Donell. <br \/>28 de Noviembre de 2017, de 17:00 a 19:00h.<br \/>Formulario de inscripci\u00f3n aqu\u00ed. RELLENAR FORMULARIO<\/p>\n<p>PLAZO DE INSCRIPCI\u00d3N: hasta el 24 de Noviembre.<\/p>\n<p>Para m\u00e1s informaci\u00f3n, os pod\u00e9is poner en contacto con Carmen Laborda, t\u00e9cnico del Servicio de Atenci\u00f3n Psicol\u00f3gica , tel\u00e9fono: 695503606 o al correo: psicologia-madrid@enfermedades-raras.org<\/p>\n<p style=\"text-align: right\">\u00daltima actualizaci\u00f3n: 15\/11\/2017.<\/p>\n<\/p>\n<p>Fuente: FEDER <a href=\"https:\/\/enfermedades-raras.org\/index.php\/actualidad\/noticias-eventos\/2-feder\/9551-%C2%A1ap%C3%BAntate-al-taller-de-resiliencia-antes-del-24-de-noviembre\" target=\"_blank\">\u00a1Ap\u00fantate al taller de resiliencia antes del 24 de noviembre!<\/a><\/p>\n","protected":false},"excerpt":{"rendered":"<p>Leemos en FEDER la siguiente noticia que os reproducimos de forma \u00edntegra: La resiliencia, se define como la capacidad de asumir con flexibilidad situaciones l\u00edmite y sobreponerse a ellas, pero en psicolog\u00eda a\u00f1adimos algo m\u00e1s al concepto de resiliencia gracias a ella somos capaces de afrontar las crisis o situaciones potencialmente traum\u00e1ticas, sino que tambi\u00e9n [&hellip;]<\/p>\n","protected":false},"author":1,"featured_media":0,"comment_status":"open","ping_status":"open","sticky":false,"template":"","format":"standard","meta":{"footnotes":""},"categories":[8],"tags":[36],"class_list":["post-3352","post","type-post","status-publish","format-standard","hentry","category-noticias","tag-enfermedades-raras"],"yoast_head":"<!-- This site is optimized with the Yoast SEO plugin v27.4 - https:\/\/yoast.com\/product\/yoast-seo-wordpress\/ -->\n<title>\u00a1Ap\u00fantate al taller de resiliencia antes del 24 de noviembre! - Asociaci\u00f3n Espa\u00f1ola S\u00edndrome de Charge<\/title>\n<meta name=\"robots\" content=\"index, follow, max-snippet:-1, max-image-preview:large, max-video-preview:-1\" \/>\n<link rel=\"canonical\" href=\"https:\/\/sindromecharge.es\/index.php\/2017\/11\/15\/apuntate-al-taller-de-resiliencia-antes-del-24-de-noviembre\/\" \/>\n<meta property=\"og:locale\" content=\"es_ES\" \/>\n<meta property=\"og:type\" content=\"article\" \/>\n<meta property=\"og:title\" content=\"\u00a1Ap\u00fantate al taller de resiliencia antes del 24 de noviembre! - Asociaci\u00f3n Espa\u00f1ola S\u00edndrome de Charge\" \/>\n<meta property=\"og:description\" content=\"Leemos en FEDER la siguiente noticia que os reproducimos de forma \u00edntegra: La resiliencia, se define como la capacidad de asumir con flexibilidad situaciones l\u00edmite y sobreponerse a ellas, pero en psicolog\u00eda a\u00f1adimos algo m\u00e1s al concepto de resiliencia gracias a ella somos capaces de afrontar las crisis o situaciones potencialmente traum\u00e1ticas, sino que tambi\u00e9n [&hellip;]\" \/>\n<meta property=\"og:url\" content=\"https:\/\/sindromecharge.es\/index.php\/2017\/11\/15\/apuntate-al-taller-de-resiliencia-antes-del-24-de-noviembre\/\" \/>\n<meta property=\"og:site_name\" content=\"Asociaci\u00f3n Espa\u00f1ola S\u00edndrome de Charge\" \/>\n<meta property=\"article:publisher\" content=\"https:\/\/www.facebook.com\/asociacionsindromecharge\" \/>\n<meta property=\"article:published_time\" content=\"2017-11-15T10:33:24+00:00\" \/>\n<meta property=\"og:image\" content=\"https:\/\/sindromecharge.es\/wp-content\/uploads\/2013\/09\/logodecharge300x98.png\" \/>\n\t<meta property=\"og:image:width\" content=\"300\" \/>\n\t<meta property=\"og:image:height\" content=\"98\" \/>\n\t<meta property=\"og:image:type\" content=\"image\/png\" \/>\n<meta name=\"author\" content=\"Charge\" \/>\n<meta name=\"twitter:card\" content=\"summary_large_image\" \/>\n<meta name=\"twitter:creator\" content=\"@sindromecharge\" \/>\n<meta name=\"twitter:site\" content=\"@sindromecharge\" \/>\n<meta name=\"twitter:label1\" content=\"Escrito por\" \/>\n\t<meta name=\"twitter:data1\" content=\"Charge\" \/>\n\t<meta name=\"twitter:label2\" content=\"Tiempo de lectura\" \/>\n\t<meta name=\"twitter:data2\" content=\"1 minuto\" \/>\n<script type=\"application\/ld+json\" class=\"yoast-schema-graph\">{\"@context\":\"https:\\\/\\\/schema.org\",\"@graph\":[{\"@type\":\"Article\",\"@id\":\"https:\\\/\\\/sindromecharge.es\\\/index.php\\\/2017\\\/11\\\/15\\\/apuntate-al-taller-de-resiliencia-antes-del-24-de-noviembre\\\/#article\",\"isPartOf\":{\"@id\":\"https:\\\/\\\/sindromecharge.es\\\/index.php\\\/2017\\\/11\\\/15\\\/apuntate-al-taller-de-resiliencia-antes-del-24-de-noviembre\\\/\"},\"author\":{\"name\":\"Charge\",\"@id\":\"https:\\\/\\\/sindromecharge.es\\\/#\\\/schema\\\/person\\\/39a60ebe0a2b4d5a11179701e336b039\"},\"headline\":\"\u00a1Ap\u00fantate al taller de resiliencia antes del 24 de noviembre!\",\"datePublished\":\"2017-11-15T10:33:24+00:00\",\"mainEntityOfPage\":{\"@id\":\"https:\\\/\\\/sindromecharge.es\\\/index.php\\\/2017\\\/11\\\/15\\\/apuntate-al-taller-de-resiliencia-antes-del-24-de-noviembre\\\/\"},\"wordCount\":206,\"commentCount\":0,\"keywords\":[\"enfermedades raras\"],\"articleSection\":[\"noticias\"],\"inLanguage\":\"es\",\"potentialAction\":[{\"@type\":\"CommentAction\",\"name\":\"Comment\",\"target\":[\"https:\\\/\\\/sindromecharge.es\\\/index.php\\\/2017\\\/11\\\/15\\\/apuntate-al-taller-de-resiliencia-antes-del-24-de-noviembre\\\/#respond\"]}]},{\"@type\":\"WebPage\",\"@id\":\"https:\\\/\\\/sindromecharge.es\\\/index.php\\\/2017\\\/11\\\/15\\\/apuntate-al-taller-de-resiliencia-antes-del-24-de-noviembre\\\/\",\"url\":\"https:\\\/\\\/sindromecharge.es\\\/index.php\\\/2017\\\/11\\\/15\\\/apuntate-al-taller-de-resiliencia-antes-del-24-de-noviembre\\\/\",\"name\":\"\u00a1Ap\u00fantate al taller de resiliencia antes del 24 de noviembre! - Asociaci\u00f3n Espa\u00f1ola S\u00edndrome de Charge\",\"isPartOf\":{\"@id\":\"https:\\\/\\\/sindromecharge.es\\\/#website\"},\"datePublished\":\"2017-11-15T10:33:24+00:00\",\"author\":{\"@id\":\"https:\\\/\\\/sindromecharge.es\\\/#\\\/schema\\\/person\\\/39a60ebe0a2b4d5a11179701e336b039\"},\"breadcrumb\":{\"@id\":\"https:\\\/\\\/sindromecharge.es\\\/index.php\\\/2017\\\/11\\\/15\\\/apuntate-al-taller-de-resiliencia-antes-del-24-de-noviembre\\\/#breadcrumb\"},\"inLanguage\":\"es\",\"potentialAction\":[{\"@type\":\"ReadAction\",\"target\":[\"https:\\\/\\\/sindromecharge.es\\\/index.php\\\/2017\\\/11\\\/15\\\/apuntate-al-taller-de-resiliencia-antes-del-24-de-noviembre\\\/\"]}]},{\"@type\":\"BreadcrumbList\",\"@id\":\"https:\\\/\\\/sindromecharge.es\\\/index.php\\\/2017\\\/11\\\/15\\\/apuntate-al-taller-de-resiliencia-antes-del-24-de-noviembre\\\/#breadcrumb\",\"itemListElement\":[{\"@type\":\"ListItem\",\"position\":1,\"name\":\"Portada\",\"item\":\"https:\\\/\\\/sindromecharge.es\\\/\"},{\"@type\":\"ListItem\",\"position\":2,\"name\":\"\u00a1Ap\u00fantate al taller de resiliencia antes del 24 de noviembre!\"}]},{\"@type\":\"WebSite\",\"@id\":\"https:\\\/\\\/sindromecharge.es\\\/#website\",\"url\":\"https:\\\/\\\/sindromecharge.es\\\/\",\"name\":\"Asociaci\u00f3n Espa\u00f1ola S\u00edndrome de Charge\",\"description\":\"\",\"potentialAction\":[{\"@type\":\"SearchAction\",\"target\":{\"@type\":\"EntryPoint\",\"urlTemplate\":\"https:\\\/\\\/sindromecharge.es\\\/?s={search_term_string}\"},\"query-input\":{\"@type\":\"PropertyValueSpecification\",\"valueRequired\":true,\"valueName\":\"search_term_string\"}}],\"inLanguage\":\"es\"},{\"@type\":\"Person\",\"@id\":\"https:\\\/\\\/sindromecharge.es\\\/#\\\/schema\\\/person\\\/39a60ebe0a2b4d5a11179701e336b039\",\"name\":\"Charge\",\"image\":{\"@type\":\"ImageObject\",\"inLanguage\":\"es\",\"@id\":\"https:\\\/\\\/secure.gravatar.com\\\/avatar\\\/c3b46e32a0fc3b093a0873fb767bf3293de856293065e84ef06b7ec7a8acfb98?s=96&d=identicon&r=x\",\"url\":\"https:\\\/\\\/secure.gravatar.com\\\/avatar\\\/c3b46e32a0fc3b093a0873fb767bf3293de856293065e84ef06b7ec7a8acfb98?s=96&d=identicon&r=x\",\"contentUrl\":\"https:\\\/\\\/secure.gravatar.com\\\/avatar\\\/c3b46e32a0fc3b093a0873fb767bf3293de856293065e84ef06b7ec7a8acfb98?s=96&d=identicon&r=x\",\"caption\":\"Charge\"},\"url\":\"https:\\\/\\\/sindromecharge.es\\\/index.php\\\/author\\\/admin\\\/\"}]}<\/script>\n<!-- \/ Yoast SEO plugin. -->","yoast_head_json":{"title":"\u00a1Ap\u00fantate al taller de resiliencia antes del 24 de noviembre! - Asociaci\u00f3n Espa\u00f1ola S\u00edndrome de Charge","robots":{"index":"index","follow":"follow","max-snippet":"max-snippet:-1","max-image-preview":"max-image-preview:large","max-video-preview":"max-video-preview:-1"},"canonical":"https:\/\/sindromecharge.es\/index.php\/2017\/11\/15\/apuntate-al-taller-de-resiliencia-antes-del-24-de-noviembre\/","og_locale":"es_ES","og_type":"article","og_title":"\u00a1Ap\u00fantate al taller de resiliencia antes del 24 de noviembre! - Asociaci\u00f3n Espa\u00f1ola S\u00edndrome de Charge","og_description":"Leemos en FEDER la siguiente noticia que os reproducimos de forma \u00edntegra: La resiliencia, se define como la capacidad de asumir con flexibilidad situaciones l\u00edmite y sobreponerse a ellas, pero en psicolog\u00eda a\u00f1adimos algo m\u00e1s al concepto de resiliencia gracias a ella somos capaces de afrontar las crisis o situaciones potencialmente traum\u00e1ticas, sino que tambi\u00e9n [&hellip;]","og_url":"https:\/\/sindromecharge.es\/index.php\/2017\/11\/15\/apuntate-al-taller-de-resiliencia-antes-del-24-de-noviembre\/","og_site_name":"Asociaci\u00f3n Espa\u00f1ola S\u00edndrome de Charge","article_publisher":"https:\/\/www.facebook.com\/asociacionsindromecharge","article_published_time":"2017-11-15T10:33:24+00:00","og_image":[{"width":300,"height":98,"url":"https:\/\/sindromecharge.es\/wp-content\/uploads\/2013\/09\/logodecharge300x98.png","type":"image\/png"}],"author":"Charge","twitter_card":"summary_large_image","twitter_creator":"@sindromecharge","twitter_site":"@sindromecharge","twitter_misc":{"Escrito por":"Charge","Tiempo de lectura":"1 minuto"},"schema":{"@context":"https:\/\/schema.org","@graph":[{"@type":"Article","@id":"https:\/\/sindromecharge.es\/index.php\/2017\/11\/15\/apuntate-al-taller-de-resiliencia-antes-del-24-de-noviembre\/#article","isPartOf":{"@id":"https:\/\/sindromecharge.es\/index.php\/2017\/11\/15\/apuntate-al-taller-de-resiliencia-antes-del-24-de-noviembre\/"},"author":{"name":"Charge","@id":"https:\/\/sindromecharge.es\/#\/schema\/person\/39a60ebe0a2b4d5a11179701e336b039"},"headline":"\u00a1Ap\u00fantate al taller de resiliencia antes del 24 de noviembre!","datePublished":"2017-11-15T10:33:24+00:00","mainEntityOfPage":{"@id":"https:\/\/sindromecharge.es\/index.php\/2017\/11\/15\/apuntate-al-taller-de-resiliencia-antes-del-24-de-noviembre\/"},"wordCount":206,"commentCount":0,"keywords":["enfermedades raras"],"articleSection":["noticias"],"inLanguage":"es","potentialAction":[{"@type":"CommentAction","name":"Comment","target":["https:\/\/sindromecharge.es\/index.php\/2017\/11\/15\/apuntate-al-taller-de-resiliencia-antes-del-24-de-noviembre\/#respond"]}]},{"@type":"WebPage","@id":"https:\/\/sindromecharge.es\/index.php\/2017\/11\/15\/apuntate-al-taller-de-resiliencia-antes-del-24-de-noviembre\/","url":"https:\/\/sindromecharge.es\/index.php\/2017\/11\/15\/apuntate-al-taller-de-resiliencia-antes-del-24-de-noviembre\/","name":"\u00a1Ap\u00fantate al taller de resiliencia antes del 24 de noviembre! - Asociaci\u00f3n Espa\u00f1ola S\u00edndrome de Charge","isPartOf":{"@id":"https:\/\/sindromecharge.es\/#website"},"datePublished":"2017-11-15T10:33:24+00:00","author":{"@id":"https:\/\/sindromecharge.es\/#\/schema\/person\/39a60ebe0a2b4d5a11179701e336b039"},"breadcrumb":{"@id":"https:\/\/sindromecharge.es\/index.php\/2017\/11\/15\/apuntate-al-taller-de-resiliencia-antes-del-24-de-noviembre\/#breadcrumb"},"inLanguage":"es","potentialAction":[{"@type":"ReadAction","target":["https:\/\/sindromecharge.es\/index.php\/2017\/11\/15\/apuntate-al-taller-de-resiliencia-antes-del-24-de-noviembre\/"]}]},{"@type":"BreadcrumbList","@id":"https:\/\/sindromecharge.es\/index.php\/2017\/11\/15\/apuntate-al-taller-de-resiliencia-antes-del-24-de-noviembre\/#breadcrumb","itemListElement":[{"@type":"ListItem","position":1,"name":"Portada","item":"https:\/\/sindromecharge.es\/"},{"@type":"ListItem","position":2,"name":"\u00a1Ap\u00fantate al taller de resiliencia antes del 24 de noviembre!"}]},{"@type":"WebSite","@id":"https:\/\/sindromecharge.es\/#website","url":"https:\/\/sindromecharge.es\/","name":"Asociaci\u00f3n Espa\u00f1ola S\u00edndrome de Charge","description":"","potentialAction":[{"@type":"SearchAction","target":{"@type":"EntryPoint","urlTemplate":"https:\/\/sindromecharge.es\/?s={search_term_string}"},"query-input":{"@type":"PropertyValueSpecification","valueRequired":true,"valueName":"search_term_string"}}],"inLanguage":"es"},{"@type":"Person","@id":"https:\/\/sindromecharge.es\/#\/schema\/person\/39a60ebe0a2b4d5a11179701e336b039","name":"Charge","image":{"@type":"ImageObject","inLanguage":"es","@id":"https:\/\/secure.gravatar.com\/avatar\/c3b46e32a0fc3b093a0873fb767bf3293de856293065e84ef06b7ec7a8acfb98?s=96&d=identicon&r=x","url":"https:\/\/secure.gravatar.com\/avatar\/c3b46e32a0fc3b093a0873fb767bf3293de856293065e84ef06b7ec7a8acfb98?s=96&d=identicon&r=x","contentUrl":"https:\/\/secure.gravatar.com\/avatar\/c3b46e32a0fc3b093a0873fb767bf3293de856293065e84ef06b7ec7a8acfb98?s=96&d=identicon&r=x","caption":"Charge"},"url":"https:\/\/sindromecharge.es\/index.php\/author\/admin\/"}]}},"_links":{"self":[{"href":"https:\/\/sindromecharge.es\/index.php\/wp-json\/wp\/v2\/posts\/3352","targetHints":{"allow":["GET"]}}],"collection":[{"href":"https:\/\/sindromecharge.es\/index.php\/wp-json\/wp\/v2\/posts"}],"about":[{"href":"https:\/\/sindromecharge.es\/index.php\/wp-json\/wp\/v2\/types\/post"}],"author":[{"embeddable":true,"href":"https:\/\/sindromecharge.es\/index.php\/wp-json\/wp\/v2\/users\/1"}],"replies":[{"embeddable":true,"href":"https:\/\/sindromecharge.es\/index.php\/wp-json\/wp\/v2\/comments?post=3352"}],"version-history":[{"count":0,"href":"https:\/\/sindromecharge.es\/index.php\/wp-json\/wp\/v2\/posts\/3352\/revisions"}],"wp:attachment":[{"href":"https:\/\/sindromecharge.es\/index.php\/wp-json\/wp\/v2\/media?parent=3352"}],"wp:term":[{"taxonomy":"category","embeddable":true,"href":"https:\/\/sindromecharge.es\/index.php\/wp-json\/wp\/v2\/categories?post=3352"},{"taxonomy":"post_tag","embeddable":true,"href":"https:\/\/sindromecharge.es\/index.php\/wp-json\/wp\/v2\/tags?post=3352"}],"curies":[{"name":"wp","href":"https:\/\/api.w.org\/{rel}","templated":true}]}}