{"id":3351,"date":"2017-11-15T08:11:24","date_gmt":"2017-11-15T08:11:24","guid":{"rendered":"https:\/\/sindromecharge.es\/index.php\/2017\/11\/15\/no-te-pierdas-este-estreno-el-17-de-noviembre\/"},"modified":"2017-11-15T08:11:24","modified_gmt":"2017-11-15T08:11:24","slug":"no-te-pierdas-este-estreno-el-17-de-noviembre","status":"publish","type":"post","link":"https:\/\/sindromecharge.es\/index.php\/2017\/11\/15\/no-te-pierdas-este-estreno-el-17-de-noviembre\/","title":{"rendered":"\u00a1No te pierdas este estreno el 17 de noviembre!"},"content":{"rendered":"<p>Leemos en FEDER la siguiente noticia que os reproducimos de forma \u00edntegra: <\/p>\n<ul>\n<li><b>\u00bfTe vienes?<\/b> \u00a1Conf\u00edrmanos <a href=\"mailto:confirmacion@prensa-web.es\" target=\"_blank\"><span style=\"text-decoration: underline\">por correo electr\u00f3nico<\/span><\/a>! Incluye tu NOMBRE, MEDIO, Y TELEFONO.<\/span><\/li>\n<\/ul>\n<p>El viernes 17 de noviembre se proyecta por primera vez en nuestro pa\u00eds una pel\u00edcula muy especial: <i>Ganar al viento<\/i>. La cinta, de g\u00e9nero documental, se podr\u00e1 disfrutar en los cines espa\u00f1oles a partir del pr\u00f3ximo 5 de enero.<\/p>\n<p>El poder de la vida y la capacidad de recuperaci\u00f3n son los principales ingredientes de este film protagonizado por cinco ni\u00f1os: Imad, Amber, Charles, Camille y Tugdual. Cada uno comparte con nosotros sus inquietudes y alegr\u00edas, pero tambi\u00e9n&nbsp;<span style=\"font-size: 11.97px;font-style: normal;font-weight: normal\">su d\u00eda a d\u00eda con la enfermedad con la que conviven; enfermedades graves, que los hacen muy maduros y conscientes del momento que viven y del poder del &#8216;ahora&#8217;.&nbsp;<\/span><\/p>\n<p>Pero <i>Ganar al viento<\/i> tambi\u00e9n refleja que contin\u00faan siendo ni\u00f1os.&nbsp;<span style=\"font-size: 11.97px\">Anne Dauphine Julliand, la directora, ha sido capaz de captar su inocencia, que realmente estacan entre los h\u00e9roes de todos los d\u00edas, y comparten con nosotros una lecci\u00f3n de vida. Esta pel\u00edcula se hace para cambiar las ideas preconcebidas, sobre la vida, la infancia, la resistencia y el poder del ahora.<\/span><\/p>\n<p>La pel\u00edcula que se estrenar\u00e1 en VO y doblada al espa\u00f1ol, donar\u00e1 parte de su recaudaci\u00f3n a nuestra Federaci\u00f3n y a Juegaterapia para ayudar a la gran labor que hacen con los ni\u00f1os y sus familias.<\/p>\n<p>PRESENTACI\u00d3N GANAR AL VIENTO<\/p>\n<p>D\u00eda: VIERNES 17 DE NOVIEMBRE a las 10:00 Hs en el INSTITUTO FRANC\u00c9S DE MADRID (Marqu\u00e9s de la Ensenada, 10 &#8211; Madrid)<\/p>\n<p>&nbsp;<\/p>\n<p>Fuente: FEDER <a href=\"https:\/\/enfermedades-raras.org\/index.php\/actualidad\/noticias-eventos\/2-feder\/9543-el-17-de-noviembre-se-proyecta-por-primera-vez-en-espa%C3%B1a%2C-%C2%A1no-te-la-pierdas-2\" target=\"_blank\">\u00a1No te pierdas este estreno el 17 de noviembre!<\/a><\/p>\n","protected":false},"excerpt":{"rendered":"<p>Leemos en FEDER la siguiente noticia que os reproducimos de forma \u00edntegra: \u00bfTe vienes? \u00a1Conf\u00edrmanos por correo electr\u00f3nico! Incluye tu NOMBRE, MEDIO, Y TELEFONO. El viernes 17 de noviembre se proyecta por primera vez en nuestro pa\u00eds una pel\u00edcula muy especial: Ganar al viento. La cinta, de g\u00e9nero documental, se podr\u00e1 disfrutar en los cines [&hellip;]<\/p>\n","protected":false},"author":1,"featured_media":0,"comment_status":"open","ping_status":"open","sticky":false,"template":"","format":"standard","meta":{"footnotes":""},"categories":[8],"tags":[36],"class_list":["post-3351","post","type-post","status-publish","format-standard","hentry","category-noticias","tag-enfermedades-raras"],"yoast_head":"<!-- This site is optimized with the Yoast SEO plugin v27.4 - https:\/\/yoast.com\/product\/yoast-seo-wordpress\/ -->\n<title>\u00a1No te pierdas este estreno el 17 de noviembre! - Asociaci\u00f3n Espa\u00f1ola S\u00edndrome de Charge<\/title>\n<meta name=\"robots\" content=\"index, follow, max-snippet:-1, max-image-preview:large, max-video-preview:-1\" \/>\n<link rel=\"canonical\" href=\"https:\/\/sindromecharge.es\/index.php\/2017\/11\/15\/no-te-pierdas-este-estreno-el-17-de-noviembre\/\" \/>\n<meta property=\"og:locale\" content=\"es_ES\" \/>\n<meta property=\"og:type\" content=\"article\" \/>\n<meta property=\"og:title\" content=\"\u00a1No te pierdas este estreno el 17 de noviembre! - Asociaci\u00f3n Espa\u00f1ola S\u00edndrome de Charge\" \/>\n<meta property=\"og:description\" content=\"Leemos en FEDER la siguiente noticia que os reproducimos de forma \u00edntegra: \u00bfTe vienes? \u00a1Conf\u00edrmanos por correo electr\u00f3nico! Incluye tu NOMBRE, MEDIO, Y TELEFONO. El viernes 17 de noviembre se proyecta por primera vez en nuestro pa\u00eds una pel\u00edcula muy especial: Ganar al viento. La cinta, de g\u00e9nero documental, se podr\u00e1 disfrutar en los cines [&hellip;]\" \/>\n<meta property=\"og:url\" content=\"https:\/\/sindromecharge.es\/index.php\/2017\/11\/15\/no-te-pierdas-este-estreno-el-17-de-noviembre\/\" \/>\n<meta property=\"og:site_name\" content=\"Asociaci\u00f3n Espa\u00f1ola S\u00edndrome de Charge\" \/>\n<meta property=\"article:publisher\" content=\"https:\/\/www.facebook.com\/asociacionsindromecharge\" \/>\n<meta property=\"article:published_time\" content=\"2017-11-15T08:11:24+00:00\" \/>\n<meta property=\"og:image\" content=\"https:\/\/sindromecharge.es\/wp-content\/uploads\/2013\/09\/logodecharge300x98.png\" \/>\n\t<meta property=\"og:image:width\" content=\"300\" \/>\n\t<meta property=\"og:image:height\" content=\"98\" \/>\n\t<meta property=\"og:image:type\" content=\"image\/png\" \/>\n<meta name=\"author\" content=\"Charge\" \/>\n<meta name=\"twitter:card\" content=\"summary_large_image\" \/>\n<meta name=\"twitter:creator\" content=\"@sindromecharge\" \/>\n<meta name=\"twitter:site\" content=\"@sindromecharge\" \/>\n<meta name=\"twitter:label1\" content=\"Escrito por\" \/>\n\t<meta name=\"twitter:data1\" content=\"Charge\" \/>\n\t<meta name=\"twitter:label2\" content=\"Tiempo de lectura\" \/>\n\t<meta name=\"twitter:data2\" content=\"1 minuto\" \/>\n<script type=\"application\/ld+json\" class=\"yoast-schema-graph\">{\"@context\":\"https:\\\/\\\/schema.org\",\"@graph\":[{\"@type\":\"Article\",\"@id\":\"https:\\\/\\\/sindromecharge.es\\\/index.php\\\/2017\\\/11\\\/15\\\/no-te-pierdas-este-estreno-el-17-de-noviembre\\\/#article\",\"isPartOf\":{\"@id\":\"https:\\\/\\\/sindromecharge.es\\\/index.php\\\/2017\\\/11\\\/15\\\/no-te-pierdas-este-estreno-el-17-de-noviembre\\\/\"},\"author\":{\"name\":\"Charge\",\"@id\":\"https:\\\/\\\/sindromecharge.es\\\/#\\\/schema\\\/person\\\/39a60ebe0a2b4d5a11179701e336b039\"},\"headline\":\"\u00a1No te pierdas este estreno el 17 de noviembre!\",\"datePublished\":\"2017-11-15T08:11:24+00:00\",\"mainEntityOfPage\":{\"@id\":\"https:\\\/\\\/sindromecharge.es\\\/index.php\\\/2017\\\/11\\\/15\\\/no-te-pierdas-este-estreno-el-17-de-noviembre\\\/\"},\"wordCount\":299,\"commentCount\":0,\"keywords\":[\"enfermedades raras\"],\"articleSection\":[\"noticias\"],\"inLanguage\":\"es\",\"potentialAction\":[{\"@type\":\"CommentAction\",\"name\":\"Comment\",\"target\":[\"https:\\\/\\\/sindromecharge.es\\\/index.php\\\/2017\\\/11\\\/15\\\/no-te-pierdas-este-estreno-el-17-de-noviembre\\\/#respond\"]}]},{\"@type\":\"WebPage\",\"@id\":\"https:\\\/\\\/sindromecharge.es\\\/index.php\\\/2017\\\/11\\\/15\\\/no-te-pierdas-este-estreno-el-17-de-noviembre\\\/\",\"url\":\"https:\\\/\\\/sindromecharge.es\\\/index.php\\\/2017\\\/11\\\/15\\\/no-te-pierdas-este-estreno-el-17-de-noviembre\\\/\",\"name\":\"\u00a1No te pierdas este estreno el 17 de noviembre! - Asociaci\u00f3n Espa\u00f1ola S\u00edndrome de Charge\",\"isPartOf\":{\"@id\":\"https:\\\/\\\/sindromecharge.es\\\/#website\"},\"datePublished\":\"2017-11-15T08:11:24+00:00\",\"author\":{\"@id\":\"https:\\\/\\\/sindromecharge.es\\\/#\\\/schema\\\/person\\\/39a60ebe0a2b4d5a11179701e336b039\"},\"breadcrumb\":{\"@id\":\"https:\\\/\\\/sindromecharge.es\\\/index.php\\\/2017\\\/11\\\/15\\\/no-te-pierdas-este-estreno-el-17-de-noviembre\\\/#breadcrumb\"},\"inLanguage\":\"es\",\"potentialAction\":[{\"@type\":\"ReadAction\",\"target\":[\"https:\\\/\\\/sindromecharge.es\\\/index.php\\\/2017\\\/11\\\/15\\\/no-te-pierdas-este-estreno-el-17-de-noviembre\\\/\"]}]},{\"@type\":\"BreadcrumbList\",\"@id\":\"https:\\\/\\\/sindromecharge.es\\\/index.php\\\/2017\\\/11\\\/15\\\/no-te-pierdas-este-estreno-el-17-de-noviembre\\\/#breadcrumb\",\"itemListElement\":[{\"@type\":\"ListItem\",\"position\":1,\"name\":\"Portada\",\"item\":\"https:\\\/\\\/sindromecharge.es\\\/\"},{\"@type\":\"ListItem\",\"position\":2,\"name\":\"\u00a1No te pierdas este estreno el 17 de noviembre!\"}]},{\"@type\":\"WebSite\",\"@id\":\"https:\\\/\\\/sindromecharge.es\\\/#website\",\"url\":\"https:\\\/\\\/sindromecharge.es\\\/\",\"name\":\"Asociaci\u00f3n Espa\u00f1ola S\u00edndrome de Charge\",\"description\":\"\",\"potentialAction\":[{\"@type\":\"SearchAction\",\"target\":{\"@type\":\"EntryPoint\",\"urlTemplate\":\"https:\\\/\\\/sindromecharge.es\\\/?s={search_term_string}\"},\"query-input\":{\"@type\":\"PropertyValueSpecification\",\"valueRequired\":true,\"valueName\":\"search_term_string\"}}],\"inLanguage\":\"es\"},{\"@type\":\"Person\",\"@id\":\"https:\\\/\\\/sindromecharge.es\\\/#\\\/schema\\\/person\\\/39a60ebe0a2b4d5a11179701e336b039\",\"name\":\"Charge\",\"image\":{\"@type\":\"ImageObject\",\"inLanguage\":\"es\",\"@id\":\"https:\\\/\\\/secure.gravatar.com\\\/avatar\\\/c3b46e32a0fc3b093a0873fb767bf3293de856293065e84ef06b7ec7a8acfb98?s=96&d=identicon&r=x\",\"url\":\"https:\\\/\\\/secure.gravatar.com\\\/avatar\\\/c3b46e32a0fc3b093a0873fb767bf3293de856293065e84ef06b7ec7a8acfb98?s=96&d=identicon&r=x\",\"contentUrl\":\"https:\\\/\\\/secure.gravatar.com\\\/avatar\\\/c3b46e32a0fc3b093a0873fb767bf3293de856293065e84ef06b7ec7a8acfb98?s=96&d=identicon&r=x\",\"caption\":\"Charge\"},\"url\":\"https:\\\/\\\/sindromecharge.es\\\/index.php\\\/author\\\/admin\\\/\"}]}<\/script>\n<!-- \/ Yoast SEO plugin. -->","yoast_head_json":{"title":"\u00a1No te pierdas este estreno el 17 de noviembre! - Asociaci\u00f3n Espa\u00f1ola S\u00edndrome de Charge","robots":{"index":"index","follow":"follow","max-snippet":"max-snippet:-1","max-image-preview":"max-image-preview:large","max-video-preview":"max-video-preview:-1"},"canonical":"https:\/\/sindromecharge.es\/index.php\/2017\/11\/15\/no-te-pierdas-este-estreno-el-17-de-noviembre\/","og_locale":"es_ES","og_type":"article","og_title":"\u00a1No te pierdas este estreno el 17 de noviembre! - Asociaci\u00f3n Espa\u00f1ola S\u00edndrome de Charge","og_description":"Leemos en FEDER la siguiente noticia que os reproducimos de forma \u00edntegra: \u00bfTe vienes? \u00a1Conf\u00edrmanos por correo electr\u00f3nico! Incluye tu NOMBRE, MEDIO, Y TELEFONO. El viernes 17 de noviembre se proyecta por primera vez en nuestro pa\u00eds una pel\u00edcula muy especial: Ganar al viento. La cinta, de g\u00e9nero documental, se podr\u00e1 disfrutar en los cines [&hellip;]","og_url":"https:\/\/sindromecharge.es\/index.php\/2017\/11\/15\/no-te-pierdas-este-estreno-el-17-de-noviembre\/","og_site_name":"Asociaci\u00f3n Espa\u00f1ola S\u00edndrome de Charge","article_publisher":"https:\/\/www.facebook.com\/asociacionsindromecharge","article_published_time":"2017-11-15T08:11:24+00:00","og_image":[{"width":300,"height":98,"url":"https:\/\/sindromecharge.es\/wp-content\/uploads\/2013\/09\/logodecharge300x98.png","type":"image\/png"}],"author":"Charge","twitter_card":"summary_large_image","twitter_creator":"@sindromecharge","twitter_site":"@sindromecharge","twitter_misc":{"Escrito por":"Charge","Tiempo de lectura":"1 minuto"},"schema":{"@context":"https:\/\/schema.org","@graph":[{"@type":"Article","@id":"https:\/\/sindromecharge.es\/index.php\/2017\/11\/15\/no-te-pierdas-este-estreno-el-17-de-noviembre\/#article","isPartOf":{"@id":"https:\/\/sindromecharge.es\/index.php\/2017\/11\/15\/no-te-pierdas-este-estreno-el-17-de-noviembre\/"},"author":{"name":"Charge","@id":"https:\/\/sindromecharge.es\/#\/schema\/person\/39a60ebe0a2b4d5a11179701e336b039"},"headline":"\u00a1No te pierdas este estreno el 17 de noviembre!","datePublished":"2017-11-15T08:11:24+00:00","mainEntityOfPage":{"@id":"https:\/\/sindromecharge.es\/index.php\/2017\/11\/15\/no-te-pierdas-este-estreno-el-17-de-noviembre\/"},"wordCount":299,"commentCount":0,"keywords":["enfermedades raras"],"articleSection":["noticias"],"inLanguage":"es","potentialAction":[{"@type":"CommentAction","name":"Comment","target":["https:\/\/sindromecharge.es\/index.php\/2017\/11\/15\/no-te-pierdas-este-estreno-el-17-de-noviembre\/#respond"]}]},{"@type":"WebPage","@id":"https:\/\/sindromecharge.es\/index.php\/2017\/11\/15\/no-te-pierdas-este-estreno-el-17-de-noviembre\/","url":"https:\/\/sindromecharge.es\/index.php\/2017\/11\/15\/no-te-pierdas-este-estreno-el-17-de-noviembre\/","name":"\u00a1No te pierdas este estreno el 17 de noviembre! - Asociaci\u00f3n Espa\u00f1ola S\u00edndrome de Charge","isPartOf":{"@id":"https:\/\/sindromecharge.es\/#website"},"datePublished":"2017-11-15T08:11:24+00:00","author":{"@id":"https:\/\/sindromecharge.es\/#\/schema\/person\/39a60ebe0a2b4d5a11179701e336b039"},"breadcrumb":{"@id":"https:\/\/sindromecharge.es\/index.php\/2017\/11\/15\/no-te-pierdas-este-estreno-el-17-de-noviembre\/#breadcrumb"},"inLanguage":"es","potentialAction":[{"@type":"ReadAction","target":["https:\/\/sindromecharge.es\/index.php\/2017\/11\/15\/no-te-pierdas-este-estreno-el-17-de-noviembre\/"]}]},{"@type":"BreadcrumbList","@id":"https:\/\/sindromecharge.es\/index.php\/2017\/11\/15\/no-te-pierdas-este-estreno-el-17-de-noviembre\/#breadcrumb","itemListElement":[{"@type":"ListItem","position":1,"name":"Portada","item":"https:\/\/sindromecharge.es\/"},{"@type":"ListItem","position":2,"name":"\u00a1No te pierdas este estreno el 17 de noviembre!"}]},{"@type":"WebSite","@id":"https:\/\/sindromecharge.es\/#website","url":"https:\/\/sindromecharge.es\/","name":"Asociaci\u00f3n Espa\u00f1ola S\u00edndrome de Charge","description":"","potentialAction":[{"@type":"SearchAction","target":{"@type":"EntryPoint","urlTemplate":"https:\/\/sindromecharge.es\/?s={search_term_string}"},"query-input":{"@type":"PropertyValueSpecification","valueRequired":true,"valueName":"search_term_string"}}],"inLanguage":"es"},{"@type":"Person","@id":"https:\/\/sindromecharge.es\/#\/schema\/person\/39a60ebe0a2b4d5a11179701e336b039","name":"Charge","image":{"@type":"ImageObject","inLanguage":"es","@id":"https:\/\/secure.gravatar.com\/avatar\/c3b46e32a0fc3b093a0873fb767bf3293de856293065e84ef06b7ec7a8acfb98?s=96&d=identicon&r=x","url":"https:\/\/secure.gravatar.com\/avatar\/c3b46e32a0fc3b093a0873fb767bf3293de856293065e84ef06b7ec7a8acfb98?s=96&d=identicon&r=x","contentUrl":"https:\/\/secure.gravatar.com\/avatar\/c3b46e32a0fc3b093a0873fb767bf3293de856293065e84ef06b7ec7a8acfb98?s=96&d=identicon&r=x","caption":"Charge"},"url":"https:\/\/sindromecharge.es\/index.php\/author\/admin\/"}]}},"_links":{"self":[{"href":"https:\/\/sindromecharge.es\/index.php\/wp-json\/wp\/v2\/posts\/3351","targetHints":{"allow":["GET"]}}],"collection":[{"href":"https:\/\/sindromecharge.es\/index.php\/wp-json\/wp\/v2\/posts"}],"about":[{"href":"https:\/\/sindromecharge.es\/index.php\/wp-json\/wp\/v2\/types\/post"}],"author":[{"embeddable":true,"href":"https:\/\/sindromecharge.es\/index.php\/wp-json\/wp\/v2\/users\/1"}],"replies":[{"embeddable":true,"href":"https:\/\/sindromecharge.es\/index.php\/wp-json\/wp\/v2\/comments?post=3351"}],"version-history":[{"count":0,"href":"https:\/\/sindromecharge.es\/index.php\/wp-json\/wp\/v2\/posts\/3351\/revisions"}],"wp:attachment":[{"href":"https:\/\/sindromecharge.es\/index.php\/wp-json\/wp\/v2\/media?parent=3351"}],"wp:term":[{"taxonomy":"category","embeddable":true,"href":"https:\/\/sindromecharge.es\/index.php\/wp-json\/wp\/v2\/categories?post=3351"},{"taxonomy":"post_tag","embeddable":true,"href":"https:\/\/sindromecharge.es\/index.php\/wp-json\/wp\/v2\/tags?post=3351"}],"curies":[{"name":"wp","href":"https:\/\/api.w.org\/{rel}","templated":true}]}}