{"id":3345,"date":"2017-11-13T10:01:16","date_gmt":"2017-11-13T10:01:16","guid":{"rendered":"https:\/\/sindromecharge.es\/index.php\/2017\/11\/13\/wonder-una-pelicula-basada-en-el-sindrome-de-teacher-collins\/"},"modified":"2017-11-13T10:01:16","modified_gmt":"2017-11-13T10:01:16","slug":"wonder-una-pelicula-basada-en-el-sindrome-de-teacher-collins","status":"publish","type":"post","link":"https:\/\/sindromecharge.es\/index.php\/2017\/11\/13\/wonder-una-pelicula-basada-en-el-sindrome-de-teacher-collins\/","title":{"rendered":"\u201cWonder\u201d, una pel\u00edcula basada en el S\u00edndrome de Teacher Collins"},"content":{"rendered":"<p>Leemos en FEDER la siguiente noticia que os reproducimos de forma \u00edntegra: <\/p>\n<p>&nbsp;<\/p>\n<p>El 1 de diciembre se estrenar\u00e1 en los cines de toda Espa\u00f1a la pel\u00edcula \u201c<a href=\"https:\/\/www.youtube.com\/watch?v=AWgLSlxOAt4&amp;feature=youtu.be\" target=\"_blank\">Wonder<\/a>\u201d, que narra la historia de un ni\u00f1o que naci\u00f3 con deformidad facial. El film est\u00e1 dirigido por Stephen Chbosky, protagonizado por Julia Roberts y por Jacob Tremblay.<\/p>\n<p>Con motivo de la presentaci\u00f3n mundial de este largometraje, Vicky Bendito, de la <a href=\"https:\/\/www.treachercollins.es\/\" target=\"_blank\">Asociaci\u00f3n Nacional S\u00edndrome de Treacher Colllins<\/a> y nuestra Delegada en la Comunidad de Madrid, Mar\u00eda Elena Escalante, realizaron una entrevista a Onda Madrid.<\/p>\n<p>La pel\u00edcula est\u00e1 basada en el libro &#8216;La lecci\u00f3n de August&#8217;, cuya autora se inspir\u00f3 en un ni\u00f1o con el S\u00edndrome de Treacher Collins. Puedes visualizar una rese\u00f1a de este precioso libro <a href=\"https:\/\/www.treachercollins.es\/de-esos-libros-que-te-tocan-el-corazon-para-siempre-po...\" target=\"_blank\">aqu\u00ed<\/a>.<\/p>\n<h3>Sobre Wonder<\/h3>\n<p>Auggie Pullman es un ni\u00f1o que naci\u00f3 con una deformidad facial. Ahora, tras diez a\u00f1os de encierro en casa, tendr\u00e1 que asistir por primera vez a la escuela, donde intentar\u00e1 por todos los medios encajar con el resto de compa\u00f1eros.<\/p>\n<h3>Acerca del S\u00edndrome de Teacher Collins<\/h3>\n<p>&nbsp;<\/p>\n<p>El S\u00edndrome de Treacher Collins es una malformaci\u00f3n craneofacial cong\u00e9nita rara, que afecta a dos de cada 100.000 nacimientos. Su causa es una mutaci\u00f3n gen\u00e9tica del cromosoma 5 (Treacle), que es el que influye en el desarrollo facial. Es un gen dominante que afecta a mujeres y hombres por igual.<\/p>\n<p>Este s\u00edndrome se encuentra asociado a hipoplasia de los huesos malares, paladar hendido, coloboma en los p\u00e1rpados o ausencia de pesta\u00f1as. Tambi\u00e9n nacen con microtia Anomal\u00edas en el o\u00eddo externo, cerca de la mitad de los afectados por el s\u00edndrome tienen una sordera de transmisi\u00f3n debido a una anomal\u00eda en la cadena de huesecillos.&nbsp;<\/p>\n<p>&nbsp;<\/p>\n<p>\u00daltima actualizaci\u00f3n: 13 de noviembre de 2017.<\/p>\n<p>&nbsp;<\/p>\n<p>Fuente: FEDER <a href=\"https:\/\/enfermedades-raras.org\/index.php\/actualidad\/noticias-eventos\/2-feder\/9524-%E2%80%9Cwonder%E2%80%9D%2C-una-pel%C3%ADcula-basada-en-el-s%C3%ADndrome-de-teacher-collins\" target=\"_blank\">\u201cWonder\u201d, una pel\u00edcula basada en el S\u00edndrome de Teacher Collins<\/a><\/p>\n","protected":false},"excerpt":{"rendered":"<p>Leemos en FEDER la siguiente noticia que os reproducimos de forma \u00edntegra: &nbsp; El 1 de diciembre se estrenar\u00e1 en los cines de toda Espa\u00f1a la pel\u00edcula \u201cWonder\u201d, que narra la historia de un ni\u00f1o que naci\u00f3 con deformidad facial. El film est\u00e1 dirigido por Stephen Chbosky, protagonizado por Julia Roberts y por Jacob Tremblay. [&hellip;]<\/p>\n","protected":false},"author":1,"featured_media":0,"comment_status":"open","ping_status":"open","sticky":false,"template":"","format":"standard","meta":{"footnotes":""},"categories":[8],"tags":[36],"class_list":["post-3345","post","type-post","status-publish","format-standard","hentry","category-noticias","tag-enfermedades-raras"],"yoast_head":"<!-- This site is optimized with the Yoast SEO plugin v27.4 - https:\/\/yoast.com\/product\/yoast-seo-wordpress\/ -->\n<title>\u201cWonder\u201d, una pel\u00edcula basada en el S\u00edndrome de Teacher Collins - Asociaci\u00f3n Espa\u00f1ola S\u00edndrome de Charge<\/title>\n<meta name=\"robots\" content=\"index, follow, max-snippet:-1, max-image-preview:large, max-video-preview:-1\" \/>\n<link rel=\"canonical\" href=\"https:\/\/sindromecharge.es\/index.php\/2017\/11\/13\/wonder-una-pelicula-basada-en-el-sindrome-de-teacher-collins\/\" \/>\n<meta property=\"og:locale\" content=\"es_ES\" \/>\n<meta property=\"og:type\" content=\"article\" \/>\n<meta property=\"og:title\" content=\"\u201cWonder\u201d, una pel\u00edcula basada en el S\u00edndrome de Teacher Collins - Asociaci\u00f3n Espa\u00f1ola S\u00edndrome de Charge\" \/>\n<meta property=\"og:description\" content=\"Leemos en FEDER la siguiente noticia que os reproducimos de forma \u00edntegra: &nbsp; El 1 de diciembre se estrenar\u00e1 en los cines de toda Espa\u00f1a la pel\u00edcula \u201cWonder\u201d, que narra la historia de un ni\u00f1o que naci\u00f3 con deformidad facial. El film est\u00e1 dirigido por Stephen Chbosky, protagonizado por Julia Roberts y por Jacob Tremblay. [&hellip;]\" \/>\n<meta property=\"og:url\" content=\"https:\/\/sindromecharge.es\/index.php\/2017\/11\/13\/wonder-una-pelicula-basada-en-el-sindrome-de-teacher-collins\/\" \/>\n<meta property=\"og:site_name\" content=\"Asociaci\u00f3n Espa\u00f1ola S\u00edndrome de Charge\" \/>\n<meta property=\"article:publisher\" content=\"https:\/\/www.facebook.com\/asociacionsindromecharge\" \/>\n<meta property=\"article:published_time\" content=\"2017-11-13T10:01:16+00:00\" \/>\n<meta property=\"og:image\" content=\"https:\/\/sindromecharge.es\/wp-content\/uploads\/2013\/09\/logodecharge300x98.png\" \/>\n\t<meta property=\"og:image:width\" content=\"300\" \/>\n\t<meta property=\"og:image:height\" content=\"98\" \/>\n\t<meta property=\"og:image:type\" content=\"image\/png\" \/>\n<meta name=\"author\" content=\"Charge\" \/>\n<meta name=\"twitter:card\" content=\"summary_large_image\" \/>\n<meta name=\"twitter:creator\" content=\"@sindromecharge\" \/>\n<meta name=\"twitter:site\" content=\"@sindromecharge\" \/>\n<meta name=\"twitter:label1\" content=\"Escrito por\" \/>\n\t<meta name=\"twitter:data1\" content=\"Charge\" \/>\n\t<meta name=\"twitter:label2\" content=\"Tiempo de lectura\" \/>\n\t<meta name=\"twitter:data2\" content=\"2 minutos\" \/>\n<script type=\"application\/ld+json\" class=\"yoast-schema-graph\">{\"@context\":\"https:\\\/\\\/schema.org\",\"@graph\":[{\"@type\":\"Article\",\"@id\":\"https:\\\/\\\/sindromecharge.es\\\/index.php\\\/2017\\\/11\\\/13\\\/wonder-una-pelicula-basada-en-el-sindrome-de-teacher-collins\\\/#article\",\"isPartOf\":{\"@id\":\"https:\\\/\\\/sindromecharge.es\\\/index.php\\\/2017\\\/11\\\/13\\\/wonder-una-pelicula-basada-en-el-sindrome-de-teacher-collins\\\/\"},\"author\":{\"name\":\"Charge\",\"@id\":\"https:\\\/\\\/sindromecharge.es\\\/#\\\/schema\\\/person\\\/39a60ebe0a2b4d5a11179701e336b039\"},\"headline\":\"\u201cWonder\u201d, una pel\u00edcula basada en el S\u00edndrome de Teacher Collins\",\"datePublished\":\"2017-11-13T10:01:16+00:00\",\"mainEntityOfPage\":{\"@id\":\"https:\\\/\\\/sindromecharge.es\\\/index.php\\\/2017\\\/11\\\/13\\\/wonder-una-pelicula-basada-en-el-sindrome-de-teacher-collins\\\/\"},\"wordCount\":339,\"commentCount\":0,\"keywords\":[\"enfermedades raras\"],\"articleSection\":[\"noticias\"],\"inLanguage\":\"es\",\"potentialAction\":[{\"@type\":\"CommentAction\",\"name\":\"Comment\",\"target\":[\"https:\\\/\\\/sindromecharge.es\\\/index.php\\\/2017\\\/11\\\/13\\\/wonder-una-pelicula-basada-en-el-sindrome-de-teacher-collins\\\/#respond\"]}]},{\"@type\":\"WebPage\",\"@id\":\"https:\\\/\\\/sindromecharge.es\\\/index.php\\\/2017\\\/11\\\/13\\\/wonder-una-pelicula-basada-en-el-sindrome-de-teacher-collins\\\/\",\"url\":\"https:\\\/\\\/sindromecharge.es\\\/index.php\\\/2017\\\/11\\\/13\\\/wonder-una-pelicula-basada-en-el-sindrome-de-teacher-collins\\\/\",\"name\":\"\u201cWonder\u201d, una pel\u00edcula basada en el S\u00edndrome de Teacher Collins - Asociaci\u00f3n Espa\u00f1ola S\u00edndrome de Charge\",\"isPartOf\":{\"@id\":\"https:\\\/\\\/sindromecharge.es\\\/#website\"},\"datePublished\":\"2017-11-13T10:01:16+00:00\",\"author\":{\"@id\":\"https:\\\/\\\/sindromecharge.es\\\/#\\\/schema\\\/person\\\/39a60ebe0a2b4d5a11179701e336b039\"},\"breadcrumb\":{\"@id\":\"https:\\\/\\\/sindromecharge.es\\\/index.php\\\/2017\\\/11\\\/13\\\/wonder-una-pelicula-basada-en-el-sindrome-de-teacher-collins\\\/#breadcrumb\"},\"inLanguage\":\"es\",\"potentialAction\":[{\"@type\":\"ReadAction\",\"target\":[\"https:\\\/\\\/sindromecharge.es\\\/index.php\\\/2017\\\/11\\\/13\\\/wonder-una-pelicula-basada-en-el-sindrome-de-teacher-collins\\\/\"]}]},{\"@type\":\"BreadcrumbList\",\"@id\":\"https:\\\/\\\/sindromecharge.es\\\/index.php\\\/2017\\\/11\\\/13\\\/wonder-una-pelicula-basada-en-el-sindrome-de-teacher-collins\\\/#breadcrumb\",\"itemListElement\":[{\"@type\":\"ListItem\",\"position\":1,\"name\":\"Portada\",\"item\":\"https:\\\/\\\/sindromecharge.es\\\/\"},{\"@type\":\"ListItem\",\"position\":2,\"name\":\"\u201cWonder\u201d, una pel\u00edcula basada en el S\u00edndrome de Teacher Collins\"}]},{\"@type\":\"WebSite\",\"@id\":\"https:\\\/\\\/sindromecharge.es\\\/#website\",\"url\":\"https:\\\/\\\/sindromecharge.es\\\/\",\"name\":\"Asociaci\u00f3n Espa\u00f1ola S\u00edndrome de Charge\",\"description\":\"\",\"potentialAction\":[{\"@type\":\"SearchAction\",\"target\":{\"@type\":\"EntryPoint\",\"urlTemplate\":\"https:\\\/\\\/sindromecharge.es\\\/?s={search_term_string}\"},\"query-input\":{\"@type\":\"PropertyValueSpecification\",\"valueRequired\":true,\"valueName\":\"search_term_string\"}}],\"inLanguage\":\"es\"},{\"@type\":\"Person\",\"@id\":\"https:\\\/\\\/sindromecharge.es\\\/#\\\/schema\\\/person\\\/39a60ebe0a2b4d5a11179701e336b039\",\"name\":\"Charge\",\"image\":{\"@type\":\"ImageObject\",\"inLanguage\":\"es\",\"@id\":\"https:\\\/\\\/secure.gravatar.com\\\/avatar\\\/c3b46e32a0fc3b093a0873fb767bf3293de856293065e84ef06b7ec7a8acfb98?s=96&d=identicon&r=x\",\"url\":\"https:\\\/\\\/secure.gravatar.com\\\/avatar\\\/c3b46e32a0fc3b093a0873fb767bf3293de856293065e84ef06b7ec7a8acfb98?s=96&d=identicon&r=x\",\"contentUrl\":\"https:\\\/\\\/secure.gravatar.com\\\/avatar\\\/c3b46e32a0fc3b093a0873fb767bf3293de856293065e84ef06b7ec7a8acfb98?s=96&d=identicon&r=x\",\"caption\":\"Charge\"},\"url\":\"https:\\\/\\\/sindromecharge.es\\\/index.php\\\/author\\\/admin\\\/\"}]}<\/script>\n<!-- \/ Yoast SEO plugin. -->","yoast_head_json":{"title":"\u201cWonder\u201d, una pel\u00edcula basada en el S\u00edndrome de Teacher Collins - Asociaci\u00f3n Espa\u00f1ola S\u00edndrome de Charge","robots":{"index":"index","follow":"follow","max-snippet":"max-snippet:-1","max-image-preview":"max-image-preview:large","max-video-preview":"max-video-preview:-1"},"canonical":"https:\/\/sindromecharge.es\/index.php\/2017\/11\/13\/wonder-una-pelicula-basada-en-el-sindrome-de-teacher-collins\/","og_locale":"es_ES","og_type":"article","og_title":"\u201cWonder\u201d, una pel\u00edcula basada en el S\u00edndrome de Teacher Collins - Asociaci\u00f3n Espa\u00f1ola S\u00edndrome de Charge","og_description":"Leemos en FEDER la siguiente noticia que os reproducimos de forma \u00edntegra: &nbsp; El 1 de diciembre se estrenar\u00e1 en los cines de toda Espa\u00f1a la pel\u00edcula \u201cWonder\u201d, que narra la historia de un ni\u00f1o que naci\u00f3 con deformidad facial. El film est\u00e1 dirigido por Stephen Chbosky, protagonizado por Julia Roberts y por Jacob Tremblay. [&hellip;]","og_url":"https:\/\/sindromecharge.es\/index.php\/2017\/11\/13\/wonder-una-pelicula-basada-en-el-sindrome-de-teacher-collins\/","og_site_name":"Asociaci\u00f3n Espa\u00f1ola S\u00edndrome de Charge","article_publisher":"https:\/\/www.facebook.com\/asociacionsindromecharge","article_published_time":"2017-11-13T10:01:16+00:00","og_image":[{"width":300,"height":98,"url":"https:\/\/sindromecharge.es\/wp-content\/uploads\/2013\/09\/logodecharge300x98.png","type":"image\/png"}],"author":"Charge","twitter_card":"summary_large_image","twitter_creator":"@sindromecharge","twitter_site":"@sindromecharge","twitter_misc":{"Escrito por":"Charge","Tiempo de lectura":"2 minutos"},"schema":{"@context":"https:\/\/schema.org","@graph":[{"@type":"Article","@id":"https:\/\/sindromecharge.es\/index.php\/2017\/11\/13\/wonder-una-pelicula-basada-en-el-sindrome-de-teacher-collins\/#article","isPartOf":{"@id":"https:\/\/sindromecharge.es\/index.php\/2017\/11\/13\/wonder-una-pelicula-basada-en-el-sindrome-de-teacher-collins\/"},"author":{"name":"Charge","@id":"https:\/\/sindromecharge.es\/#\/schema\/person\/39a60ebe0a2b4d5a11179701e336b039"},"headline":"\u201cWonder\u201d, una pel\u00edcula basada en el S\u00edndrome de Teacher Collins","datePublished":"2017-11-13T10:01:16+00:00","mainEntityOfPage":{"@id":"https:\/\/sindromecharge.es\/index.php\/2017\/11\/13\/wonder-una-pelicula-basada-en-el-sindrome-de-teacher-collins\/"},"wordCount":339,"commentCount":0,"keywords":["enfermedades raras"],"articleSection":["noticias"],"inLanguage":"es","potentialAction":[{"@type":"CommentAction","name":"Comment","target":["https:\/\/sindromecharge.es\/index.php\/2017\/11\/13\/wonder-una-pelicula-basada-en-el-sindrome-de-teacher-collins\/#respond"]}]},{"@type":"WebPage","@id":"https:\/\/sindromecharge.es\/index.php\/2017\/11\/13\/wonder-una-pelicula-basada-en-el-sindrome-de-teacher-collins\/","url":"https:\/\/sindromecharge.es\/index.php\/2017\/11\/13\/wonder-una-pelicula-basada-en-el-sindrome-de-teacher-collins\/","name":"\u201cWonder\u201d, una pel\u00edcula basada en el S\u00edndrome de Teacher Collins - Asociaci\u00f3n Espa\u00f1ola S\u00edndrome de Charge","isPartOf":{"@id":"https:\/\/sindromecharge.es\/#website"},"datePublished":"2017-11-13T10:01:16+00:00","author":{"@id":"https:\/\/sindromecharge.es\/#\/schema\/person\/39a60ebe0a2b4d5a11179701e336b039"},"breadcrumb":{"@id":"https:\/\/sindromecharge.es\/index.php\/2017\/11\/13\/wonder-una-pelicula-basada-en-el-sindrome-de-teacher-collins\/#breadcrumb"},"inLanguage":"es","potentialAction":[{"@type":"ReadAction","target":["https:\/\/sindromecharge.es\/index.php\/2017\/11\/13\/wonder-una-pelicula-basada-en-el-sindrome-de-teacher-collins\/"]}]},{"@type":"BreadcrumbList","@id":"https:\/\/sindromecharge.es\/index.php\/2017\/11\/13\/wonder-una-pelicula-basada-en-el-sindrome-de-teacher-collins\/#breadcrumb","itemListElement":[{"@type":"ListItem","position":1,"name":"Portada","item":"https:\/\/sindromecharge.es\/"},{"@type":"ListItem","position":2,"name":"\u201cWonder\u201d, una pel\u00edcula basada en el S\u00edndrome de Teacher Collins"}]},{"@type":"WebSite","@id":"https:\/\/sindromecharge.es\/#website","url":"https:\/\/sindromecharge.es\/","name":"Asociaci\u00f3n Espa\u00f1ola S\u00edndrome de Charge","description":"","potentialAction":[{"@type":"SearchAction","target":{"@type":"EntryPoint","urlTemplate":"https:\/\/sindromecharge.es\/?s={search_term_string}"},"query-input":{"@type":"PropertyValueSpecification","valueRequired":true,"valueName":"search_term_string"}}],"inLanguage":"es"},{"@type":"Person","@id":"https:\/\/sindromecharge.es\/#\/schema\/person\/39a60ebe0a2b4d5a11179701e336b039","name":"Charge","image":{"@type":"ImageObject","inLanguage":"es","@id":"https:\/\/secure.gravatar.com\/avatar\/c3b46e32a0fc3b093a0873fb767bf3293de856293065e84ef06b7ec7a8acfb98?s=96&d=identicon&r=x","url":"https:\/\/secure.gravatar.com\/avatar\/c3b46e32a0fc3b093a0873fb767bf3293de856293065e84ef06b7ec7a8acfb98?s=96&d=identicon&r=x","contentUrl":"https:\/\/secure.gravatar.com\/avatar\/c3b46e32a0fc3b093a0873fb767bf3293de856293065e84ef06b7ec7a8acfb98?s=96&d=identicon&r=x","caption":"Charge"},"url":"https:\/\/sindromecharge.es\/index.php\/author\/admin\/"}]}},"_links":{"self":[{"href":"https:\/\/sindromecharge.es\/index.php\/wp-json\/wp\/v2\/posts\/3345","targetHints":{"allow":["GET"]}}],"collection":[{"href":"https:\/\/sindromecharge.es\/index.php\/wp-json\/wp\/v2\/posts"}],"about":[{"href":"https:\/\/sindromecharge.es\/index.php\/wp-json\/wp\/v2\/types\/post"}],"author":[{"embeddable":true,"href":"https:\/\/sindromecharge.es\/index.php\/wp-json\/wp\/v2\/users\/1"}],"replies":[{"embeddable":true,"href":"https:\/\/sindromecharge.es\/index.php\/wp-json\/wp\/v2\/comments?post=3345"}],"version-history":[{"count":0,"href":"https:\/\/sindromecharge.es\/index.php\/wp-json\/wp\/v2\/posts\/3345\/revisions"}],"wp:attachment":[{"href":"https:\/\/sindromecharge.es\/index.php\/wp-json\/wp\/v2\/media?parent=3345"}],"wp:term":[{"taxonomy":"category","embeddable":true,"href":"https:\/\/sindromecharge.es\/index.php\/wp-json\/wp\/v2\/categories?post=3345"},{"taxonomy":"post_tag","embeddable":true,"href":"https:\/\/sindromecharge.es\/index.php\/wp-json\/wp\/v2\/tags?post=3345"}],"curies":[{"name":"wp","href":"https:\/\/api.w.org\/{rel}","templated":true}]}}