{"id":2529,"date":"2016-12-29T11:53:31","date_gmt":"2016-12-29T11:53:31","guid":{"rendered":"http:\/\/sindromecharge.es\/index.php\/2016\/12\/29\/el-26-de-marzo-colorea-de-esperanza-madrid\/"},"modified":"2016-12-29T11:53:31","modified_gmt":"2016-12-29T11:53:31","slug":"el-26-de-marzo-colorea-de-esperanza-madrid","status":"publish","type":"post","link":"https:\/\/sindromecharge.es\/index.php\/2016\/12\/29\/el-26-de-marzo-colorea-de-esperanza-madrid\/","title":{"rendered":"El 26 de marzo, \u00a1colorea de esperanza Madrid!"},"content":{"rendered":"<p>Leemos en FEDER la siguiente noticia que os reproducimos de forma \u00edntegra: <\/p>\n<p>&nbsp;<\/p>\n<p><a href=\"http:\/\/www.carreraporlaesperanza.org\/madrid\/inscripciones\/\" target=\"_blank\"><b>\u00a1Inscr\u00edbete aqu\u00ed!<\/b><\/a><\/p>\n<p>El 26 de marzo volvemos a colorear de verde esperanza la Casa de Campo de Madrid en nuestra VIII Carrera por la Esperanza.&nbsp;<span style=\"font-size: 11.97px;font-style: normal;font-weight: normal\">\u00a1Las inscripciones ya est\u00e1n abiertas!<\/span><\/p>\n<p>Se trata del mayor acto de movilizaci\u00f3n social que celebramos en el marco del D\u00eda Mundial de las Enfermedades Raras, que se celebra el 29 de febrero. A lo largo de estos \u00faltimos a\u00f1os, hemos conseguido consolidar esta cita como una de las m\u00e1s solidarias de la capital espa\u00f1ola, congregando a alrededor de 5.000 personas en nuestra anterior edici\u00f3n.<\/p>\n<p>El apoyo de Shire, Grupo D\u00cdA, FedEx, Fundaci\u00f3n ONCE, KIA y Emcesa nos han vuelto a impulsar para celebrar ya la octava edici\u00f3n de esta cita donde cada kil\u00f3metro suma en uno de los encuentros deportivos m\u00e1s esperanzadores del a\u00f1o.<\/p>\n<h3>La cita se abre a grandes y peque\u00f1os:<\/h3>\n<p>Informaci\u00f3n b\u00e1sica de la Carrera de Adultos<\/p>\n<p>&#8211; Hora: 11.00 horas.<br \/>&#8211; Distancia: 5 km.<br \/>&#8211; Edades: a partir de los 14 a\u00f1os.<br \/>&#8211; Precio: Desde 10,60 euros.<br \/>&#8211; L\u00edmite de participantes: 6000 corredores.<br \/>&#8211; \u00bfQu\u00e9 se entrega a los adultos?: camiseta, DORSAL-CHIP, productos de avituallamiento.<\/p>\n<p>Informaci\u00f3n b\u00e1sica de la Carrera de Ni\u00f1os<\/p>\n<p>&#8211; Hora: 12.15 horas.<br \/>&#8211; Distancia: varias en funci\u00f3n de la edad de los participantes.<br \/>&#8211; Edades: de 0 hasta los 13 a\u00f1os.<br \/>&#8211; Precio: Desde 5,60 euros.<br \/>&#8211; L\u00edmite de participantes: 800 corredores.<br \/>&#8211; \u00bfQu\u00e9 se entrega a los ni\u00f1os?: camiseta, productos de avituallamiento. Al llegar a meta a todos los ni\u00f1os se les entregar\u00e1 una medalla.<\/p>\n<h3>\u00a1No te quedes sin plaza!<\/h3>\n<p><span style=\"font-size: 11.97px;font-style: normal;font-weight: normal\">El plazo de inscripci\u00f3n estar\u00e1 abierto hasta el 13 de marzo o hasta alcanzar el l\u00edmite de inscripciones. Este proceso se puede llevar a cabo de forma online&nbsp;<\/span><span style=\"font-weight: normal;font-style: normal;font-size: 11.97px;text-decoration: underline\"><a href=\"http:\/\/www.carreraporlaesperanza.org\/madrid\/inscripciones\/\" target=\"_blank\">a trav\u00e9s de este enlace<\/a><\/span><span style=\"font-size: 11.97px;font-style: normal;font-weight: normal\">, donde los participantes podr\u00e1n elegir la categor\u00eda de participaci\u00f3n con un peque\u00f1o suplemento por gastos de gesti\u00f3n.<\/span><\/p>\n<p>Para aquellos que puedan o prefieran llevar a cabo su inscripci\u00f3n de forma presencial, pueden realizarla antes del 17 de marzo en la sede social de A.D. MAPOMA en la c\/ Donoso Cort\u00e9s, 54 de Madrid.<\/p>\n<p>Para aquellos que deseen aportar su granito de arena, a pesar de que no puedan sumarse a las pruebas, pueden colaborar con la causa adquiriendo su dorsal 0 a trav\u00e9s de la misma direcci\u00f3n.<\/p>\n<p style=\"text-align: right\">\u00daltima actualizaci\u00f3n: 29\/12\/2016.<\/p>\n<p>&nbsp;<\/p>\n<p>Fuente: FEDER <a href=\"http:\/\/www.enfermedades-raras.org\/index.php\/actualidad\/noticias-eventos\/2-feder\/7441-el-26-de-marzo%2C-%C2%A1colorea-de-esperanza-madrid\" target=\"_blank\">El 26 de marzo, \u00a1colorea de esperanza Madrid!<\/a><\/p>\n","protected":false},"excerpt":{"rendered":"<p>Leemos en FEDER la siguiente noticia que os reproducimos de forma \u00edntegra: &nbsp; \u00a1Inscr\u00edbete aqu\u00ed! El 26 de marzo volvemos a colorear de verde esperanza la Casa de Campo de Madrid en nuestra VIII Carrera por la Esperanza.&nbsp;\u00a1Las inscripciones ya est\u00e1n abiertas! Se trata del mayor acto de movilizaci\u00f3n social que celebramos en el marco [&hellip;]<\/p>\n","protected":false},"author":1,"featured_media":0,"comment_status":"open","ping_status":"open","sticky":false,"template":"","format":"standard","meta":{"footnotes":""},"categories":[8],"tags":[36],"class_list":["post-2529","post","type-post","status-publish","format-standard","hentry","category-noticias","tag-enfermedades-raras"],"yoast_head":"<!-- This site is optimized with the Yoast SEO plugin v27.5 - https:\/\/yoast.com\/product\/yoast-seo-wordpress\/ -->\n<title>El 26 de marzo, \u00a1colorea de esperanza Madrid! - Asociaci\u00f3n Espa\u00f1ola S\u00edndrome de Charge<\/title>\n<meta name=\"robots\" content=\"index, follow, max-snippet:-1, max-image-preview:large, max-video-preview:-1\" \/>\n<link rel=\"canonical\" href=\"https:\/\/sindromecharge.es\/index.php\/2016\/12\/29\/el-26-de-marzo-colorea-de-esperanza-madrid\/\" \/>\n<meta property=\"og:locale\" content=\"es_ES\" \/>\n<meta property=\"og:type\" content=\"article\" \/>\n<meta property=\"og:title\" content=\"El 26 de marzo, \u00a1colorea de esperanza Madrid! - Asociaci\u00f3n Espa\u00f1ola S\u00edndrome de Charge\" \/>\n<meta property=\"og:description\" content=\"Leemos en FEDER la siguiente noticia que os reproducimos de forma \u00edntegra: &nbsp; \u00a1Inscr\u00edbete aqu\u00ed! El 26 de marzo volvemos a colorear de verde esperanza la Casa de Campo de Madrid en nuestra VIII Carrera por la Esperanza.&nbsp;\u00a1Las inscripciones ya est\u00e1n abiertas! Se trata del mayor acto de movilizaci\u00f3n social que celebramos en el marco [&hellip;]\" \/>\n<meta property=\"og:url\" content=\"https:\/\/sindromecharge.es\/index.php\/2016\/12\/29\/el-26-de-marzo-colorea-de-esperanza-madrid\/\" \/>\n<meta property=\"og:site_name\" content=\"Asociaci\u00f3n Espa\u00f1ola S\u00edndrome de Charge\" \/>\n<meta property=\"article:publisher\" content=\"https:\/\/www.facebook.com\/asociacionsindromecharge\" \/>\n<meta property=\"article:published_time\" content=\"2016-12-29T11:53:31+00:00\" \/>\n<meta property=\"og:image\" content=\"https:\/\/sindromecharge.es\/wp-content\/uploads\/2013\/09\/logodecharge300x98.png\" \/>\n\t<meta property=\"og:image:width\" content=\"300\" \/>\n\t<meta property=\"og:image:height\" content=\"98\" \/>\n\t<meta property=\"og:image:type\" content=\"image\/png\" \/>\n<meta name=\"author\" content=\"Charge\" \/>\n<meta name=\"twitter:card\" content=\"summary_large_image\" \/>\n<meta name=\"twitter:creator\" content=\"@sindromecharge\" \/>\n<meta name=\"twitter:site\" content=\"@sindromecharge\" \/>\n<meta name=\"twitter:label1\" content=\"Escrito por\" \/>\n\t<meta name=\"twitter:data1\" content=\"Charge\" \/>\n\t<meta name=\"twitter:label2\" content=\"Tiempo de lectura\" \/>\n\t<meta name=\"twitter:data2\" content=\"2 minutos\" \/>\n<script type=\"application\/ld+json\" class=\"yoast-schema-graph\">{\"@context\":\"https:\\\/\\\/schema.org\",\"@graph\":[{\"@type\":\"Article\",\"@id\":\"https:\\\/\\\/sindromecharge.es\\\/index.php\\\/2016\\\/12\\\/29\\\/el-26-de-marzo-colorea-de-esperanza-madrid\\\/#article\",\"isPartOf\":{\"@id\":\"https:\\\/\\\/sindromecharge.es\\\/index.php\\\/2016\\\/12\\\/29\\\/el-26-de-marzo-colorea-de-esperanza-madrid\\\/\"},\"author\":{\"name\":\"Charge\",\"@id\":\"https:\\\/\\\/sindromecharge.es\\\/#\\\/schema\\\/person\\\/39a60ebe0a2b4d5a11179701e336b039\"},\"headline\":\"El 26 de marzo, \u00a1colorea de esperanza Madrid!\",\"datePublished\":\"2016-12-29T11:53:31+00:00\",\"mainEntityOfPage\":{\"@id\":\"https:\\\/\\\/sindromecharge.es\\\/index.php\\\/2016\\\/12\\\/29\\\/el-26-de-marzo-colorea-de-esperanza-madrid\\\/\"},\"wordCount\":431,\"commentCount\":0,\"keywords\":[\"enfermedades raras\"],\"articleSection\":[\"noticias\"],\"inLanguage\":\"es\",\"potentialAction\":[{\"@type\":\"CommentAction\",\"name\":\"Comment\",\"target\":[\"https:\\\/\\\/sindromecharge.es\\\/index.php\\\/2016\\\/12\\\/29\\\/el-26-de-marzo-colorea-de-esperanza-madrid\\\/#respond\"]}]},{\"@type\":\"WebPage\",\"@id\":\"https:\\\/\\\/sindromecharge.es\\\/index.php\\\/2016\\\/12\\\/29\\\/el-26-de-marzo-colorea-de-esperanza-madrid\\\/\",\"url\":\"https:\\\/\\\/sindromecharge.es\\\/index.php\\\/2016\\\/12\\\/29\\\/el-26-de-marzo-colorea-de-esperanza-madrid\\\/\",\"name\":\"El 26 de marzo, \u00a1colorea de esperanza Madrid! - Asociaci\u00f3n Espa\u00f1ola S\u00edndrome de Charge\",\"isPartOf\":{\"@id\":\"https:\\\/\\\/sindromecharge.es\\\/#website\"},\"datePublished\":\"2016-12-29T11:53:31+00:00\",\"author\":{\"@id\":\"https:\\\/\\\/sindromecharge.es\\\/#\\\/schema\\\/person\\\/39a60ebe0a2b4d5a11179701e336b039\"},\"breadcrumb\":{\"@id\":\"https:\\\/\\\/sindromecharge.es\\\/index.php\\\/2016\\\/12\\\/29\\\/el-26-de-marzo-colorea-de-esperanza-madrid\\\/#breadcrumb\"},\"inLanguage\":\"es\",\"potentialAction\":[{\"@type\":\"ReadAction\",\"target\":[\"https:\\\/\\\/sindromecharge.es\\\/index.php\\\/2016\\\/12\\\/29\\\/el-26-de-marzo-colorea-de-esperanza-madrid\\\/\"]}]},{\"@type\":\"BreadcrumbList\",\"@id\":\"https:\\\/\\\/sindromecharge.es\\\/index.php\\\/2016\\\/12\\\/29\\\/el-26-de-marzo-colorea-de-esperanza-madrid\\\/#breadcrumb\",\"itemListElement\":[{\"@type\":\"ListItem\",\"position\":1,\"name\":\"Portada\",\"item\":\"https:\\\/\\\/sindromecharge.es\\\/\"},{\"@type\":\"ListItem\",\"position\":2,\"name\":\"El 26 de marzo, \u00a1colorea de esperanza Madrid!\"}]},{\"@type\":\"WebSite\",\"@id\":\"https:\\\/\\\/sindromecharge.es\\\/#website\",\"url\":\"https:\\\/\\\/sindromecharge.es\\\/\",\"name\":\"Asociaci\u00f3n Espa\u00f1ola S\u00edndrome de Charge\",\"description\":\"\",\"potentialAction\":[{\"@type\":\"SearchAction\",\"target\":{\"@type\":\"EntryPoint\",\"urlTemplate\":\"https:\\\/\\\/sindromecharge.es\\\/?s={search_term_string}\"},\"query-input\":{\"@type\":\"PropertyValueSpecification\",\"valueRequired\":true,\"valueName\":\"search_term_string\"}}],\"inLanguage\":\"es\"},{\"@type\":\"Person\",\"@id\":\"https:\\\/\\\/sindromecharge.es\\\/#\\\/schema\\\/person\\\/39a60ebe0a2b4d5a11179701e336b039\",\"name\":\"Charge\",\"image\":{\"@type\":\"ImageObject\",\"inLanguage\":\"es\",\"@id\":\"https:\\\/\\\/secure.gravatar.com\\\/avatar\\\/c3b46e32a0fc3b093a0873fb767bf3293de856293065e84ef06b7ec7a8acfb98?s=96&d=identicon&r=x\",\"url\":\"https:\\\/\\\/secure.gravatar.com\\\/avatar\\\/c3b46e32a0fc3b093a0873fb767bf3293de856293065e84ef06b7ec7a8acfb98?s=96&d=identicon&r=x\",\"contentUrl\":\"https:\\\/\\\/secure.gravatar.com\\\/avatar\\\/c3b46e32a0fc3b093a0873fb767bf3293de856293065e84ef06b7ec7a8acfb98?s=96&d=identicon&r=x\",\"caption\":\"Charge\"},\"url\":\"https:\\\/\\\/sindromecharge.es\\\/index.php\\\/author\\\/admin\\\/\"}]}<\/script>\n<!-- \/ Yoast SEO plugin. -->","yoast_head_json":{"title":"El 26 de marzo, \u00a1colorea de esperanza Madrid! - Asociaci\u00f3n Espa\u00f1ola S\u00edndrome de Charge","robots":{"index":"index","follow":"follow","max-snippet":"max-snippet:-1","max-image-preview":"max-image-preview:large","max-video-preview":"max-video-preview:-1"},"canonical":"https:\/\/sindromecharge.es\/index.php\/2016\/12\/29\/el-26-de-marzo-colorea-de-esperanza-madrid\/","og_locale":"es_ES","og_type":"article","og_title":"El 26 de marzo, \u00a1colorea de esperanza Madrid! - Asociaci\u00f3n Espa\u00f1ola S\u00edndrome de Charge","og_description":"Leemos en FEDER la siguiente noticia que os reproducimos de forma \u00edntegra: &nbsp; \u00a1Inscr\u00edbete aqu\u00ed! El 26 de marzo volvemos a colorear de verde esperanza la Casa de Campo de Madrid en nuestra VIII Carrera por la Esperanza.&nbsp;\u00a1Las inscripciones ya est\u00e1n abiertas! Se trata del mayor acto de movilizaci\u00f3n social que celebramos en el marco [&hellip;]","og_url":"https:\/\/sindromecharge.es\/index.php\/2016\/12\/29\/el-26-de-marzo-colorea-de-esperanza-madrid\/","og_site_name":"Asociaci\u00f3n Espa\u00f1ola S\u00edndrome de Charge","article_publisher":"https:\/\/www.facebook.com\/asociacionsindromecharge","article_published_time":"2016-12-29T11:53:31+00:00","og_image":[{"width":300,"height":98,"url":"https:\/\/sindromecharge.es\/wp-content\/uploads\/2013\/09\/logodecharge300x98.png","type":"image\/png"}],"author":"Charge","twitter_card":"summary_large_image","twitter_creator":"@sindromecharge","twitter_site":"@sindromecharge","twitter_misc":{"Escrito por":"Charge","Tiempo de lectura":"2 minutos"},"schema":{"@context":"https:\/\/schema.org","@graph":[{"@type":"Article","@id":"https:\/\/sindromecharge.es\/index.php\/2016\/12\/29\/el-26-de-marzo-colorea-de-esperanza-madrid\/#article","isPartOf":{"@id":"https:\/\/sindromecharge.es\/index.php\/2016\/12\/29\/el-26-de-marzo-colorea-de-esperanza-madrid\/"},"author":{"name":"Charge","@id":"https:\/\/sindromecharge.es\/#\/schema\/person\/39a60ebe0a2b4d5a11179701e336b039"},"headline":"El 26 de marzo, \u00a1colorea de esperanza Madrid!","datePublished":"2016-12-29T11:53:31+00:00","mainEntityOfPage":{"@id":"https:\/\/sindromecharge.es\/index.php\/2016\/12\/29\/el-26-de-marzo-colorea-de-esperanza-madrid\/"},"wordCount":431,"commentCount":0,"keywords":["enfermedades raras"],"articleSection":["noticias"],"inLanguage":"es","potentialAction":[{"@type":"CommentAction","name":"Comment","target":["https:\/\/sindromecharge.es\/index.php\/2016\/12\/29\/el-26-de-marzo-colorea-de-esperanza-madrid\/#respond"]}]},{"@type":"WebPage","@id":"https:\/\/sindromecharge.es\/index.php\/2016\/12\/29\/el-26-de-marzo-colorea-de-esperanza-madrid\/","url":"https:\/\/sindromecharge.es\/index.php\/2016\/12\/29\/el-26-de-marzo-colorea-de-esperanza-madrid\/","name":"El 26 de marzo, \u00a1colorea de esperanza Madrid! - Asociaci\u00f3n Espa\u00f1ola S\u00edndrome de Charge","isPartOf":{"@id":"https:\/\/sindromecharge.es\/#website"},"datePublished":"2016-12-29T11:53:31+00:00","author":{"@id":"https:\/\/sindromecharge.es\/#\/schema\/person\/39a60ebe0a2b4d5a11179701e336b039"},"breadcrumb":{"@id":"https:\/\/sindromecharge.es\/index.php\/2016\/12\/29\/el-26-de-marzo-colorea-de-esperanza-madrid\/#breadcrumb"},"inLanguage":"es","potentialAction":[{"@type":"ReadAction","target":["https:\/\/sindromecharge.es\/index.php\/2016\/12\/29\/el-26-de-marzo-colorea-de-esperanza-madrid\/"]}]},{"@type":"BreadcrumbList","@id":"https:\/\/sindromecharge.es\/index.php\/2016\/12\/29\/el-26-de-marzo-colorea-de-esperanza-madrid\/#breadcrumb","itemListElement":[{"@type":"ListItem","position":1,"name":"Portada","item":"https:\/\/sindromecharge.es\/"},{"@type":"ListItem","position":2,"name":"El 26 de marzo, \u00a1colorea de esperanza Madrid!"}]},{"@type":"WebSite","@id":"https:\/\/sindromecharge.es\/#website","url":"https:\/\/sindromecharge.es\/","name":"Asociaci\u00f3n Espa\u00f1ola S\u00edndrome de Charge","description":"","potentialAction":[{"@type":"SearchAction","target":{"@type":"EntryPoint","urlTemplate":"https:\/\/sindromecharge.es\/?s={search_term_string}"},"query-input":{"@type":"PropertyValueSpecification","valueRequired":true,"valueName":"search_term_string"}}],"inLanguage":"es"},{"@type":"Person","@id":"https:\/\/sindromecharge.es\/#\/schema\/person\/39a60ebe0a2b4d5a11179701e336b039","name":"Charge","image":{"@type":"ImageObject","inLanguage":"es","@id":"https:\/\/secure.gravatar.com\/avatar\/c3b46e32a0fc3b093a0873fb767bf3293de856293065e84ef06b7ec7a8acfb98?s=96&d=identicon&r=x","url":"https:\/\/secure.gravatar.com\/avatar\/c3b46e32a0fc3b093a0873fb767bf3293de856293065e84ef06b7ec7a8acfb98?s=96&d=identicon&r=x","contentUrl":"https:\/\/secure.gravatar.com\/avatar\/c3b46e32a0fc3b093a0873fb767bf3293de856293065e84ef06b7ec7a8acfb98?s=96&d=identicon&r=x","caption":"Charge"},"url":"https:\/\/sindromecharge.es\/index.php\/author\/admin\/"}]}},"_links":{"self":[{"href":"https:\/\/sindromecharge.es\/index.php\/wp-json\/wp\/v2\/posts\/2529","targetHints":{"allow":["GET"]}}],"collection":[{"href":"https:\/\/sindromecharge.es\/index.php\/wp-json\/wp\/v2\/posts"}],"about":[{"href":"https:\/\/sindromecharge.es\/index.php\/wp-json\/wp\/v2\/types\/post"}],"author":[{"embeddable":true,"href":"https:\/\/sindromecharge.es\/index.php\/wp-json\/wp\/v2\/users\/1"}],"replies":[{"embeddable":true,"href":"https:\/\/sindromecharge.es\/index.php\/wp-json\/wp\/v2\/comments?post=2529"}],"version-history":[{"count":0,"href":"https:\/\/sindromecharge.es\/index.php\/wp-json\/wp\/v2\/posts\/2529\/revisions"}],"wp:attachment":[{"href":"https:\/\/sindromecharge.es\/index.php\/wp-json\/wp\/v2\/media?parent=2529"}],"wp:term":[{"taxonomy":"category","embeddable":true,"href":"https:\/\/sindromecharge.es\/index.php\/wp-json\/wp\/v2\/categories?post=2529"},{"taxonomy":"post_tag","embeddable":true,"href":"https:\/\/sindromecharge.es\/index.php\/wp-json\/wp\/v2\/tags?post=2529"}],"curies":[{"name":"wp","href":"https:\/\/api.w.org\/{rel}","templated":true}]}}