{"id":2528,"date":"2016-12-28T10:51:21","date_gmt":"2016-12-28T10:51:21","guid":{"rendered":"http:\/\/sindromecharge.es\/index.php\/2016\/12\/28\/el-constitucional-avala-al-supremo-y-niega-el-voto-a-una-joven-con-discapacidad-intelectual\/"},"modified":"2016-12-28T10:51:21","modified_gmt":"2016-12-28T10:51:21","slug":"el-constitucional-avala-al-supremo-y-niega-el-voto-a-una-joven-con-discapacidad-intelectual","status":"publish","type":"post","link":"https:\/\/sindromecharge.es\/index.php\/2016\/12\/28\/el-constitucional-avala-al-supremo-y-niega-el-voto-a-una-joven-con-discapacidad-intelectual\/","title":{"rendered":"El Constitucional avala al Supremo y niega el voto a una joven con discapacidad intelectual"},"content":{"rendered":"<p>Leemos en 20minutos la siguiente noticia que os reproducimos de forma \u00edntegra: <\/p>\n<p>M.T.<\/p>\n<ul>\n<li>El recurso de amparo al Constitucional lo hab\u00eda interpuesto una joven con s\u00edndrome de Down que vot\u00f3 en las elecciones municipales y las europeas.<\/li>\n<li>A esta joven el Supremo la someti\u00f3 a un examen de conocimiento, una prueba que distintas asociaciones tachan de discriminatoria.<\/li>\n<li>La Ley Org\u00e1nica que impide el voto a unas 100.000 personas con discapacidad choca con la Convenci\u00f3n de Naciones Unidas.<\/li>\n<li><a href=\"http:\/\/blogs.20minutos.es\/madrereciente\/2016\/12\/28\/el-voto-de-las-personas-con-discapacidad-intelectual\/\">BLOG: A las personas con discapacidad intelectual se les examina para poder votar. \u00bfPor qu\u00e9 no a todos?<\/a><\/li>\n<li><a title=\"voto particular\" href=\"http:\/\/cdn.20m.es\/adj\/2016\/12\/28\/3776.pdf\">Voto particular que formula la magistrada Adela Asua en PDF.<\/a><\/li>\n<\/ul>\n<p><img loading=\"lazy\" decoding=\"async\" src=\"http:\/\/cdn.20m.es\/img2\/recortes\/2016\/06\/27\/306775-620-282.jpg?v=20161228111931\" width=\"620\" height=\"282\" alt=\"Elecciones\" \/><\/p>\n<p>Mara es una joven de 20 a\u00f1os de Santiago de Compostela con discapacidad intelectual asociada a que tiene <a title=\"Down\" href=\"http:\/\/www.20minutos.es\/minuteca\/sindrome-de-down\/\">S\u00edndrome de Down<\/a> que<strong> pudo votar en las elecciones municipales y en las europeas<\/strong> en 2014 sin el menor problema. Tras esos comicios<strong> su familia pidi\u00f3 su incapacitaci\u00f3n parcial<\/strong>, algo que solicitan con frecuencia los familiares y tutores de personas con discapacidad y que a menudo est\u00e1 motivado por la protecci\u00f3n de su patrimonio.<\/p>\n<p>Ni Mara ni sus padres imaginaban que esa acci\u00f3n destinada a protegerla<strong> iba a traducirse en la privaci\u00f3n de su derecho a votar.<\/strong><\/p>\n<p>No es que la incapacitaci\u00f3n temporal suponga una exclusi\u00f3n autom\u00e1tica, es un juez el que debe declarar de forma expresa que la persona no est\u00e1 capacitada. Este modo de proceder<strong> choca con la Convenci\u00f3n de Naciones Unidas sobre Discapacidad<\/strong> que se ratific\u00f3 en Espa\u00f1a en el a\u00f1o 2008 y que en los art\u00edculos 12 y 29 dice que <strong>todas las personas con discapacidad son iguales ante la ley y en concreto respecto del derecho de sufragio.<\/strong><\/p>\n<p>Naciones Unicas<strong> inst\u00f3 al Gobierno espa\u00f1ol a modificar la legislaci\u00f3n actual<\/strong> en t\u00e9rminos muy claros (y con tir\u00f3n de orejas por la poca diligencia en 2013): \u00abEl Comit\u00e9 pide al Estado parte que modifique el art\u00edculo 3 de la Ley Org\u00e1nica N\u00ba 5\/1985, que autoriza a los jueces a denegar el derecho de voto en virtud de decisiones adoptadas en cada caso particular. La modificaci\u00f3n debe hacer que todas las personas con discapacidad tengan derecho a votar. Adem\u00e1s, se recomienda que todas las personas con discapacidad que sean elegidas para desempe\u00f1ar un cargo p\u00fablico dispongan de toda la asistencia necesaria, incluso asistentes personales\u00bb.<\/p>\n<p><strong>El problema radica en la Ley Org\u00e1nica de R\u00e9gimen Electoral General,<\/strong> cuya modificaci\u00f3n que solicit\u00f3 el Congreso al Gobierno de Espa\u00f1a en 2013 sin \u00e9xito. Se trata de una ley de rango inferior a la Constituci\u00f3n y a la Convenci\u00f3n de la ONU.<\/p>\n<\/p>\n<p>De momento y a la espera de la reforma de la ley, lo \u00fanico que pueden hacer las personas con discapacidad es solicitar la revisi\u00f3n de la sentencia. <strong>Un tr\u00e1mite que llevaron a cabo Mara y sus padres sin \u00e9xito<\/strong>, ya que el<a title=\"Supremo\" href=\"http:\/\/www.20minutos.es\/minuteca\/tribunal-supremo\/\"> Tribunal Supremo<\/a> ratific\u00f3 la negativa de la Audiencia Provincial de A Coru\u00f1a el pasado mes de abril tras someter a la joven a un examen en el que se le preguntaba sobre la actualidad pol\u00edtica. Tras la decisi\u00f3n del Supremo elevaron un recurso de amparo al<a title=\"Constitucional\" href=\"http:\/\/www.20minutos.es\/minuteca\/tribunal-constitucional\/\"> Tribunal Constitucional.<\/a><\/p>\n<p>Ahora acaba de ser noticia que <strong>el Constitucional ha rechazado admitir a tr\u00e1mite dicho recurso de amparo<\/strong>, pero con el voto particular de la vicepresidenta del tribunal Adela As\u00faa que ha mostrado su \u00abperplejidad\u00bb, lamenta que en esta cuesti\u00f3n el Constitucional \u00abhaga dejaci\u00f3n de sus funciones y se remita, sin m\u00e1s, a la jurisprudencia del Tribunal Supremo\u00bb y asegura que se ha perdido la oportunidad de resolver un asunto \u00abde gran relevancia constitucional\u00bb.<\/p>\n<p><strong>El informe del fiscal va en la misma l\u00ednea<\/strong>, en \u00e9l sostiene que \u00abno parece haberse valorado adecuadamente la petici\u00f3n realizada por la interesada de su voluntad de seguir votando\u00bb.<\/p>\n<h2>Un caso de gran trascendencia<\/h2>\n<p><strong>El caso de Mara tiene una trascendencia importante<\/strong> que As\u00faa reconoce en su voto particular: \u00abpues va m\u00e1s all\u00e1 del caso concreto, por afectar a un importante colectivo en situaci\u00f3n de especial vulnerabilidad por raz\u00f3n de su discapacidad, que se ve privado de la posibilidad de ejercer un derecho fundamental tan b\u00e1sico\u00bb.<\/p>\n<p>M\u00e1s de 96.000 personas con <a title=\"discapacidad\" href=\"http:\/\/www.20minutos.es\/minuteca\/discapacidad\/\">discapacidad intelectual<\/a>, enfermedad mental o deterioro cognitivo est\u00e1n en la misma situaci\u00f3n que Mara y no pueden votar en Espa\u00f1a, seg\u00fan los datos de Plena Inclusi\u00f3n, tambi\u00e9n conocido como el Comit\u00e9 Espa\u00f1ol de Representantes de Personas con Discapacidad (CERMI), que representa a m\u00e1s de cuatro millones de personas con discapacidad y sus familias.<\/p>\n<p>En <a title=\"Down Compostela\" href=\"http:\/\/www.downcompostela.org\/index.php?idMenu=40&amp;idIdioma=1\" target=\"_blank\">Down Compostela<\/a>, que al igual que <a title=\"Plena Inclusion\" href=\"http:\/\/www.plenainclusion.org\/\" target=\"_blank\">Plena Inclusi\u00f3n,<\/a> que anima a las personas como Mara a reclamar sus derechos y que tiene una gu\u00eda publicada inform\u00e1ndoles de c\u00f3mo hacerlo, <strong>sostienen que se est\u00e1n vulnerando los derechos fundamentales de la joven<\/strong> (y de decenas de miles en su misma situaci\u00f3n) y aseguran que elaborar un test para votar \u00abva en contra de la Constituci\u00f3n y de los tratados internacionales\u00bb.<\/p>\n<p>En este \u00faltimo a\u00f1o ha habido motivos sobrados para recordar esta reivindicaci\u00f3n, que incluso motiv\u00f3 una concentraci\u00f3n ante el congreso de los Diputados el pasado mes de junio con el fin de exigir el derecho al voto para todas las personas con discapacidad y que, adem\u00e1s, se dote de plena accesibilidad universal a los procesos electorales.<\/p>\n<p>Tanto la <a title=\"Down Espa\u00f1a\" href=\"http:\/\/www.sindromedown.net\/\" target=\"_blank\">Federaci\u00f3n Down Espa\u00f1a<\/a>, en la que se integra Down Compostela, como Plena Inclusi\u00f3n aseguraron la pasada primavera que si el Constitucional no reconoc\u00eda su derecho, <a title=\"EP\" href=\"http:\/\/www.europapress.es\/epsocial\/noticia-piden-tc-restablezca-derecho-voto-joven-sindrome-down-20160412135345.html\" target=\"_blank\">no descartaban apelar a Estrasburgo.<\/a><\/p>\n<p>20minutos ha podido confirmar que sus servicios jur\u00eddicos est\u00e1n estudiando los siguientes pasos a dar.<\/p>\n<p>Fuente: 20minutos <a href=\"http:\/\/www.20minutos.es\/noticia\/2922123\/0\/tribunal-constitucional-niega-derecho-voto-personas-discapacidad-intelectual\/\" target=\"_blank\">El Constitucional avala al Supremo y niega el voto a una joven con discapacidad intelectual<\/a><\/p>\n","protected":false},"excerpt":{"rendered":"<p>Leemos en 20minutos la siguiente noticia que os reproducimos de forma \u00edntegra: M.T. El recurso de amparo al Constitucional lo hab\u00eda interpuesto una joven con s\u00edndrome de Down que vot\u00f3 en las elecciones municipales y las europeas. A esta joven el Supremo la someti\u00f3 a un examen de conocimiento, una prueba que distintas asociaciones tachan [&hellip;]<\/p>\n","protected":false},"author":1,"featured_media":0,"comment_status":"open","ping_status":"open","sticky":false,"template":"","format":"standard","meta":{"footnotes":""},"categories":[8],"tags":[31],"class_list":["post-2528","post","type-post","status-publish","format-standard","hentry","category-noticias","tag-discapacidad"],"yoast_head":"<!-- This site is optimized with the Yoast SEO plugin v27.5 - https:\/\/yoast.com\/product\/yoast-seo-wordpress\/ -->\n<title>El Constitucional avala al Supremo y niega el voto a una joven con discapacidad intelectual - Asociaci\u00f3n Espa\u00f1ola S\u00edndrome de Charge<\/title>\n<meta name=\"robots\" content=\"index, follow, max-snippet:-1, max-image-preview:large, max-video-preview:-1\" \/>\n<link rel=\"canonical\" href=\"https:\/\/sindromecharge.es\/index.php\/2016\/12\/28\/el-constitucional-avala-al-supremo-y-niega-el-voto-a-una-joven-con-discapacidad-intelectual\/\" \/>\n<meta property=\"og:locale\" content=\"es_ES\" \/>\n<meta property=\"og:type\" content=\"article\" \/>\n<meta property=\"og:title\" content=\"El Constitucional avala al Supremo y niega el voto a una joven con discapacidad intelectual - Asociaci\u00f3n Espa\u00f1ola S\u00edndrome de Charge\" \/>\n<meta property=\"og:description\" content=\"Leemos en 20minutos la siguiente noticia que os reproducimos de forma \u00edntegra: M.T. El recurso de amparo al Constitucional lo hab\u00eda interpuesto una joven con s\u00edndrome de Down que vot\u00f3 en las elecciones municipales y las europeas. A esta joven el Supremo la someti\u00f3 a un examen de conocimiento, una prueba que distintas asociaciones tachan [&hellip;]\" \/>\n<meta property=\"og:url\" content=\"https:\/\/sindromecharge.es\/index.php\/2016\/12\/28\/el-constitucional-avala-al-supremo-y-niega-el-voto-a-una-joven-con-discapacidad-intelectual\/\" \/>\n<meta property=\"og:site_name\" content=\"Asociaci\u00f3n Espa\u00f1ola S\u00edndrome de Charge\" \/>\n<meta property=\"article:publisher\" content=\"https:\/\/www.facebook.com\/asociacionsindromecharge\" \/>\n<meta property=\"article:published_time\" content=\"2016-12-28T10:51:21+00:00\" \/>\n<meta property=\"og:image\" content=\"http:\/\/cdn.20m.es\/img2\/recortes\/2016\/06\/27\/306775-620-282.jpg?v=20161228111931\" \/>\n<meta name=\"author\" content=\"Charge\" \/>\n<meta name=\"twitter:card\" content=\"summary_large_image\" \/>\n<meta name=\"twitter:creator\" content=\"@sindromecharge\" \/>\n<meta name=\"twitter:site\" content=\"@sindromecharge\" \/>\n<meta name=\"twitter:label1\" content=\"Escrito por\" \/>\n\t<meta name=\"twitter:data1\" content=\"Charge\" \/>\n\t<meta name=\"twitter:label2\" content=\"Tiempo de lectura\" \/>\n\t<meta name=\"twitter:data2\" content=\"5 minutos\" \/>\n<script type=\"application\/ld+json\" class=\"yoast-schema-graph\">{\"@context\":\"https:\\\/\\\/schema.org\",\"@graph\":[{\"@type\":\"Article\",\"@id\":\"https:\\\/\\\/sindromecharge.es\\\/index.php\\\/2016\\\/12\\\/28\\\/el-constitucional-avala-al-supremo-y-niega-el-voto-a-una-joven-con-discapacidad-intelectual\\\/#article\",\"isPartOf\":{\"@id\":\"https:\\\/\\\/sindromecharge.es\\\/index.php\\\/2016\\\/12\\\/28\\\/el-constitucional-avala-al-supremo-y-niega-el-voto-a-una-joven-con-discapacidad-intelectual\\\/\"},\"author\":{\"name\":\"Charge\",\"@id\":\"https:\\\/\\\/sindromecharge.es\\\/#\\\/schema\\\/person\\\/39a60ebe0a2b4d5a11179701e336b039\"},\"headline\":\"El Constitucional avala al Supremo y niega el voto a una joven con discapacidad intelectual\",\"datePublished\":\"2016-12-28T10:51:21+00:00\",\"mainEntityOfPage\":{\"@id\":\"https:\\\/\\\/sindromecharge.es\\\/index.php\\\/2016\\\/12\\\/28\\\/el-constitucional-avala-al-supremo-y-niega-el-voto-a-una-joven-con-discapacidad-intelectual\\\/\"},\"wordCount\":1001,\"commentCount\":0,\"image\":{\"@id\":\"https:\\\/\\\/sindromecharge.es\\\/index.php\\\/2016\\\/12\\\/28\\\/el-constitucional-avala-al-supremo-y-niega-el-voto-a-una-joven-con-discapacidad-intelectual\\\/#primaryimage\"},\"thumbnailUrl\":\"http:\\\/\\\/cdn.20m.es\\\/img2\\\/recortes\\\/2016\\\/06\\\/27\\\/306775-620-282.jpg?v=20161228111931\",\"keywords\":[\"discapacidad\"],\"articleSection\":[\"noticias\"],\"inLanguage\":\"es\",\"potentialAction\":[{\"@type\":\"CommentAction\",\"name\":\"Comment\",\"target\":[\"https:\\\/\\\/sindromecharge.es\\\/index.php\\\/2016\\\/12\\\/28\\\/el-constitucional-avala-al-supremo-y-niega-el-voto-a-una-joven-con-discapacidad-intelectual\\\/#respond\"]}]},{\"@type\":\"WebPage\",\"@id\":\"https:\\\/\\\/sindromecharge.es\\\/index.php\\\/2016\\\/12\\\/28\\\/el-constitucional-avala-al-supremo-y-niega-el-voto-a-una-joven-con-discapacidad-intelectual\\\/\",\"url\":\"https:\\\/\\\/sindromecharge.es\\\/index.php\\\/2016\\\/12\\\/28\\\/el-constitucional-avala-al-supremo-y-niega-el-voto-a-una-joven-con-discapacidad-intelectual\\\/\",\"name\":\"El Constitucional avala al Supremo y niega el voto a una joven con discapacidad intelectual - Asociaci\u00f3n Espa\u00f1ola S\u00edndrome de Charge\",\"isPartOf\":{\"@id\":\"https:\\\/\\\/sindromecharge.es\\\/#website\"},\"primaryImageOfPage\":{\"@id\":\"https:\\\/\\\/sindromecharge.es\\\/index.php\\\/2016\\\/12\\\/28\\\/el-constitucional-avala-al-supremo-y-niega-el-voto-a-una-joven-con-discapacidad-intelectual\\\/#primaryimage\"},\"image\":{\"@id\":\"https:\\\/\\\/sindromecharge.es\\\/index.php\\\/2016\\\/12\\\/28\\\/el-constitucional-avala-al-supremo-y-niega-el-voto-a-una-joven-con-discapacidad-intelectual\\\/#primaryimage\"},\"thumbnailUrl\":\"http:\\\/\\\/cdn.20m.es\\\/img2\\\/recortes\\\/2016\\\/06\\\/27\\\/306775-620-282.jpg?v=20161228111931\",\"datePublished\":\"2016-12-28T10:51:21+00:00\",\"author\":{\"@id\":\"https:\\\/\\\/sindromecharge.es\\\/#\\\/schema\\\/person\\\/39a60ebe0a2b4d5a11179701e336b039\"},\"breadcrumb\":{\"@id\":\"https:\\\/\\\/sindromecharge.es\\\/index.php\\\/2016\\\/12\\\/28\\\/el-constitucional-avala-al-supremo-y-niega-el-voto-a-una-joven-con-discapacidad-intelectual\\\/#breadcrumb\"},\"inLanguage\":\"es\",\"potentialAction\":[{\"@type\":\"ReadAction\",\"target\":[\"https:\\\/\\\/sindromecharge.es\\\/index.php\\\/2016\\\/12\\\/28\\\/el-constitucional-avala-al-supremo-y-niega-el-voto-a-una-joven-con-discapacidad-intelectual\\\/\"]}]},{\"@type\":\"ImageObject\",\"inLanguage\":\"es\",\"@id\":\"https:\\\/\\\/sindromecharge.es\\\/index.php\\\/2016\\\/12\\\/28\\\/el-constitucional-avala-al-supremo-y-niega-el-voto-a-una-joven-con-discapacidad-intelectual\\\/#primaryimage\",\"url\":\"http:\\\/\\\/cdn.20m.es\\\/img2\\\/recortes\\\/2016\\\/06\\\/27\\\/306775-620-282.jpg?v=20161228111931\",\"contentUrl\":\"http:\\\/\\\/cdn.20m.es\\\/img2\\\/recortes\\\/2016\\\/06\\\/27\\\/306775-620-282.jpg?v=20161228111931\"},{\"@type\":\"BreadcrumbList\",\"@id\":\"https:\\\/\\\/sindromecharge.es\\\/index.php\\\/2016\\\/12\\\/28\\\/el-constitucional-avala-al-supremo-y-niega-el-voto-a-una-joven-con-discapacidad-intelectual\\\/#breadcrumb\",\"itemListElement\":[{\"@type\":\"ListItem\",\"position\":1,\"name\":\"Portada\",\"item\":\"https:\\\/\\\/sindromecharge.es\\\/\"},{\"@type\":\"ListItem\",\"position\":2,\"name\":\"El Constitucional avala al Supremo y niega el voto a una joven con discapacidad intelectual\"}]},{\"@type\":\"WebSite\",\"@id\":\"https:\\\/\\\/sindromecharge.es\\\/#website\",\"url\":\"https:\\\/\\\/sindromecharge.es\\\/\",\"name\":\"Asociaci\u00f3n Espa\u00f1ola S\u00edndrome de Charge\",\"description\":\"\",\"potentialAction\":[{\"@type\":\"SearchAction\",\"target\":{\"@type\":\"EntryPoint\",\"urlTemplate\":\"https:\\\/\\\/sindromecharge.es\\\/?s={search_term_string}\"},\"query-input\":{\"@type\":\"PropertyValueSpecification\",\"valueRequired\":true,\"valueName\":\"search_term_string\"}}],\"inLanguage\":\"es\"},{\"@type\":\"Person\",\"@id\":\"https:\\\/\\\/sindromecharge.es\\\/#\\\/schema\\\/person\\\/39a60ebe0a2b4d5a11179701e336b039\",\"name\":\"Charge\",\"image\":{\"@type\":\"ImageObject\",\"inLanguage\":\"es\",\"@id\":\"https:\\\/\\\/secure.gravatar.com\\\/avatar\\\/c3b46e32a0fc3b093a0873fb767bf3293de856293065e84ef06b7ec7a8acfb98?s=96&d=identicon&r=x\",\"url\":\"https:\\\/\\\/secure.gravatar.com\\\/avatar\\\/c3b46e32a0fc3b093a0873fb767bf3293de856293065e84ef06b7ec7a8acfb98?s=96&d=identicon&r=x\",\"contentUrl\":\"https:\\\/\\\/secure.gravatar.com\\\/avatar\\\/c3b46e32a0fc3b093a0873fb767bf3293de856293065e84ef06b7ec7a8acfb98?s=96&d=identicon&r=x\",\"caption\":\"Charge\"},\"url\":\"https:\\\/\\\/sindromecharge.es\\\/index.php\\\/author\\\/admin\\\/\"}]}<\/script>\n<!-- \/ Yoast SEO plugin. -->","yoast_head_json":{"title":"El Constitucional avala al Supremo y niega el voto a una joven con discapacidad intelectual - Asociaci\u00f3n Espa\u00f1ola S\u00edndrome de Charge","robots":{"index":"index","follow":"follow","max-snippet":"max-snippet:-1","max-image-preview":"max-image-preview:large","max-video-preview":"max-video-preview:-1"},"canonical":"https:\/\/sindromecharge.es\/index.php\/2016\/12\/28\/el-constitucional-avala-al-supremo-y-niega-el-voto-a-una-joven-con-discapacidad-intelectual\/","og_locale":"es_ES","og_type":"article","og_title":"El Constitucional avala al Supremo y niega el voto a una joven con discapacidad intelectual - Asociaci\u00f3n Espa\u00f1ola S\u00edndrome de Charge","og_description":"Leemos en 20minutos la siguiente noticia que os reproducimos de forma \u00edntegra: M.T. El recurso de amparo al Constitucional lo hab\u00eda interpuesto una joven con s\u00edndrome de Down que vot\u00f3 en las elecciones municipales y las europeas. A esta joven el Supremo la someti\u00f3 a un examen de conocimiento, una prueba que distintas asociaciones tachan [&hellip;]","og_url":"https:\/\/sindromecharge.es\/index.php\/2016\/12\/28\/el-constitucional-avala-al-supremo-y-niega-el-voto-a-una-joven-con-discapacidad-intelectual\/","og_site_name":"Asociaci\u00f3n Espa\u00f1ola S\u00edndrome de Charge","article_publisher":"https:\/\/www.facebook.com\/asociacionsindromecharge","article_published_time":"2016-12-28T10:51:21+00:00","og_image":[{"url":"http:\/\/cdn.20m.es\/img2\/recortes\/2016\/06\/27\/306775-620-282.jpg?v=20161228111931","type":"","width":"","height":""}],"author":"Charge","twitter_card":"summary_large_image","twitter_creator":"@sindromecharge","twitter_site":"@sindromecharge","twitter_misc":{"Escrito por":"Charge","Tiempo de lectura":"5 minutos"},"schema":{"@context":"https:\/\/schema.org","@graph":[{"@type":"Article","@id":"https:\/\/sindromecharge.es\/index.php\/2016\/12\/28\/el-constitucional-avala-al-supremo-y-niega-el-voto-a-una-joven-con-discapacidad-intelectual\/#article","isPartOf":{"@id":"https:\/\/sindromecharge.es\/index.php\/2016\/12\/28\/el-constitucional-avala-al-supremo-y-niega-el-voto-a-una-joven-con-discapacidad-intelectual\/"},"author":{"name":"Charge","@id":"https:\/\/sindromecharge.es\/#\/schema\/person\/39a60ebe0a2b4d5a11179701e336b039"},"headline":"El Constitucional avala al Supremo y niega el voto a una joven con discapacidad intelectual","datePublished":"2016-12-28T10:51:21+00:00","mainEntityOfPage":{"@id":"https:\/\/sindromecharge.es\/index.php\/2016\/12\/28\/el-constitucional-avala-al-supremo-y-niega-el-voto-a-una-joven-con-discapacidad-intelectual\/"},"wordCount":1001,"commentCount":0,"image":{"@id":"https:\/\/sindromecharge.es\/index.php\/2016\/12\/28\/el-constitucional-avala-al-supremo-y-niega-el-voto-a-una-joven-con-discapacidad-intelectual\/#primaryimage"},"thumbnailUrl":"http:\/\/cdn.20m.es\/img2\/recortes\/2016\/06\/27\/306775-620-282.jpg?v=20161228111931","keywords":["discapacidad"],"articleSection":["noticias"],"inLanguage":"es","potentialAction":[{"@type":"CommentAction","name":"Comment","target":["https:\/\/sindromecharge.es\/index.php\/2016\/12\/28\/el-constitucional-avala-al-supremo-y-niega-el-voto-a-una-joven-con-discapacidad-intelectual\/#respond"]}]},{"@type":"WebPage","@id":"https:\/\/sindromecharge.es\/index.php\/2016\/12\/28\/el-constitucional-avala-al-supremo-y-niega-el-voto-a-una-joven-con-discapacidad-intelectual\/","url":"https:\/\/sindromecharge.es\/index.php\/2016\/12\/28\/el-constitucional-avala-al-supremo-y-niega-el-voto-a-una-joven-con-discapacidad-intelectual\/","name":"El Constitucional avala al Supremo y niega el voto a una joven con discapacidad intelectual - Asociaci\u00f3n Espa\u00f1ola S\u00edndrome de Charge","isPartOf":{"@id":"https:\/\/sindromecharge.es\/#website"},"primaryImageOfPage":{"@id":"https:\/\/sindromecharge.es\/index.php\/2016\/12\/28\/el-constitucional-avala-al-supremo-y-niega-el-voto-a-una-joven-con-discapacidad-intelectual\/#primaryimage"},"image":{"@id":"https:\/\/sindromecharge.es\/index.php\/2016\/12\/28\/el-constitucional-avala-al-supremo-y-niega-el-voto-a-una-joven-con-discapacidad-intelectual\/#primaryimage"},"thumbnailUrl":"http:\/\/cdn.20m.es\/img2\/recortes\/2016\/06\/27\/306775-620-282.jpg?v=20161228111931","datePublished":"2016-12-28T10:51:21+00:00","author":{"@id":"https:\/\/sindromecharge.es\/#\/schema\/person\/39a60ebe0a2b4d5a11179701e336b039"},"breadcrumb":{"@id":"https:\/\/sindromecharge.es\/index.php\/2016\/12\/28\/el-constitucional-avala-al-supremo-y-niega-el-voto-a-una-joven-con-discapacidad-intelectual\/#breadcrumb"},"inLanguage":"es","potentialAction":[{"@type":"ReadAction","target":["https:\/\/sindromecharge.es\/index.php\/2016\/12\/28\/el-constitucional-avala-al-supremo-y-niega-el-voto-a-una-joven-con-discapacidad-intelectual\/"]}]},{"@type":"ImageObject","inLanguage":"es","@id":"https:\/\/sindromecharge.es\/index.php\/2016\/12\/28\/el-constitucional-avala-al-supremo-y-niega-el-voto-a-una-joven-con-discapacidad-intelectual\/#primaryimage","url":"http:\/\/cdn.20m.es\/img2\/recortes\/2016\/06\/27\/306775-620-282.jpg?v=20161228111931","contentUrl":"http:\/\/cdn.20m.es\/img2\/recortes\/2016\/06\/27\/306775-620-282.jpg?v=20161228111931"},{"@type":"BreadcrumbList","@id":"https:\/\/sindromecharge.es\/index.php\/2016\/12\/28\/el-constitucional-avala-al-supremo-y-niega-el-voto-a-una-joven-con-discapacidad-intelectual\/#breadcrumb","itemListElement":[{"@type":"ListItem","position":1,"name":"Portada","item":"https:\/\/sindromecharge.es\/"},{"@type":"ListItem","position":2,"name":"El Constitucional avala al Supremo y niega el voto a una joven con discapacidad intelectual"}]},{"@type":"WebSite","@id":"https:\/\/sindromecharge.es\/#website","url":"https:\/\/sindromecharge.es\/","name":"Asociaci\u00f3n Espa\u00f1ola S\u00edndrome de Charge","description":"","potentialAction":[{"@type":"SearchAction","target":{"@type":"EntryPoint","urlTemplate":"https:\/\/sindromecharge.es\/?s={search_term_string}"},"query-input":{"@type":"PropertyValueSpecification","valueRequired":true,"valueName":"search_term_string"}}],"inLanguage":"es"},{"@type":"Person","@id":"https:\/\/sindromecharge.es\/#\/schema\/person\/39a60ebe0a2b4d5a11179701e336b039","name":"Charge","image":{"@type":"ImageObject","inLanguage":"es","@id":"https:\/\/secure.gravatar.com\/avatar\/c3b46e32a0fc3b093a0873fb767bf3293de856293065e84ef06b7ec7a8acfb98?s=96&d=identicon&r=x","url":"https:\/\/secure.gravatar.com\/avatar\/c3b46e32a0fc3b093a0873fb767bf3293de856293065e84ef06b7ec7a8acfb98?s=96&d=identicon&r=x","contentUrl":"https:\/\/secure.gravatar.com\/avatar\/c3b46e32a0fc3b093a0873fb767bf3293de856293065e84ef06b7ec7a8acfb98?s=96&d=identicon&r=x","caption":"Charge"},"url":"https:\/\/sindromecharge.es\/index.php\/author\/admin\/"}]}},"_links":{"self":[{"href":"https:\/\/sindromecharge.es\/index.php\/wp-json\/wp\/v2\/posts\/2528","targetHints":{"allow":["GET"]}}],"collection":[{"href":"https:\/\/sindromecharge.es\/index.php\/wp-json\/wp\/v2\/posts"}],"about":[{"href":"https:\/\/sindromecharge.es\/index.php\/wp-json\/wp\/v2\/types\/post"}],"author":[{"embeddable":true,"href":"https:\/\/sindromecharge.es\/index.php\/wp-json\/wp\/v2\/users\/1"}],"replies":[{"embeddable":true,"href":"https:\/\/sindromecharge.es\/index.php\/wp-json\/wp\/v2\/comments?post=2528"}],"version-history":[{"count":0,"href":"https:\/\/sindromecharge.es\/index.php\/wp-json\/wp\/v2\/posts\/2528\/revisions"}],"wp:attachment":[{"href":"https:\/\/sindromecharge.es\/index.php\/wp-json\/wp\/v2\/media?parent=2528"}],"wp:term":[{"taxonomy":"category","embeddable":true,"href":"https:\/\/sindromecharge.es\/index.php\/wp-json\/wp\/v2\/categories?post=2528"},{"taxonomy":"post_tag","embeddable":true,"href":"https:\/\/sindromecharge.es\/index.php\/wp-json\/wp\/v2\/tags?post=2528"}],"curies":[{"name":"wp","href":"https:\/\/api.w.org\/{rel}","templated":true}]}}