{"id":2521,"date":"2016-12-22T06:01:32","date_gmt":"2016-12-22T06:01:32","guid":{"rendered":"http:\/\/sindromecharge.es\/index.php\/2016\/12\/22\/carta-a-rafael-catala-ministro-de-justicia\/"},"modified":"2016-12-22T06:01:32","modified_gmt":"2016-12-22T06:01:32","slug":"carta-a-rafael-catala-ministro-de-justicia","status":"publish","type":"post","link":"https:\/\/sindromecharge.es\/index.php\/2016\/12\/22\/carta-a-rafael-catala-ministro-de-justicia\/","title":{"rendered":"Carta a Rafael Catal\u00e1, ministro de Justicia"},"content":{"rendered":"<p>Leemos en 20minutos la siguiente noticia que os reproducimos de forma \u00edntegra: <\/p>\n<p>PILAR BELLO. PERIODISTA<\/p>\n<p>Ministro,<\/p>\n<p>Me qued\u00e9 estupefacta cuando le\u00ed en el diario <em>La Provincia<\/em> que en la reforma del C\u00f3digo Civil, que entrar\u00e1 en vigor en junio de 2017, su art\u00edculo 56 contempla que las <a href=\"http:\/\/www.20minutos.es\/noticia\/2918434\/0\/ciegos-sordos-matrimonio-autorizacion-medica\/\"><strong>personas ciegas y sordas no podr\u00e1n contraer matrimonio sin una autorizaci\u00f3n m\u00e9dica<\/strong><\/a>. El texto habla de afectados \u00abpor deficiencias mentales, intelectuales o sensoriales\u00bb.<\/p>\n<p>Yo estupefacta, pero <strong>mi amigo Juan estaba desolado. Como consecuencia de la diabetes que padece desde ni\u00f1o es ciego.<\/strong> Ha superado mil trabas y ahora es un hombre casi feliz. Lleva dos a\u00f1os viviendo con Silvia, una mujer a la que adora y de la que conoce cada palmo de su cuerpo y todas las emociones que se pintan en su cara, \u00e9l dice que es por el tono de su voz, que es de colores, pero los amigos creemos que es un tercer ojo que tiene en la frente. Ahora se quieren casar.<\/p>\n<p>Hoy le he llamado para tranquilizarle, ahora parece que <strong>su Ministerio reconoce que es un error, \u00abpor las prisas y las falta de atenci\u00f3n\u00bb<\/strong>. Ante las quejas de las asociaciones de personas con discapacidades auditivas y visuales han reaccionado y la cuesti\u00f3n est\u00e1 en v\u00edas de solucionarse, de momento con un parche hasta que se pueda cambiar la ley. No me parece de recibo, sobre todo teniendo en cuenta que esta modificaci\u00f3n de la ley se public\u00f3 en el BOE en julio de 2015, y ha llovido desde entonces.<\/p>\n<p><strong>Ponga un poco de orden en su casa, se\u00f1or ministro,<\/strong> y no juguemos con las cosas de la dignidad. El vac\u00edo de poder y las intrigas pol\u00edticas a las que llevan jugando ustedes mucho tiempo no justifican estos desatinos.<\/p>\n<p>Con muy poca fe, <strong>Pilar Bello<\/strong><\/p>\n<p>Fuente: 20minutos <a href=\"http:\/\/www.20minutos.es\/opiniones\/pilar-bello-carta-rafael-catala-ministro-justicia-2918628\/\" target=\"_blank\">Carta a Rafael Catal\u00e1, ministro de Justicia<\/a><\/p>\n","protected":false},"excerpt":{"rendered":"<p>Leemos en 20minutos la siguiente noticia que os reproducimos de forma \u00edntegra: PILAR BELLO. PERIODISTA Ministro, Me qued\u00e9 estupefacta cuando le\u00ed en el diario La Provincia que en la reforma del C\u00f3digo Civil, que entrar\u00e1 en vigor en junio de 2017, su art\u00edculo 56 contempla que las personas ciegas y sordas no podr\u00e1n contraer matrimonio [&hellip;]<\/p>\n","protected":false},"author":1,"featured_media":0,"comment_status":"open","ping_status":"open","sticky":false,"template":"","format":"standard","meta":{"footnotes":""},"categories":[8],"tags":[31],"class_list":["post-2521","post","type-post","status-publish","format-standard","hentry","category-noticias","tag-discapacidad"],"yoast_head":"<!-- This site is optimized with the Yoast SEO plugin v27.5 - https:\/\/yoast.com\/product\/yoast-seo-wordpress\/ -->\n<title>Carta a Rafael Catal\u00e1, ministro de Justicia - Asociaci\u00f3n Espa\u00f1ola S\u00edndrome de Charge<\/title>\n<meta name=\"robots\" content=\"index, follow, max-snippet:-1, max-image-preview:large, max-video-preview:-1\" \/>\n<link rel=\"canonical\" href=\"https:\/\/sindromecharge.es\/index.php\/2016\/12\/22\/carta-a-rafael-catala-ministro-de-justicia\/\" \/>\n<meta property=\"og:locale\" content=\"es_ES\" \/>\n<meta property=\"og:type\" content=\"article\" \/>\n<meta property=\"og:title\" content=\"Carta a Rafael Catal\u00e1, ministro de Justicia - Asociaci\u00f3n Espa\u00f1ola S\u00edndrome de Charge\" \/>\n<meta property=\"og:description\" content=\"Leemos en 20minutos la siguiente noticia que os reproducimos de forma \u00edntegra: PILAR BELLO. PERIODISTA Ministro, Me qued\u00e9 estupefacta cuando le\u00ed en el diario La Provincia que en la reforma del C\u00f3digo Civil, que entrar\u00e1 en vigor en junio de 2017, su art\u00edculo 56 contempla que las personas ciegas y sordas no podr\u00e1n contraer matrimonio [&hellip;]\" \/>\n<meta property=\"og:url\" content=\"https:\/\/sindromecharge.es\/index.php\/2016\/12\/22\/carta-a-rafael-catala-ministro-de-justicia\/\" \/>\n<meta property=\"og:site_name\" content=\"Asociaci\u00f3n Espa\u00f1ola S\u00edndrome de Charge\" \/>\n<meta property=\"article:publisher\" content=\"https:\/\/www.facebook.com\/asociacionsindromecharge\" \/>\n<meta property=\"article:published_time\" content=\"2016-12-22T06:01:32+00:00\" \/>\n<meta property=\"og:image\" content=\"https:\/\/sindromecharge.es\/wp-content\/uploads\/2013\/09\/logodecharge300x98.png\" \/>\n\t<meta property=\"og:image:width\" content=\"300\" \/>\n\t<meta property=\"og:image:height\" content=\"98\" \/>\n\t<meta property=\"og:image:type\" content=\"image\/png\" \/>\n<meta name=\"author\" content=\"Charge\" \/>\n<meta name=\"twitter:card\" content=\"summary_large_image\" \/>\n<meta name=\"twitter:creator\" content=\"@sindromecharge\" \/>\n<meta name=\"twitter:site\" content=\"@sindromecharge\" \/>\n<meta name=\"twitter:label1\" content=\"Escrito por\" \/>\n\t<meta name=\"twitter:data1\" content=\"Charge\" \/>\n\t<meta name=\"twitter:label2\" content=\"Tiempo de lectura\" \/>\n\t<meta name=\"twitter:data2\" content=\"2 minutos\" \/>\n<script type=\"application\/ld+json\" class=\"yoast-schema-graph\">{\"@context\":\"https:\\\/\\\/schema.org\",\"@graph\":[{\"@type\":\"Article\",\"@id\":\"https:\\\/\\\/sindromecharge.es\\\/index.php\\\/2016\\\/12\\\/22\\\/carta-a-rafael-catala-ministro-de-justicia\\\/#article\",\"isPartOf\":{\"@id\":\"https:\\\/\\\/sindromecharge.es\\\/index.php\\\/2016\\\/12\\\/22\\\/carta-a-rafael-catala-ministro-de-justicia\\\/\"},\"author\":{\"name\":\"Charge\",\"@id\":\"https:\\\/\\\/sindromecharge.es\\\/#\\\/schema\\\/person\\\/39a60ebe0a2b4d5a11179701e336b039\"},\"headline\":\"Carta a Rafael Catal\u00e1, ministro de Justicia\",\"datePublished\":\"2016-12-22T06:01:32+00:00\",\"mainEntityOfPage\":{\"@id\":\"https:\\\/\\\/sindromecharge.es\\\/index.php\\\/2016\\\/12\\\/22\\\/carta-a-rafael-catala-ministro-de-justicia\\\/\"},\"wordCount\":325,\"commentCount\":0,\"keywords\":[\"discapacidad\"],\"articleSection\":[\"noticias\"],\"inLanguage\":\"es\",\"potentialAction\":[{\"@type\":\"CommentAction\",\"name\":\"Comment\",\"target\":[\"https:\\\/\\\/sindromecharge.es\\\/index.php\\\/2016\\\/12\\\/22\\\/carta-a-rafael-catala-ministro-de-justicia\\\/#respond\"]}]},{\"@type\":\"WebPage\",\"@id\":\"https:\\\/\\\/sindromecharge.es\\\/index.php\\\/2016\\\/12\\\/22\\\/carta-a-rafael-catala-ministro-de-justicia\\\/\",\"url\":\"https:\\\/\\\/sindromecharge.es\\\/index.php\\\/2016\\\/12\\\/22\\\/carta-a-rafael-catala-ministro-de-justicia\\\/\",\"name\":\"Carta a Rafael Catal\u00e1, ministro de Justicia - Asociaci\u00f3n Espa\u00f1ola S\u00edndrome de Charge\",\"isPartOf\":{\"@id\":\"https:\\\/\\\/sindromecharge.es\\\/#website\"},\"datePublished\":\"2016-12-22T06:01:32+00:00\",\"author\":{\"@id\":\"https:\\\/\\\/sindromecharge.es\\\/#\\\/schema\\\/person\\\/39a60ebe0a2b4d5a11179701e336b039\"},\"breadcrumb\":{\"@id\":\"https:\\\/\\\/sindromecharge.es\\\/index.php\\\/2016\\\/12\\\/22\\\/carta-a-rafael-catala-ministro-de-justicia\\\/#breadcrumb\"},\"inLanguage\":\"es\",\"potentialAction\":[{\"@type\":\"ReadAction\",\"target\":[\"https:\\\/\\\/sindromecharge.es\\\/index.php\\\/2016\\\/12\\\/22\\\/carta-a-rafael-catala-ministro-de-justicia\\\/\"]}]},{\"@type\":\"BreadcrumbList\",\"@id\":\"https:\\\/\\\/sindromecharge.es\\\/index.php\\\/2016\\\/12\\\/22\\\/carta-a-rafael-catala-ministro-de-justicia\\\/#breadcrumb\",\"itemListElement\":[{\"@type\":\"ListItem\",\"position\":1,\"name\":\"Portada\",\"item\":\"https:\\\/\\\/sindromecharge.es\\\/\"},{\"@type\":\"ListItem\",\"position\":2,\"name\":\"Carta a Rafael Catal\u00e1, ministro de Justicia\"}]},{\"@type\":\"WebSite\",\"@id\":\"https:\\\/\\\/sindromecharge.es\\\/#website\",\"url\":\"https:\\\/\\\/sindromecharge.es\\\/\",\"name\":\"Asociaci\u00f3n Espa\u00f1ola S\u00edndrome de Charge\",\"description\":\"\",\"potentialAction\":[{\"@type\":\"SearchAction\",\"target\":{\"@type\":\"EntryPoint\",\"urlTemplate\":\"https:\\\/\\\/sindromecharge.es\\\/?s={search_term_string}\"},\"query-input\":{\"@type\":\"PropertyValueSpecification\",\"valueRequired\":true,\"valueName\":\"search_term_string\"}}],\"inLanguage\":\"es\"},{\"@type\":\"Person\",\"@id\":\"https:\\\/\\\/sindromecharge.es\\\/#\\\/schema\\\/person\\\/39a60ebe0a2b4d5a11179701e336b039\",\"name\":\"Charge\",\"image\":{\"@type\":\"ImageObject\",\"inLanguage\":\"es\",\"@id\":\"https:\\\/\\\/secure.gravatar.com\\\/avatar\\\/c3b46e32a0fc3b093a0873fb767bf3293de856293065e84ef06b7ec7a8acfb98?s=96&d=identicon&r=x\",\"url\":\"https:\\\/\\\/secure.gravatar.com\\\/avatar\\\/c3b46e32a0fc3b093a0873fb767bf3293de856293065e84ef06b7ec7a8acfb98?s=96&d=identicon&r=x\",\"contentUrl\":\"https:\\\/\\\/secure.gravatar.com\\\/avatar\\\/c3b46e32a0fc3b093a0873fb767bf3293de856293065e84ef06b7ec7a8acfb98?s=96&d=identicon&r=x\",\"caption\":\"Charge\"},\"url\":\"https:\\\/\\\/sindromecharge.es\\\/index.php\\\/author\\\/admin\\\/\"}]}<\/script>\n<!-- \/ Yoast SEO plugin. -->","yoast_head_json":{"title":"Carta a Rafael Catal\u00e1, ministro de Justicia - Asociaci\u00f3n Espa\u00f1ola S\u00edndrome de Charge","robots":{"index":"index","follow":"follow","max-snippet":"max-snippet:-1","max-image-preview":"max-image-preview:large","max-video-preview":"max-video-preview:-1"},"canonical":"https:\/\/sindromecharge.es\/index.php\/2016\/12\/22\/carta-a-rafael-catala-ministro-de-justicia\/","og_locale":"es_ES","og_type":"article","og_title":"Carta a Rafael Catal\u00e1, ministro de Justicia - Asociaci\u00f3n Espa\u00f1ola S\u00edndrome de Charge","og_description":"Leemos en 20minutos la siguiente noticia que os reproducimos de forma \u00edntegra: PILAR BELLO. PERIODISTA Ministro, Me qued\u00e9 estupefacta cuando le\u00ed en el diario La Provincia que en la reforma del C\u00f3digo Civil, que entrar\u00e1 en vigor en junio de 2017, su art\u00edculo 56 contempla que las personas ciegas y sordas no podr\u00e1n contraer matrimonio [&hellip;]","og_url":"https:\/\/sindromecharge.es\/index.php\/2016\/12\/22\/carta-a-rafael-catala-ministro-de-justicia\/","og_site_name":"Asociaci\u00f3n Espa\u00f1ola S\u00edndrome de Charge","article_publisher":"https:\/\/www.facebook.com\/asociacionsindromecharge","article_published_time":"2016-12-22T06:01:32+00:00","og_image":[{"width":300,"height":98,"url":"https:\/\/sindromecharge.es\/wp-content\/uploads\/2013\/09\/logodecharge300x98.png","type":"image\/png"}],"author":"Charge","twitter_card":"summary_large_image","twitter_creator":"@sindromecharge","twitter_site":"@sindromecharge","twitter_misc":{"Escrito por":"Charge","Tiempo de lectura":"2 minutos"},"schema":{"@context":"https:\/\/schema.org","@graph":[{"@type":"Article","@id":"https:\/\/sindromecharge.es\/index.php\/2016\/12\/22\/carta-a-rafael-catala-ministro-de-justicia\/#article","isPartOf":{"@id":"https:\/\/sindromecharge.es\/index.php\/2016\/12\/22\/carta-a-rafael-catala-ministro-de-justicia\/"},"author":{"name":"Charge","@id":"https:\/\/sindromecharge.es\/#\/schema\/person\/39a60ebe0a2b4d5a11179701e336b039"},"headline":"Carta a Rafael Catal\u00e1, ministro de Justicia","datePublished":"2016-12-22T06:01:32+00:00","mainEntityOfPage":{"@id":"https:\/\/sindromecharge.es\/index.php\/2016\/12\/22\/carta-a-rafael-catala-ministro-de-justicia\/"},"wordCount":325,"commentCount":0,"keywords":["discapacidad"],"articleSection":["noticias"],"inLanguage":"es","potentialAction":[{"@type":"CommentAction","name":"Comment","target":["https:\/\/sindromecharge.es\/index.php\/2016\/12\/22\/carta-a-rafael-catala-ministro-de-justicia\/#respond"]}]},{"@type":"WebPage","@id":"https:\/\/sindromecharge.es\/index.php\/2016\/12\/22\/carta-a-rafael-catala-ministro-de-justicia\/","url":"https:\/\/sindromecharge.es\/index.php\/2016\/12\/22\/carta-a-rafael-catala-ministro-de-justicia\/","name":"Carta a Rafael Catal\u00e1, ministro de Justicia - Asociaci\u00f3n Espa\u00f1ola S\u00edndrome de Charge","isPartOf":{"@id":"https:\/\/sindromecharge.es\/#website"},"datePublished":"2016-12-22T06:01:32+00:00","author":{"@id":"https:\/\/sindromecharge.es\/#\/schema\/person\/39a60ebe0a2b4d5a11179701e336b039"},"breadcrumb":{"@id":"https:\/\/sindromecharge.es\/index.php\/2016\/12\/22\/carta-a-rafael-catala-ministro-de-justicia\/#breadcrumb"},"inLanguage":"es","potentialAction":[{"@type":"ReadAction","target":["https:\/\/sindromecharge.es\/index.php\/2016\/12\/22\/carta-a-rafael-catala-ministro-de-justicia\/"]}]},{"@type":"BreadcrumbList","@id":"https:\/\/sindromecharge.es\/index.php\/2016\/12\/22\/carta-a-rafael-catala-ministro-de-justicia\/#breadcrumb","itemListElement":[{"@type":"ListItem","position":1,"name":"Portada","item":"https:\/\/sindromecharge.es\/"},{"@type":"ListItem","position":2,"name":"Carta a Rafael Catal\u00e1, ministro de Justicia"}]},{"@type":"WebSite","@id":"https:\/\/sindromecharge.es\/#website","url":"https:\/\/sindromecharge.es\/","name":"Asociaci\u00f3n Espa\u00f1ola S\u00edndrome de Charge","description":"","potentialAction":[{"@type":"SearchAction","target":{"@type":"EntryPoint","urlTemplate":"https:\/\/sindromecharge.es\/?s={search_term_string}"},"query-input":{"@type":"PropertyValueSpecification","valueRequired":true,"valueName":"search_term_string"}}],"inLanguage":"es"},{"@type":"Person","@id":"https:\/\/sindromecharge.es\/#\/schema\/person\/39a60ebe0a2b4d5a11179701e336b039","name":"Charge","image":{"@type":"ImageObject","inLanguage":"es","@id":"https:\/\/secure.gravatar.com\/avatar\/c3b46e32a0fc3b093a0873fb767bf3293de856293065e84ef06b7ec7a8acfb98?s=96&d=identicon&r=x","url":"https:\/\/secure.gravatar.com\/avatar\/c3b46e32a0fc3b093a0873fb767bf3293de856293065e84ef06b7ec7a8acfb98?s=96&d=identicon&r=x","contentUrl":"https:\/\/secure.gravatar.com\/avatar\/c3b46e32a0fc3b093a0873fb767bf3293de856293065e84ef06b7ec7a8acfb98?s=96&d=identicon&r=x","caption":"Charge"},"url":"https:\/\/sindromecharge.es\/index.php\/author\/admin\/"}]}},"_links":{"self":[{"href":"https:\/\/sindromecharge.es\/index.php\/wp-json\/wp\/v2\/posts\/2521","targetHints":{"allow":["GET"]}}],"collection":[{"href":"https:\/\/sindromecharge.es\/index.php\/wp-json\/wp\/v2\/posts"}],"about":[{"href":"https:\/\/sindromecharge.es\/index.php\/wp-json\/wp\/v2\/types\/post"}],"author":[{"embeddable":true,"href":"https:\/\/sindromecharge.es\/index.php\/wp-json\/wp\/v2\/users\/1"}],"replies":[{"embeddable":true,"href":"https:\/\/sindromecharge.es\/index.php\/wp-json\/wp\/v2\/comments?post=2521"}],"version-history":[{"count":0,"href":"https:\/\/sindromecharge.es\/index.php\/wp-json\/wp\/v2\/posts\/2521\/revisions"}],"wp:attachment":[{"href":"https:\/\/sindromecharge.es\/index.php\/wp-json\/wp\/v2\/media?parent=2521"}],"wp:term":[{"taxonomy":"category","embeddable":true,"href":"https:\/\/sindromecharge.es\/index.php\/wp-json\/wp\/v2\/categories?post=2521"},{"taxonomy":"post_tag","embeddable":true,"href":"https:\/\/sindromecharge.es\/index.php\/wp-json\/wp\/v2\/tags?post=2521"}],"curies":[{"name":"wp","href":"https:\/\/api.w.org\/{rel}","templated":true}]}}