{"id":2518,"date":"2016-12-21T08:32:33","date_gmt":"2016-12-21T08:32:33","guid":{"rendered":"http:\/\/sindromecharge.es\/index.php\/2016\/12\/21\/las-personas-ciegas-y-sordas-no-podran-contraer-matrimonio-sin-una-autorizacion-medica\/"},"modified":"2016-12-21T08:32:33","modified_gmt":"2016-12-21T08:32:33","slug":"las-personas-ciegas-y-sordas-no-podran-contraer-matrimonio-sin-una-autorizacion-medica","status":"publish","type":"post","link":"https:\/\/sindromecharge.es\/index.php\/2016\/12\/21\/las-personas-ciegas-y-sordas-no-podran-contraer-matrimonio-sin-una-autorizacion-medica\/","title":{"rendered":"Las personas ciegas y sordas no podr\u00e1n contraer matrimonio sin una autorizaci\u00f3n m\u00e9dica"},"content":{"rendered":"<p>Leemos en 20minutos la siguiente noticia que os reproducimos de forma \u00edntegra: <\/p>\n<p>20MINUTOS.ES<\/p>\n<ul>\n<li>La reforma del art\u00edculo 56 del C\u00f3digo Civil fue aprobada el 2 de julio de 2015 y est\u00e1 previsto que entre en vigor el 30 de junio de 2017.<\/li>\n<li>Afectados por esta medida han iniciado una campa\u00f1a de recogida de firmas para exigir al Parlamento que la retire.<\/li>\n<li>Desde la ONCE consideran que puede ser inconstitucional, al suponer un trato discriminatorio.<\/li>\n<\/ul>\n<p><img loading=\"lazy\" decoding=\"async\" src=\"http:\/\/cdn.20m.es\/img2\/recortes\/2016\/12\/15\/391060-620-282.jpg?v=20161221093621\" width=\"620\" height=\"282\" alt=\"Discapacidad\" \/><\/p>\n<p>Si el Parlamento no lo impide, a partir del 30 de junio del a\u00f1o que viene, las personas con \u00abdeficiencias mentales, intelectuales o sensoriales\u00bb necesitar\u00e1n un \u00ab<strong>dictamen m\u00e9dico sobre su aptitud\u00bb a la hora de contraer matrimonio<\/strong>. As\u00ed lo recoge una pol\u00e9mica modificaci\u00f3n del art\u00edculo 56 del C\u00f3digo Civil, de la que se ha hecho eco <a title=\"Noticia del diario 'La Provincia'\" href=\"http:\/\/www.laprovincia.es\/sociedad\/2016\/12\/19\/ley-prohibira-casarse-ciegos-sordos\/891661.html\" target=\"_blank\"><em title=\"Noticia del diario 'La Provincia'\">La Provincia<\/em><\/a>.<\/p>\n<p>Entre los afectados por esta medida, aprobada el 2 de julio de 2015, se encuentran las personas sordas y ciegas, algunas de las cuales han iniciado una <a title=\"Campa\u00f1a en 'Change.org'\" href=\"https:\/\/www.change.org\/p\/parlamento-espa%C3%B1ol-no-oyentes-e-invidentes-tienen-el-derecho-de-casarse-sin-autorizaci%C3%B3n-m%C3%A9dica\" target=\"_blank\"><strong>campa\u00f1a de recogida de firmas<\/strong> a trav\u00e9s del portal Change.org<\/a> con el objetivo de que sea retirada.<\/p>\n<p>\u00ab\u00a1NO a la prohibici\u00f3n de poder casarnos sin un permiso m\u00e9dico! <strong>Estamos capacitados para amar<\/strong>, y por ende casarnos, como cualquier persona\u00bb, clama el texto publicado en la plataforma.<\/p>\n<p>El presidente del Consejo Territorial de la <a title=\"Minuteca de ONCE\" href=\"http:\/\/www.20minutos.es\/minuteca\/once\/\">ONCE<\/a> en Canarias, Miguel \u00c1ngel M\u00e9ndez, califica esta iniciativa de \u00abbarbaridad\u00bb, en declaraciones recogidas por el diario canario. M\u00e9ndez considera incluso que<strong> puede ser inconstitucional,<\/strong> al suponer un trato discriminatorio.<\/p>\n<p>El Comit\u00e9 Espa\u00f1ol de Representantes de Personas con Discapacidad (Cermi) se ha manifestado en la misma l\u00ednea y espera que finalmente la norma no entre en vigor \u00abpor <strong>razonabilidad y sentido com\u00fan<\/strong>\u00ab. <\/p>\n<p>Fuente: 20minutos <a href=\"http:\/\/www.20minutos.es\/noticia\/2917754\/0\/personas-ciegas-sordas-no-podran-contraer-matrimonio-sin-autorizacion-medica\/\" target=\"_blank\">Las personas ciegas y sordas no podr\u00e1n contraer matrimonio sin una autorizaci\u00f3n m\u00e9dica<\/a><\/p>\n","protected":false},"excerpt":{"rendered":"<p>Leemos en 20minutos la siguiente noticia que os reproducimos de forma \u00edntegra: 20MINUTOS.ES La reforma del art\u00edculo 56 del C\u00f3digo Civil fue aprobada el 2 de julio de 2015 y est\u00e1 previsto que entre en vigor el 30 de junio de 2017. Afectados por esta medida han iniciado una campa\u00f1a de recogida de firmas para [&hellip;]<\/p>\n","protected":false},"author":1,"featured_media":0,"comment_status":"open","ping_status":"open","sticky":false,"template":"","format":"standard","meta":{"footnotes":""},"categories":[8],"tags":[31],"class_list":["post-2518","post","type-post","status-publish","format-standard","hentry","category-noticias","tag-discapacidad"],"yoast_head":"<!-- This site is optimized with the Yoast SEO plugin v27.5 - https:\/\/yoast.com\/product\/yoast-seo-wordpress\/ -->\n<title>Las personas ciegas y sordas no podr\u00e1n contraer matrimonio sin una autorizaci\u00f3n m\u00e9dica - Asociaci\u00f3n Espa\u00f1ola S\u00edndrome de Charge<\/title>\n<meta name=\"robots\" content=\"index, follow, max-snippet:-1, max-image-preview:large, max-video-preview:-1\" \/>\n<link rel=\"canonical\" href=\"https:\/\/sindromecharge.es\/index.php\/2016\/12\/21\/las-personas-ciegas-y-sordas-no-podran-contraer-matrimonio-sin-una-autorizacion-medica\/\" \/>\n<meta property=\"og:locale\" content=\"es_ES\" \/>\n<meta property=\"og:type\" content=\"article\" \/>\n<meta property=\"og:title\" content=\"Las personas ciegas y sordas no podr\u00e1n contraer matrimonio sin una autorizaci\u00f3n m\u00e9dica - Asociaci\u00f3n Espa\u00f1ola S\u00edndrome de Charge\" \/>\n<meta property=\"og:description\" content=\"Leemos en 20minutos la siguiente noticia que os reproducimos de forma \u00edntegra: 20MINUTOS.ES La reforma del art\u00edculo 56 del C\u00f3digo Civil fue aprobada el 2 de julio de 2015 y est\u00e1 previsto que entre en vigor el 30 de junio de 2017. Afectados por esta medida han iniciado una campa\u00f1a de recogida de firmas para [&hellip;]\" \/>\n<meta property=\"og:url\" content=\"https:\/\/sindromecharge.es\/index.php\/2016\/12\/21\/las-personas-ciegas-y-sordas-no-podran-contraer-matrimonio-sin-una-autorizacion-medica\/\" \/>\n<meta property=\"og:site_name\" content=\"Asociaci\u00f3n Espa\u00f1ola S\u00edndrome de Charge\" \/>\n<meta property=\"article:publisher\" content=\"https:\/\/www.facebook.com\/asociacionsindromecharge\" \/>\n<meta property=\"article:published_time\" content=\"2016-12-21T08:32:33+00:00\" \/>\n<meta property=\"og:image\" content=\"http:\/\/cdn.20m.es\/img2\/recortes\/2016\/12\/15\/391060-620-282.jpg?v=20161221093621\" \/>\n<meta name=\"author\" content=\"Charge\" \/>\n<meta name=\"twitter:card\" content=\"summary_large_image\" \/>\n<meta name=\"twitter:creator\" content=\"@sindromecharge\" \/>\n<meta name=\"twitter:site\" content=\"@sindromecharge\" \/>\n<meta name=\"twitter:label1\" content=\"Escrito por\" \/>\n\t<meta name=\"twitter:data1\" content=\"Charge\" \/>\n\t<meta name=\"twitter:label2\" content=\"Tiempo de lectura\" \/>\n\t<meta name=\"twitter:data2\" content=\"2 minutos\" \/>\n<script type=\"application\/ld+json\" class=\"yoast-schema-graph\">{\"@context\":\"https:\\\/\\\/schema.org\",\"@graph\":[{\"@type\":\"Article\",\"@id\":\"https:\\\/\\\/sindromecharge.es\\\/index.php\\\/2016\\\/12\\\/21\\\/las-personas-ciegas-y-sordas-no-podran-contraer-matrimonio-sin-una-autorizacion-medica\\\/#article\",\"isPartOf\":{\"@id\":\"https:\\\/\\\/sindromecharge.es\\\/index.php\\\/2016\\\/12\\\/21\\\/las-personas-ciegas-y-sordas-no-podran-contraer-matrimonio-sin-una-autorizacion-medica\\\/\"},\"author\":{\"name\":\"Charge\",\"@id\":\"https:\\\/\\\/sindromecharge.es\\\/#\\\/schema\\\/person\\\/39a60ebe0a2b4d5a11179701e336b039\"},\"headline\":\"Las personas ciegas y sordas no podr\u00e1n contraer matrimonio sin una autorizaci\u00f3n m\u00e9dica\",\"datePublished\":\"2016-12-21T08:32:33+00:00\",\"mainEntityOfPage\":{\"@id\":\"https:\\\/\\\/sindromecharge.es\\\/index.php\\\/2016\\\/12\\\/21\\\/las-personas-ciegas-y-sordas-no-podran-contraer-matrimonio-sin-una-autorizacion-medica\\\/\"},\"wordCount\":320,\"commentCount\":0,\"image\":{\"@id\":\"https:\\\/\\\/sindromecharge.es\\\/index.php\\\/2016\\\/12\\\/21\\\/las-personas-ciegas-y-sordas-no-podran-contraer-matrimonio-sin-una-autorizacion-medica\\\/#primaryimage\"},\"thumbnailUrl\":\"http:\\\/\\\/cdn.20m.es\\\/img2\\\/recortes\\\/2016\\\/12\\\/15\\\/391060-620-282.jpg?v=20161221093621\",\"keywords\":[\"discapacidad\"],\"articleSection\":[\"noticias\"],\"inLanguage\":\"es\",\"potentialAction\":[{\"@type\":\"CommentAction\",\"name\":\"Comment\",\"target\":[\"https:\\\/\\\/sindromecharge.es\\\/index.php\\\/2016\\\/12\\\/21\\\/las-personas-ciegas-y-sordas-no-podran-contraer-matrimonio-sin-una-autorizacion-medica\\\/#respond\"]}]},{\"@type\":\"WebPage\",\"@id\":\"https:\\\/\\\/sindromecharge.es\\\/index.php\\\/2016\\\/12\\\/21\\\/las-personas-ciegas-y-sordas-no-podran-contraer-matrimonio-sin-una-autorizacion-medica\\\/\",\"url\":\"https:\\\/\\\/sindromecharge.es\\\/index.php\\\/2016\\\/12\\\/21\\\/las-personas-ciegas-y-sordas-no-podran-contraer-matrimonio-sin-una-autorizacion-medica\\\/\",\"name\":\"Las personas ciegas y sordas no podr\u00e1n contraer matrimonio sin una autorizaci\u00f3n m\u00e9dica - Asociaci\u00f3n Espa\u00f1ola S\u00edndrome de Charge\",\"isPartOf\":{\"@id\":\"https:\\\/\\\/sindromecharge.es\\\/#website\"},\"primaryImageOfPage\":{\"@id\":\"https:\\\/\\\/sindromecharge.es\\\/index.php\\\/2016\\\/12\\\/21\\\/las-personas-ciegas-y-sordas-no-podran-contraer-matrimonio-sin-una-autorizacion-medica\\\/#primaryimage\"},\"image\":{\"@id\":\"https:\\\/\\\/sindromecharge.es\\\/index.php\\\/2016\\\/12\\\/21\\\/las-personas-ciegas-y-sordas-no-podran-contraer-matrimonio-sin-una-autorizacion-medica\\\/#primaryimage\"},\"thumbnailUrl\":\"http:\\\/\\\/cdn.20m.es\\\/img2\\\/recortes\\\/2016\\\/12\\\/15\\\/391060-620-282.jpg?v=20161221093621\",\"datePublished\":\"2016-12-21T08:32:33+00:00\",\"author\":{\"@id\":\"https:\\\/\\\/sindromecharge.es\\\/#\\\/schema\\\/person\\\/39a60ebe0a2b4d5a11179701e336b039\"},\"breadcrumb\":{\"@id\":\"https:\\\/\\\/sindromecharge.es\\\/index.php\\\/2016\\\/12\\\/21\\\/las-personas-ciegas-y-sordas-no-podran-contraer-matrimonio-sin-una-autorizacion-medica\\\/#breadcrumb\"},\"inLanguage\":\"es\",\"potentialAction\":[{\"@type\":\"ReadAction\",\"target\":[\"https:\\\/\\\/sindromecharge.es\\\/index.php\\\/2016\\\/12\\\/21\\\/las-personas-ciegas-y-sordas-no-podran-contraer-matrimonio-sin-una-autorizacion-medica\\\/\"]}]},{\"@type\":\"ImageObject\",\"inLanguage\":\"es\",\"@id\":\"https:\\\/\\\/sindromecharge.es\\\/index.php\\\/2016\\\/12\\\/21\\\/las-personas-ciegas-y-sordas-no-podran-contraer-matrimonio-sin-una-autorizacion-medica\\\/#primaryimage\",\"url\":\"http:\\\/\\\/cdn.20m.es\\\/img2\\\/recortes\\\/2016\\\/12\\\/15\\\/391060-620-282.jpg?v=20161221093621\",\"contentUrl\":\"http:\\\/\\\/cdn.20m.es\\\/img2\\\/recortes\\\/2016\\\/12\\\/15\\\/391060-620-282.jpg?v=20161221093621\"},{\"@type\":\"BreadcrumbList\",\"@id\":\"https:\\\/\\\/sindromecharge.es\\\/index.php\\\/2016\\\/12\\\/21\\\/las-personas-ciegas-y-sordas-no-podran-contraer-matrimonio-sin-una-autorizacion-medica\\\/#breadcrumb\",\"itemListElement\":[{\"@type\":\"ListItem\",\"position\":1,\"name\":\"Portada\",\"item\":\"https:\\\/\\\/sindromecharge.es\\\/\"},{\"@type\":\"ListItem\",\"position\":2,\"name\":\"Las personas ciegas y sordas no podr\u00e1n contraer matrimonio sin una autorizaci\u00f3n m\u00e9dica\"}]},{\"@type\":\"WebSite\",\"@id\":\"https:\\\/\\\/sindromecharge.es\\\/#website\",\"url\":\"https:\\\/\\\/sindromecharge.es\\\/\",\"name\":\"Asociaci\u00f3n Espa\u00f1ola S\u00edndrome de Charge\",\"description\":\"\",\"potentialAction\":[{\"@type\":\"SearchAction\",\"target\":{\"@type\":\"EntryPoint\",\"urlTemplate\":\"https:\\\/\\\/sindromecharge.es\\\/?s={search_term_string}\"},\"query-input\":{\"@type\":\"PropertyValueSpecification\",\"valueRequired\":true,\"valueName\":\"search_term_string\"}}],\"inLanguage\":\"es\"},{\"@type\":\"Person\",\"@id\":\"https:\\\/\\\/sindromecharge.es\\\/#\\\/schema\\\/person\\\/39a60ebe0a2b4d5a11179701e336b039\",\"name\":\"Charge\",\"image\":{\"@type\":\"ImageObject\",\"inLanguage\":\"es\",\"@id\":\"https:\\\/\\\/secure.gravatar.com\\\/avatar\\\/c3b46e32a0fc3b093a0873fb767bf3293de856293065e84ef06b7ec7a8acfb98?s=96&d=identicon&r=x\",\"url\":\"https:\\\/\\\/secure.gravatar.com\\\/avatar\\\/c3b46e32a0fc3b093a0873fb767bf3293de856293065e84ef06b7ec7a8acfb98?s=96&d=identicon&r=x\",\"contentUrl\":\"https:\\\/\\\/secure.gravatar.com\\\/avatar\\\/c3b46e32a0fc3b093a0873fb767bf3293de856293065e84ef06b7ec7a8acfb98?s=96&d=identicon&r=x\",\"caption\":\"Charge\"},\"url\":\"https:\\\/\\\/sindromecharge.es\\\/index.php\\\/author\\\/admin\\\/\"}]}<\/script>\n<!-- \/ Yoast SEO plugin. -->","yoast_head_json":{"title":"Las personas ciegas y sordas no podr\u00e1n contraer matrimonio sin una autorizaci\u00f3n m\u00e9dica - Asociaci\u00f3n Espa\u00f1ola S\u00edndrome de Charge","robots":{"index":"index","follow":"follow","max-snippet":"max-snippet:-1","max-image-preview":"max-image-preview:large","max-video-preview":"max-video-preview:-1"},"canonical":"https:\/\/sindromecharge.es\/index.php\/2016\/12\/21\/las-personas-ciegas-y-sordas-no-podran-contraer-matrimonio-sin-una-autorizacion-medica\/","og_locale":"es_ES","og_type":"article","og_title":"Las personas ciegas y sordas no podr\u00e1n contraer matrimonio sin una autorizaci\u00f3n m\u00e9dica - Asociaci\u00f3n Espa\u00f1ola S\u00edndrome de Charge","og_description":"Leemos en 20minutos la siguiente noticia que os reproducimos de forma \u00edntegra: 20MINUTOS.ES La reforma del art\u00edculo 56 del C\u00f3digo Civil fue aprobada el 2 de julio de 2015 y est\u00e1 previsto que entre en vigor el 30 de junio de 2017. Afectados por esta medida han iniciado una campa\u00f1a de recogida de firmas para [&hellip;]","og_url":"https:\/\/sindromecharge.es\/index.php\/2016\/12\/21\/las-personas-ciegas-y-sordas-no-podran-contraer-matrimonio-sin-una-autorizacion-medica\/","og_site_name":"Asociaci\u00f3n Espa\u00f1ola S\u00edndrome de Charge","article_publisher":"https:\/\/www.facebook.com\/asociacionsindromecharge","article_published_time":"2016-12-21T08:32:33+00:00","og_image":[{"url":"http:\/\/cdn.20m.es\/img2\/recortes\/2016\/12\/15\/391060-620-282.jpg?v=20161221093621","type":"","width":"","height":""}],"author":"Charge","twitter_card":"summary_large_image","twitter_creator":"@sindromecharge","twitter_site":"@sindromecharge","twitter_misc":{"Escrito por":"Charge","Tiempo de lectura":"2 minutos"},"schema":{"@context":"https:\/\/schema.org","@graph":[{"@type":"Article","@id":"https:\/\/sindromecharge.es\/index.php\/2016\/12\/21\/las-personas-ciegas-y-sordas-no-podran-contraer-matrimonio-sin-una-autorizacion-medica\/#article","isPartOf":{"@id":"https:\/\/sindromecharge.es\/index.php\/2016\/12\/21\/las-personas-ciegas-y-sordas-no-podran-contraer-matrimonio-sin-una-autorizacion-medica\/"},"author":{"name":"Charge","@id":"https:\/\/sindromecharge.es\/#\/schema\/person\/39a60ebe0a2b4d5a11179701e336b039"},"headline":"Las personas ciegas y sordas no podr\u00e1n contraer matrimonio sin una autorizaci\u00f3n m\u00e9dica","datePublished":"2016-12-21T08:32:33+00:00","mainEntityOfPage":{"@id":"https:\/\/sindromecharge.es\/index.php\/2016\/12\/21\/las-personas-ciegas-y-sordas-no-podran-contraer-matrimonio-sin-una-autorizacion-medica\/"},"wordCount":320,"commentCount":0,"image":{"@id":"https:\/\/sindromecharge.es\/index.php\/2016\/12\/21\/las-personas-ciegas-y-sordas-no-podran-contraer-matrimonio-sin-una-autorizacion-medica\/#primaryimage"},"thumbnailUrl":"http:\/\/cdn.20m.es\/img2\/recortes\/2016\/12\/15\/391060-620-282.jpg?v=20161221093621","keywords":["discapacidad"],"articleSection":["noticias"],"inLanguage":"es","potentialAction":[{"@type":"CommentAction","name":"Comment","target":["https:\/\/sindromecharge.es\/index.php\/2016\/12\/21\/las-personas-ciegas-y-sordas-no-podran-contraer-matrimonio-sin-una-autorizacion-medica\/#respond"]}]},{"@type":"WebPage","@id":"https:\/\/sindromecharge.es\/index.php\/2016\/12\/21\/las-personas-ciegas-y-sordas-no-podran-contraer-matrimonio-sin-una-autorizacion-medica\/","url":"https:\/\/sindromecharge.es\/index.php\/2016\/12\/21\/las-personas-ciegas-y-sordas-no-podran-contraer-matrimonio-sin-una-autorizacion-medica\/","name":"Las personas ciegas y sordas no podr\u00e1n contraer matrimonio sin una autorizaci\u00f3n m\u00e9dica - Asociaci\u00f3n Espa\u00f1ola S\u00edndrome de Charge","isPartOf":{"@id":"https:\/\/sindromecharge.es\/#website"},"primaryImageOfPage":{"@id":"https:\/\/sindromecharge.es\/index.php\/2016\/12\/21\/las-personas-ciegas-y-sordas-no-podran-contraer-matrimonio-sin-una-autorizacion-medica\/#primaryimage"},"image":{"@id":"https:\/\/sindromecharge.es\/index.php\/2016\/12\/21\/las-personas-ciegas-y-sordas-no-podran-contraer-matrimonio-sin-una-autorizacion-medica\/#primaryimage"},"thumbnailUrl":"http:\/\/cdn.20m.es\/img2\/recortes\/2016\/12\/15\/391060-620-282.jpg?v=20161221093621","datePublished":"2016-12-21T08:32:33+00:00","author":{"@id":"https:\/\/sindromecharge.es\/#\/schema\/person\/39a60ebe0a2b4d5a11179701e336b039"},"breadcrumb":{"@id":"https:\/\/sindromecharge.es\/index.php\/2016\/12\/21\/las-personas-ciegas-y-sordas-no-podran-contraer-matrimonio-sin-una-autorizacion-medica\/#breadcrumb"},"inLanguage":"es","potentialAction":[{"@type":"ReadAction","target":["https:\/\/sindromecharge.es\/index.php\/2016\/12\/21\/las-personas-ciegas-y-sordas-no-podran-contraer-matrimonio-sin-una-autorizacion-medica\/"]}]},{"@type":"ImageObject","inLanguage":"es","@id":"https:\/\/sindromecharge.es\/index.php\/2016\/12\/21\/las-personas-ciegas-y-sordas-no-podran-contraer-matrimonio-sin-una-autorizacion-medica\/#primaryimage","url":"http:\/\/cdn.20m.es\/img2\/recortes\/2016\/12\/15\/391060-620-282.jpg?v=20161221093621","contentUrl":"http:\/\/cdn.20m.es\/img2\/recortes\/2016\/12\/15\/391060-620-282.jpg?v=20161221093621"},{"@type":"BreadcrumbList","@id":"https:\/\/sindromecharge.es\/index.php\/2016\/12\/21\/las-personas-ciegas-y-sordas-no-podran-contraer-matrimonio-sin-una-autorizacion-medica\/#breadcrumb","itemListElement":[{"@type":"ListItem","position":1,"name":"Portada","item":"https:\/\/sindromecharge.es\/"},{"@type":"ListItem","position":2,"name":"Las personas ciegas y sordas no podr\u00e1n contraer matrimonio sin una autorizaci\u00f3n m\u00e9dica"}]},{"@type":"WebSite","@id":"https:\/\/sindromecharge.es\/#website","url":"https:\/\/sindromecharge.es\/","name":"Asociaci\u00f3n Espa\u00f1ola S\u00edndrome de Charge","description":"","potentialAction":[{"@type":"SearchAction","target":{"@type":"EntryPoint","urlTemplate":"https:\/\/sindromecharge.es\/?s={search_term_string}"},"query-input":{"@type":"PropertyValueSpecification","valueRequired":true,"valueName":"search_term_string"}}],"inLanguage":"es"},{"@type":"Person","@id":"https:\/\/sindromecharge.es\/#\/schema\/person\/39a60ebe0a2b4d5a11179701e336b039","name":"Charge","image":{"@type":"ImageObject","inLanguage":"es","@id":"https:\/\/secure.gravatar.com\/avatar\/c3b46e32a0fc3b093a0873fb767bf3293de856293065e84ef06b7ec7a8acfb98?s=96&d=identicon&r=x","url":"https:\/\/secure.gravatar.com\/avatar\/c3b46e32a0fc3b093a0873fb767bf3293de856293065e84ef06b7ec7a8acfb98?s=96&d=identicon&r=x","contentUrl":"https:\/\/secure.gravatar.com\/avatar\/c3b46e32a0fc3b093a0873fb767bf3293de856293065e84ef06b7ec7a8acfb98?s=96&d=identicon&r=x","caption":"Charge"},"url":"https:\/\/sindromecharge.es\/index.php\/author\/admin\/"}]}},"_links":{"self":[{"href":"https:\/\/sindromecharge.es\/index.php\/wp-json\/wp\/v2\/posts\/2518","targetHints":{"allow":["GET"]}}],"collection":[{"href":"https:\/\/sindromecharge.es\/index.php\/wp-json\/wp\/v2\/posts"}],"about":[{"href":"https:\/\/sindromecharge.es\/index.php\/wp-json\/wp\/v2\/types\/post"}],"author":[{"embeddable":true,"href":"https:\/\/sindromecharge.es\/index.php\/wp-json\/wp\/v2\/users\/1"}],"replies":[{"embeddable":true,"href":"https:\/\/sindromecharge.es\/index.php\/wp-json\/wp\/v2\/comments?post=2518"}],"version-history":[{"count":0,"href":"https:\/\/sindromecharge.es\/index.php\/wp-json\/wp\/v2\/posts\/2518\/revisions"}],"wp:attachment":[{"href":"https:\/\/sindromecharge.es\/index.php\/wp-json\/wp\/v2\/media?parent=2518"}],"wp:term":[{"taxonomy":"category","embeddable":true,"href":"https:\/\/sindromecharge.es\/index.php\/wp-json\/wp\/v2\/categories?post=2518"},{"taxonomy":"post_tag","embeddable":true,"href":"https:\/\/sindromecharge.es\/index.php\/wp-json\/wp\/v2\/tags?post=2518"}],"curies":[{"name":"wp","href":"https:\/\/api.w.org\/{rel}","templated":true}]}}