{"id":2510,"date":"2016-12-19T19:07:38","date_gmt":"2016-12-19T19:07:38","guid":{"rendered":"http:\/\/sindromecharge.es\/?p=2510"},"modified":"2017-04-27T15:31:37","modified_gmt":"2017-04-27T15:31:37","slug":"convivencias-fin-semana-bustarviejo-las-familias-charge","status":"publish","type":"post","link":"https:\/\/sindromecharge.es\/index.php\/2016\/12\/19\/convivencias-fin-semana-bustarviejo-las-familias-charge\/","title":{"rendered":"Convivencias: Fin de Semana en Bustarviejo con las familias CHARGE"},"content":{"rendered":"<p>Nos enorgullece presentar este peque\u00f1o proyecto de convivencias, donde las familias CHARGE podr\u00e1n pasar un fin de semana de relax y socializaci\u00f3n.<\/p>\n<p>El lugar elegido es el albergue Valle de los abedules, en Bustarviejo, \u00a0Madrid, los dias 20 y 21 de Mayo. \u00a0Se realizar\u00e1n todo tipo de actividades para los ni\u00f1os y algunas incluso para los padres,amigos y familiares.<\/p>\n<p>El horario de actividades es el siguiente<\/p>\n<p>S\u00e1bado taller ni\u00f1os 11 -14:00<\/p>\n<p>S\u00e1bado charla padres de 11:15 -13:45<\/p>\n<p>Comida 14.30- 15:30<\/p>\n<p>15:30-17:00 Siesta , Tiempo Libre<\/p>\n<p>17:30-20:30 Segundo Taller ni\u00f1os<\/p>\n<p>17.45-20:15 Taller de Risoterapia Padres<\/p>\n<p>20:30 -21:30 Cena<\/p>\n<p>21:30 Tiempo Libre o a la cama<\/p>\n<p>El albergue esta completamente adaptado y los monitores est\u00e1n especializados. Los talleres est\u00e1n adaptados totalmente a las necesidades de los ni\u00f1os.<\/p>\n<p>En este fin de semana de ensue\u00f1o pueden participar los socios de la asociaci\u00f3n, familiares y amigos. Para ello, tan sencillo como contactarnos en nuestro correo electr\u00f3nico info@sindromecharge.es o bien usando <a href=\"http:\/\/sindromecharge.es\/index.php\/contactar\/\" target=\"_blank\" rel=\"noopener noreferrer\">este formulario de contacto<\/a><\/p>\n<p>Os dejamos a continuaci\u00f3n el v\u00eddeo de presentaci\u00f3n del Albergue para que ve\u00e1is con vuestros propios ojos esta maravilla de lugar.<\/p>\n<p><center><iframe loading=\"lazy\" style=\"border: none; overflow: hidden;\" src=\"https:\/\/www.facebook.com\/plugins\/video.php?href=https%3A%2F%2Fwww.facebook.com%2FAlbergueValleAbedules%2Fvideos%2F1276700822401365%2F&amp;show_text=0&amp;width=560\" width=\"560\" height=\"315\" frameborder=\"0\" scrolling=\"no\" allowfullscreen=\"allowfullscreen\"><\/iframe><\/center><\/p>\n","protected":false},"excerpt":{"rendered":"<p>Nos enorgullece presentar este peque\u00f1o proyecto de convivencias, donde las familias CHARGE podr\u00e1n pasar un fin de semana de relax y socializaci\u00f3n. El lugar elegido es el albergue Valle de los abedules, en Bustarviejo, \u00a0Madrid, los dias 20 y 21 de Mayo. \u00a0Se realizar\u00e1n todo tipo de actividades para los ni\u00f1os y algunas incluso para [&hellip;]<\/p>\n","protected":false},"author":1,"featured_media":2511,"comment_status":"open","ping_status":"open","sticky":false,"template":"","format":"standard","meta":{"footnotes":""},"categories":[109,103,101,84],"tags":[129,128,12,130],"class_list":["post-2510","post","type-post","status-publish","format-standard","has-post-thumbnail","hentry","category-asociacion","category-charge","category-eventos","category-socios","tag-albergue","tag-bustarviejo","tag-charge","tag-convivencias"],"yoast_head":"<!-- This site is optimized with the Yoast SEO plugin v27.5 - https:\/\/yoast.com\/product\/yoast-seo-wordpress\/ -->\n<title>Convivencias: Fin de Semana en Bustarviejo con las familias CHARGE - Asociaci\u00f3n Espa\u00f1ola S\u00edndrome de Charge<\/title>\n<meta name=\"robots\" content=\"index, follow, max-snippet:-1, max-image-preview:large, max-video-preview:-1\" \/>\n<link rel=\"canonical\" href=\"https:\/\/sindromecharge.es\/index.php\/2016\/12\/19\/convivencias-fin-semana-bustarviejo-las-familias-charge\/\" \/>\n<meta property=\"og:locale\" content=\"es_ES\" \/>\n<meta property=\"og:type\" content=\"article\" \/>\n<meta property=\"og:title\" content=\"Convivencias: Fin de Semana en Bustarviejo con las familias CHARGE - Asociaci\u00f3n Espa\u00f1ola S\u00edndrome de Charge\" \/>\n<meta property=\"og:description\" content=\"Nos enorgullece presentar este peque\u00f1o proyecto de convivencias, donde las familias CHARGE podr\u00e1n pasar un fin de semana de relax y socializaci\u00f3n. El lugar elegido es el albergue Valle de los abedules, en Bustarviejo, \u00a0Madrid, los dias 20 y 21 de Mayo. \u00a0Se realizar\u00e1n todo tipo de actividades para los ni\u00f1os y algunas incluso para [&hellip;]\" \/>\n<meta property=\"og:url\" content=\"https:\/\/sindromecharge.es\/index.php\/2016\/12\/19\/convivencias-fin-semana-bustarviejo-las-familias-charge\/\" \/>\n<meta property=\"og:site_name\" content=\"Asociaci\u00f3n Espa\u00f1ola S\u00edndrome de Charge\" \/>\n<meta property=\"article:publisher\" content=\"https:\/\/www.facebook.com\/asociacionsindromecharge\" \/>\n<meta property=\"article:published_time\" content=\"2016-12-19T19:07:38+00:00\" \/>\n<meta property=\"article:modified_time\" content=\"2017-04-27T15:31:37+00:00\" \/>\n<meta property=\"og:image\" content=\"https:\/\/sindromecharge.es\/wp-content\/uploads\/2016\/12\/15025235_1267003956704385_683856474364971449_o.jpg\" \/>\n\t<meta property=\"og:image:width\" content=\"1599\" \/>\n\t<meta property=\"og:image:height\" content=\"1066\" \/>\n\t<meta property=\"og:image:type\" content=\"image\/jpeg\" \/>\n<meta name=\"author\" content=\"Charge\" \/>\n<meta name=\"twitter:card\" content=\"summary_large_image\" \/>\n<meta name=\"twitter:creator\" content=\"@sindromecharge\" \/>\n<meta name=\"twitter:site\" content=\"@sindromecharge\" \/>\n<meta name=\"twitter:label1\" content=\"Escrito por\" \/>\n\t<meta name=\"twitter:data1\" content=\"Charge\" \/>\n\t<meta name=\"twitter:label2\" content=\"Tiempo de lectura\" \/>\n\t<meta name=\"twitter:data2\" content=\"1 minuto\" \/>\n<script type=\"application\/ld+json\" class=\"yoast-schema-graph\">{\"@context\":\"https:\\\/\\\/schema.org\",\"@graph\":[{\"@type\":\"Article\",\"@id\":\"https:\\\/\\\/sindromecharge.es\\\/index.php\\\/2016\\\/12\\\/19\\\/convivencias-fin-semana-bustarviejo-las-familias-charge\\\/#article\",\"isPartOf\":{\"@id\":\"https:\\\/\\\/sindromecharge.es\\\/index.php\\\/2016\\\/12\\\/19\\\/convivencias-fin-semana-bustarviejo-las-familias-charge\\\/\"},\"author\":{\"name\":\"Charge\",\"@id\":\"https:\\\/\\\/sindromecharge.es\\\/#\\\/schema\\\/person\\\/39a60ebe0a2b4d5a11179701e336b039\"},\"headline\":\"Convivencias: Fin de Semana en Bustarviejo con las familias CHARGE\",\"datePublished\":\"2016-12-19T19:07:38+00:00\",\"dateModified\":\"2017-04-27T15:31:37+00:00\",\"mainEntityOfPage\":{\"@id\":\"https:\\\/\\\/sindromecharge.es\\\/index.php\\\/2016\\\/12\\\/19\\\/convivencias-fin-semana-bustarviejo-las-familias-charge\\\/\"},\"wordCount\":205,\"commentCount\":0,\"image\":{\"@id\":\"https:\\\/\\\/sindromecharge.es\\\/index.php\\\/2016\\\/12\\\/19\\\/convivencias-fin-semana-bustarviejo-las-familias-charge\\\/#primaryimage\"},\"thumbnailUrl\":\"https:\\\/\\\/sindromecharge.es\\\/wp-content\\\/uploads\\\/2016\\\/12\\\/15025235_1267003956704385_683856474364971449_o.jpg\",\"keywords\":[\"albergue\",\"bustarviejo\",\"charge\",\"convivencias\"],\"articleSection\":[\"asociacion\",\"charge\",\"eventos\",\"socios\"],\"inLanguage\":\"es\",\"potentialAction\":[{\"@type\":\"CommentAction\",\"name\":\"Comment\",\"target\":[\"https:\\\/\\\/sindromecharge.es\\\/index.php\\\/2016\\\/12\\\/19\\\/convivencias-fin-semana-bustarviejo-las-familias-charge\\\/#respond\"]}]},{\"@type\":\"WebPage\",\"@id\":\"https:\\\/\\\/sindromecharge.es\\\/index.php\\\/2016\\\/12\\\/19\\\/convivencias-fin-semana-bustarviejo-las-familias-charge\\\/\",\"url\":\"https:\\\/\\\/sindromecharge.es\\\/index.php\\\/2016\\\/12\\\/19\\\/convivencias-fin-semana-bustarviejo-las-familias-charge\\\/\",\"name\":\"Convivencias: Fin de Semana en Bustarviejo con las familias CHARGE - Asociaci\u00f3n Espa\u00f1ola S\u00edndrome de Charge\",\"isPartOf\":{\"@id\":\"https:\\\/\\\/sindromecharge.es\\\/#website\"},\"primaryImageOfPage\":{\"@id\":\"https:\\\/\\\/sindromecharge.es\\\/index.php\\\/2016\\\/12\\\/19\\\/convivencias-fin-semana-bustarviejo-las-familias-charge\\\/#primaryimage\"},\"image\":{\"@id\":\"https:\\\/\\\/sindromecharge.es\\\/index.php\\\/2016\\\/12\\\/19\\\/convivencias-fin-semana-bustarviejo-las-familias-charge\\\/#primaryimage\"},\"thumbnailUrl\":\"https:\\\/\\\/sindromecharge.es\\\/wp-content\\\/uploads\\\/2016\\\/12\\\/15025235_1267003956704385_683856474364971449_o.jpg\",\"datePublished\":\"2016-12-19T19:07:38+00:00\",\"dateModified\":\"2017-04-27T15:31:37+00:00\",\"author\":{\"@id\":\"https:\\\/\\\/sindromecharge.es\\\/#\\\/schema\\\/person\\\/39a60ebe0a2b4d5a11179701e336b039\"},\"breadcrumb\":{\"@id\":\"https:\\\/\\\/sindromecharge.es\\\/index.php\\\/2016\\\/12\\\/19\\\/convivencias-fin-semana-bustarviejo-las-familias-charge\\\/#breadcrumb\"},\"inLanguage\":\"es\",\"potentialAction\":[{\"@type\":\"ReadAction\",\"target\":[\"https:\\\/\\\/sindromecharge.es\\\/index.php\\\/2016\\\/12\\\/19\\\/convivencias-fin-semana-bustarviejo-las-familias-charge\\\/\"]}]},{\"@type\":\"ImageObject\",\"inLanguage\":\"es\",\"@id\":\"https:\\\/\\\/sindromecharge.es\\\/index.php\\\/2016\\\/12\\\/19\\\/convivencias-fin-semana-bustarviejo-las-familias-charge\\\/#primaryimage\",\"url\":\"https:\\\/\\\/sindromecharge.es\\\/wp-content\\\/uploads\\\/2016\\\/12\\\/15025235_1267003956704385_683856474364971449_o.jpg\",\"contentUrl\":\"https:\\\/\\\/sindromecharge.es\\\/wp-content\\\/uploads\\\/2016\\\/12\\\/15025235_1267003956704385_683856474364971449_o.jpg\",\"width\":1599,\"height\":1066},{\"@type\":\"BreadcrumbList\",\"@id\":\"https:\\\/\\\/sindromecharge.es\\\/index.php\\\/2016\\\/12\\\/19\\\/convivencias-fin-semana-bustarviejo-las-familias-charge\\\/#breadcrumb\",\"itemListElement\":[{\"@type\":\"ListItem\",\"position\":1,\"name\":\"Portada\",\"item\":\"https:\\\/\\\/sindromecharge.es\\\/\"},{\"@type\":\"ListItem\",\"position\":2,\"name\":\"Convivencias: Fin de Semana en Bustarviejo con las familias CHARGE\"}]},{\"@type\":\"WebSite\",\"@id\":\"https:\\\/\\\/sindromecharge.es\\\/#website\",\"url\":\"https:\\\/\\\/sindromecharge.es\\\/\",\"name\":\"Asociaci\u00f3n Espa\u00f1ola S\u00edndrome de Charge\",\"description\":\"\",\"potentialAction\":[{\"@type\":\"SearchAction\",\"target\":{\"@type\":\"EntryPoint\",\"urlTemplate\":\"https:\\\/\\\/sindromecharge.es\\\/?s={search_term_string}\"},\"query-input\":{\"@type\":\"PropertyValueSpecification\",\"valueRequired\":true,\"valueName\":\"search_term_string\"}}],\"inLanguage\":\"es\"},{\"@type\":\"Person\",\"@id\":\"https:\\\/\\\/sindromecharge.es\\\/#\\\/schema\\\/person\\\/39a60ebe0a2b4d5a11179701e336b039\",\"name\":\"Charge\",\"image\":{\"@type\":\"ImageObject\",\"inLanguage\":\"es\",\"@id\":\"https:\\\/\\\/secure.gravatar.com\\\/avatar\\\/c3b46e32a0fc3b093a0873fb767bf3293de856293065e84ef06b7ec7a8acfb98?s=96&d=identicon&r=x\",\"url\":\"https:\\\/\\\/secure.gravatar.com\\\/avatar\\\/c3b46e32a0fc3b093a0873fb767bf3293de856293065e84ef06b7ec7a8acfb98?s=96&d=identicon&r=x\",\"contentUrl\":\"https:\\\/\\\/secure.gravatar.com\\\/avatar\\\/c3b46e32a0fc3b093a0873fb767bf3293de856293065e84ef06b7ec7a8acfb98?s=96&d=identicon&r=x\",\"caption\":\"Charge\"},\"url\":\"https:\\\/\\\/sindromecharge.es\\\/index.php\\\/author\\\/admin\\\/\"}]}<\/script>\n<!-- \/ Yoast SEO plugin. -->","yoast_head_json":{"title":"Convivencias: Fin de Semana en Bustarviejo con las familias CHARGE - Asociaci\u00f3n Espa\u00f1ola S\u00edndrome de Charge","robots":{"index":"index","follow":"follow","max-snippet":"max-snippet:-1","max-image-preview":"max-image-preview:large","max-video-preview":"max-video-preview:-1"},"canonical":"https:\/\/sindromecharge.es\/index.php\/2016\/12\/19\/convivencias-fin-semana-bustarviejo-las-familias-charge\/","og_locale":"es_ES","og_type":"article","og_title":"Convivencias: Fin de Semana en Bustarviejo con las familias CHARGE - Asociaci\u00f3n Espa\u00f1ola S\u00edndrome de Charge","og_description":"Nos enorgullece presentar este peque\u00f1o proyecto de convivencias, donde las familias CHARGE podr\u00e1n pasar un fin de semana de relax y socializaci\u00f3n. El lugar elegido es el albergue Valle de los abedules, en Bustarviejo, \u00a0Madrid, los dias 20 y 21 de Mayo. \u00a0Se realizar\u00e1n todo tipo de actividades para los ni\u00f1os y algunas incluso para [&hellip;]","og_url":"https:\/\/sindromecharge.es\/index.php\/2016\/12\/19\/convivencias-fin-semana-bustarviejo-las-familias-charge\/","og_site_name":"Asociaci\u00f3n Espa\u00f1ola S\u00edndrome de Charge","article_publisher":"https:\/\/www.facebook.com\/asociacionsindromecharge","article_published_time":"2016-12-19T19:07:38+00:00","article_modified_time":"2017-04-27T15:31:37+00:00","og_image":[{"width":1599,"height":1066,"url":"https:\/\/sindromecharge.es\/wp-content\/uploads\/2016\/12\/15025235_1267003956704385_683856474364971449_o.jpg","type":"image\/jpeg"}],"author":"Charge","twitter_card":"summary_large_image","twitter_creator":"@sindromecharge","twitter_site":"@sindromecharge","twitter_misc":{"Escrito por":"Charge","Tiempo de lectura":"1 minuto"},"schema":{"@context":"https:\/\/schema.org","@graph":[{"@type":"Article","@id":"https:\/\/sindromecharge.es\/index.php\/2016\/12\/19\/convivencias-fin-semana-bustarviejo-las-familias-charge\/#article","isPartOf":{"@id":"https:\/\/sindromecharge.es\/index.php\/2016\/12\/19\/convivencias-fin-semana-bustarviejo-las-familias-charge\/"},"author":{"name":"Charge","@id":"https:\/\/sindromecharge.es\/#\/schema\/person\/39a60ebe0a2b4d5a11179701e336b039"},"headline":"Convivencias: Fin de Semana en Bustarviejo con las familias CHARGE","datePublished":"2016-12-19T19:07:38+00:00","dateModified":"2017-04-27T15:31:37+00:00","mainEntityOfPage":{"@id":"https:\/\/sindromecharge.es\/index.php\/2016\/12\/19\/convivencias-fin-semana-bustarviejo-las-familias-charge\/"},"wordCount":205,"commentCount":0,"image":{"@id":"https:\/\/sindromecharge.es\/index.php\/2016\/12\/19\/convivencias-fin-semana-bustarviejo-las-familias-charge\/#primaryimage"},"thumbnailUrl":"https:\/\/sindromecharge.es\/wp-content\/uploads\/2016\/12\/15025235_1267003956704385_683856474364971449_o.jpg","keywords":["albergue","bustarviejo","charge","convivencias"],"articleSection":["asociacion","charge","eventos","socios"],"inLanguage":"es","potentialAction":[{"@type":"CommentAction","name":"Comment","target":["https:\/\/sindromecharge.es\/index.php\/2016\/12\/19\/convivencias-fin-semana-bustarviejo-las-familias-charge\/#respond"]}]},{"@type":"WebPage","@id":"https:\/\/sindromecharge.es\/index.php\/2016\/12\/19\/convivencias-fin-semana-bustarviejo-las-familias-charge\/","url":"https:\/\/sindromecharge.es\/index.php\/2016\/12\/19\/convivencias-fin-semana-bustarviejo-las-familias-charge\/","name":"Convivencias: Fin de Semana en Bustarviejo con las familias CHARGE - Asociaci\u00f3n Espa\u00f1ola S\u00edndrome de Charge","isPartOf":{"@id":"https:\/\/sindromecharge.es\/#website"},"primaryImageOfPage":{"@id":"https:\/\/sindromecharge.es\/index.php\/2016\/12\/19\/convivencias-fin-semana-bustarviejo-las-familias-charge\/#primaryimage"},"image":{"@id":"https:\/\/sindromecharge.es\/index.php\/2016\/12\/19\/convivencias-fin-semana-bustarviejo-las-familias-charge\/#primaryimage"},"thumbnailUrl":"https:\/\/sindromecharge.es\/wp-content\/uploads\/2016\/12\/15025235_1267003956704385_683856474364971449_o.jpg","datePublished":"2016-12-19T19:07:38+00:00","dateModified":"2017-04-27T15:31:37+00:00","author":{"@id":"https:\/\/sindromecharge.es\/#\/schema\/person\/39a60ebe0a2b4d5a11179701e336b039"},"breadcrumb":{"@id":"https:\/\/sindromecharge.es\/index.php\/2016\/12\/19\/convivencias-fin-semana-bustarviejo-las-familias-charge\/#breadcrumb"},"inLanguage":"es","potentialAction":[{"@type":"ReadAction","target":["https:\/\/sindromecharge.es\/index.php\/2016\/12\/19\/convivencias-fin-semana-bustarviejo-las-familias-charge\/"]}]},{"@type":"ImageObject","inLanguage":"es","@id":"https:\/\/sindromecharge.es\/index.php\/2016\/12\/19\/convivencias-fin-semana-bustarviejo-las-familias-charge\/#primaryimage","url":"https:\/\/sindromecharge.es\/wp-content\/uploads\/2016\/12\/15025235_1267003956704385_683856474364971449_o.jpg","contentUrl":"https:\/\/sindromecharge.es\/wp-content\/uploads\/2016\/12\/15025235_1267003956704385_683856474364971449_o.jpg","width":1599,"height":1066},{"@type":"BreadcrumbList","@id":"https:\/\/sindromecharge.es\/index.php\/2016\/12\/19\/convivencias-fin-semana-bustarviejo-las-familias-charge\/#breadcrumb","itemListElement":[{"@type":"ListItem","position":1,"name":"Portada","item":"https:\/\/sindromecharge.es\/"},{"@type":"ListItem","position":2,"name":"Convivencias: Fin de Semana en Bustarviejo con las familias CHARGE"}]},{"@type":"WebSite","@id":"https:\/\/sindromecharge.es\/#website","url":"https:\/\/sindromecharge.es\/","name":"Asociaci\u00f3n Espa\u00f1ola S\u00edndrome de Charge","description":"","potentialAction":[{"@type":"SearchAction","target":{"@type":"EntryPoint","urlTemplate":"https:\/\/sindromecharge.es\/?s={search_term_string}"},"query-input":{"@type":"PropertyValueSpecification","valueRequired":true,"valueName":"search_term_string"}}],"inLanguage":"es"},{"@type":"Person","@id":"https:\/\/sindromecharge.es\/#\/schema\/person\/39a60ebe0a2b4d5a11179701e336b039","name":"Charge","image":{"@type":"ImageObject","inLanguage":"es","@id":"https:\/\/secure.gravatar.com\/avatar\/c3b46e32a0fc3b093a0873fb767bf3293de856293065e84ef06b7ec7a8acfb98?s=96&d=identicon&r=x","url":"https:\/\/secure.gravatar.com\/avatar\/c3b46e32a0fc3b093a0873fb767bf3293de856293065e84ef06b7ec7a8acfb98?s=96&d=identicon&r=x","contentUrl":"https:\/\/secure.gravatar.com\/avatar\/c3b46e32a0fc3b093a0873fb767bf3293de856293065e84ef06b7ec7a8acfb98?s=96&d=identicon&r=x","caption":"Charge"},"url":"https:\/\/sindromecharge.es\/index.php\/author\/admin\/"}]}},"_links":{"self":[{"href":"https:\/\/sindromecharge.es\/index.php\/wp-json\/wp\/v2\/posts\/2510","targetHints":{"allow":["GET"]}}],"collection":[{"href":"https:\/\/sindromecharge.es\/index.php\/wp-json\/wp\/v2\/posts"}],"about":[{"href":"https:\/\/sindromecharge.es\/index.php\/wp-json\/wp\/v2\/types\/post"}],"author":[{"embeddable":true,"href":"https:\/\/sindromecharge.es\/index.php\/wp-json\/wp\/v2\/users\/1"}],"replies":[{"embeddable":true,"href":"https:\/\/sindromecharge.es\/index.php\/wp-json\/wp\/v2\/comments?post=2510"}],"version-history":[{"count":3,"href":"https:\/\/sindromecharge.es\/index.php\/wp-json\/wp\/v2\/posts\/2510\/revisions"}],"predecessor-version":[{"id":2811,"href":"https:\/\/sindromecharge.es\/index.php\/wp-json\/wp\/v2\/posts\/2510\/revisions\/2811"}],"wp:featuredmedia":[{"embeddable":true,"href":"https:\/\/sindromecharge.es\/index.php\/wp-json\/wp\/v2\/media\/2511"}],"wp:attachment":[{"href":"https:\/\/sindromecharge.es\/index.php\/wp-json\/wp\/v2\/media?parent=2510"}],"wp:term":[{"taxonomy":"category","embeddable":true,"href":"https:\/\/sindromecharge.es\/index.php\/wp-json\/wp\/v2\/categories?post=2510"},{"taxonomy":"post_tag","embeddable":true,"href":"https:\/\/sindromecharge.es\/index.php\/wp-json\/wp\/v2\/tags?post=2510"}],"curies":[{"name":"wp","href":"https:\/\/api.w.org\/{rel}","templated":true}]}}