{"id":2508,"date":"2016-12-19T10:37:50","date_gmt":"2016-12-19T10:37:50","guid":{"rendered":"http:\/\/sindromecharge.es\/index.php\/2016\/12\/19\/solo-un-tercio-de-personas-con-discapacidad-esta-en-disposicion-de-trabajar\/"},"modified":"2016-12-19T10:37:50","modified_gmt":"2016-12-19T10:37:50","slug":"solo-un-tercio-de-personas-con-discapacidad-esta-en-disposicion-de-trabajar","status":"publish","type":"post","link":"https:\/\/sindromecharge.es\/index.php\/2016\/12\/19\/solo-un-tercio-de-personas-con-discapacidad-esta-en-disposicion-de-trabajar\/","title":{"rendered":"Solo un tercio de personas con discapacidad est\u00e1 en disposici\u00f3n de trabajar"},"content":{"rendered":"<p>Leemos en 20minutos la siguiente noticia que os reproducimos de forma \u00edntegra: <\/p>\n<p>EFE<\/p>\n<ul>\n<li>Un 5,9% de la poblaci\u00f3nen en edad de trabajar sufre alg\u00fan tipo de discapacidad.<\/li>\n<li>El paro dentro de este colectivo es de un 31% frente al 21,9% del resto de la poblaci\u00f3n activa.<\/li>\n<li>Madrid, Pa\u00eds Vasco, Ceuta y Melilla tienen las mayores tasas de actividad.<\/li>\n<\/ul>\n<p><img loading=\"lazy\" decoding=\"async\" src=\"http:\/\/cdn.20m.es\/img2\/recortes\/2016\/12\/03\/385473-620-282.jpg?v=20161219120123\" width=\"620\" height=\"282\" alt=\"Discapacitado, persona con discapacidad, paseando por la calle, caminando\" \/><\/p>\n<p>La<strong> tasa de actividad<\/strong> (porcentaje de personas que trabajan o quieren hacerlo en relaci\u00f3n con el total de la poblaci\u00f3n en edad legal de trabajar) de las <strong>personas con<\/strong> <a title=\"M\u00e1s noticias sobre discapacidad\" href=\"http:\/\/www.20minutos.es\/minuteca\/discapacidad\/\"><strong>discapacidad<\/strong><\/a> era del <strong>33,9% el pasado a\u00f1o,<\/strong> 44,2% puntos inferior al de la poblaci\u00f3n que no tiene discapacidad (<strong>78,1%<\/strong>).<\/p>\n<p>As\u00ed se refleja en la estad\u00edstica \u00ab<a title=\"Informe del INE sobre tasa de actividad discapacidad\" href=\"http:\/\/www.ine.es\/prensa\/np956.pdf\"><strong>El Empleo de las personas con discapacidad. A\u00f1o 2015<\/strong><\/a>\u00ab, publicada hoy por el<strong> Instituto Nacional de Estad\u00edstica<\/strong> (INE), donde se constata que<strong> 1.774.800 personas<\/strong> de entre los 16 y los 64 a\u00f1os y residentes en hogares familiares tiene certificado de discapacidad, el<strong> 5,9<\/strong> % de la poblaci\u00f3n espa\u00f1ola en edad laboral.<\/p>\n<p>El pasado a\u00f1o, <strong>414.800 personas con discapacidad estaban <a title=\"M\u00e1s noticias sobre paro y desempleo\" href=\"http:\/\/www.20minutos.es\/minuteca\/paro\/\">desempleadas<\/a><\/strong>, lo que supone una tasa de paro del <strong>31 % frente al 21,9 %<\/strong> de la poblaci\u00f3n sin discapacidad. Los datos del INE reflejan tambi\u00e9n que el 28,8 % de las personas con discapacidad ocupadas que cotizaron a la seguridad social ten\u00eda alg\u00fan tipo de deducci\u00f3n en las cotizaciones, 0,4 puntos m\u00e1s que en 2014.<\/p>\n<p>Al igual que en la poblaci\u00f3n general, las<strong> mujeres con discapacidad tiene menos presencia<\/strong> activa en el mercado laboral, aunque su tasa de actividad est\u00e1 m\u00e1s pr\u00f3xima a la masculina que en la poblaci\u00f3n sin discapacidad. La tasa de paro de las mujeres se encuentra en un<strong> 31,1%<\/strong> y la de hombres en un <strong>30,9%.<\/strong><\/p>\n<p>La mayor\u00eda de los trabajadores con discapacidad son <strong>asalariados<\/strong> (88,6 %), tienen <strong>contrato indefinido<\/strong> (77 %), trabajan a <strong>jornada completa<\/strong> (83,4 %) y desempe\u00f1an su actividad en el<strong> sector servicios<\/strong> (80,7 %). De cada 100 personas con discapacidad en edad laboral, 13 percibieron una prestaci\u00f3n durante 2015. El 83,2 % de ellas la recibi\u00f3 debido a una incapacidad laboral.<\/p>\n<p>Por Comunidades Aut\u00f3nomas, las mayores tasas de actividad se dieron en <strong>Madrid<\/strong> (42,8 %), <strong>Pa\u00eds Vasco<\/strong> (39,4 %) y <strong>Castilla-La Mancha<\/strong> (37,8 %), adem\u00e1s de en las ciudades aut\u00f3nomas de Ceuta y Melilla (51,9 %). Por el contrario, las menores tasas se registraron en <strong>Galicia<\/strong> (23,7 %), <strong>Asturias<\/strong> (28,1 %) y <strong>Extremadura<\/strong> (29,3 %).<\/p>\n<p>Fuente: 20minutos <a href=\"http:\/\/www.20minutos.es\/noticia\/2915763\/0\/un-tercio-personas-discapacitadas-esta-en-disposicion-trabajar\/\" target=\"_blank\">Solo un tercio de personas con discapacidad est\u00e1 en disposici\u00f3n de trabajar<\/a><\/p>\n","protected":false},"excerpt":{"rendered":"<p>Leemos en 20minutos la siguiente noticia que os reproducimos de forma \u00edntegra: EFE Un 5,9% de la poblaci\u00f3nen en edad de trabajar sufre alg\u00fan tipo de discapacidad. El paro dentro de este colectivo es de un 31% frente al 21,9% del resto de la poblaci\u00f3n activa. Madrid, Pa\u00eds Vasco, Ceuta y Melilla tienen las mayores [&hellip;]<\/p>\n","protected":false},"author":1,"featured_media":0,"comment_status":"open","ping_status":"open","sticky":false,"template":"","format":"standard","meta":{"footnotes":""},"categories":[8],"tags":[31],"class_list":["post-2508","post","type-post","status-publish","format-standard","hentry","category-noticias","tag-discapacidad"],"yoast_head":"<!-- This site is optimized with the Yoast SEO plugin v27.5 - https:\/\/yoast.com\/product\/yoast-seo-wordpress\/ -->\n<title>Solo un tercio de personas con discapacidad est\u00e1 en disposici\u00f3n de trabajar - Asociaci\u00f3n Espa\u00f1ola S\u00edndrome de Charge<\/title>\n<meta name=\"robots\" content=\"index, follow, max-snippet:-1, max-image-preview:large, max-video-preview:-1\" \/>\n<link rel=\"canonical\" href=\"https:\/\/sindromecharge.es\/index.php\/2016\/12\/19\/solo-un-tercio-de-personas-con-discapacidad-esta-en-disposicion-de-trabajar\/\" \/>\n<meta property=\"og:locale\" content=\"es_ES\" \/>\n<meta property=\"og:type\" content=\"article\" \/>\n<meta property=\"og:title\" content=\"Solo un tercio de personas con discapacidad est\u00e1 en disposici\u00f3n de trabajar - Asociaci\u00f3n Espa\u00f1ola S\u00edndrome de Charge\" \/>\n<meta property=\"og:description\" content=\"Leemos en 20minutos la siguiente noticia que os reproducimos de forma \u00edntegra: EFE Un 5,9% de la poblaci\u00f3nen en edad de trabajar sufre alg\u00fan tipo de discapacidad. El paro dentro de este colectivo es de un 31% frente al 21,9% del resto de la poblaci\u00f3n activa. Madrid, Pa\u00eds Vasco, Ceuta y Melilla tienen las mayores [&hellip;]\" \/>\n<meta property=\"og:url\" content=\"https:\/\/sindromecharge.es\/index.php\/2016\/12\/19\/solo-un-tercio-de-personas-con-discapacidad-esta-en-disposicion-de-trabajar\/\" \/>\n<meta property=\"og:site_name\" content=\"Asociaci\u00f3n Espa\u00f1ola S\u00edndrome de Charge\" \/>\n<meta property=\"article:publisher\" content=\"https:\/\/www.facebook.com\/asociacionsindromecharge\" \/>\n<meta property=\"article:published_time\" content=\"2016-12-19T10:37:50+00:00\" \/>\n<meta property=\"og:image\" content=\"http:\/\/cdn.20m.es\/img2\/recortes\/2016\/12\/03\/385473-620-282.jpg?v=20161219120123\" \/>\n<meta name=\"author\" content=\"Charge\" \/>\n<meta name=\"twitter:card\" content=\"summary_large_image\" \/>\n<meta name=\"twitter:creator\" content=\"@sindromecharge\" \/>\n<meta name=\"twitter:site\" content=\"@sindromecharge\" \/>\n<meta name=\"twitter:label1\" content=\"Escrito por\" \/>\n\t<meta name=\"twitter:data1\" content=\"Charge\" \/>\n\t<meta name=\"twitter:label2\" content=\"Tiempo de lectura\" \/>\n\t<meta name=\"twitter:data2\" content=\"2 minutos\" \/>\n<script type=\"application\/ld+json\" class=\"yoast-schema-graph\">{\"@context\":\"https:\\\/\\\/schema.org\",\"@graph\":[{\"@type\":\"Article\",\"@id\":\"https:\\\/\\\/sindromecharge.es\\\/index.php\\\/2016\\\/12\\\/19\\\/solo-un-tercio-de-personas-con-discapacidad-esta-en-disposicion-de-trabajar\\\/#article\",\"isPartOf\":{\"@id\":\"https:\\\/\\\/sindromecharge.es\\\/index.php\\\/2016\\\/12\\\/19\\\/solo-un-tercio-de-personas-con-discapacidad-esta-en-disposicion-de-trabajar\\\/\"},\"author\":{\"name\":\"Charge\",\"@id\":\"https:\\\/\\\/sindromecharge.es\\\/#\\\/schema\\\/person\\\/39a60ebe0a2b4d5a11179701e336b039\"},\"headline\":\"Solo un tercio de personas con discapacidad est\u00e1 en disposici\u00f3n de trabajar\",\"datePublished\":\"2016-12-19T10:37:50+00:00\",\"mainEntityOfPage\":{\"@id\":\"https:\\\/\\\/sindromecharge.es\\\/index.php\\\/2016\\\/12\\\/19\\\/solo-un-tercio-de-personas-con-discapacidad-esta-en-disposicion-de-trabajar\\\/\"},\"wordCount\":405,\"commentCount\":0,\"image\":{\"@id\":\"https:\\\/\\\/sindromecharge.es\\\/index.php\\\/2016\\\/12\\\/19\\\/solo-un-tercio-de-personas-con-discapacidad-esta-en-disposicion-de-trabajar\\\/#primaryimage\"},\"thumbnailUrl\":\"http:\\\/\\\/cdn.20m.es\\\/img2\\\/recortes\\\/2016\\\/12\\\/03\\\/385473-620-282.jpg?v=20161219120123\",\"keywords\":[\"discapacidad\"],\"articleSection\":[\"noticias\"],\"inLanguage\":\"es\",\"potentialAction\":[{\"@type\":\"CommentAction\",\"name\":\"Comment\",\"target\":[\"https:\\\/\\\/sindromecharge.es\\\/index.php\\\/2016\\\/12\\\/19\\\/solo-un-tercio-de-personas-con-discapacidad-esta-en-disposicion-de-trabajar\\\/#respond\"]}]},{\"@type\":\"WebPage\",\"@id\":\"https:\\\/\\\/sindromecharge.es\\\/index.php\\\/2016\\\/12\\\/19\\\/solo-un-tercio-de-personas-con-discapacidad-esta-en-disposicion-de-trabajar\\\/\",\"url\":\"https:\\\/\\\/sindromecharge.es\\\/index.php\\\/2016\\\/12\\\/19\\\/solo-un-tercio-de-personas-con-discapacidad-esta-en-disposicion-de-trabajar\\\/\",\"name\":\"Solo un tercio de personas con discapacidad est\u00e1 en disposici\u00f3n de trabajar - Asociaci\u00f3n Espa\u00f1ola S\u00edndrome de Charge\",\"isPartOf\":{\"@id\":\"https:\\\/\\\/sindromecharge.es\\\/#website\"},\"primaryImageOfPage\":{\"@id\":\"https:\\\/\\\/sindromecharge.es\\\/index.php\\\/2016\\\/12\\\/19\\\/solo-un-tercio-de-personas-con-discapacidad-esta-en-disposicion-de-trabajar\\\/#primaryimage\"},\"image\":{\"@id\":\"https:\\\/\\\/sindromecharge.es\\\/index.php\\\/2016\\\/12\\\/19\\\/solo-un-tercio-de-personas-con-discapacidad-esta-en-disposicion-de-trabajar\\\/#primaryimage\"},\"thumbnailUrl\":\"http:\\\/\\\/cdn.20m.es\\\/img2\\\/recortes\\\/2016\\\/12\\\/03\\\/385473-620-282.jpg?v=20161219120123\",\"datePublished\":\"2016-12-19T10:37:50+00:00\",\"author\":{\"@id\":\"https:\\\/\\\/sindromecharge.es\\\/#\\\/schema\\\/person\\\/39a60ebe0a2b4d5a11179701e336b039\"},\"breadcrumb\":{\"@id\":\"https:\\\/\\\/sindromecharge.es\\\/index.php\\\/2016\\\/12\\\/19\\\/solo-un-tercio-de-personas-con-discapacidad-esta-en-disposicion-de-trabajar\\\/#breadcrumb\"},\"inLanguage\":\"es\",\"potentialAction\":[{\"@type\":\"ReadAction\",\"target\":[\"https:\\\/\\\/sindromecharge.es\\\/index.php\\\/2016\\\/12\\\/19\\\/solo-un-tercio-de-personas-con-discapacidad-esta-en-disposicion-de-trabajar\\\/\"]}]},{\"@type\":\"ImageObject\",\"inLanguage\":\"es\",\"@id\":\"https:\\\/\\\/sindromecharge.es\\\/index.php\\\/2016\\\/12\\\/19\\\/solo-un-tercio-de-personas-con-discapacidad-esta-en-disposicion-de-trabajar\\\/#primaryimage\",\"url\":\"http:\\\/\\\/cdn.20m.es\\\/img2\\\/recortes\\\/2016\\\/12\\\/03\\\/385473-620-282.jpg?v=20161219120123\",\"contentUrl\":\"http:\\\/\\\/cdn.20m.es\\\/img2\\\/recortes\\\/2016\\\/12\\\/03\\\/385473-620-282.jpg?v=20161219120123\"},{\"@type\":\"BreadcrumbList\",\"@id\":\"https:\\\/\\\/sindromecharge.es\\\/index.php\\\/2016\\\/12\\\/19\\\/solo-un-tercio-de-personas-con-discapacidad-esta-en-disposicion-de-trabajar\\\/#breadcrumb\",\"itemListElement\":[{\"@type\":\"ListItem\",\"position\":1,\"name\":\"Portada\",\"item\":\"https:\\\/\\\/sindromecharge.es\\\/\"},{\"@type\":\"ListItem\",\"position\":2,\"name\":\"Solo un tercio de personas con discapacidad est\u00e1 en disposici\u00f3n de trabajar\"}]},{\"@type\":\"WebSite\",\"@id\":\"https:\\\/\\\/sindromecharge.es\\\/#website\",\"url\":\"https:\\\/\\\/sindromecharge.es\\\/\",\"name\":\"Asociaci\u00f3n Espa\u00f1ola S\u00edndrome de Charge\",\"description\":\"\",\"potentialAction\":[{\"@type\":\"SearchAction\",\"target\":{\"@type\":\"EntryPoint\",\"urlTemplate\":\"https:\\\/\\\/sindromecharge.es\\\/?s={search_term_string}\"},\"query-input\":{\"@type\":\"PropertyValueSpecification\",\"valueRequired\":true,\"valueName\":\"search_term_string\"}}],\"inLanguage\":\"es\"},{\"@type\":\"Person\",\"@id\":\"https:\\\/\\\/sindromecharge.es\\\/#\\\/schema\\\/person\\\/39a60ebe0a2b4d5a11179701e336b039\",\"name\":\"Charge\",\"image\":{\"@type\":\"ImageObject\",\"inLanguage\":\"es\",\"@id\":\"https:\\\/\\\/secure.gravatar.com\\\/avatar\\\/c3b46e32a0fc3b093a0873fb767bf3293de856293065e84ef06b7ec7a8acfb98?s=96&d=identicon&r=x\",\"url\":\"https:\\\/\\\/secure.gravatar.com\\\/avatar\\\/c3b46e32a0fc3b093a0873fb767bf3293de856293065e84ef06b7ec7a8acfb98?s=96&d=identicon&r=x\",\"contentUrl\":\"https:\\\/\\\/secure.gravatar.com\\\/avatar\\\/c3b46e32a0fc3b093a0873fb767bf3293de856293065e84ef06b7ec7a8acfb98?s=96&d=identicon&r=x\",\"caption\":\"Charge\"},\"url\":\"https:\\\/\\\/sindromecharge.es\\\/index.php\\\/author\\\/admin\\\/\"}]}<\/script>\n<!-- \/ Yoast SEO plugin. -->","yoast_head_json":{"title":"Solo un tercio de personas con discapacidad est\u00e1 en disposici\u00f3n de trabajar - Asociaci\u00f3n Espa\u00f1ola S\u00edndrome de Charge","robots":{"index":"index","follow":"follow","max-snippet":"max-snippet:-1","max-image-preview":"max-image-preview:large","max-video-preview":"max-video-preview:-1"},"canonical":"https:\/\/sindromecharge.es\/index.php\/2016\/12\/19\/solo-un-tercio-de-personas-con-discapacidad-esta-en-disposicion-de-trabajar\/","og_locale":"es_ES","og_type":"article","og_title":"Solo un tercio de personas con discapacidad est\u00e1 en disposici\u00f3n de trabajar - Asociaci\u00f3n Espa\u00f1ola S\u00edndrome de Charge","og_description":"Leemos en 20minutos la siguiente noticia que os reproducimos de forma \u00edntegra: EFE Un 5,9% de la poblaci\u00f3nen en edad de trabajar sufre alg\u00fan tipo de discapacidad. El paro dentro de este colectivo es de un 31% frente al 21,9% del resto de la poblaci\u00f3n activa. Madrid, Pa\u00eds Vasco, Ceuta y Melilla tienen las mayores [&hellip;]","og_url":"https:\/\/sindromecharge.es\/index.php\/2016\/12\/19\/solo-un-tercio-de-personas-con-discapacidad-esta-en-disposicion-de-trabajar\/","og_site_name":"Asociaci\u00f3n Espa\u00f1ola S\u00edndrome de Charge","article_publisher":"https:\/\/www.facebook.com\/asociacionsindromecharge","article_published_time":"2016-12-19T10:37:50+00:00","og_image":[{"url":"http:\/\/cdn.20m.es\/img2\/recortes\/2016\/12\/03\/385473-620-282.jpg?v=20161219120123","type":"","width":"","height":""}],"author":"Charge","twitter_card":"summary_large_image","twitter_creator":"@sindromecharge","twitter_site":"@sindromecharge","twitter_misc":{"Escrito por":"Charge","Tiempo de lectura":"2 minutos"},"schema":{"@context":"https:\/\/schema.org","@graph":[{"@type":"Article","@id":"https:\/\/sindromecharge.es\/index.php\/2016\/12\/19\/solo-un-tercio-de-personas-con-discapacidad-esta-en-disposicion-de-trabajar\/#article","isPartOf":{"@id":"https:\/\/sindromecharge.es\/index.php\/2016\/12\/19\/solo-un-tercio-de-personas-con-discapacidad-esta-en-disposicion-de-trabajar\/"},"author":{"name":"Charge","@id":"https:\/\/sindromecharge.es\/#\/schema\/person\/39a60ebe0a2b4d5a11179701e336b039"},"headline":"Solo un tercio de personas con discapacidad est\u00e1 en disposici\u00f3n de trabajar","datePublished":"2016-12-19T10:37:50+00:00","mainEntityOfPage":{"@id":"https:\/\/sindromecharge.es\/index.php\/2016\/12\/19\/solo-un-tercio-de-personas-con-discapacidad-esta-en-disposicion-de-trabajar\/"},"wordCount":405,"commentCount":0,"image":{"@id":"https:\/\/sindromecharge.es\/index.php\/2016\/12\/19\/solo-un-tercio-de-personas-con-discapacidad-esta-en-disposicion-de-trabajar\/#primaryimage"},"thumbnailUrl":"http:\/\/cdn.20m.es\/img2\/recortes\/2016\/12\/03\/385473-620-282.jpg?v=20161219120123","keywords":["discapacidad"],"articleSection":["noticias"],"inLanguage":"es","potentialAction":[{"@type":"CommentAction","name":"Comment","target":["https:\/\/sindromecharge.es\/index.php\/2016\/12\/19\/solo-un-tercio-de-personas-con-discapacidad-esta-en-disposicion-de-trabajar\/#respond"]}]},{"@type":"WebPage","@id":"https:\/\/sindromecharge.es\/index.php\/2016\/12\/19\/solo-un-tercio-de-personas-con-discapacidad-esta-en-disposicion-de-trabajar\/","url":"https:\/\/sindromecharge.es\/index.php\/2016\/12\/19\/solo-un-tercio-de-personas-con-discapacidad-esta-en-disposicion-de-trabajar\/","name":"Solo un tercio de personas con discapacidad est\u00e1 en disposici\u00f3n de trabajar - Asociaci\u00f3n Espa\u00f1ola S\u00edndrome de Charge","isPartOf":{"@id":"https:\/\/sindromecharge.es\/#website"},"primaryImageOfPage":{"@id":"https:\/\/sindromecharge.es\/index.php\/2016\/12\/19\/solo-un-tercio-de-personas-con-discapacidad-esta-en-disposicion-de-trabajar\/#primaryimage"},"image":{"@id":"https:\/\/sindromecharge.es\/index.php\/2016\/12\/19\/solo-un-tercio-de-personas-con-discapacidad-esta-en-disposicion-de-trabajar\/#primaryimage"},"thumbnailUrl":"http:\/\/cdn.20m.es\/img2\/recortes\/2016\/12\/03\/385473-620-282.jpg?v=20161219120123","datePublished":"2016-12-19T10:37:50+00:00","author":{"@id":"https:\/\/sindromecharge.es\/#\/schema\/person\/39a60ebe0a2b4d5a11179701e336b039"},"breadcrumb":{"@id":"https:\/\/sindromecharge.es\/index.php\/2016\/12\/19\/solo-un-tercio-de-personas-con-discapacidad-esta-en-disposicion-de-trabajar\/#breadcrumb"},"inLanguage":"es","potentialAction":[{"@type":"ReadAction","target":["https:\/\/sindromecharge.es\/index.php\/2016\/12\/19\/solo-un-tercio-de-personas-con-discapacidad-esta-en-disposicion-de-trabajar\/"]}]},{"@type":"ImageObject","inLanguage":"es","@id":"https:\/\/sindromecharge.es\/index.php\/2016\/12\/19\/solo-un-tercio-de-personas-con-discapacidad-esta-en-disposicion-de-trabajar\/#primaryimage","url":"http:\/\/cdn.20m.es\/img2\/recortes\/2016\/12\/03\/385473-620-282.jpg?v=20161219120123","contentUrl":"http:\/\/cdn.20m.es\/img2\/recortes\/2016\/12\/03\/385473-620-282.jpg?v=20161219120123"},{"@type":"BreadcrumbList","@id":"https:\/\/sindromecharge.es\/index.php\/2016\/12\/19\/solo-un-tercio-de-personas-con-discapacidad-esta-en-disposicion-de-trabajar\/#breadcrumb","itemListElement":[{"@type":"ListItem","position":1,"name":"Portada","item":"https:\/\/sindromecharge.es\/"},{"@type":"ListItem","position":2,"name":"Solo un tercio de personas con discapacidad est\u00e1 en disposici\u00f3n de trabajar"}]},{"@type":"WebSite","@id":"https:\/\/sindromecharge.es\/#website","url":"https:\/\/sindromecharge.es\/","name":"Asociaci\u00f3n Espa\u00f1ola S\u00edndrome de Charge","description":"","potentialAction":[{"@type":"SearchAction","target":{"@type":"EntryPoint","urlTemplate":"https:\/\/sindromecharge.es\/?s={search_term_string}"},"query-input":{"@type":"PropertyValueSpecification","valueRequired":true,"valueName":"search_term_string"}}],"inLanguage":"es"},{"@type":"Person","@id":"https:\/\/sindromecharge.es\/#\/schema\/person\/39a60ebe0a2b4d5a11179701e336b039","name":"Charge","image":{"@type":"ImageObject","inLanguage":"es","@id":"https:\/\/secure.gravatar.com\/avatar\/c3b46e32a0fc3b093a0873fb767bf3293de856293065e84ef06b7ec7a8acfb98?s=96&d=identicon&r=x","url":"https:\/\/secure.gravatar.com\/avatar\/c3b46e32a0fc3b093a0873fb767bf3293de856293065e84ef06b7ec7a8acfb98?s=96&d=identicon&r=x","contentUrl":"https:\/\/secure.gravatar.com\/avatar\/c3b46e32a0fc3b093a0873fb767bf3293de856293065e84ef06b7ec7a8acfb98?s=96&d=identicon&r=x","caption":"Charge"},"url":"https:\/\/sindromecharge.es\/index.php\/author\/admin\/"}]}},"_links":{"self":[{"href":"https:\/\/sindromecharge.es\/index.php\/wp-json\/wp\/v2\/posts\/2508","targetHints":{"allow":["GET"]}}],"collection":[{"href":"https:\/\/sindromecharge.es\/index.php\/wp-json\/wp\/v2\/posts"}],"about":[{"href":"https:\/\/sindromecharge.es\/index.php\/wp-json\/wp\/v2\/types\/post"}],"author":[{"embeddable":true,"href":"https:\/\/sindromecharge.es\/index.php\/wp-json\/wp\/v2\/users\/1"}],"replies":[{"embeddable":true,"href":"https:\/\/sindromecharge.es\/index.php\/wp-json\/wp\/v2\/comments?post=2508"}],"version-history":[{"count":0,"href":"https:\/\/sindromecharge.es\/index.php\/wp-json\/wp\/v2\/posts\/2508\/revisions"}],"wp:attachment":[{"href":"https:\/\/sindromecharge.es\/index.php\/wp-json\/wp\/v2\/media?parent=2508"}],"wp:term":[{"taxonomy":"category","embeddable":true,"href":"https:\/\/sindromecharge.es\/index.php\/wp-json\/wp\/v2\/categories?post=2508"},{"taxonomy":"post_tag","embeddable":true,"href":"https:\/\/sindromecharge.es\/index.php\/wp-json\/wp\/v2\/tags?post=2508"}],"curies":[{"name":"wp","href":"https:\/\/api.w.org\/{rel}","templated":true}]}}