{"id":2503,"date":"2016-12-15T06:39:44","date_gmt":"2016-12-15T06:39:44","guid":{"rendered":"http:\/\/sindromecharge.es\/index.php\/2016\/12\/15\/analizamos-en-madrid-los-diez-anos-de-la-ley-de-autonomia\/"},"modified":"2016-12-15T06:39:44","modified_gmt":"2016-12-15T06:39:44","slug":"analizamos-en-madrid-los-diez-anos-de-la-ley-de-autonomia","status":"publish","type":"post","link":"https:\/\/sindromecharge.es\/index.php\/2016\/12\/15\/analizamos-en-madrid-los-diez-anos-de-la-ley-de-autonomia\/","title":{"rendered":"Analizamos en Madrid los diez a\u00f1os de la Ley de Autonom\u00eda"},"content":{"rendered":"<p>Leemos en FEDER la siguiente noticia que os reproducimos de forma \u00edntegra: <\/p>\n<p><p>Los d\u00edas 15 y 16 de diciembre celebra el Comit\u00e9 Espa\u00f1ol de Representantes de Personas con Discapacidad (CERMI) el d\u00e9cimo aniversario de la Ley 39\/2016 de Promoci\u00f3n de la Autonom\u00eda Personal y Atenci\u00f3n a las Personas en situaci\u00f3n de dependencia.<\/p>\n<p>Nuestra Federaci\u00f3n estar\u00e1 representada por Modesto D\u00edez quien adem\u00e1s de representar a las familias con ER en Extremadura es miembro del comit\u00e9 ejecutivo del CERMI. Juntos, analizaremos c\u00f3mo ha evolucionado la situaci\u00f3n de las personas con discapacidad desde la promoci\u00f3n de esta ley hasta ahora.<\/p>\n<p>La cita tendr\u00e1 lugar en el Complejo Deportivo y Cultural de la ONCE en Madrid.<\/p>\n<p style=\"text-align: right\">\u00daltima actualizaci\u00f3n: 15\/12\/2016.<\/p>\n<\/p>\n<p>Fuente: FEDER <a href=\"http:\/\/www.enfermedades-raras.org\/index.php\/actualidad\/noticias-eventos\/2-feder\/7377-analizamos-en-madrid-los-diez-a%C3%B1os-de-la-ley-de-autonom%C3%ADa\" target=\"_blank\">Analizamos en Madrid los diez a\u00f1os de la Ley de Autonom\u00eda<\/a><\/p>\n","protected":false},"excerpt":{"rendered":"<p>Leemos en FEDER la siguiente noticia que os reproducimos de forma \u00edntegra: Los d\u00edas 15 y 16 de diciembre celebra el Comit\u00e9 Espa\u00f1ol de Representantes de Personas con Discapacidad (CERMI) el d\u00e9cimo aniversario de la Ley 39\/2016 de Promoci\u00f3n de la Autonom\u00eda Personal y Atenci\u00f3n a las Personas en situaci\u00f3n de dependencia. Nuestra Federaci\u00f3n estar\u00e1 [&hellip;]<\/p>\n","protected":false},"author":1,"featured_media":0,"comment_status":"open","ping_status":"open","sticky":false,"template":"","format":"standard","meta":{"footnotes":""},"categories":[8],"tags":[36],"class_list":["post-2503","post","type-post","status-publish","format-standard","hentry","category-noticias","tag-enfermedades-raras"],"yoast_head":"<!-- This site is optimized with the Yoast SEO plugin v27.5 - https:\/\/yoast.com\/product\/yoast-seo-wordpress\/ -->\n<title>Analizamos en Madrid los diez a\u00f1os de la Ley de Autonom\u00eda - Asociaci\u00f3n Espa\u00f1ola S\u00edndrome de Charge<\/title>\n<meta name=\"robots\" content=\"index, follow, max-snippet:-1, max-image-preview:large, max-video-preview:-1\" \/>\n<link rel=\"canonical\" href=\"https:\/\/sindromecharge.es\/index.php\/2016\/12\/15\/analizamos-en-madrid-los-diez-anos-de-la-ley-de-autonomia\/\" \/>\n<meta property=\"og:locale\" content=\"es_ES\" \/>\n<meta property=\"og:type\" content=\"article\" \/>\n<meta property=\"og:title\" content=\"Analizamos en Madrid los diez a\u00f1os de la Ley de Autonom\u00eda - Asociaci\u00f3n Espa\u00f1ola S\u00edndrome de Charge\" \/>\n<meta property=\"og:description\" content=\"Leemos en FEDER la siguiente noticia que os reproducimos de forma \u00edntegra: Los d\u00edas 15 y 16 de diciembre celebra el Comit\u00e9 Espa\u00f1ol de Representantes de Personas con Discapacidad (CERMI) el d\u00e9cimo aniversario de la Ley 39\/2016 de Promoci\u00f3n de la Autonom\u00eda Personal y Atenci\u00f3n a las Personas en situaci\u00f3n de dependencia. Nuestra Federaci\u00f3n estar\u00e1 [&hellip;]\" \/>\n<meta property=\"og:url\" content=\"https:\/\/sindromecharge.es\/index.php\/2016\/12\/15\/analizamos-en-madrid-los-diez-anos-de-la-ley-de-autonomia\/\" \/>\n<meta property=\"og:site_name\" content=\"Asociaci\u00f3n Espa\u00f1ola S\u00edndrome de Charge\" \/>\n<meta property=\"article:publisher\" content=\"https:\/\/www.facebook.com\/asociacionsindromecharge\" \/>\n<meta property=\"article:published_time\" content=\"2016-12-15T06:39:44+00:00\" \/>\n<meta property=\"og:image\" content=\"https:\/\/sindromecharge.es\/wp-content\/uploads\/2013\/09\/logodecharge300x98.png\" \/>\n\t<meta property=\"og:image:width\" content=\"300\" \/>\n\t<meta property=\"og:image:height\" content=\"98\" \/>\n\t<meta property=\"og:image:type\" content=\"image\/png\" \/>\n<meta name=\"author\" content=\"Charge\" \/>\n<meta name=\"twitter:card\" content=\"summary_large_image\" \/>\n<meta name=\"twitter:creator\" content=\"@sindromecharge\" \/>\n<meta name=\"twitter:site\" content=\"@sindromecharge\" \/>\n<meta name=\"twitter:label1\" content=\"Escrito por\" \/>\n\t<meta name=\"twitter:data1\" content=\"Charge\" \/>\n\t<meta name=\"twitter:label2\" content=\"Tiempo de lectura\" \/>\n\t<meta name=\"twitter:data2\" content=\"1 minuto\" \/>\n<script type=\"application\/ld+json\" class=\"yoast-schema-graph\">{\"@context\":\"https:\\\/\\\/schema.org\",\"@graph\":[{\"@type\":\"Article\",\"@id\":\"https:\\\/\\\/sindromecharge.es\\\/index.php\\\/2016\\\/12\\\/15\\\/analizamos-en-madrid-los-diez-anos-de-la-ley-de-autonomia\\\/#article\",\"isPartOf\":{\"@id\":\"https:\\\/\\\/sindromecharge.es\\\/index.php\\\/2016\\\/12\\\/15\\\/analizamos-en-madrid-los-diez-anos-de-la-ley-de-autonomia\\\/\"},\"author\":{\"name\":\"Charge\",\"@id\":\"https:\\\/\\\/sindromecharge.es\\\/#\\\/schema\\\/person\\\/39a60ebe0a2b4d5a11179701e336b039\"},\"headline\":\"Analizamos en Madrid los diez a\u00f1os de la Ley de Autonom\u00eda\",\"datePublished\":\"2016-12-15T06:39:44+00:00\",\"mainEntityOfPage\":{\"@id\":\"https:\\\/\\\/sindromecharge.es\\\/index.php\\\/2016\\\/12\\\/15\\\/analizamos-en-madrid-los-diez-anos-de-la-ley-de-autonomia\\\/\"},\"wordCount\":153,\"commentCount\":0,\"keywords\":[\"enfermedades raras\"],\"articleSection\":[\"noticias\"],\"inLanguage\":\"es\",\"potentialAction\":[{\"@type\":\"CommentAction\",\"name\":\"Comment\",\"target\":[\"https:\\\/\\\/sindromecharge.es\\\/index.php\\\/2016\\\/12\\\/15\\\/analizamos-en-madrid-los-diez-anos-de-la-ley-de-autonomia\\\/#respond\"]}]},{\"@type\":\"WebPage\",\"@id\":\"https:\\\/\\\/sindromecharge.es\\\/index.php\\\/2016\\\/12\\\/15\\\/analizamos-en-madrid-los-diez-anos-de-la-ley-de-autonomia\\\/\",\"url\":\"https:\\\/\\\/sindromecharge.es\\\/index.php\\\/2016\\\/12\\\/15\\\/analizamos-en-madrid-los-diez-anos-de-la-ley-de-autonomia\\\/\",\"name\":\"Analizamos en Madrid los diez a\u00f1os de la Ley de Autonom\u00eda - Asociaci\u00f3n Espa\u00f1ola S\u00edndrome de Charge\",\"isPartOf\":{\"@id\":\"https:\\\/\\\/sindromecharge.es\\\/#website\"},\"datePublished\":\"2016-12-15T06:39:44+00:00\",\"author\":{\"@id\":\"https:\\\/\\\/sindromecharge.es\\\/#\\\/schema\\\/person\\\/39a60ebe0a2b4d5a11179701e336b039\"},\"breadcrumb\":{\"@id\":\"https:\\\/\\\/sindromecharge.es\\\/index.php\\\/2016\\\/12\\\/15\\\/analizamos-en-madrid-los-diez-anos-de-la-ley-de-autonomia\\\/#breadcrumb\"},\"inLanguage\":\"es\",\"potentialAction\":[{\"@type\":\"ReadAction\",\"target\":[\"https:\\\/\\\/sindromecharge.es\\\/index.php\\\/2016\\\/12\\\/15\\\/analizamos-en-madrid-los-diez-anos-de-la-ley-de-autonomia\\\/\"]}]},{\"@type\":\"BreadcrumbList\",\"@id\":\"https:\\\/\\\/sindromecharge.es\\\/index.php\\\/2016\\\/12\\\/15\\\/analizamos-en-madrid-los-diez-anos-de-la-ley-de-autonomia\\\/#breadcrumb\",\"itemListElement\":[{\"@type\":\"ListItem\",\"position\":1,\"name\":\"Portada\",\"item\":\"https:\\\/\\\/sindromecharge.es\\\/\"},{\"@type\":\"ListItem\",\"position\":2,\"name\":\"Analizamos en Madrid los diez a\u00f1os de la Ley de Autonom\u00eda\"}]},{\"@type\":\"WebSite\",\"@id\":\"https:\\\/\\\/sindromecharge.es\\\/#website\",\"url\":\"https:\\\/\\\/sindromecharge.es\\\/\",\"name\":\"Asociaci\u00f3n Espa\u00f1ola S\u00edndrome de Charge\",\"description\":\"\",\"potentialAction\":[{\"@type\":\"SearchAction\",\"target\":{\"@type\":\"EntryPoint\",\"urlTemplate\":\"https:\\\/\\\/sindromecharge.es\\\/?s={search_term_string}\"},\"query-input\":{\"@type\":\"PropertyValueSpecification\",\"valueRequired\":true,\"valueName\":\"search_term_string\"}}],\"inLanguage\":\"es\"},{\"@type\":\"Person\",\"@id\":\"https:\\\/\\\/sindromecharge.es\\\/#\\\/schema\\\/person\\\/39a60ebe0a2b4d5a11179701e336b039\",\"name\":\"Charge\",\"image\":{\"@type\":\"ImageObject\",\"inLanguage\":\"es\",\"@id\":\"https:\\\/\\\/secure.gravatar.com\\\/avatar\\\/c3b46e32a0fc3b093a0873fb767bf3293de856293065e84ef06b7ec7a8acfb98?s=96&d=identicon&r=x\",\"url\":\"https:\\\/\\\/secure.gravatar.com\\\/avatar\\\/c3b46e32a0fc3b093a0873fb767bf3293de856293065e84ef06b7ec7a8acfb98?s=96&d=identicon&r=x\",\"contentUrl\":\"https:\\\/\\\/secure.gravatar.com\\\/avatar\\\/c3b46e32a0fc3b093a0873fb767bf3293de856293065e84ef06b7ec7a8acfb98?s=96&d=identicon&r=x\",\"caption\":\"Charge\"},\"url\":\"https:\\\/\\\/sindromecharge.es\\\/index.php\\\/author\\\/admin\\\/\"}]}<\/script>\n<!-- \/ Yoast SEO plugin. -->","yoast_head_json":{"title":"Analizamos en Madrid los diez a\u00f1os de la Ley de Autonom\u00eda - Asociaci\u00f3n Espa\u00f1ola S\u00edndrome de Charge","robots":{"index":"index","follow":"follow","max-snippet":"max-snippet:-1","max-image-preview":"max-image-preview:large","max-video-preview":"max-video-preview:-1"},"canonical":"https:\/\/sindromecharge.es\/index.php\/2016\/12\/15\/analizamos-en-madrid-los-diez-anos-de-la-ley-de-autonomia\/","og_locale":"es_ES","og_type":"article","og_title":"Analizamos en Madrid los diez a\u00f1os de la Ley de Autonom\u00eda - Asociaci\u00f3n Espa\u00f1ola S\u00edndrome de Charge","og_description":"Leemos en FEDER la siguiente noticia que os reproducimos de forma \u00edntegra: Los d\u00edas 15 y 16 de diciembre celebra el Comit\u00e9 Espa\u00f1ol de Representantes de Personas con Discapacidad (CERMI) el d\u00e9cimo aniversario de la Ley 39\/2016 de Promoci\u00f3n de la Autonom\u00eda Personal y Atenci\u00f3n a las Personas en situaci\u00f3n de dependencia. Nuestra Federaci\u00f3n estar\u00e1 [&hellip;]","og_url":"https:\/\/sindromecharge.es\/index.php\/2016\/12\/15\/analizamos-en-madrid-los-diez-anos-de-la-ley-de-autonomia\/","og_site_name":"Asociaci\u00f3n Espa\u00f1ola S\u00edndrome de Charge","article_publisher":"https:\/\/www.facebook.com\/asociacionsindromecharge","article_published_time":"2016-12-15T06:39:44+00:00","og_image":[{"width":300,"height":98,"url":"https:\/\/sindromecharge.es\/wp-content\/uploads\/2013\/09\/logodecharge300x98.png","type":"image\/png"}],"author":"Charge","twitter_card":"summary_large_image","twitter_creator":"@sindromecharge","twitter_site":"@sindromecharge","twitter_misc":{"Escrito por":"Charge","Tiempo de lectura":"1 minuto"},"schema":{"@context":"https:\/\/schema.org","@graph":[{"@type":"Article","@id":"https:\/\/sindromecharge.es\/index.php\/2016\/12\/15\/analizamos-en-madrid-los-diez-anos-de-la-ley-de-autonomia\/#article","isPartOf":{"@id":"https:\/\/sindromecharge.es\/index.php\/2016\/12\/15\/analizamos-en-madrid-los-diez-anos-de-la-ley-de-autonomia\/"},"author":{"name":"Charge","@id":"https:\/\/sindromecharge.es\/#\/schema\/person\/39a60ebe0a2b4d5a11179701e336b039"},"headline":"Analizamos en Madrid los diez a\u00f1os de la Ley de Autonom\u00eda","datePublished":"2016-12-15T06:39:44+00:00","mainEntityOfPage":{"@id":"https:\/\/sindromecharge.es\/index.php\/2016\/12\/15\/analizamos-en-madrid-los-diez-anos-de-la-ley-de-autonomia\/"},"wordCount":153,"commentCount":0,"keywords":["enfermedades raras"],"articleSection":["noticias"],"inLanguage":"es","potentialAction":[{"@type":"CommentAction","name":"Comment","target":["https:\/\/sindromecharge.es\/index.php\/2016\/12\/15\/analizamos-en-madrid-los-diez-anos-de-la-ley-de-autonomia\/#respond"]}]},{"@type":"WebPage","@id":"https:\/\/sindromecharge.es\/index.php\/2016\/12\/15\/analizamos-en-madrid-los-diez-anos-de-la-ley-de-autonomia\/","url":"https:\/\/sindromecharge.es\/index.php\/2016\/12\/15\/analizamos-en-madrid-los-diez-anos-de-la-ley-de-autonomia\/","name":"Analizamos en Madrid los diez a\u00f1os de la Ley de Autonom\u00eda - Asociaci\u00f3n Espa\u00f1ola S\u00edndrome de Charge","isPartOf":{"@id":"https:\/\/sindromecharge.es\/#website"},"datePublished":"2016-12-15T06:39:44+00:00","author":{"@id":"https:\/\/sindromecharge.es\/#\/schema\/person\/39a60ebe0a2b4d5a11179701e336b039"},"breadcrumb":{"@id":"https:\/\/sindromecharge.es\/index.php\/2016\/12\/15\/analizamos-en-madrid-los-diez-anos-de-la-ley-de-autonomia\/#breadcrumb"},"inLanguage":"es","potentialAction":[{"@type":"ReadAction","target":["https:\/\/sindromecharge.es\/index.php\/2016\/12\/15\/analizamos-en-madrid-los-diez-anos-de-la-ley-de-autonomia\/"]}]},{"@type":"BreadcrumbList","@id":"https:\/\/sindromecharge.es\/index.php\/2016\/12\/15\/analizamos-en-madrid-los-diez-anos-de-la-ley-de-autonomia\/#breadcrumb","itemListElement":[{"@type":"ListItem","position":1,"name":"Portada","item":"https:\/\/sindromecharge.es\/"},{"@type":"ListItem","position":2,"name":"Analizamos en Madrid los diez a\u00f1os de la Ley de Autonom\u00eda"}]},{"@type":"WebSite","@id":"https:\/\/sindromecharge.es\/#website","url":"https:\/\/sindromecharge.es\/","name":"Asociaci\u00f3n Espa\u00f1ola S\u00edndrome de Charge","description":"","potentialAction":[{"@type":"SearchAction","target":{"@type":"EntryPoint","urlTemplate":"https:\/\/sindromecharge.es\/?s={search_term_string}"},"query-input":{"@type":"PropertyValueSpecification","valueRequired":true,"valueName":"search_term_string"}}],"inLanguage":"es"},{"@type":"Person","@id":"https:\/\/sindromecharge.es\/#\/schema\/person\/39a60ebe0a2b4d5a11179701e336b039","name":"Charge","image":{"@type":"ImageObject","inLanguage":"es","@id":"https:\/\/secure.gravatar.com\/avatar\/c3b46e32a0fc3b093a0873fb767bf3293de856293065e84ef06b7ec7a8acfb98?s=96&d=identicon&r=x","url":"https:\/\/secure.gravatar.com\/avatar\/c3b46e32a0fc3b093a0873fb767bf3293de856293065e84ef06b7ec7a8acfb98?s=96&d=identicon&r=x","contentUrl":"https:\/\/secure.gravatar.com\/avatar\/c3b46e32a0fc3b093a0873fb767bf3293de856293065e84ef06b7ec7a8acfb98?s=96&d=identicon&r=x","caption":"Charge"},"url":"https:\/\/sindromecharge.es\/index.php\/author\/admin\/"}]}},"_links":{"self":[{"href":"https:\/\/sindromecharge.es\/index.php\/wp-json\/wp\/v2\/posts\/2503","targetHints":{"allow":["GET"]}}],"collection":[{"href":"https:\/\/sindromecharge.es\/index.php\/wp-json\/wp\/v2\/posts"}],"about":[{"href":"https:\/\/sindromecharge.es\/index.php\/wp-json\/wp\/v2\/types\/post"}],"author":[{"embeddable":true,"href":"https:\/\/sindromecharge.es\/index.php\/wp-json\/wp\/v2\/users\/1"}],"replies":[{"embeddable":true,"href":"https:\/\/sindromecharge.es\/index.php\/wp-json\/wp\/v2\/comments?post=2503"}],"version-history":[{"count":0,"href":"https:\/\/sindromecharge.es\/index.php\/wp-json\/wp\/v2\/posts\/2503\/revisions"}],"wp:attachment":[{"href":"https:\/\/sindromecharge.es\/index.php\/wp-json\/wp\/v2\/media?parent=2503"}],"wp:term":[{"taxonomy":"category","embeddable":true,"href":"https:\/\/sindromecharge.es\/index.php\/wp-json\/wp\/v2\/categories?post=2503"},{"taxonomy":"post_tag","embeddable":true,"href":"https:\/\/sindromecharge.es\/index.php\/wp-json\/wp\/v2\/tags?post=2503"}],"curies":[{"name":"wp","href":"https:\/\/api.w.org\/{rel}","templated":true}]}}