{"id":2501,"date":"2016-12-14T07:05:57","date_gmt":"2016-12-14T07:05:57","guid":{"rendered":"http:\/\/sindromecharge.es\/index.php\/2016\/12\/14\/fundacion-montemadrid-y-bankia-suman-a-nuestra-causa\/"},"modified":"2016-12-14T07:05:57","modified_gmt":"2016-12-14T07:05:57","slug":"fundacion-montemadrid-y-bankia-suman-a-nuestra-causa","status":"publish","type":"post","link":"https:\/\/sindromecharge.es\/index.php\/2016\/12\/14\/fundacion-montemadrid-y-bankia-suman-a-nuestra-causa\/","title":{"rendered":"Fundaci\u00f3n Montemadrid y Bankia suman a nuestra causa"},"content":{"rendered":"<p>Leemos en FEDER la siguiente noticia que os reproducimos de forma \u00edntegra: <\/p>\n<p>&nbsp;<\/p>\n<p>La IV Convocatoria de Acci\u00f3n Social de Fundaci\u00f3n Montemadrid y Bankia, dotada con un mill\u00f3n de euros, ha seleccionado para su financiaci\u00f3n 78 proyectos sociales entre los que se sit\u00faa los de nuestra Delegaci\u00f3n madrile\u00f1a.<\/p>\n<p>Mar\u00eda Elena Escalante, nuestra delegada auton\u00f3mica, participa el 14 de diciembre en el acto de entrega de estas ayudas que se distribuyen entre 67 organizaciones no lucrativas de la Comunidad de Madrid y 11 de Castilla La Mancha que atienden a los grupos de poblaci\u00f3n m\u00e1s desfavorecidos.<\/p>\n<p>Esta convocatoria apoya iniciativas dirigidas a promover el empleo como medio de integraci\u00f3n social, a paliar las desigualdades, a defender los derechos de las personas, a favorecer su autonom\u00eda, en definitiva, a mejorar sus vidas y las de sus familias, e impulsar la acci\u00f3n solidaria o el voluntariado.<\/p>\n<p>Las personas mayores, la infancia y juventud en riesgo, las personas con discapacidad o con enfermedades, las que son dependientes o se encuentran en una situaci\u00f3n de dificultad social o laboral, son los beneficiarios de las ayudas.<\/p>\n<p style=\"text-align: right\"><span style=\"text-decoration: underline\"><a href=\"http:\/\/www.fundacionmontemadrid.es\/ayudas\/10\/convocatoria-2016-de-accion-social\" target=\"_blank\">Fuente.<\/a><\/span><\/p>\n<p style=\"text-align: right\">\u00daltima actualizaci\u00f3n: 14\/12\/2016.<\/p>\n<p>&nbsp;<\/p>\n<p>Fuente: FEDER <a href=\"http:\/\/www.enfermedades-raras.org\/index.php\/actualidad\/noticias-eventos\/2-feder\/7370-fundaci%C3%B3n-montemadrid-y-bankia-suman-a-nuestra-causa\" target=\"_blank\">Fundaci\u00f3n Montemadrid y Bankia suman a nuestra causa<\/a><\/p>\n","protected":false},"excerpt":{"rendered":"<p>Leemos en FEDER la siguiente noticia que os reproducimos de forma \u00edntegra: &nbsp; La IV Convocatoria de Acci\u00f3n Social de Fundaci\u00f3n Montemadrid y Bankia, dotada con un mill\u00f3n de euros, ha seleccionado para su financiaci\u00f3n 78 proyectos sociales entre los que se sit\u00faa los de nuestra Delegaci\u00f3n madrile\u00f1a. Mar\u00eda Elena Escalante, nuestra delegada auton\u00f3mica, participa [&hellip;]<\/p>\n","protected":false},"author":1,"featured_media":0,"comment_status":"open","ping_status":"open","sticky":false,"template":"","format":"standard","meta":{"footnotes":""},"categories":[8],"tags":[36],"class_list":["post-2501","post","type-post","status-publish","format-standard","hentry","category-noticias","tag-enfermedades-raras"],"yoast_head":"<!-- This site is optimized with the Yoast SEO plugin v27.5 - https:\/\/yoast.com\/product\/yoast-seo-wordpress\/ -->\n<title>Fundaci\u00f3n Montemadrid y Bankia suman a nuestra causa - Asociaci\u00f3n Espa\u00f1ola S\u00edndrome de Charge<\/title>\n<meta name=\"robots\" content=\"index, follow, max-snippet:-1, max-image-preview:large, max-video-preview:-1\" \/>\n<link rel=\"canonical\" href=\"https:\/\/sindromecharge.es\/index.php\/2016\/12\/14\/fundacion-montemadrid-y-bankia-suman-a-nuestra-causa\/\" \/>\n<meta property=\"og:locale\" content=\"es_ES\" \/>\n<meta property=\"og:type\" content=\"article\" \/>\n<meta property=\"og:title\" content=\"Fundaci\u00f3n Montemadrid y Bankia suman a nuestra causa - Asociaci\u00f3n Espa\u00f1ola S\u00edndrome de Charge\" \/>\n<meta property=\"og:description\" content=\"Leemos en FEDER la siguiente noticia que os reproducimos de forma \u00edntegra: &nbsp; La IV Convocatoria de Acci\u00f3n Social de Fundaci\u00f3n Montemadrid y Bankia, dotada con un mill\u00f3n de euros, ha seleccionado para su financiaci\u00f3n 78 proyectos sociales entre los que se sit\u00faa los de nuestra Delegaci\u00f3n madrile\u00f1a. Mar\u00eda Elena Escalante, nuestra delegada auton\u00f3mica, participa [&hellip;]\" \/>\n<meta property=\"og:url\" content=\"https:\/\/sindromecharge.es\/index.php\/2016\/12\/14\/fundacion-montemadrid-y-bankia-suman-a-nuestra-causa\/\" \/>\n<meta property=\"og:site_name\" content=\"Asociaci\u00f3n Espa\u00f1ola S\u00edndrome de Charge\" \/>\n<meta property=\"article:publisher\" content=\"https:\/\/www.facebook.com\/asociacionsindromecharge\" \/>\n<meta property=\"article:published_time\" content=\"2016-12-14T07:05:57+00:00\" \/>\n<meta property=\"og:image\" content=\"https:\/\/sindromecharge.es\/wp-content\/uploads\/2013\/09\/logodecharge300x98.png\" \/>\n\t<meta property=\"og:image:width\" content=\"300\" \/>\n\t<meta property=\"og:image:height\" content=\"98\" \/>\n\t<meta property=\"og:image:type\" content=\"image\/png\" \/>\n<meta name=\"author\" content=\"Charge\" \/>\n<meta name=\"twitter:card\" content=\"summary_large_image\" \/>\n<meta name=\"twitter:creator\" content=\"@sindromecharge\" \/>\n<meta name=\"twitter:site\" content=\"@sindromecharge\" \/>\n<meta name=\"twitter:label1\" content=\"Escrito por\" \/>\n\t<meta name=\"twitter:data1\" content=\"Charge\" \/>\n\t<meta name=\"twitter:label2\" content=\"Tiempo de lectura\" \/>\n\t<meta name=\"twitter:data2\" content=\"1 minuto\" \/>\n<script type=\"application\/ld+json\" class=\"yoast-schema-graph\">{\"@context\":\"https:\\\/\\\/schema.org\",\"@graph\":[{\"@type\":\"Article\",\"@id\":\"https:\\\/\\\/sindromecharge.es\\\/index.php\\\/2016\\\/12\\\/14\\\/fundacion-montemadrid-y-bankia-suman-a-nuestra-causa\\\/#article\",\"isPartOf\":{\"@id\":\"https:\\\/\\\/sindromecharge.es\\\/index.php\\\/2016\\\/12\\\/14\\\/fundacion-montemadrid-y-bankia-suman-a-nuestra-causa\\\/\"},\"author\":{\"name\":\"Charge\",\"@id\":\"https:\\\/\\\/sindromecharge.es\\\/#\\\/schema\\\/person\\\/39a60ebe0a2b4d5a11179701e336b039\"},\"headline\":\"Fundaci\u00f3n Montemadrid y Bankia suman a nuestra causa\",\"datePublished\":\"2016-12-14T07:05:57+00:00\",\"mainEntityOfPage\":{\"@id\":\"https:\\\/\\\/sindromecharge.es\\\/index.php\\\/2016\\\/12\\\/14\\\/fundacion-montemadrid-y-bankia-suman-a-nuestra-causa\\\/\"},\"wordCount\":216,\"commentCount\":0,\"keywords\":[\"enfermedades raras\"],\"articleSection\":[\"noticias\"],\"inLanguage\":\"es\",\"potentialAction\":[{\"@type\":\"CommentAction\",\"name\":\"Comment\",\"target\":[\"https:\\\/\\\/sindromecharge.es\\\/index.php\\\/2016\\\/12\\\/14\\\/fundacion-montemadrid-y-bankia-suman-a-nuestra-causa\\\/#respond\"]}]},{\"@type\":\"WebPage\",\"@id\":\"https:\\\/\\\/sindromecharge.es\\\/index.php\\\/2016\\\/12\\\/14\\\/fundacion-montemadrid-y-bankia-suman-a-nuestra-causa\\\/\",\"url\":\"https:\\\/\\\/sindromecharge.es\\\/index.php\\\/2016\\\/12\\\/14\\\/fundacion-montemadrid-y-bankia-suman-a-nuestra-causa\\\/\",\"name\":\"Fundaci\u00f3n Montemadrid y Bankia suman a nuestra causa - Asociaci\u00f3n Espa\u00f1ola S\u00edndrome de Charge\",\"isPartOf\":{\"@id\":\"https:\\\/\\\/sindromecharge.es\\\/#website\"},\"datePublished\":\"2016-12-14T07:05:57+00:00\",\"author\":{\"@id\":\"https:\\\/\\\/sindromecharge.es\\\/#\\\/schema\\\/person\\\/39a60ebe0a2b4d5a11179701e336b039\"},\"breadcrumb\":{\"@id\":\"https:\\\/\\\/sindromecharge.es\\\/index.php\\\/2016\\\/12\\\/14\\\/fundacion-montemadrid-y-bankia-suman-a-nuestra-causa\\\/#breadcrumb\"},\"inLanguage\":\"es\",\"potentialAction\":[{\"@type\":\"ReadAction\",\"target\":[\"https:\\\/\\\/sindromecharge.es\\\/index.php\\\/2016\\\/12\\\/14\\\/fundacion-montemadrid-y-bankia-suman-a-nuestra-causa\\\/\"]}]},{\"@type\":\"BreadcrumbList\",\"@id\":\"https:\\\/\\\/sindromecharge.es\\\/index.php\\\/2016\\\/12\\\/14\\\/fundacion-montemadrid-y-bankia-suman-a-nuestra-causa\\\/#breadcrumb\",\"itemListElement\":[{\"@type\":\"ListItem\",\"position\":1,\"name\":\"Portada\",\"item\":\"https:\\\/\\\/sindromecharge.es\\\/\"},{\"@type\":\"ListItem\",\"position\":2,\"name\":\"Fundaci\u00f3n Montemadrid y Bankia suman a nuestra causa\"}]},{\"@type\":\"WebSite\",\"@id\":\"https:\\\/\\\/sindromecharge.es\\\/#website\",\"url\":\"https:\\\/\\\/sindromecharge.es\\\/\",\"name\":\"Asociaci\u00f3n Espa\u00f1ola S\u00edndrome de Charge\",\"description\":\"\",\"potentialAction\":[{\"@type\":\"SearchAction\",\"target\":{\"@type\":\"EntryPoint\",\"urlTemplate\":\"https:\\\/\\\/sindromecharge.es\\\/?s={search_term_string}\"},\"query-input\":{\"@type\":\"PropertyValueSpecification\",\"valueRequired\":true,\"valueName\":\"search_term_string\"}}],\"inLanguage\":\"es\"},{\"@type\":\"Person\",\"@id\":\"https:\\\/\\\/sindromecharge.es\\\/#\\\/schema\\\/person\\\/39a60ebe0a2b4d5a11179701e336b039\",\"name\":\"Charge\",\"image\":{\"@type\":\"ImageObject\",\"inLanguage\":\"es\",\"@id\":\"https:\\\/\\\/secure.gravatar.com\\\/avatar\\\/c3b46e32a0fc3b093a0873fb767bf3293de856293065e84ef06b7ec7a8acfb98?s=96&d=identicon&r=x\",\"url\":\"https:\\\/\\\/secure.gravatar.com\\\/avatar\\\/c3b46e32a0fc3b093a0873fb767bf3293de856293065e84ef06b7ec7a8acfb98?s=96&d=identicon&r=x\",\"contentUrl\":\"https:\\\/\\\/secure.gravatar.com\\\/avatar\\\/c3b46e32a0fc3b093a0873fb767bf3293de856293065e84ef06b7ec7a8acfb98?s=96&d=identicon&r=x\",\"caption\":\"Charge\"},\"url\":\"https:\\\/\\\/sindromecharge.es\\\/index.php\\\/author\\\/admin\\\/\"}]}<\/script>\n<!-- \/ Yoast SEO plugin. -->","yoast_head_json":{"title":"Fundaci\u00f3n Montemadrid y Bankia suman a nuestra causa - Asociaci\u00f3n Espa\u00f1ola S\u00edndrome de Charge","robots":{"index":"index","follow":"follow","max-snippet":"max-snippet:-1","max-image-preview":"max-image-preview:large","max-video-preview":"max-video-preview:-1"},"canonical":"https:\/\/sindromecharge.es\/index.php\/2016\/12\/14\/fundacion-montemadrid-y-bankia-suman-a-nuestra-causa\/","og_locale":"es_ES","og_type":"article","og_title":"Fundaci\u00f3n Montemadrid y Bankia suman a nuestra causa - Asociaci\u00f3n Espa\u00f1ola S\u00edndrome de Charge","og_description":"Leemos en FEDER la siguiente noticia que os reproducimos de forma \u00edntegra: &nbsp; La IV Convocatoria de Acci\u00f3n Social de Fundaci\u00f3n Montemadrid y Bankia, dotada con un mill\u00f3n de euros, ha seleccionado para su financiaci\u00f3n 78 proyectos sociales entre los que se sit\u00faa los de nuestra Delegaci\u00f3n madrile\u00f1a. Mar\u00eda Elena Escalante, nuestra delegada auton\u00f3mica, participa [&hellip;]","og_url":"https:\/\/sindromecharge.es\/index.php\/2016\/12\/14\/fundacion-montemadrid-y-bankia-suman-a-nuestra-causa\/","og_site_name":"Asociaci\u00f3n Espa\u00f1ola S\u00edndrome de Charge","article_publisher":"https:\/\/www.facebook.com\/asociacionsindromecharge","article_published_time":"2016-12-14T07:05:57+00:00","og_image":[{"width":300,"height":98,"url":"https:\/\/sindromecharge.es\/wp-content\/uploads\/2013\/09\/logodecharge300x98.png","type":"image\/png"}],"author":"Charge","twitter_card":"summary_large_image","twitter_creator":"@sindromecharge","twitter_site":"@sindromecharge","twitter_misc":{"Escrito por":"Charge","Tiempo de lectura":"1 minuto"},"schema":{"@context":"https:\/\/schema.org","@graph":[{"@type":"Article","@id":"https:\/\/sindromecharge.es\/index.php\/2016\/12\/14\/fundacion-montemadrid-y-bankia-suman-a-nuestra-causa\/#article","isPartOf":{"@id":"https:\/\/sindromecharge.es\/index.php\/2016\/12\/14\/fundacion-montemadrid-y-bankia-suman-a-nuestra-causa\/"},"author":{"name":"Charge","@id":"https:\/\/sindromecharge.es\/#\/schema\/person\/39a60ebe0a2b4d5a11179701e336b039"},"headline":"Fundaci\u00f3n Montemadrid y Bankia suman a nuestra causa","datePublished":"2016-12-14T07:05:57+00:00","mainEntityOfPage":{"@id":"https:\/\/sindromecharge.es\/index.php\/2016\/12\/14\/fundacion-montemadrid-y-bankia-suman-a-nuestra-causa\/"},"wordCount":216,"commentCount":0,"keywords":["enfermedades raras"],"articleSection":["noticias"],"inLanguage":"es","potentialAction":[{"@type":"CommentAction","name":"Comment","target":["https:\/\/sindromecharge.es\/index.php\/2016\/12\/14\/fundacion-montemadrid-y-bankia-suman-a-nuestra-causa\/#respond"]}]},{"@type":"WebPage","@id":"https:\/\/sindromecharge.es\/index.php\/2016\/12\/14\/fundacion-montemadrid-y-bankia-suman-a-nuestra-causa\/","url":"https:\/\/sindromecharge.es\/index.php\/2016\/12\/14\/fundacion-montemadrid-y-bankia-suman-a-nuestra-causa\/","name":"Fundaci\u00f3n Montemadrid y Bankia suman a nuestra causa - Asociaci\u00f3n Espa\u00f1ola S\u00edndrome de Charge","isPartOf":{"@id":"https:\/\/sindromecharge.es\/#website"},"datePublished":"2016-12-14T07:05:57+00:00","author":{"@id":"https:\/\/sindromecharge.es\/#\/schema\/person\/39a60ebe0a2b4d5a11179701e336b039"},"breadcrumb":{"@id":"https:\/\/sindromecharge.es\/index.php\/2016\/12\/14\/fundacion-montemadrid-y-bankia-suman-a-nuestra-causa\/#breadcrumb"},"inLanguage":"es","potentialAction":[{"@type":"ReadAction","target":["https:\/\/sindromecharge.es\/index.php\/2016\/12\/14\/fundacion-montemadrid-y-bankia-suman-a-nuestra-causa\/"]}]},{"@type":"BreadcrumbList","@id":"https:\/\/sindromecharge.es\/index.php\/2016\/12\/14\/fundacion-montemadrid-y-bankia-suman-a-nuestra-causa\/#breadcrumb","itemListElement":[{"@type":"ListItem","position":1,"name":"Portada","item":"https:\/\/sindromecharge.es\/"},{"@type":"ListItem","position":2,"name":"Fundaci\u00f3n Montemadrid y Bankia suman a nuestra causa"}]},{"@type":"WebSite","@id":"https:\/\/sindromecharge.es\/#website","url":"https:\/\/sindromecharge.es\/","name":"Asociaci\u00f3n Espa\u00f1ola S\u00edndrome de Charge","description":"","potentialAction":[{"@type":"SearchAction","target":{"@type":"EntryPoint","urlTemplate":"https:\/\/sindromecharge.es\/?s={search_term_string}"},"query-input":{"@type":"PropertyValueSpecification","valueRequired":true,"valueName":"search_term_string"}}],"inLanguage":"es"},{"@type":"Person","@id":"https:\/\/sindromecharge.es\/#\/schema\/person\/39a60ebe0a2b4d5a11179701e336b039","name":"Charge","image":{"@type":"ImageObject","inLanguage":"es","@id":"https:\/\/secure.gravatar.com\/avatar\/c3b46e32a0fc3b093a0873fb767bf3293de856293065e84ef06b7ec7a8acfb98?s=96&d=identicon&r=x","url":"https:\/\/secure.gravatar.com\/avatar\/c3b46e32a0fc3b093a0873fb767bf3293de856293065e84ef06b7ec7a8acfb98?s=96&d=identicon&r=x","contentUrl":"https:\/\/secure.gravatar.com\/avatar\/c3b46e32a0fc3b093a0873fb767bf3293de856293065e84ef06b7ec7a8acfb98?s=96&d=identicon&r=x","caption":"Charge"},"url":"https:\/\/sindromecharge.es\/index.php\/author\/admin\/"}]}},"_links":{"self":[{"href":"https:\/\/sindromecharge.es\/index.php\/wp-json\/wp\/v2\/posts\/2501","targetHints":{"allow":["GET"]}}],"collection":[{"href":"https:\/\/sindromecharge.es\/index.php\/wp-json\/wp\/v2\/posts"}],"about":[{"href":"https:\/\/sindromecharge.es\/index.php\/wp-json\/wp\/v2\/types\/post"}],"author":[{"embeddable":true,"href":"https:\/\/sindromecharge.es\/index.php\/wp-json\/wp\/v2\/users\/1"}],"replies":[{"embeddable":true,"href":"https:\/\/sindromecharge.es\/index.php\/wp-json\/wp\/v2\/comments?post=2501"}],"version-history":[{"count":0,"href":"https:\/\/sindromecharge.es\/index.php\/wp-json\/wp\/v2\/posts\/2501\/revisions"}],"wp:attachment":[{"href":"https:\/\/sindromecharge.es\/index.php\/wp-json\/wp\/v2\/media?parent=2501"}],"wp:term":[{"taxonomy":"category","embeddable":true,"href":"https:\/\/sindromecharge.es\/index.php\/wp-json\/wp\/v2\/categories?post=2501"},{"taxonomy":"post_tag","embeddable":true,"href":"https:\/\/sindromecharge.es\/index.php\/wp-json\/wp\/v2\/tags?post=2501"}],"curies":[{"name":"wp","href":"https:\/\/api.w.org\/{rel}","templated":true}]}}