{"id":11448,"date":"2026-04-29T10:16:06","date_gmt":"2026-04-29T10:16:06","guid":{"rendered":"https:\/\/sindromecharge.es\/index.php\/2026\/04\/29\/abrimos-un-nuevo-alojamiento-gratuito-cerca-del-hospital-12-de-octubre\/"},"modified":"2026-04-29T10:16:06","modified_gmt":"2026-04-29T10:16:06","slug":"abrimos-un-nuevo-alojamiento-gratuito-cerca-del-hospital-12-de-octubre","status":"publish","type":"post","link":"https:\/\/sindromecharge.es\/index.php\/2026\/04\/29\/abrimos-un-nuevo-alojamiento-gratuito-cerca-del-hospital-12-de-octubre\/","title":{"rendered":"Abrimos un nuevo alojamiento gratuito, cerca del Hospital 12 de Octubre"},"content":{"rendered":"<p>Leemos en Menudos Corazones la siguiente noticia que os reproducimos de forma \u00edntegra: <\/p>\n<div>\n<p data-start=\"252\" data-end=\"700\">En Menudos Corazones seguimos dando pasos firmes para <strong>ayudar a las personas cardiopat\u00edas cong\u00e9nitas<\/strong> y a sus familias en los momentos en los que m\u00e1s lo necesitan. Hoy compartimos con enorme alegr\u00eda un logro muy especial: la apertura de un nuevo piso de alojamiento gratuito, ubicado cerca del Hospital 12 de Octubre, pensado para acoger a quienes deben desplazarse a este centro de referencia de Madrid para recibir atenci\u00f3n sanitaria especializada.<\/p>\n<p data-start=\"702\" data-end=\"1026\">Este nuevo recurso nace con el claro prop\u00f3sito de <strong>aliviar la carga econ\u00f3mica, f\u00edsica y emocional que supone afrontar un proceso m\u00e9dico lejos del hogar.<\/strong> Queremos ofrecer mucho m\u00e1s que un lugar donde quedarse: un espacio cercano, c\u00e1lido y preparado para acompa\u00f1ar el d\u00eda a d\u00eda en circunstancias complejas.<\/p>\n<p data-start=\"1101\" data-end=\"1126\">El nuevo piso cuenta con:<\/p>\n<ul>\n<li data-start=\"1128\" data-end=\"1216\"><strong>4 habitaciones dobles<\/strong><\/li>\n<li data-start=\"1128\" data-end=\"1216\"><strong>2 cuartos de ba\u00f1o<\/strong><\/li>\n<li data-start=\"1128\" data-end=\"1216\"><strong>Cocina equipada<\/strong><\/li>\n<li data-start=\"1128\" data-end=\"1216\"><strong>Sala com\u00fan<\/strong><\/li>\n<\/ul>\n<p><iframe loading=\"lazy\" title=\"Nuevo piso cerca del hospital para familias \u2764\ud83c\udfe1\" width=\"702\" height=\"527\" src=\"https:\/\/www.youtube.com\/embed\/1PnSd3laLlE?feature=oembed\" frameborder=\"0\" allow=\"accelerometer; autoplay; clipboard-write; encrypted-media; gyroscope; picture-in-picture; web-share\" referrerpolicy=\"strict-origin-when-cross-origin\" allowfullscreen><\/iframe><\/p>\n<p data-start=\"1387\" data-end=\"1458\">Como explica<strong> Julia del Corral,<\/strong> trabajadora social de Menudos Corazones: \u00abLas familias que se alojen en este piso no solo van a encontrar <strong>un lugar donde descansar f\u00edsicamente, sino tambi\u00e9n un espacio para descansar emocionalmente,<\/strong> despreocuparse de la parte log\u00edstica y centrarse en la parte m\u00e9dica y en cuidar a su familiar con cardiopat\u00eda cong\u00e9nita, que es lo realmente importante\u201d.<\/p>\n<p data-start=\"1773\" data-end=\"1821\">Julia pone tambi\u00e9n en valor el camino recorrido para conseguir este nuevo recurso: \u00abHa sido un proceso muy ilusionante, porque para Menudos Corazones este piso es un sue\u00f1o y un hito. Al mismo tiempo, ha sido muy desafiante: desde la b\u00fasqueda de un lugar cercano al Hospital 12 de Octubre, hasta <strong>encontrarlo, reformarlo y acondicionar cada rinc\u00f3n<\/strong> para que las familias puedan sentirlo como un verdadero hogar\u201d.<\/p>\n<p data-start=\"2167\" data-end=\"2217\"><strong data-start=\"2167\" data-end=\"2217\">El poder de las alianzas que transforman vidas<\/strong><\/p>\n<p data-start=\"2219\" data-end=\"2370\">Este nuevo alojamiento es tambi\u00e9n un <strong>ejemplo inspirador de lo que se puede lograr cuando personas, empresas y entidades se unen con un prop\u00f3sito com\u00fan.<\/strong><\/p>\n<p data-start=\"2372\" data-end=\"2417\">Nuestra directora, <strong>Amaya S\u00e1ez,<\/strong> lo resume as\u00ed: \u201cSentimos un agradecimiento profundo hacia todas las personas y empresas que lo han hecho posible. Esta nueva vivienda demuestra que <strong>las alianzas solidarias generan cambios reales en la vida de la gente,<\/strong> especialmente en momentos de gran vulnerabilidad\u201d.<\/p>\n<figure id=\"attachment_42839\" aria-describedby=\"caption-attachment-42839\" style=\"width: 702px\" class=\"wp-caption aligncenter\"><img fetchpriority=\"high\" decoding=\"async\" class=\"wp-image-42839 size-large\" src=\"https:\/\/www.menudoscorazones.org\/wp-content\/uploads\/2026\/04\/IMG_9883-1024x683.jpg\" alt=\"\" width=\"702\" height=\"468\"><figcaption id=\"caption-attachment-42839\" class=\"wp-caption-text\">Al acto de inauguraci\u00f3n del nuevo piso, asistieron algunas de las personas, empresas y entidades que nos han ayudado a convertirlo en realidad.<\/figcaption><\/figure>\n<p data-start=\"2679\" data-end=\"3031\">El 22 de abril pudimos agradecerles en persona, en un emotivo acto de apertura del nuevo alojamiento, a estas personas y empresas que nos ayudaron a hacer realidad este sue\u00f1o: <strong>Fundaci\u00f3n Carrefour Espa\u00f1a, ELPOZO Alimentaci\u00f3n, Gransolar Group, Holcim, JLL, Luis Vegas, Medtronic, Fundaci\u00f3n ONCE, TENDAM, Terumo, tuTECH\u00d4, UPS <\/strong>y<strong> Viladefranca Descans.<\/strong><\/p>\n<p>\u00a1Su compromiso ha sido clave para convertir este proyecto en una realidad que hoy ya est\u00e1 ayudando a muchas familias!<\/p>\n<p data-start=\"3079\" data-end=\"3483\">En este acto, adem\u00e1s, pudimos escuchar el testimonio de <strong>Jaqueline, madre de \u00d3scar, trasplantado de coraz\u00f3n,<\/strong> quienes han estado alojados en la Casa Menudos Corazones: \u00abCuando te avisan de que a tu hijo lo van a trasplantar, dejas tu familia, tu vida, tu hogar y lo primero que ocurre es que te asustas mucho. Pero cuando llegamos al alojamiento gratuito de Menudos Corazones sent\u00ed tanto \u00e1nimo, tanto apoyo\u2026 Signific\u00f3 much\u00edsimo para m\u00ed\u00bb, relata.<\/p>\n<p data-start=\"3485\" data-end=\"3515\"><strong data-start=\"3485\" data-end=\"3515\">Seguimos avanzando<\/strong><\/p>\n<p data-start=\"3517\" data-end=\"3708\">La apertura de este nuevo piso <strong>refuerza nuestro programa de alojamiento gratuito<\/strong> y, sobre todo, nuestro compromiso de no dejar a ninguna familia sola en el camino de la cardiopat\u00eda cong\u00e9nita.<\/p>\n<p data-start=\"3710\" data-end=\"3851\" data-is-last-node=\"\" data-is-only-node=\"\">Seguimos avanzando con ilusi\u00f3n, gracias a<strong> la confianza y el apoyo<\/strong> de quienes creen en nuestra causa. \u00a1Gracias de coraz\u00f3n!<\/p>\n<\/div>\n<p>Fuente: Menudos Corazones https:\/\/www.menudoscorazones.org\/2026\/abrimos-un-nuevo-alojamiento-gratuito-cerca-del-hospital-12-de-octubre\/<\/p>\n","protected":false},"excerpt":{"rendered":"<p>Con cuatro habitaciones dobles, este piso ampl\u00eda en un 28% nuestra capacidad de alojamiento gratuito<\/p>\n","protected":false},"author":1,"featured_media":0,"comment_status":"closed","ping_status":"closed","sticky":false,"template":"","format":"standard","meta":{"footnotes":""},"categories":[8],"tags":[],"class_list":["post-11448","post","type-post","status-publish","format-standard","hentry","category-noticias"],"yoast_head":"<!-- This site is optimized with the Yoast SEO plugin v27.5 - https:\/\/yoast.com\/product\/yoast-seo-wordpress\/ -->\n<title>Abrimos un nuevo alojamiento gratuito, cerca del Hospital 12 de Octubre - Asociaci\u00f3n Espa\u00f1ola S\u00edndrome de Charge<\/title>\n<meta name=\"robots\" content=\"index, follow, max-snippet:-1, max-image-preview:large, max-video-preview:-1\" \/>\n<link rel=\"canonical\" href=\"https:\/\/sindromecharge.es\/index.php\/2026\/04\/29\/abrimos-un-nuevo-alojamiento-gratuito-cerca-del-hospital-12-de-octubre\/\" \/>\n<meta property=\"og:locale\" content=\"es_ES\" \/>\n<meta property=\"og:type\" content=\"article\" \/>\n<meta property=\"og:title\" content=\"Abrimos un nuevo alojamiento gratuito, cerca del Hospital 12 de Octubre - Asociaci\u00f3n Espa\u00f1ola S\u00edndrome de Charge\" \/>\n<meta property=\"og:description\" content=\"Con cuatro habitaciones dobles, este piso ampl\u00eda en un 28% nuestra capacidad de alojamiento gratuito\" \/>\n<meta property=\"og:url\" content=\"https:\/\/sindromecharge.es\/index.php\/2026\/04\/29\/abrimos-un-nuevo-alojamiento-gratuito-cerca-del-hospital-12-de-octubre\/\" \/>\n<meta property=\"og:site_name\" content=\"Asociaci\u00f3n Espa\u00f1ola S\u00edndrome de Charge\" \/>\n<meta property=\"article:publisher\" content=\"https:\/\/www.facebook.com\/asociacionsindromecharge\" \/>\n<meta property=\"article:published_time\" content=\"2026-04-29T10:16:06+00:00\" \/>\n<meta property=\"og:image\" content=\"https:\/\/sindromecharge.es\/wp-content\/uploads\/2013\/09\/logodecharge300x98.png\" \/>\n\t<meta property=\"og:image:width\" content=\"300\" \/>\n\t<meta property=\"og:image:height\" content=\"98\" \/>\n\t<meta property=\"og:image:type\" content=\"image\/png\" \/>\n<meta name=\"author\" content=\"Charge\" \/>\n<meta name=\"twitter:card\" content=\"summary_large_image\" \/>\n<meta name=\"twitter:creator\" content=\"@sindromecharge\" \/>\n<meta name=\"twitter:site\" content=\"@sindromecharge\" \/>\n<meta name=\"twitter:label1\" content=\"Escrito por\" \/>\n\t<meta name=\"twitter:data1\" content=\"Charge\" \/>\n\t<meta name=\"twitter:label2\" content=\"Tiempo de lectura\" \/>\n\t<meta name=\"twitter:data2\" content=\"3 minutos\" \/>\n<script type=\"application\/ld+json\" class=\"yoast-schema-graph\">{\"@context\":\"https:\\\/\\\/schema.org\",\"@graph\":[{\"@type\":\"Article\",\"@id\":\"https:\\\/\\\/sindromecharge.es\\\/index.php\\\/2026\\\/04\\\/29\\\/abrimos-un-nuevo-alojamiento-gratuito-cerca-del-hospital-12-de-octubre\\\/#article\",\"isPartOf\":{\"@id\":\"https:\\\/\\\/sindromecharge.es\\\/index.php\\\/2026\\\/04\\\/29\\\/abrimos-un-nuevo-alojamiento-gratuito-cerca-del-hospital-12-de-octubre\\\/\"},\"author\":{\"name\":\"Charge\",\"@id\":\"https:\\\/\\\/sindromecharge.es\\\/#\\\/schema\\\/person\\\/39a60ebe0a2b4d5a11179701e336b039\"},\"headline\":\"Abrimos un nuevo alojamiento gratuito, cerca del Hospital 12 de Octubre\",\"datePublished\":\"2026-04-29T10:16:06+00:00\",\"mainEntityOfPage\":{\"@id\":\"https:\\\/\\\/sindromecharge.es\\\/index.php\\\/2026\\\/04\\\/29\\\/abrimos-un-nuevo-alojamiento-gratuito-cerca-del-hospital-12-de-octubre\\\/\"},\"wordCount\":631,\"image\":{\"@id\":\"https:\\\/\\\/sindromecharge.es\\\/index.php\\\/2026\\\/04\\\/29\\\/abrimos-un-nuevo-alojamiento-gratuito-cerca-del-hospital-12-de-octubre\\\/#primaryimage\"},\"thumbnailUrl\":\"https:\\\/\\\/www.menudoscorazones.org\\\/wp-content\\\/uploads\\\/2026\\\/04\\\/IMG_9883-1024x683.jpg\",\"articleSection\":[\"noticias\"],\"inLanguage\":\"es\"},{\"@type\":\"WebPage\",\"@id\":\"https:\\\/\\\/sindromecharge.es\\\/index.php\\\/2026\\\/04\\\/29\\\/abrimos-un-nuevo-alojamiento-gratuito-cerca-del-hospital-12-de-octubre\\\/\",\"url\":\"https:\\\/\\\/sindromecharge.es\\\/index.php\\\/2026\\\/04\\\/29\\\/abrimos-un-nuevo-alojamiento-gratuito-cerca-del-hospital-12-de-octubre\\\/\",\"name\":\"Abrimos un nuevo alojamiento gratuito, cerca del Hospital 12 de Octubre - Asociaci\u00f3n Espa\u00f1ola S\u00edndrome de Charge\",\"isPartOf\":{\"@id\":\"https:\\\/\\\/sindromecharge.es\\\/#website\"},\"primaryImageOfPage\":{\"@id\":\"https:\\\/\\\/sindromecharge.es\\\/index.php\\\/2026\\\/04\\\/29\\\/abrimos-un-nuevo-alojamiento-gratuito-cerca-del-hospital-12-de-octubre\\\/#primaryimage\"},\"image\":{\"@id\":\"https:\\\/\\\/sindromecharge.es\\\/index.php\\\/2026\\\/04\\\/29\\\/abrimos-un-nuevo-alojamiento-gratuito-cerca-del-hospital-12-de-octubre\\\/#primaryimage\"},\"thumbnailUrl\":\"https:\\\/\\\/www.menudoscorazones.org\\\/wp-content\\\/uploads\\\/2026\\\/04\\\/IMG_9883-1024x683.jpg\",\"datePublished\":\"2026-04-29T10:16:06+00:00\",\"author\":{\"@id\":\"https:\\\/\\\/sindromecharge.es\\\/#\\\/schema\\\/person\\\/39a60ebe0a2b4d5a11179701e336b039\"},\"breadcrumb\":{\"@id\":\"https:\\\/\\\/sindromecharge.es\\\/index.php\\\/2026\\\/04\\\/29\\\/abrimos-un-nuevo-alojamiento-gratuito-cerca-del-hospital-12-de-octubre\\\/#breadcrumb\"},\"inLanguage\":\"es\",\"potentialAction\":[{\"@type\":\"ReadAction\",\"target\":[\"https:\\\/\\\/sindromecharge.es\\\/index.php\\\/2026\\\/04\\\/29\\\/abrimos-un-nuevo-alojamiento-gratuito-cerca-del-hospital-12-de-octubre\\\/\"]}]},{\"@type\":\"ImageObject\",\"inLanguage\":\"es\",\"@id\":\"https:\\\/\\\/sindromecharge.es\\\/index.php\\\/2026\\\/04\\\/29\\\/abrimos-un-nuevo-alojamiento-gratuito-cerca-del-hospital-12-de-octubre\\\/#primaryimage\",\"url\":\"https:\\\/\\\/www.menudoscorazones.org\\\/wp-content\\\/uploads\\\/2026\\\/04\\\/IMG_9883-1024x683.jpg\",\"contentUrl\":\"https:\\\/\\\/www.menudoscorazones.org\\\/wp-content\\\/uploads\\\/2026\\\/04\\\/IMG_9883-1024x683.jpg\"},{\"@type\":\"BreadcrumbList\",\"@id\":\"https:\\\/\\\/sindromecharge.es\\\/index.php\\\/2026\\\/04\\\/29\\\/abrimos-un-nuevo-alojamiento-gratuito-cerca-del-hospital-12-de-octubre\\\/#breadcrumb\",\"itemListElement\":[{\"@type\":\"ListItem\",\"position\":1,\"name\":\"Portada\",\"item\":\"https:\\\/\\\/sindromecharge.es\\\/\"},{\"@type\":\"ListItem\",\"position\":2,\"name\":\"Abrimos un nuevo alojamiento gratuito, cerca del Hospital 12 de Octubre\"}]},{\"@type\":\"WebSite\",\"@id\":\"https:\\\/\\\/sindromecharge.es\\\/#website\",\"url\":\"https:\\\/\\\/sindromecharge.es\\\/\",\"name\":\"Asociaci\u00f3n Espa\u00f1ola S\u00edndrome de Charge\",\"description\":\"\",\"potentialAction\":[{\"@type\":\"SearchAction\",\"target\":{\"@type\":\"EntryPoint\",\"urlTemplate\":\"https:\\\/\\\/sindromecharge.es\\\/?s={search_term_string}\"},\"query-input\":{\"@type\":\"PropertyValueSpecification\",\"valueRequired\":true,\"valueName\":\"search_term_string\"}}],\"inLanguage\":\"es\"},{\"@type\":\"Person\",\"@id\":\"https:\\\/\\\/sindromecharge.es\\\/#\\\/schema\\\/person\\\/39a60ebe0a2b4d5a11179701e336b039\",\"name\":\"Charge\",\"image\":{\"@type\":\"ImageObject\",\"inLanguage\":\"es\",\"@id\":\"https:\\\/\\\/secure.gravatar.com\\\/avatar\\\/c3b46e32a0fc3b093a0873fb767bf3293de856293065e84ef06b7ec7a8acfb98?s=96&d=identicon&r=x\",\"url\":\"https:\\\/\\\/secure.gravatar.com\\\/avatar\\\/c3b46e32a0fc3b093a0873fb767bf3293de856293065e84ef06b7ec7a8acfb98?s=96&d=identicon&r=x\",\"contentUrl\":\"https:\\\/\\\/secure.gravatar.com\\\/avatar\\\/c3b46e32a0fc3b093a0873fb767bf3293de856293065e84ef06b7ec7a8acfb98?s=96&d=identicon&r=x\",\"caption\":\"Charge\"},\"url\":\"https:\\\/\\\/sindromecharge.es\\\/index.php\\\/author\\\/admin\\\/\"}]}<\/script>\n<!-- \/ Yoast SEO plugin. -->","yoast_head_json":{"title":"Abrimos un nuevo alojamiento gratuito, cerca del Hospital 12 de Octubre - Asociaci\u00f3n Espa\u00f1ola S\u00edndrome de Charge","robots":{"index":"index","follow":"follow","max-snippet":"max-snippet:-1","max-image-preview":"max-image-preview:large","max-video-preview":"max-video-preview:-1"},"canonical":"https:\/\/sindromecharge.es\/index.php\/2026\/04\/29\/abrimos-un-nuevo-alojamiento-gratuito-cerca-del-hospital-12-de-octubre\/","og_locale":"es_ES","og_type":"article","og_title":"Abrimos un nuevo alojamiento gratuito, cerca del Hospital 12 de Octubre - Asociaci\u00f3n Espa\u00f1ola S\u00edndrome de Charge","og_description":"Con cuatro habitaciones dobles, este piso ampl\u00eda en un 28% nuestra capacidad de alojamiento gratuito","og_url":"https:\/\/sindromecharge.es\/index.php\/2026\/04\/29\/abrimos-un-nuevo-alojamiento-gratuito-cerca-del-hospital-12-de-octubre\/","og_site_name":"Asociaci\u00f3n Espa\u00f1ola S\u00edndrome de Charge","article_publisher":"https:\/\/www.facebook.com\/asociacionsindromecharge","article_published_time":"2026-04-29T10:16:06+00:00","og_image":[{"width":300,"height":98,"url":"https:\/\/sindromecharge.es\/wp-content\/uploads\/2013\/09\/logodecharge300x98.png","type":"image\/png"}],"author":"Charge","twitter_card":"summary_large_image","twitter_creator":"@sindromecharge","twitter_site":"@sindromecharge","twitter_misc":{"Escrito por":"Charge","Tiempo de lectura":"3 minutos"},"schema":{"@context":"https:\/\/schema.org","@graph":[{"@type":"Article","@id":"https:\/\/sindromecharge.es\/index.php\/2026\/04\/29\/abrimos-un-nuevo-alojamiento-gratuito-cerca-del-hospital-12-de-octubre\/#article","isPartOf":{"@id":"https:\/\/sindromecharge.es\/index.php\/2026\/04\/29\/abrimos-un-nuevo-alojamiento-gratuito-cerca-del-hospital-12-de-octubre\/"},"author":{"name":"Charge","@id":"https:\/\/sindromecharge.es\/#\/schema\/person\/39a60ebe0a2b4d5a11179701e336b039"},"headline":"Abrimos un nuevo alojamiento gratuito, cerca del Hospital 12 de Octubre","datePublished":"2026-04-29T10:16:06+00:00","mainEntityOfPage":{"@id":"https:\/\/sindromecharge.es\/index.php\/2026\/04\/29\/abrimos-un-nuevo-alojamiento-gratuito-cerca-del-hospital-12-de-octubre\/"},"wordCount":631,"image":{"@id":"https:\/\/sindromecharge.es\/index.php\/2026\/04\/29\/abrimos-un-nuevo-alojamiento-gratuito-cerca-del-hospital-12-de-octubre\/#primaryimage"},"thumbnailUrl":"https:\/\/www.menudoscorazones.org\/wp-content\/uploads\/2026\/04\/IMG_9883-1024x683.jpg","articleSection":["noticias"],"inLanguage":"es"},{"@type":"WebPage","@id":"https:\/\/sindromecharge.es\/index.php\/2026\/04\/29\/abrimos-un-nuevo-alojamiento-gratuito-cerca-del-hospital-12-de-octubre\/","url":"https:\/\/sindromecharge.es\/index.php\/2026\/04\/29\/abrimos-un-nuevo-alojamiento-gratuito-cerca-del-hospital-12-de-octubre\/","name":"Abrimos un nuevo alojamiento gratuito, cerca del Hospital 12 de Octubre - Asociaci\u00f3n Espa\u00f1ola S\u00edndrome de Charge","isPartOf":{"@id":"https:\/\/sindromecharge.es\/#website"},"primaryImageOfPage":{"@id":"https:\/\/sindromecharge.es\/index.php\/2026\/04\/29\/abrimos-un-nuevo-alojamiento-gratuito-cerca-del-hospital-12-de-octubre\/#primaryimage"},"image":{"@id":"https:\/\/sindromecharge.es\/index.php\/2026\/04\/29\/abrimos-un-nuevo-alojamiento-gratuito-cerca-del-hospital-12-de-octubre\/#primaryimage"},"thumbnailUrl":"https:\/\/www.menudoscorazones.org\/wp-content\/uploads\/2026\/04\/IMG_9883-1024x683.jpg","datePublished":"2026-04-29T10:16:06+00:00","author":{"@id":"https:\/\/sindromecharge.es\/#\/schema\/person\/39a60ebe0a2b4d5a11179701e336b039"},"breadcrumb":{"@id":"https:\/\/sindromecharge.es\/index.php\/2026\/04\/29\/abrimos-un-nuevo-alojamiento-gratuito-cerca-del-hospital-12-de-octubre\/#breadcrumb"},"inLanguage":"es","potentialAction":[{"@type":"ReadAction","target":["https:\/\/sindromecharge.es\/index.php\/2026\/04\/29\/abrimos-un-nuevo-alojamiento-gratuito-cerca-del-hospital-12-de-octubre\/"]}]},{"@type":"ImageObject","inLanguage":"es","@id":"https:\/\/sindromecharge.es\/index.php\/2026\/04\/29\/abrimos-un-nuevo-alojamiento-gratuito-cerca-del-hospital-12-de-octubre\/#primaryimage","url":"https:\/\/www.menudoscorazones.org\/wp-content\/uploads\/2026\/04\/IMG_9883-1024x683.jpg","contentUrl":"https:\/\/www.menudoscorazones.org\/wp-content\/uploads\/2026\/04\/IMG_9883-1024x683.jpg"},{"@type":"BreadcrumbList","@id":"https:\/\/sindromecharge.es\/index.php\/2026\/04\/29\/abrimos-un-nuevo-alojamiento-gratuito-cerca-del-hospital-12-de-octubre\/#breadcrumb","itemListElement":[{"@type":"ListItem","position":1,"name":"Portada","item":"https:\/\/sindromecharge.es\/"},{"@type":"ListItem","position":2,"name":"Abrimos un nuevo alojamiento gratuito, cerca del Hospital 12 de Octubre"}]},{"@type":"WebSite","@id":"https:\/\/sindromecharge.es\/#website","url":"https:\/\/sindromecharge.es\/","name":"Asociaci\u00f3n Espa\u00f1ola S\u00edndrome de Charge","description":"","potentialAction":[{"@type":"SearchAction","target":{"@type":"EntryPoint","urlTemplate":"https:\/\/sindromecharge.es\/?s={search_term_string}"},"query-input":{"@type":"PropertyValueSpecification","valueRequired":true,"valueName":"search_term_string"}}],"inLanguage":"es"},{"@type":"Person","@id":"https:\/\/sindromecharge.es\/#\/schema\/person\/39a60ebe0a2b4d5a11179701e336b039","name":"Charge","image":{"@type":"ImageObject","inLanguage":"es","@id":"https:\/\/secure.gravatar.com\/avatar\/c3b46e32a0fc3b093a0873fb767bf3293de856293065e84ef06b7ec7a8acfb98?s=96&d=identicon&r=x","url":"https:\/\/secure.gravatar.com\/avatar\/c3b46e32a0fc3b093a0873fb767bf3293de856293065e84ef06b7ec7a8acfb98?s=96&d=identicon&r=x","contentUrl":"https:\/\/secure.gravatar.com\/avatar\/c3b46e32a0fc3b093a0873fb767bf3293de856293065e84ef06b7ec7a8acfb98?s=96&d=identicon&r=x","caption":"Charge"},"url":"https:\/\/sindromecharge.es\/index.php\/author\/admin\/"}]}},"_links":{"self":[{"href":"https:\/\/sindromecharge.es\/index.php\/wp-json\/wp\/v2\/posts\/11448","targetHints":{"allow":["GET"]}}],"collection":[{"href":"https:\/\/sindromecharge.es\/index.php\/wp-json\/wp\/v2\/posts"}],"about":[{"href":"https:\/\/sindromecharge.es\/index.php\/wp-json\/wp\/v2\/types\/post"}],"author":[{"embeddable":true,"href":"https:\/\/sindromecharge.es\/index.php\/wp-json\/wp\/v2\/users\/1"}],"replies":[{"embeddable":true,"href":"https:\/\/sindromecharge.es\/index.php\/wp-json\/wp\/v2\/comments?post=11448"}],"version-history":[{"count":0,"href":"https:\/\/sindromecharge.es\/index.php\/wp-json\/wp\/v2\/posts\/11448\/revisions"}],"wp:attachment":[{"href":"https:\/\/sindromecharge.es\/index.php\/wp-json\/wp\/v2\/media?parent=11448"}],"wp:term":[{"taxonomy":"category","embeddable":true,"href":"https:\/\/sindromecharge.es\/index.php\/wp-json\/wp\/v2\/categories?post=11448"},{"taxonomy":"post_tag","embeddable":true,"href":"https:\/\/sindromecharge.es\/index.php\/wp-json\/wp\/v2\/tags?post=11448"}],"curies":[{"name":"wp","href":"https:\/\/api.w.org\/{rel}","templated":true}]}}