{"id":11447,"date":"2026-04-28T09:07:51","date_gmt":"2026-04-28T09:07:51","guid":{"rendered":"https:\/\/sindromecharge.es\/index.php\/2026\/04\/28\/encuentro-internacional-para-mejorar-la-vida-de-las-personas-con-cardiopatias-congenitas\/"},"modified":"2026-04-28T09:07:51","modified_gmt":"2026-04-28T09:07:51","slug":"encuentro-internacional-para-mejorar-la-vida-de-las-personas-con-cardiopatias-congenitas","status":"publish","type":"post","link":"https:\/\/sindromecharge.es\/index.php\/2026\/04\/28\/encuentro-internacional-para-mejorar-la-vida-de-las-personas-con-cardiopatias-congenitas\/","title":{"rendered":"Encuentro internacional para mejorar la vida de las personas con cardiopat\u00edas cong\u00e9nitas"},"content":{"rendered":"<p>Leemos en Menudos Corazones la siguiente noticia que os reproducimos de forma \u00edntegra: <\/p>\n<div>\n<p data-start=\"281\" data-end=\"495\">Durante unos d\u00edas, la ciudad mexicana de <span class=\"hover:entity-accent entity-underline inline cursor-pointer align-baseline\"><span class=\"whitespace-normal\">Oaxaca<\/span><\/span> se ha convertido en un espacio clave para el a<strong>vance global en la atenci\u00f3n y defensa de los derechos de las personas con cardiopat\u00edas cong\u00e9nitas.<\/strong><\/p>\n<p data-start=\"497\" data-end=\"802\">En el marco del 25\u00ba aniversario de la <a href=\"https:\/\/kardias.org\/\" target=\"_blank\" rel=\"noopener\"><span class=\"hover:entity-accent entity-underline inline cursor-pointer align-baseline\"><span class=\"whitespace-normal\">Fundaci\u00f3n Kardias <\/span><\/span><\/a>y su Congreso Internacional sobre Cardiopat\u00edas Cong\u00e9nitas, se celebr\u00f3 un encuentro internacional de organizaciones de pacientes impulsado por <a href=\"https:\/\/global-arch.org\/\"><span class=\"hover:entity-accent entity-underline inline cursor-pointer align-baseline\"><span class=\"whitespace-normal\">Global ARCH<\/span><\/span><\/a> y apoyado por <span class=\"hover:entity-accent entity-underline inline cursor-pointer align-baseline\"><span class=\"whitespace-normal\">Friends of Kardias<\/span><\/span>.<\/p>\n<figure id=\"attachment_42835\" aria-describedby=\"caption-attachment-42835\" style=\"width: 702px\" class=\"wp-caption aligncenter\"><img fetchpriority=\"high\" decoding=\"async\" class=\"wp-image-42835 size-large\" src=\"https:\/\/www.menudoscorazones.org\/wp-content\/uploads\/2026\/04\/Oaxaca_grupo-1024x768.jpeg\" alt=\"\" width=\"702\" height=\"527\" srcset=\"https:\/\/www.menudoscorazones.org\/wp-content\/uploads\/2026\/04\/Oaxaca_grupo-1024x768.jpeg 1024w, https:\/\/www.menudoscorazones.org\/wp-content\/uploads\/2026\/04\/Oaxaca_grupo-300x225.jpeg 300w, https:\/\/www.menudoscorazones.org\/wp-content\/uploads\/2026\/04\/Oaxaca_grupo-768x576.jpeg 768w, https:\/\/www.menudoscorazones.org\/wp-content\/uploads\/2026\/04\/Oaxaca_grupo-1536x1152.jpeg 1536w, https:\/\/www.menudoscorazones.org\/wp-content\/uploads\/2026\/04\/Oaxaca_grupo-2048x1536.jpeg 2048w, https:\/\/www.menudoscorazones.org\/wp-content\/uploads\/2026\/04\/Oaxaca_grupo-655x491.jpeg 655w\" sizes=\"(max-width: 702px) 100vw, 702px\"><figcaption id=\"caption-attachment-42835\" class=\"wp-caption-text\">Foto de grupo de este encuentro que reuni\u00f3 a entidades como: CardioChavitos, Coraz\u00f3n de Ni\u00f1o, Centro Pedi\u00e1trico del Coraz\u00f3n ABC-Kardias, Bebe Cardiio, Fundaci\u00f3n Mar\u00eda, Fundaci\u00f3n Corazoncitos, Fundaci\u00f3n Latidos, Global ARCH, Kardias y Fundaci\u00f3n Menudos Corazones.<\/figcaption><\/figure>\n<h3 data-section-id=\"8t64ov\" data-start=\"804\" data-end=\"880\">Un objetivo com\u00fan: la colaboraci\u00f3n internacional<\/h3>\n<p data-start=\"882\" data-end=\"1134\">Organizaciones de <strong>M\u00e9xico, Panam\u00e1, Honduras, Uruguay y Espa\u00f1a<\/strong> compartimos un mismo prop\u00f3sito: fortalecer la colaboraci\u00f3n internacional y avanzar conjuntamente en la mejora de la calidad de vida de las personas con cardiopat\u00edas cong\u00e9nitas y sus familias.<\/p>\n<p data-start=\"1136\" data-end=\"1319\">Este tipo de encuentros permiten generar alianzas, intercambiar conocimientos y construir soluciones compartidas ante desaf\u00edos que, aunque var\u00edan seg\u00fan el pa\u00eds, tienen una base com\u00fan.<\/p>\n<h3 data-section-id=\"1nmt5ua\" data-start=\"1321\" data-end=\"1389\">La participaci\u00f3n de Menudos Corazones<\/h3>\n<p data-start=\"1391\" data-end=\"1601\">Para <strong><span class=\"hover:entity-accent entity-underline inline cursor-pointer align-baseline\"><span class=\"whitespace-normal\">Amaya S\u00e1ez<\/span><\/span><\/strong>, directora de <span class=\"hover:entity-accent entity-underline inline cursor-pointer align-baseline\"><span class=\"whitespace-normal\">Fundaci\u00f3n Menudos Corazones<\/span><\/span> y presidenta de la Junta Directiva de Global ARCH, este encuentro ha tenido un significado especialmente relevante.<\/p>\n<p data-start=\"1603\" data-end=\"1842\">Su participaci\u00f3n ha permitido conectar la experiencia local de la Fundaci\u00f3n con el trabajo global que se desarrolla en el \u00e1mbito de las cardiopat\u00edas cong\u00e9nitas, reforzando el papel de las organizaciones de pacientes como agentes de cambio.<\/p>\n<p><a href=\"https:\/\/www.menudoscorazones.org\/2026\/encuentro-internacional-para-mejorar-la-vida-de-las-personas-con-cardiopatias-congenitas\/oaxaca_amaya-sesion\/\"><img loading=\"lazy\" decoding=\"async\" width=\"225\" height=\"300\" src=\"https:\/\/www.menudoscorazones.org\/wp-content\/uploads\/2026\/04\/Oaxaca_Amaya-sesion-225x300.jpeg\" class=\"attachment-medium size-medium\" alt=\"\" srcset=\"https:\/\/www.menudoscorazones.org\/wp-content\/uploads\/2026\/04\/Oaxaca_Amaya-sesion-225x300.jpeg 225w, https:\/\/www.menudoscorazones.org\/wp-content\/uploads\/2026\/04\/Oaxaca_Amaya-sesion-768x1024.jpeg 768w, https:\/\/www.menudoscorazones.org\/wp-content\/uploads\/2026\/04\/Oaxaca_Amaya-sesion-1152x1536.jpeg 1152w, https:\/\/www.menudoscorazones.org\/wp-content\/uploads\/2026\/04\/Oaxaca_Amaya-sesion-1536x2048.jpeg 1536w, https:\/\/www.menudoscorazones.org\/wp-content\/uploads\/2026\/04\/Oaxaca_Amaya-sesion-655x873.jpeg 655w, https:\/\/www.menudoscorazones.org\/wp-content\/uploads\/2026\/04\/Oaxaca_Amaya-sesion-scaled.jpeg 1920w\" sizes=\"auto, (max-width: 225px) 100vw, 225px\"><\/a><br \/>\n<a href=\"https:\/\/www.menudoscorazones.org\/2026\/encuentro-internacional-para-mejorar-la-vida-de-las-personas-con-cardiopatias-congenitas\/oaxaca-mesa-taller\/\"><img loading=\"lazy\" decoding=\"async\" width=\"225\" height=\"300\" src=\"https:\/\/www.menudoscorazones.org\/wp-content\/uploads\/2026\/04\/Oaxaca-mesa-taller-225x300.jpeg\" class=\"attachment-medium size-medium\" alt=\"\" srcset=\"https:\/\/www.menudoscorazones.org\/wp-content\/uploads\/2026\/04\/Oaxaca-mesa-taller-225x300.jpeg 225w, https:\/\/www.menudoscorazones.org\/wp-content\/uploads\/2026\/04\/Oaxaca-mesa-taller-768x1024.jpeg 768w, https:\/\/www.menudoscorazones.org\/wp-content\/uploads\/2026\/04\/Oaxaca-mesa-taller-1152x1536.jpeg 1152w, https:\/\/www.menudoscorazones.org\/wp-content\/uploads\/2026\/04\/Oaxaca-mesa-taller-1536x2048.jpeg 1536w, https:\/\/www.menudoscorazones.org\/wp-content\/uploads\/2026\/04\/Oaxaca-mesa-taller-655x873.jpeg 655w, https:\/\/www.menudoscorazones.org\/wp-content\/uploads\/2026\/04\/Oaxaca-mesa-taller-scaled.jpeg 1920w\" sizes=\"auto, (max-width: 225px) 100vw, 225px\"><\/a><br \/>\n<a href=\"https:\/\/www.menudoscorazones.org\/2026\/encuentro-internacional-para-mejorar-la-vida-de-las-personas-con-cardiopatias-congenitas\/oaxaca_amaya-presntando\/\"><img loading=\"lazy\" decoding=\"async\" width=\"225\" height=\"300\" src=\"https:\/\/www.menudoscorazones.org\/wp-content\/uploads\/2026\/04\/Oaxaca_Amaya-presntando-225x300.jpeg\" class=\"attachment-medium size-medium\" alt=\"\" srcset=\"https:\/\/www.menudoscorazones.org\/wp-content\/uploads\/2026\/04\/Oaxaca_Amaya-presntando-225x300.jpeg 225w, https:\/\/www.menudoscorazones.org\/wp-content\/uploads\/2026\/04\/Oaxaca_Amaya-presntando-768x1024.jpeg 768w, https:\/\/www.menudoscorazones.org\/wp-content\/uploads\/2026\/04\/Oaxaca_Amaya-presntando-1152x1536.jpeg 1152w, https:\/\/www.menudoscorazones.org\/wp-content\/uploads\/2026\/04\/Oaxaca_Amaya-presntando-1536x2048.jpeg 1536w, https:\/\/www.menudoscorazones.org\/wp-content\/uploads\/2026\/04\/Oaxaca_Amaya-presntando-655x873.jpeg 655w, https:\/\/www.menudoscorazones.org\/wp-content\/uploads\/2026\/04\/Oaxaca_Amaya-presntando-scaled.jpeg 1920w\" sizes=\"auto, (max-width: 225px) 100vw, 225px\"><\/a><\/p>\n<h3 data-section-id=\"nkongl\" data-start=\"1844\" data-end=\"1884\">Retos compartidos y buenas pr\u00e1cticas<\/h3>\n<p data-start=\"1886\" data-end=\"2003\">Durante las jornadas de trabajo se abordaron cuestiones clave para el presente y el futuro del movimiento asociativo:<\/p>\n<ul data-start=\"2005\" data-end=\"2255\">\n<li data-section-id=\"wubq5v\" data-start=\"2005\" data-end=\"2073\">El papel de las organizaciones en la representaci\u00f3n de pacientes<\/li>\n<li data-section-id=\"1uyfdtf\" data-start=\"2074\" data-end=\"2129\">La necesidad de modelos sostenibles de financiaci\u00f3n<\/li>\n<li data-section-id=\"aug0hk\" data-start=\"2130\" data-end=\"2174\">La importancia de la incidencia pol\u00edtica<\/li>\n<li data-section-id=\"t65z1t\" data-start=\"2175\" data-end=\"2255\">Los avances y las desigualdades en el acceso a derechos y atenci\u00f3n sanitaria<\/li>\n<\/ul>\n<p data-start=\"2257\" data-end=\"2484\">Adem\u00e1s, se profundiz\u00f3 en el concepto de <strong data-start=\"2297\" data-end=\"2315\">Life Long Care<\/strong>, promovido por Global ARCH, que pone el foco en la necesidad de garantizar una atenci\u00f3n integral a lo largo de toda la vida de las personas con cardiopat\u00edas cong\u00e9nitas.<\/p>\n<h3 data-section-id=\"qdoyvm\" data-start=\"2486\" data-end=\"2531\">Compartir experiencia para avanzar juntos<\/h3>\n<p data-start=\"2533\" data-end=\"2744\">Desde Menudos Corazones, Amaya comparti\u00f3 nuestra experiencia en <strong>campa\u00f1as de sensibilizaci\u00f3n y visibilidad,<\/strong> as\u00ed como en estrategias de incidencia pol\u00edtica, contribuyendo al aprendizaje colectivo entre entidades.<\/p>\n<p data-start=\"2746\" data-end=\"2920\">Este intercambio de conocimientos resulta esencial para seguir fortaleciendo el papel de la sociedad civil y mejorar el acceso a la atenci\u00f3n sanitaria en distintos contextos.<\/p>\n<p data-start=\"3236\" data-end=\"3381\">Desde la Fundaci\u00f3n, agradecemos a Global ARCH y a Fundaci\u00f3n Kardias esta oportunidad de encuentro, di\u00e1logo y trabajo conjunto.<\/p>\n<\/div>\n<p>Fuente: Menudos Corazones https:\/\/www.menudoscorazones.org\/2026\/encuentro-internacional-para-mejorar-la-vida-de-las-personas-con-cardiopatias-congenitas\/<\/p>\n","protected":false},"excerpt":{"rendered":"<p>M\u00e9xico ha reunido a organizaciones internacionales de pacientes con cardiopat\u00edas cong\u00e9nitas para fortalecer la colaboraci\u00f3n global.<\/p>\n","protected":false},"author":1,"featured_media":0,"comment_status":"closed","ping_status":"closed","sticky":false,"template":"","format":"standard","meta":{"footnotes":""},"categories":[8],"tags":[],"class_list":["post-11447","post","type-post","status-publish","format-standard","hentry","category-noticias"],"yoast_head":"<!-- This site is optimized with the Yoast SEO plugin v27.5 - https:\/\/yoast.com\/product\/yoast-seo-wordpress\/ -->\n<title>Encuentro internacional para mejorar la vida de las personas con cardiopat\u00edas cong\u00e9nitas - Asociaci\u00f3n Espa\u00f1ola S\u00edndrome de Charge<\/title>\n<meta name=\"robots\" content=\"index, follow, max-snippet:-1, max-image-preview:large, max-video-preview:-1\" \/>\n<link rel=\"canonical\" href=\"https:\/\/sindromecharge.es\/index.php\/2026\/04\/28\/encuentro-internacional-para-mejorar-la-vida-de-las-personas-con-cardiopatias-congenitas\/\" \/>\n<meta property=\"og:locale\" content=\"es_ES\" \/>\n<meta property=\"og:type\" content=\"article\" \/>\n<meta property=\"og:title\" content=\"Encuentro internacional para mejorar la vida de las personas con cardiopat\u00edas cong\u00e9nitas - Asociaci\u00f3n Espa\u00f1ola S\u00edndrome de Charge\" \/>\n<meta property=\"og:description\" content=\"M\u00e9xico ha reunido a organizaciones internacionales de pacientes con cardiopat\u00edas cong\u00e9nitas para fortalecer la colaboraci\u00f3n global.\" \/>\n<meta property=\"og:url\" content=\"https:\/\/sindromecharge.es\/index.php\/2026\/04\/28\/encuentro-internacional-para-mejorar-la-vida-de-las-personas-con-cardiopatias-congenitas\/\" \/>\n<meta property=\"og:site_name\" content=\"Asociaci\u00f3n Espa\u00f1ola S\u00edndrome de Charge\" \/>\n<meta property=\"article:publisher\" content=\"https:\/\/www.facebook.com\/asociacionsindromecharge\" \/>\n<meta property=\"article:published_time\" content=\"2026-04-28T09:07:51+00:00\" \/>\n<meta property=\"og:image\" content=\"https:\/\/sindromecharge.es\/wp-content\/uploads\/2013\/09\/logodecharge300x98.png\" \/>\n\t<meta property=\"og:image:width\" content=\"300\" \/>\n\t<meta property=\"og:image:height\" content=\"98\" \/>\n\t<meta property=\"og:image:type\" content=\"image\/png\" \/>\n<meta name=\"author\" content=\"Charge\" \/>\n<meta name=\"twitter:card\" content=\"summary_large_image\" \/>\n<meta name=\"twitter:creator\" content=\"@sindromecharge\" \/>\n<meta name=\"twitter:site\" content=\"@sindromecharge\" \/>\n<meta name=\"twitter:label1\" content=\"Escrito por\" \/>\n\t<meta name=\"twitter:data1\" content=\"Charge\" \/>\n\t<meta name=\"twitter:label2\" content=\"Tiempo de lectura\" \/>\n\t<meta name=\"twitter:data2\" content=\"2 minutos\" \/>\n<script type=\"application\/ld+json\" class=\"yoast-schema-graph\">{\"@context\":\"https:\\\/\\\/schema.org\",\"@graph\":[{\"@type\":\"Article\",\"@id\":\"https:\\\/\\\/sindromecharge.es\\\/index.php\\\/2026\\\/04\\\/28\\\/encuentro-internacional-para-mejorar-la-vida-de-las-personas-con-cardiopatias-congenitas\\\/#article\",\"isPartOf\":{\"@id\":\"https:\\\/\\\/sindromecharge.es\\\/index.php\\\/2026\\\/04\\\/28\\\/encuentro-internacional-para-mejorar-la-vida-de-las-personas-con-cardiopatias-congenitas\\\/\"},\"author\":{\"name\":\"Charge\",\"@id\":\"https:\\\/\\\/sindromecharge.es\\\/#\\\/schema\\\/person\\\/39a60ebe0a2b4d5a11179701e336b039\"},\"headline\":\"Encuentro internacional para mejorar la vida de las personas con cardiopat\u00edas cong\u00e9nitas\",\"datePublished\":\"2026-04-28T09:07:51+00:00\",\"mainEntityOfPage\":{\"@id\":\"https:\\\/\\\/sindromecharge.es\\\/index.php\\\/2026\\\/04\\\/28\\\/encuentro-internacional-para-mejorar-la-vida-de-las-personas-con-cardiopatias-congenitas\\\/\"},\"wordCount\":498,\"image\":{\"@id\":\"https:\\\/\\\/sindromecharge.es\\\/index.php\\\/2026\\\/04\\\/28\\\/encuentro-internacional-para-mejorar-la-vida-de-las-personas-con-cardiopatias-congenitas\\\/#primaryimage\"},\"thumbnailUrl\":\"https:\\\/\\\/www.menudoscorazones.org\\\/wp-content\\\/uploads\\\/2026\\\/04\\\/Oaxaca_grupo-1024x768.jpeg\",\"articleSection\":[\"noticias\"],\"inLanguage\":\"es\"},{\"@type\":\"WebPage\",\"@id\":\"https:\\\/\\\/sindromecharge.es\\\/index.php\\\/2026\\\/04\\\/28\\\/encuentro-internacional-para-mejorar-la-vida-de-las-personas-con-cardiopatias-congenitas\\\/\",\"url\":\"https:\\\/\\\/sindromecharge.es\\\/index.php\\\/2026\\\/04\\\/28\\\/encuentro-internacional-para-mejorar-la-vida-de-las-personas-con-cardiopatias-congenitas\\\/\",\"name\":\"Encuentro internacional para mejorar la vida de las personas con cardiopat\u00edas cong\u00e9nitas - Asociaci\u00f3n Espa\u00f1ola S\u00edndrome de Charge\",\"isPartOf\":{\"@id\":\"https:\\\/\\\/sindromecharge.es\\\/#website\"},\"primaryImageOfPage\":{\"@id\":\"https:\\\/\\\/sindromecharge.es\\\/index.php\\\/2026\\\/04\\\/28\\\/encuentro-internacional-para-mejorar-la-vida-de-las-personas-con-cardiopatias-congenitas\\\/#primaryimage\"},\"image\":{\"@id\":\"https:\\\/\\\/sindromecharge.es\\\/index.php\\\/2026\\\/04\\\/28\\\/encuentro-internacional-para-mejorar-la-vida-de-las-personas-con-cardiopatias-congenitas\\\/#primaryimage\"},\"thumbnailUrl\":\"https:\\\/\\\/www.menudoscorazones.org\\\/wp-content\\\/uploads\\\/2026\\\/04\\\/Oaxaca_grupo-1024x768.jpeg\",\"datePublished\":\"2026-04-28T09:07:51+00:00\",\"author\":{\"@id\":\"https:\\\/\\\/sindromecharge.es\\\/#\\\/schema\\\/person\\\/39a60ebe0a2b4d5a11179701e336b039\"},\"breadcrumb\":{\"@id\":\"https:\\\/\\\/sindromecharge.es\\\/index.php\\\/2026\\\/04\\\/28\\\/encuentro-internacional-para-mejorar-la-vida-de-las-personas-con-cardiopatias-congenitas\\\/#breadcrumb\"},\"inLanguage\":\"es\",\"potentialAction\":[{\"@type\":\"ReadAction\",\"target\":[\"https:\\\/\\\/sindromecharge.es\\\/index.php\\\/2026\\\/04\\\/28\\\/encuentro-internacional-para-mejorar-la-vida-de-las-personas-con-cardiopatias-congenitas\\\/\"]}]},{\"@type\":\"ImageObject\",\"inLanguage\":\"es\",\"@id\":\"https:\\\/\\\/sindromecharge.es\\\/index.php\\\/2026\\\/04\\\/28\\\/encuentro-internacional-para-mejorar-la-vida-de-las-personas-con-cardiopatias-congenitas\\\/#primaryimage\",\"url\":\"https:\\\/\\\/www.menudoscorazones.org\\\/wp-content\\\/uploads\\\/2026\\\/04\\\/Oaxaca_grupo-1024x768.jpeg\",\"contentUrl\":\"https:\\\/\\\/www.menudoscorazones.org\\\/wp-content\\\/uploads\\\/2026\\\/04\\\/Oaxaca_grupo-1024x768.jpeg\"},{\"@type\":\"BreadcrumbList\",\"@id\":\"https:\\\/\\\/sindromecharge.es\\\/index.php\\\/2026\\\/04\\\/28\\\/encuentro-internacional-para-mejorar-la-vida-de-las-personas-con-cardiopatias-congenitas\\\/#breadcrumb\",\"itemListElement\":[{\"@type\":\"ListItem\",\"position\":1,\"name\":\"Portada\",\"item\":\"https:\\\/\\\/sindromecharge.es\\\/\"},{\"@type\":\"ListItem\",\"position\":2,\"name\":\"Encuentro internacional para mejorar la vida de las personas con cardiopat\u00edas cong\u00e9nitas\"}]},{\"@type\":\"WebSite\",\"@id\":\"https:\\\/\\\/sindromecharge.es\\\/#website\",\"url\":\"https:\\\/\\\/sindromecharge.es\\\/\",\"name\":\"Asociaci\u00f3n Espa\u00f1ola S\u00edndrome de Charge\",\"description\":\"\",\"potentialAction\":[{\"@type\":\"SearchAction\",\"target\":{\"@type\":\"EntryPoint\",\"urlTemplate\":\"https:\\\/\\\/sindromecharge.es\\\/?s={search_term_string}\"},\"query-input\":{\"@type\":\"PropertyValueSpecification\",\"valueRequired\":true,\"valueName\":\"search_term_string\"}}],\"inLanguage\":\"es\"},{\"@type\":\"Person\",\"@id\":\"https:\\\/\\\/sindromecharge.es\\\/#\\\/schema\\\/person\\\/39a60ebe0a2b4d5a11179701e336b039\",\"name\":\"Charge\",\"image\":{\"@type\":\"ImageObject\",\"inLanguage\":\"es\",\"@id\":\"https:\\\/\\\/secure.gravatar.com\\\/avatar\\\/c3b46e32a0fc3b093a0873fb767bf3293de856293065e84ef06b7ec7a8acfb98?s=96&d=identicon&r=x\",\"url\":\"https:\\\/\\\/secure.gravatar.com\\\/avatar\\\/c3b46e32a0fc3b093a0873fb767bf3293de856293065e84ef06b7ec7a8acfb98?s=96&d=identicon&r=x\",\"contentUrl\":\"https:\\\/\\\/secure.gravatar.com\\\/avatar\\\/c3b46e32a0fc3b093a0873fb767bf3293de856293065e84ef06b7ec7a8acfb98?s=96&d=identicon&r=x\",\"caption\":\"Charge\"},\"url\":\"https:\\\/\\\/sindromecharge.es\\\/index.php\\\/author\\\/admin\\\/\"}]}<\/script>\n<!-- \/ Yoast SEO plugin. -->","yoast_head_json":{"title":"Encuentro internacional para mejorar la vida de las personas con cardiopat\u00edas cong\u00e9nitas - Asociaci\u00f3n Espa\u00f1ola S\u00edndrome de Charge","robots":{"index":"index","follow":"follow","max-snippet":"max-snippet:-1","max-image-preview":"max-image-preview:large","max-video-preview":"max-video-preview:-1"},"canonical":"https:\/\/sindromecharge.es\/index.php\/2026\/04\/28\/encuentro-internacional-para-mejorar-la-vida-de-las-personas-con-cardiopatias-congenitas\/","og_locale":"es_ES","og_type":"article","og_title":"Encuentro internacional para mejorar la vida de las personas con cardiopat\u00edas cong\u00e9nitas - Asociaci\u00f3n Espa\u00f1ola S\u00edndrome de Charge","og_description":"M\u00e9xico ha reunido a organizaciones internacionales de pacientes con cardiopat\u00edas cong\u00e9nitas para fortalecer la colaboraci\u00f3n global.","og_url":"https:\/\/sindromecharge.es\/index.php\/2026\/04\/28\/encuentro-internacional-para-mejorar-la-vida-de-las-personas-con-cardiopatias-congenitas\/","og_site_name":"Asociaci\u00f3n Espa\u00f1ola S\u00edndrome de Charge","article_publisher":"https:\/\/www.facebook.com\/asociacionsindromecharge","article_published_time":"2026-04-28T09:07:51+00:00","og_image":[{"width":300,"height":98,"url":"https:\/\/sindromecharge.es\/wp-content\/uploads\/2013\/09\/logodecharge300x98.png","type":"image\/png"}],"author":"Charge","twitter_card":"summary_large_image","twitter_creator":"@sindromecharge","twitter_site":"@sindromecharge","twitter_misc":{"Escrito por":"Charge","Tiempo de lectura":"2 minutos"},"schema":{"@context":"https:\/\/schema.org","@graph":[{"@type":"Article","@id":"https:\/\/sindromecharge.es\/index.php\/2026\/04\/28\/encuentro-internacional-para-mejorar-la-vida-de-las-personas-con-cardiopatias-congenitas\/#article","isPartOf":{"@id":"https:\/\/sindromecharge.es\/index.php\/2026\/04\/28\/encuentro-internacional-para-mejorar-la-vida-de-las-personas-con-cardiopatias-congenitas\/"},"author":{"name":"Charge","@id":"https:\/\/sindromecharge.es\/#\/schema\/person\/39a60ebe0a2b4d5a11179701e336b039"},"headline":"Encuentro internacional para mejorar la vida de las personas con cardiopat\u00edas cong\u00e9nitas","datePublished":"2026-04-28T09:07:51+00:00","mainEntityOfPage":{"@id":"https:\/\/sindromecharge.es\/index.php\/2026\/04\/28\/encuentro-internacional-para-mejorar-la-vida-de-las-personas-con-cardiopatias-congenitas\/"},"wordCount":498,"image":{"@id":"https:\/\/sindromecharge.es\/index.php\/2026\/04\/28\/encuentro-internacional-para-mejorar-la-vida-de-las-personas-con-cardiopatias-congenitas\/#primaryimage"},"thumbnailUrl":"https:\/\/www.menudoscorazones.org\/wp-content\/uploads\/2026\/04\/Oaxaca_grupo-1024x768.jpeg","articleSection":["noticias"],"inLanguage":"es"},{"@type":"WebPage","@id":"https:\/\/sindromecharge.es\/index.php\/2026\/04\/28\/encuentro-internacional-para-mejorar-la-vida-de-las-personas-con-cardiopatias-congenitas\/","url":"https:\/\/sindromecharge.es\/index.php\/2026\/04\/28\/encuentro-internacional-para-mejorar-la-vida-de-las-personas-con-cardiopatias-congenitas\/","name":"Encuentro internacional para mejorar la vida de las personas con cardiopat\u00edas cong\u00e9nitas - Asociaci\u00f3n Espa\u00f1ola S\u00edndrome de Charge","isPartOf":{"@id":"https:\/\/sindromecharge.es\/#website"},"primaryImageOfPage":{"@id":"https:\/\/sindromecharge.es\/index.php\/2026\/04\/28\/encuentro-internacional-para-mejorar-la-vida-de-las-personas-con-cardiopatias-congenitas\/#primaryimage"},"image":{"@id":"https:\/\/sindromecharge.es\/index.php\/2026\/04\/28\/encuentro-internacional-para-mejorar-la-vida-de-las-personas-con-cardiopatias-congenitas\/#primaryimage"},"thumbnailUrl":"https:\/\/www.menudoscorazones.org\/wp-content\/uploads\/2026\/04\/Oaxaca_grupo-1024x768.jpeg","datePublished":"2026-04-28T09:07:51+00:00","author":{"@id":"https:\/\/sindromecharge.es\/#\/schema\/person\/39a60ebe0a2b4d5a11179701e336b039"},"breadcrumb":{"@id":"https:\/\/sindromecharge.es\/index.php\/2026\/04\/28\/encuentro-internacional-para-mejorar-la-vida-de-las-personas-con-cardiopatias-congenitas\/#breadcrumb"},"inLanguage":"es","potentialAction":[{"@type":"ReadAction","target":["https:\/\/sindromecharge.es\/index.php\/2026\/04\/28\/encuentro-internacional-para-mejorar-la-vida-de-las-personas-con-cardiopatias-congenitas\/"]}]},{"@type":"ImageObject","inLanguage":"es","@id":"https:\/\/sindromecharge.es\/index.php\/2026\/04\/28\/encuentro-internacional-para-mejorar-la-vida-de-las-personas-con-cardiopatias-congenitas\/#primaryimage","url":"https:\/\/www.menudoscorazones.org\/wp-content\/uploads\/2026\/04\/Oaxaca_grupo-1024x768.jpeg","contentUrl":"https:\/\/www.menudoscorazones.org\/wp-content\/uploads\/2026\/04\/Oaxaca_grupo-1024x768.jpeg"},{"@type":"BreadcrumbList","@id":"https:\/\/sindromecharge.es\/index.php\/2026\/04\/28\/encuentro-internacional-para-mejorar-la-vida-de-las-personas-con-cardiopatias-congenitas\/#breadcrumb","itemListElement":[{"@type":"ListItem","position":1,"name":"Portada","item":"https:\/\/sindromecharge.es\/"},{"@type":"ListItem","position":2,"name":"Encuentro internacional para mejorar la vida de las personas con cardiopat\u00edas cong\u00e9nitas"}]},{"@type":"WebSite","@id":"https:\/\/sindromecharge.es\/#website","url":"https:\/\/sindromecharge.es\/","name":"Asociaci\u00f3n Espa\u00f1ola S\u00edndrome de Charge","description":"","potentialAction":[{"@type":"SearchAction","target":{"@type":"EntryPoint","urlTemplate":"https:\/\/sindromecharge.es\/?s={search_term_string}"},"query-input":{"@type":"PropertyValueSpecification","valueRequired":true,"valueName":"search_term_string"}}],"inLanguage":"es"},{"@type":"Person","@id":"https:\/\/sindromecharge.es\/#\/schema\/person\/39a60ebe0a2b4d5a11179701e336b039","name":"Charge","image":{"@type":"ImageObject","inLanguage":"es","@id":"https:\/\/secure.gravatar.com\/avatar\/c3b46e32a0fc3b093a0873fb767bf3293de856293065e84ef06b7ec7a8acfb98?s=96&d=identicon&r=x","url":"https:\/\/secure.gravatar.com\/avatar\/c3b46e32a0fc3b093a0873fb767bf3293de856293065e84ef06b7ec7a8acfb98?s=96&d=identicon&r=x","contentUrl":"https:\/\/secure.gravatar.com\/avatar\/c3b46e32a0fc3b093a0873fb767bf3293de856293065e84ef06b7ec7a8acfb98?s=96&d=identicon&r=x","caption":"Charge"},"url":"https:\/\/sindromecharge.es\/index.php\/author\/admin\/"}]}},"_links":{"self":[{"href":"https:\/\/sindromecharge.es\/index.php\/wp-json\/wp\/v2\/posts\/11447","targetHints":{"allow":["GET"]}}],"collection":[{"href":"https:\/\/sindromecharge.es\/index.php\/wp-json\/wp\/v2\/posts"}],"about":[{"href":"https:\/\/sindromecharge.es\/index.php\/wp-json\/wp\/v2\/types\/post"}],"author":[{"embeddable":true,"href":"https:\/\/sindromecharge.es\/index.php\/wp-json\/wp\/v2\/users\/1"}],"replies":[{"embeddable":true,"href":"https:\/\/sindromecharge.es\/index.php\/wp-json\/wp\/v2\/comments?post=11447"}],"version-history":[{"count":0,"href":"https:\/\/sindromecharge.es\/index.php\/wp-json\/wp\/v2\/posts\/11447\/revisions"}],"wp:attachment":[{"href":"https:\/\/sindromecharge.es\/index.php\/wp-json\/wp\/v2\/media?parent=11447"}],"wp:term":[{"taxonomy":"category","embeddable":true,"href":"https:\/\/sindromecharge.es\/index.php\/wp-json\/wp\/v2\/categories?post=11447"},{"taxonomy":"post_tag","embeddable":true,"href":"https:\/\/sindromecharge.es\/index.php\/wp-json\/wp\/v2\/tags?post=11447"}],"curies":[{"name":"wp","href":"https:\/\/api.w.org\/{rel}","templated":true}]}}