{"id":11446,"date":"2026-04-28T08:23:18","date_gmt":"2026-04-28T08:23:18","guid":{"rendered":"https:\/\/sindromecharge.es\/index.php\/2026\/04\/28\/abierta-la-convocatoria-a-beca-menudos-corazones-de-investigacion-medica-2026\/"},"modified":"2026-04-28T08:23:18","modified_gmt":"2026-04-28T08:23:18","slug":"abierta-la-convocatoria-a-beca-menudos-corazones-de-investigacion-medica-2026","status":"publish","type":"post","link":"https:\/\/sindromecharge.es\/index.php\/2026\/04\/28\/abierta-la-convocatoria-a-beca-menudos-corazones-de-investigacion-medica-2026\/","title":{"rendered":"Abierta la convocatoria a la IX Beca Menudos Corazones de Investigaci\u00f3n M\u00e9dica"},"content":{"rendered":"<p>Leemos en Menudos Corazones la siguiente noticia que os reproducimos de forma \u00edntegra: <\/p>\n<div>\n<p>La <a href=\"https:\/\/www.menudoscorazones.org\/\">Fundaci\u00f3n Menudos Corazones<\/a> y la <a href=\"https:\/\/secardioped.org\/\">Sociedad Espa\u00f1ola de Cardiolog\u00eda Pedi\u00e1trica y Cardiopat\u00edas Cong\u00e9nitas<\/a> (SECPCC) anunciamos un a\u00f1o m\u00e1s la apertura de la convocatoria de la <strong>Beca Menudos Corazones,<\/strong> destinada a apoyar proyectos de investigaci\u00f3n m\u00e9dica en el \u00e1mbito de las cardiopat\u00edas cong\u00e9nitas con una duraci\u00f3n m\u00e1xima de tres a\u00f1os.<\/p>\n<p>En su novena edici\u00f3n, la Beca vuelve a tener una <strong>dotaci\u00f3n de 12.000 euros anuales,<\/strong> y est\u00e1 dirigida a profesionales de la cardiolog\u00eda pedi\u00e1trica o dedicados a las cardiopat\u00edas cong\u00e9nitas, de la cirug\u00eda cardiaca infantil o de la enfermer\u00eda. Las personas interesadas deber\u00e1n ser miembros de la SECPCC con al menos un a\u00f1o de antig\u00fcedad, a excepci\u00f3n del personal m\u00e9dico residente.<\/p>\n<h4><a href=\"https:\/\/www.menudoscorazones.org\/wp-content\/uploads\/2026\/04\/CONVOCATORIA_IX-Beca-Menudos-Corazones_2026.pdf\"><strong><em>\u00a0<\/em><\/strong><strong>Acceso a las bases de la IX Convocatoria de la Beca Menudos Corazones de Investigaci\u00f3n M\u00e9dica.<\/strong><\/a><\/h4>\n<h4><a href=\"https:\/\/amconferences.eventsair.com\/am-becas-secpcc\/solicitud-becammcc2026\/Site\/Register\" target=\"_blank\" rel=\"noopener\">Acceso directo al formulario de solicitud de la Beca Menudos Corazones.<\/a><\/h4>\n<p>La Fundaci\u00f3n Menudos Corazones participar\u00e1 en el tribunal evaluador que seleccionar\u00e1 el proyecto ganador entre las candidaturas presentadas. <strong>El plazo de solicitudes finaliza el 31 de mayo de 2026.<\/strong><\/p>\n<p>En la edici\u00f3n de 2025, result\u00f3 elegido el proyecto que busca <strong>revertir la insuficiencia card\u00edaca<\/strong> en pacientes con cardiopat\u00edas cong\u00e9nitas <strong>portadores de marcapasos,<\/strong> liderado por el Dr. Ferran Ros\u00e9s, jefe de servicio de cardiolog\u00eda pedi\u00e1trica del\u00a0<a href=\"https:\/\/www.vallhebron.com\/es\"><strong>Hospital Universitario Vall d\u2019Hebron<\/strong><\/a>.<\/p>\n<figure id=\"attachment_42824\" aria-describedby=\"caption-attachment-42824\" style=\"width: 702px\" class=\"wp-caption aligncenter\"><img fetchpriority=\"high\" decoding=\"async\" class=\"size-large wp-image-42824\" src=\"https:\/\/www.menudoscorazones.org\/wp-content\/uploads\/2026\/04\/menudos-corazones-madrid-068_web-1024x681.jpg\" alt=\"\" width=\"702\" height=\"467\" srcset=\"https:\/\/www.menudoscorazones.org\/wp-content\/uploads\/2026\/04\/menudos-corazones-madrid-068_web-1024x681.jpg 1024w, https:\/\/www.menudoscorazones.org\/wp-content\/uploads\/2026\/04\/menudos-corazones-madrid-068_web-300x200.jpg 300w, https:\/\/www.menudoscorazones.org\/wp-content\/uploads\/2026\/04\/menudos-corazones-madrid-068_web-768x511.jpg 768w, https:\/\/www.menudoscorazones.org\/wp-content\/uploads\/2026\/04\/menudos-corazones-madrid-068_web-655x436.jpg 655w, https:\/\/www.menudoscorazones.org\/wp-content\/uploads\/2026\/04\/menudos-corazones-madrid-068_web.jpg 1200w\" sizes=\"(max-width: 702px) 100vw, 702px\"><figcaption id=\"caption-attachment-42824\" class=\"wp-caption-text\">El Dr. Ros\u00e9s presentando su investigaci\u00f3n en la pasada Jornada sobre Cardiopat\u00edas Cong\u00e9nitas de Menudos Corazones.<\/figcaption><\/figure>\n<p><strong>\u00abConseguir financiaci\u00f3n para hacer investigaci\u00f3n a d\u00eda de hoy es muy complejo, especialmente en las investigaciones sobre enfermedades pedi\u00e1tricas o minoritarias.<\/strong> Por eso valoramos que la Fundaci\u00f3n Menudos Corazones impulse una Beca como esta, es un motor important\u00edsimo\u00bb, ha reconocido el Dr. Ros\u00e9s.<\/p>\n<p>Con la Beca Menudos Corazones, seguimos apostando por el presente y el futuro de las personas con cardiopat\u00edas cong\u00e9nitas. Animamos a los profesionales sanitarios a presentar sus proyectos para unirse a la Fundaci\u00f3n en esta apuesta por <strong>una vida lo m\u00e1s plena posible para este colectivo de pacientes y sus familias.<\/strong><\/p>\n<\/div>\n<p>Fuente: Menudos Corazones https:\/\/www.menudoscorazones.org\/2026\/abierta-la-convocatoria-a-beca-menudos-corazones-de-investigacion-medica-2026\/<\/p>\n","protected":false},"excerpt":{"rendered":"<p>La Beca tiene una dotaci\u00f3n de 12.000 euros y se convoca junto a la Sociedad Espa\u00f1ola de Cardiolog\u00eda Pedi\u00e1trica y Cardiopat\u00edas Cong\u00e9nitas.<\/p>\n","protected":false},"author":1,"featured_media":0,"comment_status":"closed","ping_status":"closed","sticky":false,"template":"","format":"standard","meta":{"footnotes":""},"categories":[8],"tags":[],"class_list":["post-11446","post","type-post","status-publish","format-standard","hentry","category-noticias"],"yoast_head":"<!-- This site is optimized with the Yoast SEO plugin v27.5 - https:\/\/yoast.com\/product\/yoast-seo-wordpress\/ -->\n<title>Abierta la convocatoria a la IX Beca Menudos Corazones de Investigaci\u00f3n M\u00e9dica - Asociaci\u00f3n Espa\u00f1ola S\u00edndrome de Charge<\/title>\n<meta name=\"robots\" content=\"index, follow, max-snippet:-1, max-image-preview:large, max-video-preview:-1\" \/>\n<link rel=\"canonical\" href=\"https:\/\/sindromecharge.es\/index.php\/2026\/04\/28\/abierta-la-convocatoria-a-beca-menudos-corazones-de-investigacion-medica-2026\/\" \/>\n<meta property=\"og:locale\" content=\"es_ES\" \/>\n<meta property=\"og:type\" content=\"article\" \/>\n<meta property=\"og:title\" content=\"Abierta la convocatoria a la IX Beca Menudos Corazones de Investigaci\u00f3n M\u00e9dica - Asociaci\u00f3n Espa\u00f1ola S\u00edndrome de Charge\" \/>\n<meta property=\"og:description\" content=\"La Beca tiene una dotaci\u00f3n de 12.000 euros y se convoca junto a la Sociedad Espa\u00f1ola de Cardiolog\u00eda Pedi\u00e1trica y Cardiopat\u00edas Cong\u00e9nitas.\" \/>\n<meta property=\"og:url\" content=\"https:\/\/sindromecharge.es\/index.php\/2026\/04\/28\/abierta-la-convocatoria-a-beca-menudos-corazones-de-investigacion-medica-2026\/\" \/>\n<meta property=\"og:site_name\" content=\"Asociaci\u00f3n Espa\u00f1ola S\u00edndrome de Charge\" \/>\n<meta property=\"article:publisher\" content=\"https:\/\/www.facebook.com\/asociacionsindromecharge\" \/>\n<meta property=\"article:published_time\" content=\"2026-04-28T08:23:18+00:00\" \/>\n<meta property=\"og:image\" content=\"https:\/\/sindromecharge.es\/wp-content\/uploads\/2013\/09\/logodecharge300x98.png\" \/>\n\t<meta property=\"og:image:width\" content=\"300\" \/>\n\t<meta property=\"og:image:height\" content=\"98\" \/>\n\t<meta property=\"og:image:type\" content=\"image\/png\" \/>\n<meta name=\"author\" content=\"Charge\" \/>\n<meta name=\"twitter:card\" content=\"summary_large_image\" \/>\n<meta name=\"twitter:creator\" content=\"@sindromecharge\" \/>\n<meta name=\"twitter:site\" content=\"@sindromecharge\" \/>\n<meta name=\"twitter:label1\" content=\"Escrito por\" \/>\n\t<meta name=\"twitter:data1\" content=\"Charge\" \/>\n\t<meta name=\"twitter:label2\" content=\"Tiempo de lectura\" \/>\n\t<meta name=\"twitter:data2\" content=\"2 minutos\" \/>\n<script type=\"application\/ld+json\" class=\"yoast-schema-graph\">{\"@context\":\"https:\\\/\\\/schema.org\",\"@graph\":[{\"@type\":\"Article\",\"@id\":\"https:\\\/\\\/sindromecharge.es\\\/index.php\\\/2026\\\/04\\\/28\\\/abierta-la-convocatoria-a-beca-menudos-corazones-de-investigacion-medica-2026\\\/#article\",\"isPartOf\":{\"@id\":\"https:\\\/\\\/sindromecharge.es\\\/index.php\\\/2026\\\/04\\\/28\\\/abierta-la-convocatoria-a-beca-menudos-corazones-de-investigacion-medica-2026\\\/\"},\"author\":{\"name\":\"Charge\",\"@id\":\"https:\\\/\\\/sindromecharge.es\\\/#\\\/schema\\\/person\\\/39a60ebe0a2b4d5a11179701e336b039\"},\"headline\":\"Abierta la convocatoria a la IX Beca Menudos Corazones de Investigaci\u00f3n M\u00e9dica\",\"datePublished\":\"2026-04-28T08:23:18+00:00\",\"mainEntityOfPage\":{\"@id\":\"https:\\\/\\\/sindromecharge.es\\\/index.php\\\/2026\\\/04\\\/28\\\/abierta-la-convocatoria-a-beca-menudos-corazones-de-investigacion-medica-2026\\\/\"},\"wordCount\":402,\"image\":{\"@id\":\"https:\\\/\\\/sindromecharge.es\\\/index.php\\\/2026\\\/04\\\/28\\\/abierta-la-convocatoria-a-beca-menudos-corazones-de-investigacion-medica-2026\\\/#primaryimage\"},\"thumbnailUrl\":\"https:\\\/\\\/www.menudoscorazones.org\\\/wp-content\\\/uploads\\\/2026\\\/04\\\/menudos-corazones-madrid-068_web-1024x681.jpg\",\"articleSection\":[\"noticias\"],\"inLanguage\":\"es\"},{\"@type\":\"WebPage\",\"@id\":\"https:\\\/\\\/sindromecharge.es\\\/index.php\\\/2026\\\/04\\\/28\\\/abierta-la-convocatoria-a-beca-menudos-corazones-de-investigacion-medica-2026\\\/\",\"url\":\"https:\\\/\\\/sindromecharge.es\\\/index.php\\\/2026\\\/04\\\/28\\\/abierta-la-convocatoria-a-beca-menudos-corazones-de-investigacion-medica-2026\\\/\",\"name\":\"Abierta la convocatoria a la IX Beca Menudos Corazones de Investigaci\u00f3n M\u00e9dica - Asociaci\u00f3n Espa\u00f1ola S\u00edndrome de Charge\",\"isPartOf\":{\"@id\":\"https:\\\/\\\/sindromecharge.es\\\/#website\"},\"primaryImageOfPage\":{\"@id\":\"https:\\\/\\\/sindromecharge.es\\\/index.php\\\/2026\\\/04\\\/28\\\/abierta-la-convocatoria-a-beca-menudos-corazones-de-investigacion-medica-2026\\\/#primaryimage\"},\"image\":{\"@id\":\"https:\\\/\\\/sindromecharge.es\\\/index.php\\\/2026\\\/04\\\/28\\\/abierta-la-convocatoria-a-beca-menudos-corazones-de-investigacion-medica-2026\\\/#primaryimage\"},\"thumbnailUrl\":\"https:\\\/\\\/www.menudoscorazones.org\\\/wp-content\\\/uploads\\\/2026\\\/04\\\/menudos-corazones-madrid-068_web-1024x681.jpg\",\"datePublished\":\"2026-04-28T08:23:18+00:00\",\"author\":{\"@id\":\"https:\\\/\\\/sindromecharge.es\\\/#\\\/schema\\\/person\\\/39a60ebe0a2b4d5a11179701e336b039\"},\"breadcrumb\":{\"@id\":\"https:\\\/\\\/sindromecharge.es\\\/index.php\\\/2026\\\/04\\\/28\\\/abierta-la-convocatoria-a-beca-menudos-corazones-de-investigacion-medica-2026\\\/#breadcrumb\"},\"inLanguage\":\"es\",\"potentialAction\":[{\"@type\":\"ReadAction\",\"target\":[\"https:\\\/\\\/sindromecharge.es\\\/index.php\\\/2026\\\/04\\\/28\\\/abierta-la-convocatoria-a-beca-menudos-corazones-de-investigacion-medica-2026\\\/\"]}]},{\"@type\":\"ImageObject\",\"inLanguage\":\"es\",\"@id\":\"https:\\\/\\\/sindromecharge.es\\\/index.php\\\/2026\\\/04\\\/28\\\/abierta-la-convocatoria-a-beca-menudos-corazones-de-investigacion-medica-2026\\\/#primaryimage\",\"url\":\"https:\\\/\\\/www.menudoscorazones.org\\\/wp-content\\\/uploads\\\/2026\\\/04\\\/menudos-corazones-madrid-068_web-1024x681.jpg\",\"contentUrl\":\"https:\\\/\\\/www.menudoscorazones.org\\\/wp-content\\\/uploads\\\/2026\\\/04\\\/menudos-corazones-madrid-068_web-1024x681.jpg\"},{\"@type\":\"BreadcrumbList\",\"@id\":\"https:\\\/\\\/sindromecharge.es\\\/index.php\\\/2026\\\/04\\\/28\\\/abierta-la-convocatoria-a-beca-menudos-corazones-de-investigacion-medica-2026\\\/#breadcrumb\",\"itemListElement\":[{\"@type\":\"ListItem\",\"position\":1,\"name\":\"Portada\",\"item\":\"https:\\\/\\\/sindromecharge.es\\\/\"},{\"@type\":\"ListItem\",\"position\":2,\"name\":\"Abierta la convocatoria a la IX Beca Menudos Corazones de Investigaci\u00f3n M\u00e9dica\"}]},{\"@type\":\"WebSite\",\"@id\":\"https:\\\/\\\/sindromecharge.es\\\/#website\",\"url\":\"https:\\\/\\\/sindromecharge.es\\\/\",\"name\":\"Asociaci\u00f3n Espa\u00f1ola S\u00edndrome de Charge\",\"description\":\"\",\"potentialAction\":[{\"@type\":\"SearchAction\",\"target\":{\"@type\":\"EntryPoint\",\"urlTemplate\":\"https:\\\/\\\/sindromecharge.es\\\/?s={search_term_string}\"},\"query-input\":{\"@type\":\"PropertyValueSpecification\",\"valueRequired\":true,\"valueName\":\"search_term_string\"}}],\"inLanguage\":\"es\"},{\"@type\":\"Person\",\"@id\":\"https:\\\/\\\/sindromecharge.es\\\/#\\\/schema\\\/person\\\/39a60ebe0a2b4d5a11179701e336b039\",\"name\":\"Charge\",\"image\":{\"@type\":\"ImageObject\",\"inLanguage\":\"es\",\"@id\":\"https:\\\/\\\/secure.gravatar.com\\\/avatar\\\/c3b46e32a0fc3b093a0873fb767bf3293de856293065e84ef06b7ec7a8acfb98?s=96&d=identicon&r=x\",\"url\":\"https:\\\/\\\/secure.gravatar.com\\\/avatar\\\/c3b46e32a0fc3b093a0873fb767bf3293de856293065e84ef06b7ec7a8acfb98?s=96&d=identicon&r=x\",\"contentUrl\":\"https:\\\/\\\/secure.gravatar.com\\\/avatar\\\/c3b46e32a0fc3b093a0873fb767bf3293de856293065e84ef06b7ec7a8acfb98?s=96&d=identicon&r=x\",\"caption\":\"Charge\"},\"url\":\"https:\\\/\\\/sindromecharge.es\\\/index.php\\\/author\\\/admin\\\/\"}]}<\/script>\n<!-- \/ Yoast SEO plugin. -->","yoast_head_json":{"title":"Abierta la convocatoria a la IX Beca Menudos Corazones de Investigaci\u00f3n M\u00e9dica - Asociaci\u00f3n Espa\u00f1ola S\u00edndrome de Charge","robots":{"index":"index","follow":"follow","max-snippet":"max-snippet:-1","max-image-preview":"max-image-preview:large","max-video-preview":"max-video-preview:-1"},"canonical":"https:\/\/sindromecharge.es\/index.php\/2026\/04\/28\/abierta-la-convocatoria-a-beca-menudos-corazones-de-investigacion-medica-2026\/","og_locale":"es_ES","og_type":"article","og_title":"Abierta la convocatoria a la IX Beca Menudos Corazones de Investigaci\u00f3n M\u00e9dica - Asociaci\u00f3n Espa\u00f1ola S\u00edndrome de Charge","og_description":"La Beca tiene una dotaci\u00f3n de 12.000 euros y se convoca junto a la Sociedad Espa\u00f1ola de Cardiolog\u00eda Pedi\u00e1trica y Cardiopat\u00edas Cong\u00e9nitas.","og_url":"https:\/\/sindromecharge.es\/index.php\/2026\/04\/28\/abierta-la-convocatoria-a-beca-menudos-corazones-de-investigacion-medica-2026\/","og_site_name":"Asociaci\u00f3n Espa\u00f1ola S\u00edndrome de Charge","article_publisher":"https:\/\/www.facebook.com\/asociacionsindromecharge","article_published_time":"2026-04-28T08:23:18+00:00","og_image":[{"width":300,"height":98,"url":"https:\/\/sindromecharge.es\/wp-content\/uploads\/2013\/09\/logodecharge300x98.png","type":"image\/png"}],"author":"Charge","twitter_card":"summary_large_image","twitter_creator":"@sindromecharge","twitter_site":"@sindromecharge","twitter_misc":{"Escrito por":"Charge","Tiempo de lectura":"2 minutos"},"schema":{"@context":"https:\/\/schema.org","@graph":[{"@type":"Article","@id":"https:\/\/sindromecharge.es\/index.php\/2026\/04\/28\/abierta-la-convocatoria-a-beca-menudos-corazones-de-investigacion-medica-2026\/#article","isPartOf":{"@id":"https:\/\/sindromecharge.es\/index.php\/2026\/04\/28\/abierta-la-convocatoria-a-beca-menudos-corazones-de-investigacion-medica-2026\/"},"author":{"name":"Charge","@id":"https:\/\/sindromecharge.es\/#\/schema\/person\/39a60ebe0a2b4d5a11179701e336b039"},"headline":"Abierta la convocatoria a la IX Beca Menudos Corazones de Investigaci\u00f3n M\u00e9dica","datePublished":"2026-04-28T08:23:18+00:00","mainEntityOfPage":{"@id":"https:\/\/sindromecharge.es\/index.php\/2026\/04\/28\/abierta-la-convocatoria-a-beca-menudos-corazones-de-investigacion-medica-2026\/"},"wordCount":402,"image":{"@id":"https:\/\/sindromecharge.es\/index.php\/2026\/04\/28\/abierta-la-convocatoria-a-beca-menudos-corazones-de-investigacion-medica-2026\/#primaryimage"},"thumbnailUrl":"https:\/\/www.menudoscorazones.org\/wp-content\/uploads\/2026\/04\/menudos-corazones-madrid-068_web-1024x681.jpg","articleSection":["noticias"],"inLanguage":"es"},{"@type":"WebPage","@id":"https:\/\/sindromecharge.es\/index.php\/2026\/04\/28\/abierta-la-convocatoria-a-beca-menudos-corazones-de-investigacion-medica-2026\/","url":"https:\/\/sindromecharge.es\/index.php\/2026\/04\/28\/abierta-la-convocatoria-a-beca-menudos-corazones-de-investigacion-medica-2026\/","name":"Abierta la convocatoria a la IX Beca Menudos Corazones de Investigaci\u00f3n M\u00e9dica - Asociaci\u00f3n Espa\u00f1ola S\u00edndrome de Charge","isPartOf":{"@id":"https:\/\/sindromecharge.es\/#website"},"primaryImageOfPage":{"@id":"https:\/\/sindromecharge.es\/index.php\/2026\/04\/28\/abierta-la-convocatoria-a-beca-menudos-corazones-de-investigacion-medica-2026\/#primaryimage"},"image":{"@id":"https:\/\/sindromecharge.es\/index.php\/2026\/04\/28\/abierta-la-convocatoria-a-beca-menudos-corazones-de-investigacion-medica-2026\/#primaryimage"},"thumbnailUrl":"https:\/\/www.menudoscorazones.org\/wp-content\/uploads\/2026\/04\/menudos-corazones-madrid-068_web-1024x681.jpg","datePublished":"2026-04-28T08:23:18+00:00","author":{"@id":"https:\/\/sindromecharge.es\/#\/schema\/person\/39a60ebe0a2b4d5a11179701e336b039"},"breadcrumb":{"@id":"https:\/\/sindromecharge.es\/index.php\/2026\/04\/28\/abierta-la-convocatoria-a-beca-menudos-corazones-de-investigacion-medica-2026\/#breadcrumb"},"inLanguage":"es","potentialAction":[{"@type":"ReadAction","target":["https:\/\/sindromecharge.es\/index.php\/2026\/04\/28\/abierta-la-convocatoria-a-beca-menudos-corazones-de-investigacion-medica-2026\/"]}]},{"@type":"ImageObject","inLanguage":"es","@id":"https:\/\/sindromecharge.es\/index.php\/2026\/04\/28\/abierta-la-convocatoria-a-beca-menudos-corazones-de-investigacion-medica-2026\/#primaryimage","url":"https:\/\/www.menudoscorazones.org\/wp-content\/uploads\/2026\/04\/menudos-corazones-madrid-068_web-1024x681.jpg","contentUrl":"https:\/\/www.menudoscorazones.org\/wp-content\/uploads\/2026\/04\/menudos-corazones-madrid-068_web-1024x681.jpg"},{"@type":"BreadcrumbList","@id":"https:\/\/sindromecharge.es\/index.php\/2026\/04\/28\/abierta-la-convocatoria-a-beca-menudos-corazones-de-investigacion-medica-2026\/#breadcrumb","itemListElement":[{"@type":"ListItem","position":1,"name":"Portada","item":"https:\/\/sindromecharge.es\/"},{"@type":"ListItem","position":2,"name":"Abierta la convocatoria a la IX Beca Menudos Corazones de Investigaci\u00f3n M\u00e9dica"}]},{"@type":"WebSite","@id":"https:\/\/sindromecharge.es\/#website","url":"https:\/\/sindromecharge.es\/","name":"Asociaci\u00f3n Espa\u00f1ola S\u00edndrome de Charge","description":"","potentialAction":[{"@type":"SearchAction","target":{"@type":"EntryPoint","urlTemplate":"https:\/\/sindromecharge.es\/?s={search_term_string}"},"query-input":{"@type":"PropertyValueSpecification","valueRequired":true,"valueName":"search_term_string"}}],"inLanguage":"es"},{"@type":"Person","@id":"https:\/\/sindromecharge.es\/#\/schema\/person\/39a60ebe0a2b4d5a11179701e336b039","name":"Charge","image":{"@type":"ImageObject","inLanguage":"es","@id":"https:\/\/secure.gravatar.com\/avatar\/c3b46e32a0fc3b093a0873fb767bf3293de856293065e84ef06b7ec7a8acfb98?s=96&d=identicon&r=x","url":"https:\/\/secure.gravatar.com\/avatar\/c3b46e32a0fc3b093a0873fb767bf3293de856293065e84ef06b7ec7a8acfb98?s=96&d=identicon&r=x","contentUrl":"https:\/\/secure.gravatar.com\/avatar\/c3b46e32a0fc3b093a0873fb767bf3293de856293065e84ef06b7ec7a8acfb98?s=96&d=identicon&r=x","caption":"Charge"},"url":"https:\/\/sindromecharge.es\/index.php\/author\/admin\/"}]}},"_links":{"self":[{"href":"https:\/\/sindromecharge.es\/index.php\/wp-json\/wp\/v2\/posts\/11446","targetHints":{"allow":["GET"]}}],"collection":[{"href":"https:\/\/sindromecharge.es\/index.php\/wp-json\/wp\/v2\/posts"}],"about":[{"href":"https:\/\/sindromecharge.es\/index.php\/wp-json\/wp\/v2\/types\/post"}],"author":[{"embeddable":true,"href":"https:\/\/sindromecharge.es\/index.php\/wp-json\/wp\/v2\/users\/1"}],"replies":[{"embeddable":true,"href":"https:\/\/sindromecharge.es\/index.php\/wp-json\/wp\/v2\/comments?post=11446"}],"version-history":[{"count":0,"href":"https:\/\/sindromecharge.es\/index.php\/wp-json\/wp\/v2\/posts\/11446\/revisions"}],"wp:attachment":[{"href":"https:\/\/sindromecharge.es\/index.php\/wp-json\/wp\/v2\/media?parent=11446"}],"wp:term":[{"taxonomy":"category","embeddable":true,"href":"https:\/\/sindromecharge.es\/index.php\/wp-json\/wp\/v2\/categories?post=11446"},{"taxonomy":"post_tag","embeddable":true,"href":"https:\/\/sindromecharge.es\/index.php\/wp-json\/wp\/v2\/tags?post=11446"}],"curies":[{"name":"wp","href":"https:\/\/api.w.org\/{rel}","templated":true}]}}