{"id":10941,"date":"2025-03-17T09:51:47","date_gmt":"2025-03-17T09:51:47","guid":{"rendered":"https:\/\/sindromecharge.es\/index.php\/2025\/03\/17\/psoe-defendera-este-martes-congreso-favorecer-realizacion-obras-accesibilidad-viviendas\/"},"modified":"2025-03-17T09:51:47","modified_gmt":"2025-03-17T09:51:47","slug":"psoe-defendera-este-martes-congreso-favorecer-realizacion-obras-accesibilidad-viviendas","status":"publish","type":"post","link":"https:\/\/sindromecharge.es\/index.php\/2025\/03\/17\/psoe-defendera-este-martes-congreso-favorecer-realizacion-obras-accesibilidad-viviendas\/","title":{"rendered":"El PSOE quiere cambios en la Ley de Propiedad Horizontal para mejorar la accesibilidad en viviendas"},"content":{"rendered":"<p>Leemos en Discapacidad la siguiente noticia que os reproducimos de forma \u00edntegra: <\/p>\n<div>\n<p>El Grupo Parlamentario Socialista defender\u00e1 este martes 18 de marzo en el Pleno del Congreso una Proposici\u00f3n no de Ley (PNL) por la que insta al Gobierno a <b>adaptar la Ley de Propiedad Horizontal a la Convenci\u00f3n sobre los derechos de las personas con <a href=\"https:\/\/www.20minutos.es\/noticia\/5691563\/0\/psoe-defendera-este-martes-congreso-favorecer-realizacion-obras-accesibilidad-viviendas\/\">discapacidad<\/a><\/b><a href=\"https:\/\/www.20minutos.es\/noticia\/5691563\/0\/psoe-defendera-este-martes-congreso-favorecer-realizacion-obras-accesibilidad-viviendas\/\"> <\/a>de la ONU para \u00abfavorecer la realizaci\u00f3n de obras de mejora de la accesibilidad en los edificios de vivienda constituidos en r\u00e9gimen de propiedad horizontal\u00bb.<\/p>\n<p>El PSOE propone en el texto de la PNL, a la que ha tenido acceso Europa Press, que esta adaptaci\u00f3n de la ley se realice en funci\u00f3n de las <b>conclusiones del Grupo de Trabajo t\u00e9cnico de Accesibilidad<\/b> que ha puesto en marcha el Ministerio de Vivienda y Agenda Urbana para estudiar las propuestas que sean necesarias para continuar avanzando en este sentido.<\/p>\n<p>En la exposici\u00f3n de motivos, el PSOE recuerda que la Convenci\u00f3n Internacional sobre los Derechos de las Personas con Discapacidad y su Protocolo Facultativo, aprobados el 13 de diciembre de 2006 por la <b>Asamblea General de las Naciones Unidas<\/b> (ONU), han sido firmados y ratificados por Espa\u00f1a, y forman parte integrante de su ordenamiento jur\u00eddico.<\/p>\n<p>Dicha Convenci\u00f3n, seg\u00fan precisa, establece que los estados parte adoptar\u00e1n medidas pertinentes para<b> asegurar el acceso de las personas con discapacidad, en igualdad de condiciones con las dem\u00e1s, al entorno f\u00edsico, el transporte, la informaci\u00f3n y las comunicaciones<\/b>, incluidos los sistemas y las tecnolog\u00edas de la informaci\u00f3n y las comunicaciones, y a otros servicios e instalaciones abiertos al p\u00fablico o de uso p\u00fablico, tanto en zonas urbanas como rurales.<\/p>\n<p>Seg\u00fan el PSOE, \u00ablas personas con discapacidad y las personas mayores, en muchas ocasiones<b> acceden con m\u00e1s dificultad a los bienes y servicios<\/b> b\u00e1sicos que deber\u00edan estar al alcance de cualquier ciudadano\u00bb. Adem\u00e1s, a\u00f1ade que <b>el caso de la vivienda es \u00abparadigm\u00e1tico\u00bb<\/b>, pues \u00aba los problemas generalizados con los que se topa gran parte de la ciudadan\u00eda, se a\u00f1aden, para las personas con movilidad reducida, los derivados de la falta de condiciones de accesibilidad del parque de edificios y viviendas\u00bb.<\/p>\n<p>\u00abSin accesibilidad, entendida en el sentido de la Convenci\u00f3n Internacional sobre los Derechos de las Personas con Discapacidad, <b>firmada y ratificada por Espa\u00f1a<\/b>, y plenamente vigente en nuestro pa\u00eds, el derecho a una vivienda digna se hace, para este grupo de poblaci\u00f3n, extremadamente dif\u00edcil o incluso <b>llega a verse vaciado de contenido\u00bb, advierten los socialistas<\/b>.<\/p>\n<p>Para favorecer esta accesibilidad, el PSOE pone de relieve que el ordenamiento jur\u00eddico espa\u00f1ol <b>ha desplegado medidas de acci\u00f3n positiva<\/b> como la Ley sobre Propiedad Horizontal, que \u00abha experimentado diversas modificaciones a lo largo del per\u00edodo democr\u00e1tico, se\u00f1alando una tendencia progresiva, como ocurre en los dem\u00e1s pa\u00edses europeos, hacia el objetivo de facilitar que se lleven a cabo las obras de accesibilidad\u00bb.<\/p>\n<p>En concreto, indica que en el a\u00f1o 2003,<b> se produjo \u00abun avance normativo relevante\u00bb<\/b> en esta materia, al obligar la Ley a las comunidades de propietarios a hacerse cargo de las obras y actuaciones de accesibilidad aunque <b>precisa que \u00absolo hasta un l\u00edmite\u00bb<\/b>.<\/p>\n<p>Dada<b> la \u00ablimitaci\u00f3n\u00bb de esta mejora<\/b>, en a\u00f1os posteriores, esa misma Ley ha experimentado modificaciones parciales relativas a la accesibilidad pero el PSOE se\u00f1ala que, \u00ab<b>siendo positivas<\/b>, siguen sin solventar la cuesti\u00f3n de fondo y es que el r\u00e9gimen legal de propiedad horizontal no garantiza plenamente el acceso de las personas con movilidad reducida a una vivienda\u00bb.<\/p>\n<p>Por ello, apuesta por completar estos progresos normativos con el objetivo de que \u00ab<b>las obras de accesibilidad tengan un tratamiento similar al de otras obligaciones<\/b> que asume la comunidad, como las derivadas de las condiciones estructurales, la estanqueidad, la habitabilidad y la seguridad\u00bb.<\/p>\n<\/div>\n<p>Fuente: Discapacidad https:\/\/www.20minutos.es\/noticia\/5691563\/0\/psoe-defendera-este-martes-congreso-favorecer-realizacion-obras-accesibilidad-viviendas\/<\/p>\n","protected":false},"excerpt":{"rendered":"<p>El Grupo Parlamentario Socialista defender\u00e1 este martes 18 de marzo en el Pleno del Congreso una Proposici\u00f3n no de Ley (PNL) por la que insta al Gobierno&#8230;<\/p>\n","protected":false},"author":1,"featured_media":0,"comment_status":"closed","ping_status":"closed","sticky":false,"template":"","format":"standard","meta":{"footnotes":""},"categories":[8],"tags":[],"class_list":["post-10941","post","type-post","status-publish","format-standard","hentry","category-noticias"],"yoast_head":"<!-- This site is optimized with the Yoast SEO plugin v27.4 - https:\/\/yoast.com\/product\/yoast-seo-wordpress\/ -->\n<title>El PSOE quiere cambios en la Ley de Propiedad Horizontal para mejorar la accesibilidad en viviendas - Asociaci\u00f3n Espa\u00f1ola S\u00edndrome de Charge<\/title>\n<meta name=\"robots\" content=\"index, follow, max-snippet:-1, max-image-preview:large, max-video-preview:-1\" \/>\n<link rel=\"canonical\" href=\"https:\/\/sindromecharge.es\/index.php\/2025\/03\/17\/psoe-defendera-este-martes-congreso-favorecer-realizacion-obras-accesibilidad-viviendas\/\" \/>\n<meta property=\"og:locale\" content=\"es_ES\" \/>\n<meta property=\"og:type\" content=\"article\" \/>\n<meta property=\"og:title\" content=\"El PSOE quiere cambios en la Ley de Propiedad Horizontal para mejorar la accesibilidad en viviendas - Asociaci\u00f3n Espa\u00f1ola S\u00edndrome de Charge\" \/>\n<meta property=\"og:description\" content=\"El Grupo Parlamentario Socialista defender\u00e1 este martes 18 de marzo en el Pleno del Congreso una Proposici\u00f3n no de Ley (PNL) por la que insta al Gobierno&#8230;\" \/>\n<meta property=\"og:url\" content=\"https:\/\/sindromecharge.es\/index.php\/2025\/03\/17\/psoe-defendera-este-martes-congreso-favorecer-realizacion-obras-accesibilidad-viviendas\/\" \/>\n<meta property=\"og:site_name\" content=\"Asociaci\u00f3n Espa\u00f1ola S\u00edndrome de Charge\" \/>\n<meta property=\"article:publisher\" content=\"https:\/\/www.facebook.com\/asociacionsindromecharge\" \/>\n<meta property=\"article:published_time\" content=\"2025-03-17T09:51:47+00:00\" \/>\n<meta property=\"og:image\" content=\"https:\/\/sindromecharge.es\/wp-content\/uploads\/2013\/09\/logodecharge300x98.png\" \/>\n\t<meta property=\"og:image:width\" content=\"300\" \/>\n\t<meta property=\"og:image:height\" content=\"98\" \/>\n\t<meta property=\"og:image:type\" content=\"image\/png\" \/>\n<meta name=\"author\" content=\"Charge\" \/>\n<meta name=\"twitter:card\" content=\"summary_large_image\" \/>\n<meta name=\"twitter:creator\" content=\"@sindromecharge\" \/>\n<meta name=\"twitter:site\" content=\"@sindromecharge\" \/>\n<meta name=\"twitter:label1\" content=\"Escrito por\" \/>\n\t<meta name=\"twitter:data1\" content=\"Charge\" \/>\n\t<meta name=\"twitter:label2\" content=\"Tiempo de lectura\" \/>\n\t<meta name=\"twitter:data2\" content=\"3 minutos\" \/>\n<script type=\"application\/ld+json\" class=\"yoast-schema-graph\">{\"@context\":\"https:\\\/\\\/schema.org\",\"@graph\":[{\"@type\":\"Article\",\"@id\":\"https:\\\/\\\/sindromecharge.es\\\/index.php\\\/2025\\\/03\\\/17\\\/psoe-defendera-este-martes-congreso-favorecer-realizacion-obras-accesibilidad-viviendas\\\/#article\",\"isPartOf\":{\"@id\":\"https:\\\/\\\/sindromecharge.es\\\/index.php\\\/2025\\\/03\\\/17\\\/psoe-defendera-este-martes-congreso-favorecer-realizacion-obras-accesibilidad-viviendas\\\/\"},\"author\":{\"name\":\"Charge\",\"@id\":\"https:\\\/\\\/sindromecharge.es\\\/#\\\/schema\\\/person\\\/39a60ebe0a2b4d5a11179701e336b039\"},\"headline\":\"El PSOE quiere cambios en la Ley de Propiedad Horizontal para mejorar la accesibilidad en viviendas\",\"datePublished\":\"2025-03-17T09:51:47+00:00\",\"mainEntityOfPage\":{\"@id\":\"https:\\\/\\\/sindromecharge.es\\\/index.php\\\/2025\\\/03\\\/17\\\/psoe-defendera-este-martes-congreso-favorecer-realizacion-obras-accesibilidad-viviendas\\\/\"},\"wordCount\":678,\"articleSection\":[\"noticias\"],\"inLanguage\":\"es\"},{\"@type\":\"WebPage\",\"@id\":\"https:\\\/\\\/sindromecharge.es\\\/index.php\\\/2025\\\/03\\\/17\\\/psoe-defendera-este-martes-congreso-favorecer-realizacion-obras-accesibilidad-viviendas\\\/\",\"url\":\"https:\\\/\\\/sindromecharge.es\\\/index.php\\\/2025\\\/03\\\/17\\\/psoe-defendera-este-martes-congreso-favorecer-realizacion-obras-accesibilidad-viviendas\\\/\",\"name\":\"El PSOE quiere cambios en la Ley de Propiedad Horizontal para mejorar la accesibilidad en viviendas - Asociaci\u00f3n Espa\u00f1ola S\u00edndrome de Charge\",\"isPartOf\":{\"@id\":\"https:\\\/\\\/sindromecharge.es\\\/#website\"},\"datePublished\":\"2025-03-17T09:51:47+00:00\",\"author\":{\"@id\":\"https:\\\/\\\/sindromecharge.es\\\/#\\\/schema\\\/person\\\/39a60ebe0a2b4d5a11179701e336b039\"},\"breadcrumb\":{\"@id\":\"https:\\\/\\\/sindromecharge.es\\\/index.php\\\/2025\\\/03\\\/17\\\/psoe-defendera-este-martes-congreso-favorecer-realizacion-obras-accesibilidad-viviendas\\\/#breadcrumb\"},\"inLanguage\":\"es\",\"potentialAction\":[{\"@type\":\"ReadAction\",\"target\":[\"https:\\\/\\\/sindromecharge.es\\\/index.php\\\/2025\\\/03\\\/17\\\/psoe-defendera-este-martes-congreso-favorecer-realizacion-obras-accesibilidad-viviendas\\\/\"]}]},{\"@type\":\"BreadcrumbList\",\"@id\":\"https:\\\/\\\/sindromecharge.es\\\/index.php\\\/2025\\\/03\\\/17\\\/psoe-defendera-este-martes-congreso-favorecer-realizacion-obras-accesibilidad-viviendas\\\/#breadcrumb\",\"itemListElement\":[{\"@type\":\"ListItem\",\"position\":1,\"name\":\"Portada\",\"item\":\"https:\\\/\\\/sindromecharge.es\\\/\"},{\"@type\":\"ListItem\",\"position\":2,\"name\":\"El PSOE quiere cambios en la Ley de Propiedad Horizontal para mejorar la accesibilidad en viviendas\"}]},{\"@type\":\"WebSite\",\"@id\":\"https:\\\/\\\/sindromecharge.es\\\/#website\",\"url\":\"https:\\\/\\\/sindromecharge.es\\\/\",\"name\":\"Asociaci\u00f3n Espa\u00f1ola S\u00edndrome de Charge\",\"description\":\"\",\"potentialAction\":[{\"@type\":\"SearchAction\",\"target\":{\"@type\":\"EntryPoint\",\"urlTemplate\":\"https:\\\/\\\/sindromecharge.es\\\/?s={search_term_string}\"},\"query-input\":{\"@type\":\"PropertyValueSpecification\",\"valueRequired\":true,\"valueName\":\"search_term_string\"}}],\"inLanguage\":\"es\"},{\"@type\":\"Person\",\"@id\":\"https:\\\/\\\/sindromecharge.es\\\/#\\\/schema\\\/person\\\/39a60ebe0a2b4d5a11179701e336b039\",\"name\":\"Charge\",\"image\":{\"@type\":\"ImageObject\",\"inLanguage\":\"es\",\"@id\":\"https:\\\/\\\/secure.gravatar.com\\\/avatar\\\/c3b46e32a0fc3b093a0873fb767bf3293de856293065e84ef06b7ec7a8acfb98?s=96&d=identicon&r=x\",\"url\":\"https:\\\/\\\/secure.gravatar.com\\\/avatar\\\/c3b46e32a0fc3b093a0873fb767bf3293de856293065e84ef06b7ec7a8acfb98?s=96&d=identicon&r=x\",\"contentUrl\":\"https:\\\/\\\/secure.gravatar.com\\\/avatar\\\/c3b46e32a0fc3b093a0873fb767bf3293de856293065e84ef06b7ec7a8acfb98?s=96&d=identicon&r=x\",\"caption\":\"Charge\"},\"url\":\"https:\\\/\\\/sindromecharge.es\\\/index.php\\\/author\\\/admin\\\/\"}]}<\/script>\n<!-- \/ Yoast SEO plugin. -->","yoast_head_json":{"title":"El PSOE quiere cambios en la Ley de Propiedad Horizontal para mejorar la accesibilidad en viviendas - Asociaci\u00f3n Espa\u00f1ola S\u00edndrome de Charge","robots":{"index":"index","follow":"follow","max-snippet":"max-snippet:-1","max-image-preview":"max-image-preview:large","max-video-preview":"max-video-preview:-1"},"canonical":"https:\/\/sindromecharge.es\/index.php\/2025\/03\/17\/psoe-defendera-este-martes-congreso-favorecer-realizacion-obras-accesibilidad-viviendas\/","og_locale":"es_ES","og_type":"article","og_title":"El PSOE quiere cambios en la Ley de Propiedad Horizontal para mejorar la accesibilidad en viviendas - Asociaci\u00f3n Espa\u00f1ola S\u00edndrome de Charge","og_description":"El Grupo Parlamentario Socialista defender\u00e1 este martes 18 de marzo en el Pleno del Congreso una Proposici\u00f3n no de Ley (PNL) por la que insta al Gobierno&#8230;","og_url":"https:\/\/sindromecharge.es\/index.php\/2025\/03\/17\/psoe-defendera-este-martes-congreso-favorecer-realizacion-obras-accesibilidad-viviendas\/","og_site_name":"Asociaci\u00f3n Espa\u00f1ola S\u00edndrome de Charge","article_publisher":"https:\/\/www.facebook.com\/asociacionsindromecharge","article_published_time":"2025-03-17T09:51:47+00:00","og_image":[{"width":300,"height":98,"url":"https:\/\/sindromecharge.es\/wp-content\/uploads\/2013\/09\/logodecharge300x98.png","type":"image\/png"}],"author":"Charge","twitter_card":"summary_large_image","twitter_creator":"@sindromecharge","twitter_site":"@sindromecharge","twitter_misc":{"Escrito por":"Charge","Tiempo de lectura":"3 minutos"},"schema":{"@context":"https:\/\/schema.org","@graph":[{"@type":"Article","@id":"https:\/\/sindromecharge.es\/index.php\/2025\/03\/17\/psoe-defendera-este-martes-congreso-favorecer-realizacion-obras-accesibilidad-viviendas\/#article","isPartOf":{"@id":"https:\/\/sindromecharge.es\/index.php\/2025\/03\/17\/psoe-defendera-este-martes-congreso-favorecer-realizacion-obras-accesibilidad-viviendas\/"},"author":{"name":"Charge","@id":"https:\/\/sindromecharge.es\/#\/schema\/person\/39a60ebe0a2b4d5a11179701e336b039"},"headline":"El PSOE quiere cambios en la Ley de Propiedad Horizontal para mejorar la accesibilidad en viviendas","datePublished":"2025-03-17T09:51:47+00:00","mainEntityOfPage":{"@id":"https:\/\/sindromecharge.es\/index.php\/2025\/03\/17\/psoe-defendera-este-martes-congreso-favorecer-realizacion-obras-accesibilidad-viviendas\/"},"wordCount":678,"articleSection":["noticias"],"inLanguage":"es"},{"@type":"WebPage","@id":"https:\/\/sindromecharge.es\/index.php\/2025\/03\/17\/psoe-defendera-este-martes-congreso-favorecer-realizacion-obras-accesibilidad-viviendas\/","url":"https:\/\/sindromecharge.es\/index.php\/2025\/03\/17\/psoe-defendera-este-martes-congreso-favorecer-realizacion-obras-accesibilidad-viviendas\/","name":"El PSOE quiere cambios en la Ley de Propiedad Horizontal para mejorar la accesibilidad en viviendas - Asociaci\u00f3n Espa\u00f1ola S\u00edndrome de Charge","isPartOf":{"@id":"https:\/\/sindromecharge.es\/#website"},"datePublished":"2025-03-17T09:51:47+00:00","author":{"@id":"https:\/\/sindromecharge.es\/#\/schema\/person\/39a60ebe0a2b4d5a11179701e336b039"},"breadcrumb":{"@id":"https:\/\/sindromecharge.es\/index.php\/2025\/03\/17\/psoe-defendera-este-martes-congreso-favorecer-realizacion-obras-accesibilidad-viviendas\/#breadcrumb"},"inLanguage":"es","potentialAction":[{"@type":"ReadAction","target":["https:\/\/sindromecharge.es\/index.php\/2025\/03\/17\/psoe-defendera-este-martes-congreso-favorecer-realizacion-obras-accesibilidad-viviendas\/"]}]},{"@type":"BreadcrumbList","@id":"https:\/\/sindromecharge.es\/index.php\/2025\/03\/17\/psoe-defendera-este-martes-congreso-favorecer-realizacion-obras-accesibilidad-viviendas\/#breadcrumb","itemListElement":[{"@type":"ListItem","position":1,"name":"Portada","item":"https:\/\/sindromecharge.es\/"},{"@type":"ListItem","position":2,"name":"El PSOE quiere cambios en la Ley de Propiedad Horizontal para mejorar la accesibilidad en viviendas"}]},{"@type":"WebSite","@id":"https:\/\/sindromecharge.es\/#website","url":"https:\/\/sindromecharge.es\/","name":"Asociaci\u00f3n Espa\u00f1ola S\u00edndrome de Charge","description":"","potentialAction":[{"@type":"SearchAction","target":{"@type":"EntryPoint","urlTemplate":"https:\/\/sindromecharge.es\/?s={search_term_string}"},"query-input":{"@type":"PropertyValueSpecification","valueRequired":true,"valueName":"search_term_string"}}],"inLanguage":"es"},{"@type":"Person","@id":"https:\/\/sindromecharge.es\/#\/schema\/person\/39a60ebe0a2b4d5a11179701e336b039","name":"Charge","image":{"@type":"ImageObject","inLanguage":"es","@id":"https:\/\/secure.gravatar.com\/avatar\/c3b46e32a0fc3b093a0873fb767bf3293de856293065e84ef06b7ec7a8acfb98?s=96&d=identicon&r=x","url":"https:\/\/secure.gravatar.com\/avatar\/c3b46e32a0fc3b093a0873fb767bf3293de856293065e84ef06b7ec7a8acfb98?s=96&d=identicon&r=x","contentUrl":"https:\/\/secure.gravatar.com\/avatar\/c3b46e32a0fc3b093a0873fb767bf3293de856293065e84ef06b7ec7a8acfb98?s=96&d=identicon&r=x","caption":"Charge"},"url":"https:\/\/sindromecharge.es\/index.php\/author\/admin\/"}]}},"_links":{"self":[{"href":"https:\/\/sindromecharge.es\/index.php\/wp-json\/wp\/v2\/posts\/10941","targetHints":{"allow":["GET"]}}],"collection":[{"href":"https:\/\/sindromecharge.es\/index.php\/wp-json\/wp\/v2\/posts"}],"about":[{"href":"https:\/\/sindromecharge.es\/index.php\/wp-json\/wp\/v2\/types\/post"}],"author":[{"embeddable":true,"href":"https:\/\/sindromecharge.es\/index.php\/wp-json\/wp\/v2\/users\/1"}],"replies":[{"embeddable":true,"href":"https:\/\/sindromecharge.es\/index.php\/wp-json\/wp\/v2\/comments?post=10941"}],"version-history":[{"count":0,"href":"https:\/\/sindromecharge.es\/index.php\/wp-json\/wp\/v2\/posts\/10941\/revisions"}],"wp:attachment":[{"href":"https:\/\/sindromecharge.es\/index.php\/wp-json\/wp\/v2\/media?parent=10941"}],"wp:term":[{"taxonomy":"category","embeddable":true,"href":"https:\/\/sindromecharge.es\/index.php\/wp-json\/wp\/v2\/categories?post=10941"},{"taxonomy":"post_tag","embeddable":true,"href":"https:\/\/sindromecharge.es\/index.php\/wp-json\/wp\/v2\/tags?post=10941"}],"curies":[{"name":"wp","href":"https:\/\/api.w.org\/{rel}","templated":true}]}}