{"id":10939,"date":"2025-03-16T07:53:47","date_gmt":"2025-03-16T07:53:47","guid":{"rendered":"https:\/\/sindromecharge.es\/index.php\/2025\/03\/16\/vivienda-aun-mas-inaccesible-para-las-personas-con-discapacidad-intelectual-7-cada-10-viven-con-sus-familias\/"},"modified":"2025-03-16T07:53:47","modified_gmt":"2025-03-16T07:53:47","slug":"vivienda-aun-mas-inaccesible-para-las-personas-con-discapacidad-intelectual-7-cada-10-viven-con-sus-familias","status":"publish","type":"post","link":"https:\/\/sindromecharge.es\/index.php\/2025\/03\/16\/vivienda-aun-mas-inaccesible-para-las-personas-con-discapacidad-intelectual-7-cada-10-viven-con-sus-familias\/","title":{"rendered":"El dif\u00edcil reto de emanciparse teniendo discapacidad intelectual: 7 de cada 10 viven con sus familias"},"content":{"rendered":"<p>Leemos en Discapacidad la siguiente noticia que os reproducimos de forma \u00edntegra: <\/p>\n<div>\n<p>En Espa\u00f1a hay unas 300.000 personas con <a href=\"https:\/\/www.20minutos.es\/minuteca\/discapacidad-intelectual\/\" title=\"Discapacidad intelectual\" target=\"_blank\">discapacidad intelectual<\/a> que, para poder tener una vida independiente, <b>requieren de apoyos personalizados<\/b> para la realizaci\u00f3n de sus actividades de la vida diaria.<\/p>\n<p>Seg\u00fan el estudio <b><a href=\"https:\/\/www.pwc.es\/es\/fundacion\/construyendo-hogares-acceso-vivienda-personas-discapacidad-intelectual.html\" target=\"_blank\" rel=\"nofollow\">\u00abConstruyendo hogares: el acceso a la vivienda de las personas con discapacidad intelectual\u00bb<\/a><\/b>, realizado y presentado por la <b>Fundaci\u00f3n PwC y la Fundaci\u00f3n \u00c1lex Rivera<\/b>, estas personas no acceden a una vivienda tan f\u00e1cilmente como desear\u00edan. De hecho, casi el 70% sigue viviendo con su familia a pesar de que casi la mitad de ellos -el 45,5%- desear\u00eda vivir de manera independiente, y solo el<b> 5,4% vive en su propia casa<\/b>.<\/p>\n<p>Entre los <b>obst\u00e1culos <\/b>que complica su independencia, los <b>econ\u00f3micos <\/b>-pues apenas el 22 % de ellos tiene un trabajo remunerado y los que lo tienen ganan muy poco- o <b>personales<\/b>, como la<b> falta de autonom\u00eda<\/b> y la escasez de recursos. De hecho, los que no trabajan,<b> apenas reciben ayudas<\/b>, pues solo el 37% recibe ayudas econ\u00f3micas, y de una media de 413 euros al mes, principalmente prestaci\u00f3n por hijo a cargo, pensi\u00f3n por orfandad o la<a href=\"https:\/\/www.20minutos.es\/minuteca\/ley-de-dependencia\/\" title=\"Ley de Dependencia\" target=\"_blank\"> ley de dependencia<\/a>, entre otros.<\/p>\n<h2>\u00bfD\u00f3nde viven?<\/h2>\n<p>La encuesta llevada a cabo por la Fundaci\u00f3n PwC y la Fundaci\u00f3n \u00c1lex Rivera desvela que casi 7 de cada 10 personas con discapacidad intelectual, el 68,2%, viven familia y que <b>s\u00f3lo el 20,3% viven en viviendas no institucionales <\/b>(pisos tutelados -6,8%-, supervisados -6,8%-, de entrenamiento -2,7%, o propios -5,4%-). El resto, el 10,8%, vive en residencias institucionalizadas.<\/p>\n<p><b>Un 59% de ellos requiere de apoyos extensos o generalizados<\/b> con alta frecuencia e intensidad para realizar las actividades de la vida diaria, sea cual sea la tipolog\u00eda de vivienda en la que habite, y solo el 11% asegura no necesitar apoyos. Es decir, que<b> no siempre las personas que m\u00e1s apoyo necesitan viven con su familia o en residencias<\/b>, sino que la <b>desinstitucionalizaci\u00f3n <\/b>y la vida independiente no est\u00e1n reservados \u00fanicamente a los que presentan una mayor autonom\u00eda, sino que tambi\u00e9n es una opci\u00f3n viable para quienes presentan mayores necesidades de apoyo.<\/p>\n<p>El modelo de convivencia es muy dispar en los diferentes modelos de vivienda. En instituciones, el 91% convive con 10 o m\u00e1s personas, mientras que tanto en los modelos de vivienda no institucionales como en las viviendas familiares esta cifra se reduce significativamente a 2-3 personas, reflejando que<b> las viviendas no institucionales y las familiares ofrecen entornos m\u00e1s reducidos<\/b> y personalizados.<\/p>\n<p>En cuanto a la<b> situaci\u00f3n laboral <\/b>de las personas con<a href=\"https:\/\/www.20minutos.es\/minuteca\/discapacidad\/\" title=\"Discapacidad\" target=\"_blank\"> discapacidad<\/a> intelectual en relaci\u00f3n a d\u00f3nde viven, seg\u00fan este estudio, las que residen en viviendas no institucionales presentan<b> la mayor tasa de inserci\u00f3n y mejores condiciones laborales<\/b>, con un 31% de empleabilidad, en comparaci\u00f3n con el 4% que viven en residencias y el 14% en la vivienda familiar. Adem\u00e1s, el 83% de las personas con trabajo que residen en viviendas no institucionales cuentan con un contrato fijo y tiene, de media, mejores salarios.<\/p>\n<h2>\u00bfD\u00f3nde quieren vivir?<\/h2>\n<p><b>Casi la mitad<\/b> de los encuestados, un 45,5%<b>, desear\u00edan vivir de manera independiente o en una vivienda desestitucionalizada<\/b>. Sin embargo, solo el 20% lo hace. Entre los motivos principales, adem\u00e1s de los motivos econ\u00f3micos, no haberse planteado una mayor independencia o la percepci\u00f3n de <b>no tener suficiente autonom\u00eda<\/b>, pues el 61% de las personas que viven en estos entornos manifiestan necesitar apoyos extensos o generalizados. A pesar de ello, el 39% de las personas con discapacidad que viven en residencias aseguran que s\u00ed<b> les gustar\u00eda vivir en viviendas institucionales<\/b>.<\/p>\n<p>Las que residen en la vivienda familiar, pese a mostrar satisfacci\u00f3n con su vivienda, resaltan no haberse planteado la vivienda no institucional por <b>motivos econ\u00f3micos<\/b> o por la falta de plazas disponibles, factores directamente relacionados con las barreras econ\u00f3micas. De hecho, el coste de vida en una vivienda no institucional es, en general, superior a las ayudas que reciben, pues en algunos casos, puede superar los 1.400 euros mensuales.<\/p>\n<p>En cuanto a nivel de satisfacci\u00f3n, son <b>las viviendas no institucionales<\/b> -el 98% de ellas gestionadas por asociaciones que prestan apoyos- las que <b>generan una mayor sensaci\u00f3n de bienestar<\/b> entre las personas usuarias. De acuerdo con un estudio realizado por ASPRODEMA en 2017, en los modelos de vivienda no institucionales se obtuvieron puntuaciones m\u00e1s altas de calidad de vida (60%), en comparaci\u00f3n con las viviendas institucionales, como las residencias (40%) o las residencias hogar (24%).<\/p>\n<p>Por otro lado, tanto en las viviendas de un familiar como en las propias existe una<b> mayor libertad para elegir compa\u00f1eros<\/b> de piso en comparaci\u00f3n con las viviendas gestionadas por entidades. A pesar de ello, esta menor capacidad de elecci\u00f3n no influye en los niveles de satisfacci\u00f3n con los compa\u00f1eros de vivienda, manteni\u00e9ndose altos.<\/p>\n<h2>Retos para mejorar el acceso a la vivienda <\/h2>\n<p>Muchos son los retos que tenemos por delante para<b> mejorar el acceso a la vivienda de las personas con discapacidad<\/b>, retos que, desde este estudio proponen superar mediante una <b>mayor inversi\u00f3n p\u00fablica y con colaboraci\u00f3n p\u00fablico-privada<\/b>. Proponen, por un lado, la necesidad de llevar a cabo medidas urgentes para impulsar cambios significativos en la transici\u00f3n a modelos comunitarios e inclusivos de vivienda, y por otro, el <b>aumento del parque p\u00fablico de viviendas con precios sociales<\/b> y modificando las bases de planes de vivienda p\u00fablicos para que las personas con discapacidad intelectual, sus familias o entidades sociales puedan acceder m\u00e1s f\u00e1cilmente a ellos.<\/p>\n<p>En cuanto al sector privado, sugieren que<b> se creen incentivos para las entidades inmobiliarias <\/b>(promotoras, grandes tenedores o gestoras) <b>reserven parte de su cartera a viviendas <\/b>para personas con discapacidad intelectual. \u00abLas promotoras de vivienda, los grandes tenedores y las administraciones p\u00fablicas pueden tener un rol clave facilitando el acceso a vivienda a las personas con discapacidad intelectual. <b>Soluciones tecnol\u00f3gicas innovadoras<\/b> pueden facilitar la vida independiente de las personas a la vez que reducen el coste asociado. En otros pa\u00edses de Europa como Noruega, Suecia, Finlandia y Dinamarca, ya se han implementado con \u00e9xito modelos de viviendas no institucionales y apoyos personalizados sin instituciones\u00bb, explica Carlos Rivera, presidente de Fundaci\u00f3n \u00c1lex Rivera.<\/p>\n<p>Sin embargo, nada de esto ser\u00eda posible si antes no se pregunta ni se cuenta con las propias personas con discapacidad y sus familias, \u00abal empezar a trabajar en el informe, nos dimos cuenta de que<b> es la primera vez que se visibilizan estos datos sobre el acceso a la vivienda <\/b>de personas con discapacidad intelectual. En la mayor\u00eda de los casos, no se ha hecho nada por puro desconocimiento del problema. Conforme trabaj\u00e1bamos en el documento hemos detectado que muchas empresas est\u00e1n interesadas en colaborar para ofrecer soluciones a este colectivo\u00bb, explica Miren Teller\u00eda, socia responsable del sector Real Estate de PwC Espa\u00f1a y responsable del informe, \u00abes importante reflexionar sobre estas conclusiones y oportunidades que vienen directamente de dar voz a las personas con discapacidad intelectual y que son clave para <b>sensibilizar sobre la importancia de la desinstitucionalizaci\u00f3n <\/b>y la vida independiente de las personas con discapacidad intelectual\u00bb, destaca.<\/p>\n<\/div>\n<p>Fuente: Discapacidad https:\/\/www.20minutos.es\/noticia\/5690282\/0\/vivienda-aun-mas-inaccesible-para-las-personas-con-discapacidad-intelectual-7-cada-10-viven-con-sus-familias\/<\/p>\n","protected":false},"excerpt":{"rendered":"<p>Es la primera vez que se visibilizan datos sobre el acceso a la vivienda de personas con discapacidad intelectual.<\/p>\n","protected":false},"author":1,"featured_media":0,"comment_status":"closed","ping_status":"closed","sticky":false,"template":"","format":"standard","meta":{"footnotes":""},"categories":[8],"tags":[],"class_list":["post-10939","post","type-post","status-publish","format-standard","hentry","category-noticias"],"yoast_head":"<!-- This site is optimized with the Yoast SEO plugin v27.4 - https:\/\/yoast.com\/product\/yoast-seo-wordpress\/ -->\n<title>El dif\u00edcil reto de emanciparse teniendo discapacidad intelectual: 7 de cada 10 viven con sus familias - Asociaci\u00f3n Espa\u00f1ola S\u00edndrome de Charge<\/title>\n<meta name=\"robots\" content=\"index, follow, max-snippet:-1, max-image-preview:large, max-video-preview:-1\" \/>\n<link rel=\"canonical\" href=\"https:\/\/sindromecharge.es\/index.php\/2025\/03\/16\/vivienda-aun-mas-inaccesible-para-las-personas-con-discapacidad-intelectual-7-cada-10-viven-con-sus-familias\/\" \/>\n<meta property=\"og:locale\" content=\"es_ES\" \/>\n<meta property=\"og:type\" content=\"article\" \/>\n<meta property=\"og:title\" content=\"El dif\u00edcil reto de emanciparse teniendo discapacidad intelectual: 7 de cada 10 viven con sus familias - Asociaci\u00f3n Espa\u00f1ola S\u00edndrome de Charge\" \/>\n<meta property=\"og:description\" content=\"Es la primera vez que se visibilizan datos sobre el acceso a la vivienda de personas con discapacidad intelectual.\" \/>\n<meta property=\"og:url\" content=\"https:\/\/sindromecharge.es\/index.php\/2025\/03\/16\/vivienda-aun-mas-inaccesible-para-las-personas-con-discapacidad-intelectual-7-cada-10-viven-con-sus-familias\/\" \/>\n<meta property=\"og:site_name\" content=\"Asociaci\u00f3n Espa\u00f1ola S\u00edndrome de Charge\" \/>\n<meta property=\"article:publisher\" content=\"https:\/\/www.facebook.com\/asociacionsindromecharge\" \/>\n<meta property=\"article:published_time\" content=\"2025-03-16T07:53:47+00:00\" \/>\n<meta property=\"og:image\" content=\"https:\/\/sindromecharge.es\/wp-content\/uploads\/2013\/09\/logodecharge300x98.png\" \/>\n\t<meta property=\"og:image:width\" content=\"300\" \/>\n\t<meta property=\"og:image:height\" content=\"98\" \/>\n\t<meta property=\"og:image:type\" content=\"image\/png\" \/>\n<meta name=\"author\" content=\"Charge\" \/>\n<meta name=\"twitter:card\" content=\"summary_large_image\" \/>\n<meta name=\"twitter:creator\" content=\"@sindromecharge\" \/>\n<meta name=\"twitter:site\" content=\"@sindromecharge\" \/>\n<meta name=\"twitter:label1\" content=\"Escrito por\" \/>\n\t<meta name=\"twitter:data1\" content=\"Charge\" \/>\n\t<meta name=\"twitter:label2\" content=\"Tiempo de lectura\" \/>\n\t<meta name=\"twitter:data2\" content=\"6 minutos\" \/>\n<script type=\"application\/ld+json\" class=\"yoast-schema-graph\">{\"@context\":\"https:\\\/\\\/schema.org\",\"@graph\":[{\"@type\":\"Article\",\"@id\":\"https:\\\/\\\/sindromecharge.es\\\/index.php\\\/2025\\\/03\\\/16\\\/vivienda-aun-mas-inaccesible-para-las-personas-con-discapacidad-intelectual-7-cada-10-viven-con-sus-familias\\\/#article\",\"isPartOf\":{\"@id\":\"https:\\\/\\\/sindromecharge.es\\\/index.php\\\/2025\\\/03\\\/16\\\/vivienda-aun-mas-inaccesible-para-las-personas-con-discapacidad-intelectual-7-cada-10-viven-con-sus-familias\\\/\"},\"author\":{\"name\":\"Charge\",\"@id\":\"https:\\\/\\\/sindromecharge.es\\\/#\\\/schema\\\/person\\\/39a60ebe0a2b4d5a11179701e336b039\"},\"headline\":\"El dif\u00edcil reto de emanciparse teniendo discapacidad intelectual: 7 de cada 10 viven con sus familias\",\"datePublished\":\"2025-03-16T07:53:47+00:00\",\"mainEntityOfPage\":{\"@id\":\"https:\\\/\\\/sindromecharge.es\\\/index.php\\\/2025\\\/03\\\/16\\\/vivienda-aun-mas-inaccesible-para-las-personas-con-discapacidad-intelectual-7-cada-10-viven-con-sus-familias\\\/\"},\"wordCount\":1229,\"articleSection\":[\"noticias\"],\"inLanguage\":\"es\"},{\"@type\":\"WebPage\",\"@id\":\"https:\\\/\\\/sindromecharge.es\\\/index.php\\\/2025\\\/03\\\/16\\\/vivienda-aun-mas-inaccesible-para-las-personas-con-discapacidad-intelectual-7-cada-10-viven-con-sus-familias\\\/\",\"url\":\"https:\\\/\\\/sindromecharge.es\\\/index.php\\\/2025\\\/03\\\/16\\\/vivienda-aun-mas-inaccesible-para-las-personas-con-discapacidad-intelectual-7-cada-10-viven-con-sus-familias\\\/\",\"name\":\"El dif\u00edcil reto de emanciparse teniendo discapacidad intelectual: 7 de cada 10 viven con sus familias - Asociaci\u00f3n Espa\u00f1ola S\u00edndrome de Charge\",\"isPartOf\":{\"@id\":\"https:\\\/\\\/sindromecharge.es\\\/#website\"},\"datePublished\":\"2025-03-16T07:53:47+00:00\",\"author\":{\"@id\":\"https:\\\/\\\/sindromecharge.es\\\/#\\\/schema\\\/person\\\/39a60ebe0a2b4d5a11179701e336b039\"},\"breadcrumb\":{\"@id\":\"https:\\\/\\\/sindromecharge.es\\\/index.php\\\/2025\\\/03\\\/16\\\/vivienda-aun-mas-inaccesible-para-las-personas-con-discapacidad-intelectual-7-cada-10-viven-con-sus-familias\\\/#breadcrumb\"},\"inLanguage\":\"es\",\"potentialAction\":[{\"@type\":\"ReadAction\",\"target\":[\"https:\\\/\\\/sindromecharge.es\\\/index.php\\\/2025\\\/03\\\/16\\\/vivienda-aun-mas-inaccesible-para-las-personas-con-discapacidad-intelectual-7-cada-10-viven-con-sus-familias\\\/\"]}]},{\"@type\":\"BreadcrumbList\",\"@id\":\"https:\\\/\\\/sindromecharge.es\\\/index.php\\\/2025\\\/03\\\/16\\\/vivienda-aun-mas-inaccesible-para-las-personas-con-discapacidad-intelectual-7-cada-10-viven-con-sus-familias\\\/#breadcrumb\",\"itemListElement\":[{\"@type\":\"ListItem\",\"position\":1,\"name\":\"Portada\",\"item\":\"https:\\\/\\\/sindromecharge.es\\\/\"},{\"@type\":\"ListItem\",\"position\":2,\"name\":\"El dif\u00edcil reto de emanciparse teniendo discapacidad intelectual: 7 de cada 10 viven con sus familias\"}]},{\"@type\":\"WebSite\",\"@id\":\"https:\\\/\\\/sindromecharge.es\\\/#website\",\"url\":\"https:\\\/\\\/sindromecharge.es\\\/\",\"name\":\"Asociaci\u00f3n Espa\u00f1ola S\u00edndrome de Charge\",\"description\":\"\",\"potentialAction\":[{\"@type\":\"SearchAction\",\"target\":{\"@type\":\"EntryPoint\",\"urlTemplate\":\"https:\\\/\\\/sindromecharge.es\\\/?s={search_term_string}\"},\"query-input\":{\"@type\":\"PropertyValueSpecification\",\"valueRequired\":true,\"valueName\":\"search_term_string\"}}],\"inLanguage\":\"es\"},{\"@type\":\"Person\",\"@id\":\"https:\\\/\\\/sindromecharge.es\\\/#\\\/schema\\\/person\\\/39a60ebe0a2b4d5a11179701e336b039\",\"name\":\"Charge\",\"image\":{\"@type\":\"ImageObject\",\"inLanguage\":\"es\",\"@id\":\"https:\\\/\\\/secure.gravatar.com\\\/avatar\\\/c3b46e32a0fc3b093a0873fb767bf3293de856293065e84ef06b7ec7a8acfb98?s=96&d=identicon&r=x\",\"url\":\"https:\\\/\\\/secure.gravatar.com\\\/avatar\\\/c3b46e32a0fc3b093a0873fb767bf3293de856293065e84ef06b7ec7a8acfb98?s=96&d=identicon&r=x\",\"contentUrl\":\"https:\\\/\\\/secure.gravatar.com\\\/avatar\\\/c3b46e32a0fc3b093a0873fb767bf3293de856293065e84ef06b7ec7a8acfb98?s=96&d=identicon&r=x\",\"caption\":\"Charge\"},\"url\":\"https:\\\/\\\/sindromecharge.es\\\/index.php\\\/author\\\/admin\\\/\"}]}<\/script>\n<!-- \/ Yoast SEO plugin. -->","yoast_head_json":{"title":"El dif\u00edcil reto de emanciparse teniendo discapacidad intelectual: 7 de cada 10 viven con sus familias - Asociaci\u00f3n Espa\u00f1ola S\u00edndrome de Charge","robots":{"index":"index","follow":"follow","max-snippet":"max-snippet:-1","max-image-preview":"max-image-preview:large","max-video-preview":"max-video-preview:-1"},"canonical":"https:\/\/sindromecharge.es\/index.php\/2025\/03\/16\/vivienda-aun-mas-inaccesible-para-las-personas-con-discapacidad-intelectual-7-cada-10-viven-con-sus-familias\/","og_locale":"es_ES","og_type":"article","og_title":"El dif\u00edcil reto de emanciparse teniendo discapacidad intelectual: 7 de cada 10 viven con sus familias - Asociaci\u00f3n Espa\u00f1ola S\u00edndrome de Charge","og_description":"Es la primera vez que se visibilizan datos sobre el acceso a la vivienda de personas con discapacidad intelectual.","og_url":"https:\/\/sindromecharge.es\/index.php\/2025\/03\/16\/vivienda-aun-mas-inaccesible-para-las-personas-con-discapacidad-intelectual-7-cada-10-viven-con-sus-familias\/","og_site_name":"Asociaci\u00f3n Espa\u00f1ola S\u00edndrome de Charge","article_publisher":"https:\/\/www.facebook.com\/asociacionsindromecharge","article_published_time":"2025-03-16T07:53:47+00:00","og_image":[{"width":300,"height":98,"url":"https:\/\/sindromecharge.es\/wp-content\/uploads\/2013\/09\/logodecharge300x98.png","type":"image\/png"}],"author":"Charge","twitter_card":"summary_large_image","twitter_creator":"@sindromecharge","twitter_site":"@sindromecharge","twitter_misc":{"Escrito por":"Charge","Tiempo de lectura":"6 minutos"},"schema":{"@context":"https:\/\/schema.org","@graph":[{"@type":"Article","@id":"https:\/\/sindromecharge.es\/index.php\/2025\/03\/16\/vivienda-aun-mas-inaccesible-para-las-personas-con-discapacidad-intelectual-7-cada-10-viven-con-sus-familias\/#article","isPartOf":{"@id":"https:\/\/sindromecharge.es\/index.php\/2025\/03\/16\/vivienda-aun-mas-inaccesible-para-las-personas-con-discapacidad-intelectual-7-cada-10-viven-con-sus-familias\/"},"author":{"name":"Charge","@id":"https:\/\/sindromecharge.es\/#\/schema\/person\/39a60ebe0a2b4d5a11179701e336b039"},"headline":"El dif\u00edcil reto de emanciparse teniendo discapacidad intelectual: 7 de cada 10 viven con sus familias","datePublished":"2025-03-16T07:53:47+00:00","mainEntityOfPage":{"@id":"https:\/\/sindromecharge.es\/index.php\/2025\/03\/16\/vivienda-aun-mas-inaccesible-para-las-personas-con-discapacidad-intelectual-7-cada-10-viven-con-sus-familias\/"},"wordCount":1229,"articleSection":["noticias"],"inLanguage":"es"},{"@type":"WebPage","@id":"https:\/\/sindromecharge.es\/index.php\/2025\/03\/16\/vivienda-aun-mas-inaccesible-para-las-personas-con-discapacidad-intelectual-7-cada-10-viven-con-sus-familias\/","url":"https:\/\/sindromecharge.es\/index.php\/2025\/03\/16\/vivienda-aun-mas-inaccesible-para-las-personas-con-discapacidad-intelectual-7-cada-10-viven-con-sus-familias\/","name":"El dif\u00edcil reto de emanciparse teniendo discapacidad intelectual: 7 de cada 10 viven con sus familias - Asociaci\u00f3n Espa\u00f1ola S\u00edndrome de Charge","isPartOf":{"@id":"https:\/\/sindromecharge.es\/#website"},"datePublished":"2025-03-16T07:53:47+00:00","author":{"@id":"https:\/\/sindromecharge.es\/#\/schema\/person\/39a60ebe0a2b4d5a11179701e336b039"},"breadcrumb":{"@id":"https:\/\/sindromecharge.es\/index.php\/2025\/03\/16\/vivienda-aun-mas-inaccesible-para-las-personas-con-discapacidad-intelectual-7-cada-10-viven-con-sus-familias\/#breadcrumb"},"inLanguage":"es","potentialAction":[{"@type":"ReadAction","target":["https:\/\/sindromecharge.es\/index.php\/2025\/03\/16\/vivienda-aun-mas-inaccesible-para-las-personas-con-discapacidad-intelectual-7-cada-10-viven-con-sus-familias\/"]}]},{"@type":"BreadcrumbList","@id":"https:\/\/sindromecharge.es\/index.php\/2025\/03\/16\/vivienda-aun-mas-inaccesible-para-las-personas-con-discapacidad-intelectual-7-cada-10-viven-con-sus-familias\/#breadcrumb","itemListElement":[{"@type":"ListItem","position":1,"name":"Portada","item":"https:\/\/sindromecharge.es\/"},{"@type":"ListItem","position":2,"name":"El dif\u00edcil reto de emanciparse teniendo discapacidad intelectual: 7 de cada 10 viven con sus familias"}]},{"@type":"WebSite","@id":"https:\/\/sindromecharge.es\/#website","url":"https:\/\/sindromecharge.es\/","name":"Asociaci\u00f3n Espa\u00f1ola S\u00edndrome de Charge","description":"","potentialAction":[{"@type":"SearchAction","target":{"@type":"EntryPoint","urlTemplate":"https:\/\/sindromecharge.es\/?s={search_term_string}"},"query-input":{"@type":"PropertyValueSpecification","valueRequired":true,"valueName":"search_term_string"}}],"inLanguage":"es"},{"@type":"Person","@id":"https:\/\/sindromecharge.es\/#\/schema\/person\/39a60ebe0a2b4d5a11179701e336b039","name":"Charge","image":{"@type":"ImageObject","inLanguage":"es","@id":"https:\/\/secure.gravatar.com\/avatar\/c3b46e32a0fc3b093a0873fb767bf3293de856293065e84ef06b7ec7a8acfb98?s=96&d=identicon&r=x","url":"https:\/\/secure.gravatar.com\/avatar\/c3b46e32a0fc3b093a0873fb767bf3293de856293065e84ef06b7ec7a8acfb98?s=96&d=identicon&r=x","contentUrl":"https:\/\/secure.gravatar.com\/avatar\/c3b46e32a0fc3b093a0873fb767bf3293de856293065e84ef06b7ec7a8acfb98?s=96&d=identicon&r=x","caption":"Charge"},"url":"https:\/\/sindromecharge.es\/index.php\/author\/admin\/"}]}},"_links":{"self":[{"href":"https:\/\/sindromecharge.es\/index.php\/wp-json\/wp\/v2\/posts\/10939","targetHints":{"allow":["GET"]}}],"collection":[{"href":"https:\/\/sindromecharge.es\/index.php\/wp-json\/wp\/v2\/posts"}],"about":[{"href":"https:\/\/sindromecharge.es\/index.php\/wp-json\/wp\/v2\/types\/post"}],"author":[{"embeddable":true,"href":"https:\/\/sindromecharge.es\/index.php\/wp-json\/wp\/v2\/users\/1"}],"replies":[{"embeddable":true,"href":"https:\/\/sindromecharge.es\/index.php\/wp-json\/wp\/v2\/comments?post=10939"}],"version-history":[{"count":0,"href":"https:\/\/sindromecharge.es\/index.php\/wp-json\/wp\/v2\/posts\/10939\/revisions"}],"wp:attachment":[{"href":"https:\/\/sindromecharge.es\/index.php\/wp-json\/wp\/v2\/media?parent=10939"}],"wp:term":[{"taxonomy":"category","embeddable":true,"href":"https:\/\/sindromecharge.es\/index.php\/wp-json\/wp\/v2\/categories?post=10939"},{"taxonomy":"post_tag","embeddable":true,"href":"https:\/\/sindromecharge.es\/index.php\/wp-json\/wp\/v2\/tags?post=10939"}],"curies":[{"name":"wp","href":"https:\/\/api.w.org\/{rel}","templated":true}]}}