{"id":10897,"date":"2025-03-01T07:53:22","date_gmt":"2025-03-01T07:53:22","guid":{"rendered":"https:\/\/sindromecharge.es\/index.php\/2025\/03\/01\/un-recorrido-por-las-calles-madrid-silla-ruedas-accesibilidad-no-es-un-lujo-es-un-derecho\/"},"modified":"2025-03-01T07:53:22","modified_gmt":"2025-03-01T07:53:22","slug":"un-recorrido-por-las-calles-madrid-silla-ruedas-accesibilidad-no-es-un-lujo-es-un-derecho","status":"publish","type":"post","link":"https:\/\/sindromecharge.es\/index.php\/2025\/03\/01\/un-recorrido-por-las-calles-madrid-silla-ruedas-accesibilidad-no-es-un-lujo-es-un-derecho\/","title":{"rendered":"As\u00ed es recorrer la ciudad desde una silla de ruedas: \u00abLa accesibilidad no es un lujo, es un derecho\u00bb"},"content":{"rendered":"<p>Leemos en Discapacidad la siguiente noticia que os reproducimos de forma \u00edntegra: <\/p>\n<div>\n<p>Hoy, 1 de marzo, <b>D\u00eda Internacional de la Silla de Ruedas<\/b>, recorremos varias calles madrile\u00f1as acompa\u00f1ados de Sergio, usuario de <a href=\"https:\/\/www.20minutos.es\/minuteca\/silla-de-ruedas\/\" title=\"Silla de ruedas\">silla de ruedas<\/a>, para comprobar de primera mano <b>qu\u00e9 tan accesible es la ciudad <\/b>para quienes no caminan sobre sus propios pies. Despu\u00e9s, conversamos con <b>Javier Font, presidente de FAMMA-Cocemfe Madrid<\/b>, sobre los avances y desaf\u00edos en la materia. Finalmente, hablamos con <b>Jos\u00e9, otro usuario de silla de ruedas<\/b> que vive una realidad a\u00fan m\u00e1s complicada, ya que su movilidad depende de una silla reclinada hecha a partir de un asiento de coche.<\/p>\n<p>Son las once de la ma\u00f1ana en <b>Chamber\u00ed, una zona de la capital, a priori, mucho m\u00e1s accesible <\/b>que otras como el viejo Vallecas o Villaverde. Madrid despierta con su ajetreo habitual: coches que se abren paso entre sem\u00e1foros, <b>motos esquivando el tr\u00e1fico y peatones sorteando el bullicio<\/b>. Pero hoy observamos la ciudad desde otro \u00e1ngulo: desde la altura de una silla de ruedas.<\/p>\n<p>Sergio nos acompa\u00f1a en un recorrido por este barrio madrile\u00f1o para mostrarnos de primera mano las dificultades a las que se enfrentan personas con movilidad reducida al moverse por la ciudad. A trav\u00e9s de su experiencia, nos sumergimos en una ciudad que, como tantas otras y a pesar de los avances,<b> sigue sin ser plenamente accesible<\/b>.<\/p>\n<p>El D\u00eda Internacional de la Silla de Ruedas, que se celebra cada 1 de marzo, es<b> una fecha clave para visibilizar estos problemas<\/b>. En Espa\u00f1a, aunque existen leyes de accesibilidad, la realidad urbana sigue poniendo barreras: bordillos altos, adoquines imposibles, rampas inexistentes y plazas de aparcamiento mal utilizadas.<\/p>\n<p>Nada m\u00e1s empezar el recorrido, encontramos el primer obst\u00e1culo: una plaza de aparcamiento reservada para personas con movilidad reducida <b>ocupada indebidamente<\/b>. \u201cEsto pasa mucho\u201d, se\u00f1ala Sergio. \u201cEn el centro de Madrid es a\u00fan peor porque hay menos plazas disponibles y la gente no respeta estas zonas\u201d. Para muchos, es solo un aparcamiento m\u00e1s. Para \u00e9l, <b>supone rodeos innecesarios o la dificultad de encontrar un sitio adecuado<\/b> donde dejar el coche.<\/p>\n<p>Pocos metros despu\u00e9s, nos encontramos con un comercio cuyo acceso es <b>un escal\u00f3n de casi veinte cent\u00edmetros<\/b>. \u201cImposible entrar\u201d, comenta Sergio. \u201cY eso que <b>no es complicado poner una rampa<\/b>\u201d. Durante la caminata, se repite la misma escena en diferentes establecimientos. Aunque algunos han adaptado su entrada, muchos otros siguen presentando barreras que impiden el acceso a personas con movilidad reducida.<\/p>\n<p>Otro problema evidente es el pavimento. Sergio nos se\u00f1ala <b>unos adoquines irregulares <\/b>con huecos entre ellos. \u201cMi silla tiene ruedas grandes y puedo pasar m\u00e1s o menos bien, pero <b>para alguien con una silla m\u00e1s peque\u00f1a o con muletas, esto es un riesgo<\/b>\u201d. Adem\u00e1s, las obras en la v\u00eda p\u00fablica complican a\u00fan m\u00e1s el tr\u00e1nsito. \u201cSe habilitan pasos provisionales, pero casi nunca piensan en sillas de ruedas\u201d, explica.<\/p>\n<p>En cuanto a los pasos de peatones, encontramos un punto positivo: la mayor\u00eda tienen rebajes accesibles. <b>\u201cEsto ha mejorado enormemente en los \u00faltimos a\u00f1os\u201d<\/b>, reconoce Sergio. Sin embargo, pronto nos topamos con otro problema: una acera estrecha ocupada por un andamio. \u201cAqu\u00ed, si alguien viene en sentido contrario, uno tiene que bajarse a la carretera\u201d, nos dice. Y as\u00ed, el recorrido se convierte en una prueba de obst\u00e1culos.<\/p>\n<h1>La accesibilidad no es solo para usuarios de sillas de ruedas, sino para toda la sociedad<\/h1>\n<p><b>Javier Font es presidente de FAMMA-Cocemfe Madrid<\/b>, la federaci\u00f3n que representa a m\u00e1s de 203.000 personas con discapacidad f\u00edsica u org\u00e1nica en la Comunidad de Madrid.<\/p>\n<p>\u00abEl D\u00eda Internacional de la Silla de Ruedas es clave para recordar que<b> hay personas que viven en circunstancias distintas<\/b>\u00ab, nos dice Font. \u00abLas ciudades deben ser espacios para todos, pero seguimos viendo barreras constantes\u00bb.<\/p>\n<p>Font subraya que la accesibilidad no es solo una cuesti\u00f3n de discapacidad: <b>\u00abLas personas mayores, las familias con carritos de beb\u00e9\u2026 todos se benefician de un entorno m\u00e1s accesible\u00bb<\/b>. Sin embargo, aunque Espa\u00f1a cuenta con un marco legal avanzado, el problema sigue siendo su cumplimiento: \u00abLas leyes est\u00e1n ah\u00ed, pero si no se aplican, no sirven de nada\u00bb.<\/p>\n<p>El presidente de FAMMA tambi\u00e9n menciona los desaf\u00edos en vivienda y transporte: \u00abMuchas viviendas a\u00fan presentan barreras arquitect\u00f3nicas que <b>impiden la autonom\u00eda de las personas con movilidad reducida<\/b>. Y en transporte p\u00fablico, aunque ha habido avances, sigue habiendo fallos, como ascensores averiados en el metro\u00bb.<\/p>\n<h2>La experiencia de Jos\u00e9: vivir tumbado en una silla <\/h2>\n<p> Jos\u00e9 es usuario de una silla de ruedas muy particular: <b>su asiento es un asiento de coche completamente reclinado<\/b>. \u00abNo es muy com\u00fan\u00bb, nos explica, \u00abpero es la \u00fanica manera en la que puedo desplazarme c\u00f3modamente\u00bb.<\/p>\n<p>Jos\u00e9 nos habla de los obst\u00e1culos que m\u00e1s afectan a su movilidad: \u00ab<b>Las entradas al metro y los autobuses deber\u00edan ser prioritarios<\/b>. Tambi\u00e9n los locales. A veces quiero ir a un concierto y la sala tiene 20 escalones sin montacargas. Te dicen \u2018te bajamos a pulso\u2019, pero si me rompen la silla, \u00bfqui\u00e9n me la paga?\u00bb.<\/p>\n<p>En cuanto a la accesibilidad en su entorno, Jos\u00e9 nos da una valoraci\u00f3n clara: \u00abSi tuviera que puntuar la accesibilidad del 1 al 10, <b>le dar\u00eda un 5<\/b>. Hay aceras que me obligan a bajar a la calzada, <b>las paradas de autob\u00fas no est\u00e1n bien dise\u00f1adas<\/b> y los cines solo tienen plazas en la primera o \u00faltima fila\u00bb.<\/p>\n<h2>Un di\u00e1logo entre ruedas<\/h2>\n<p>Cuando <b>Sergio y Jos\u00e9 comparten sus experiencias, <\/b>ambos coinciden en que los avances han sido notables, pero insuficientes.<\/p>\n<p>\u00abEn Madrid centro, si me muevo en transporte p\u00fablico, <b>tengo que planificar cada trayecto con antelaci\u00f3n<\/b>\u00ab, dice Sergio. \u00abSi un ascensor del Metro se estropea, te obliga a hacer rodeos enormes\u00bb. Jos\u00e9 asiente: \u00abYo muchas veces prefiero pagar un taxi adaptado antes que arriesgarme a quedarme atrapado en el metro\u00bb.<\/p>\n<p>Otro punto en el que coinciden es el problema del aparcamiento: <b>\u00abSiempre hay alguien que aparca en las plazas reservadas con la excusa de \u2018es solo un momento\u2019\u00bb<\/b>, comenta Sergio. \u00abS\u00ed\u00bb, a\u00f1ade Jos\u00e9, \u00aby mientras, nosotros tenemos que aparcar a 500 metros y buscar c\u00f3mo llegar sin obst\u00e1culos\u00bb.<\/p>\n<p>Ambos concluyen que la accesibilidad sigue siendo un reto pendiente en Madrid y en muchas otras ciudades. \u00abLo ideal ser\u00eda que dentro de unos a\u00f1os ya <b>no hiciera falta celebrar el D\u00eda Internacional de la Silla de Ruedas<\/b>\u00ab, reflexiona Sergio. \u00ab<b>Eso significar\u00eda que ya no hay barreras <\/b>y que la accesibilidad es una realidad para todos\u00bb.<\/p>\n<p>Jos\u00e9 lo resume con una frase contundente: \u00abLa accesibilidad no es un lujo, es un derecho. <b>Pero a\u00fan queda mucho por hacer<\/b>\u00ab.<\/p>\n<\/div>\n<p>Fuente: Discapacidad https:\/\/www.20minutos.es\/noticia\/5686802\/0\/un-recorrido-por-las-calles-madrid-silla-ruedas-accesibilidad-no-es-un-lujo-es-un-derecho\/<\/p>\n","protected":false},"excerpt":{"rendered":"<p>En el D\u00eda Internacional de la Silla de Ruedas, hablamos con Jose y Sergio, usuarios de estas sillas.<\/p>\n","protected":false},"author":1,"featured_media":0,"comment_status":"closed","ping_status":"closed","sticky":false,"template":"","format":"standard","meta":{"footnotes":""},"categories":[8],"tags":[],"class_list":["post-10897","post","type-post","status-publish","format-standard","hentry","category-noticias"],"yoast_head":"<!-- This site is optimized with the Yoast SEO plugin v27.4 - https:\/\/yoast.com\/product\/yoast-seo-wordpress\/ -->\n<title>As\u00ed es recorrer la ciudad desde una silla de ruedas: &quot;La accesibilidad no es un lujo, es un derecho&quot; - Asociaci\u00f3n Espa\u00f1ola S\u00edndrome de Charge<\/title>\n<meta name=\"robots\" content=\"index, follow, max-snippet:-1, max-image-preview:large, max-video-preview:-1\" \/>\n<link rel=\"canonical\" href=\"https:\/\/sindromecharge.es\/index.php\/2025\/03\/01\/un-recorrido-por-las-calles-madrid-silla-ruedas-accesibilidad-no-es-un-lujo-es-un-derecho\/\" \/>\n<meta property=\"og:locale\" content=\"es_ES\" \/>\n<meta property=\"og:type\" content=\"article\" \/>\n<meta property=\"og:title\" content=\"As\u00ed es recorrer la ciudad desde una silla de ruedas: &quot;La accesibilidad no es un lujo, es un derecho&quot; - Asociaci\u00f3n Espa\u00f1ola S\u00edndrome de Charge\" \/>\n<meta property=\"og:description\" content=\"En el D\u00eda Internacional de la Silla de Ruedas, hablamos con Jose y Sergio, usuarios de estas sillas.\" \/>\n<meta property=\"og:url\" content=\"https:\/\/sindromecharge.es\/index.php\/2025\/03\/01\/un-recorrido-por-las-calles-madrid-silla-ruedas-accesibilidad-no-es-un-lujo-es-un-derecho\/\" \/>\n<meta property=\"og:site_name\" content=\"Asociaci\u00f3n Espa\u00f1ola S\u00edndrome de Charge\" \/>\n<meta property=\"article:publisher\" content=\"https:\/\/www.facebook.com\/asociacionsindromecharge\" \/>\n<meta property=\"article:published_time\" content=\"2025-03-01T07:53:22+00:00\" \/>\n<meta property=\"og:image\" content=\"https:\/\/sindromecharge.es\/wp-content\/uploads\/2013\/09\/logodecharge300x98.png\" \/>\n\t<meta property=\"og:image:width\" content=\"300\" \/>\n\t<meta property=\"og:image:height\" content=\"98\" \/>\n\t<meta property=\"og:image:type\" content=\"image\/png\" \/>\n<meta name=\"author\" content=\"Charge\" \/>\n<meta name=\"twitter:card\" content=\"summary_large_image\" \/>\n<meta name=\"twitter:creator\" content=\"@sindromecharge\" \/>\n<meta name=\"twitter:site\" content=\"@sindromecharge\" \/>\n<meta name=\"twitter:label1\" content=\"Escrito por\" \/>\n\t<meta name=\"twitter:data1\" content=\"Charge\" \/>\n\t<meta name=\"twitter:label2\" content=\"Tiempo de lectura\" \/>\n\t<meta name=\"twitter:data2\" content=\"6 minutos\" \/>\n<script type=\"application\/ld+json\" class=\"yoast-schema-graph\">{\"@context\":\"https:\\\/\\\/schema.org\",\"@graph\":[{\"@type\":\"Article\",\"@id\":\"https:\\\/\\\/sindromecharge.es\\\/index.php\\\/2025\\\/03\\\/01\\\/un-recorrido-por-las-calles-madrid-silla-ruedas-accesibilidad-no-es-un-lujo-es-un-derecho\\\/#article\",\"isPartOf\":{\"@id\":\"https:\\\/\\\/sindromecharge.es\\\/index.php\\\/2025\\\/03\\\/01\\\/un-recorrido-por-las-calles-madrid-silla-ruedas-accesibilidad-no-es-un-lujo-es-un-derecho\\\/\"},\"author\":{\"name\":\"Charge\",\"@id\":\"https:\\\/\\\/sindromecharge.es\\\/#\\\/schema\\\/person\\\/39a60ebe0a2b4d5a11179701e336b039\"},\"headline\":\"As\u00ed es recorrer la ciudad desde una silla de ruedas: \u00abLa accesibilidad no es un lujo, es un derecho\u00bb\",\"datePublished\":\"2025-03-01T07:53:22+00:00\",\"mainEntityOfPage\":{\"@id\":\"https:\\\/\\\/sindromecharge.es\\\/index.php\\\/2025\\\/03\\\/01\\\/un-recorrido-por-las-calles-madrid-silla-ruedas-accesibilidad-no-es-un-lujo-es-un-derecho\\\/\"},\"wordCount\":1171,\"articleSection\":[\"noticias\"],\"inLanguage\":\"es\"},{\"@type\":\"WebPage\",\"@id\":\"https:\\\/\\\/sindromecharge.es\\\/index.php\\\/2025\\\/03\\\/01\\\/un-recorrido-por-las-calles-madrid-silla-ruedas-accesibilidad-no-es-un-lujo-es-un-derecho\\\/\",\"url\":\"https:\\\/\\\/sindromecharge.es\\\/index.php\\\/2025\\\/03\\\/01\\\/un-recorrido-por-las-calles-madrid-silla-ruedas-accesibilidad-no-es-un-lujo-es-un-derecho\\\/\",\"name\":\"As\u00ed es recorrer la ciudad desde una silla de ruedas: \\\"La accesibilidad no es un lujo, es un derecho\\\" - Asociaci\u00f3n Espa\u00f1ola S\u00edndrome de Charge\",\"isPartOf\":{\"@id\":\"https:\\\/\\\/sindromecharge.es\\\/#website\"},\"datePublished\":\"2025-03-01T07:53:22+00:00\",\"author\":{\"@id\":\"https:\\\/\\\/sindromecharge.es\\\/#\\\/schema\\\/person\\\/39a60ebe0a2b4d5a11179701e336b039\"},\"breadcrumb\":{\"@id\":\"https:\\\/\\\/sindromecharge.es\\\/index.php\\\/2025\\\/03\\\/01\\\/un-recorrido-por-las-calles-madrid-silla-ruedas-accesibilidad-no-es-un-lujo-es-un-derecho\\\/#breadcrumb\"},\"inLanguage\":\"es\",\"potentialAction\":[{\"@type\":\"ReadAction\",\"target\":[\"https:\\\/\\\/sindromecharge.es\\\/index.php\\\/2025\\\/03\\\/01\\\/un-recorrido-por-las-calles-madrid-silla-ruedas-accesibilidad-no-es-un-lujo-es-un-derecho\\\/\"]}]},{\"@type\":\"BreadcrumbList\",\"@id\":\"https:\\\/\\\/sindromecharge.es\\\/index.php\\\/2025\\\/03\\\/01\\\/un-recorrido-por-las-calles-madrid-silla-ruedas-accesibilidad-no-es-un-lujo-es-un-derecho\\\/#breadcrumb\",\"itemListElement\":[{\"@type\":\"ListItem\",\"position\":1,\"name\":\"Portada\",\"item\":\"https:\\\/\\\/sindromecharge.es\\\/\"},{\"@type\":\"ListItem\",\"position\":2,\"name\":\"As\u00ed es recorrer la ciudad desde una silla de ruedas: \u00abLa accesibilidad no es un lujo, es un derecho\u00bb\"}]},{\"@type\":\"WebSite\",\"@id\":\"https:\\\/\\\/sindromecharge.es\\\/#website\",\"url\":\"https:\\\/\\\/sindromecharge.es\\\/\",\"name\":\"Asociaci\u00f3n Espa\u00f1ola S\u00edndrome de Charge\",\"description\":\"\",\"potentialAction\":[{\"@type\":\"SearchAction\",\"target\":{\"@type\":\"EntryPoint\",\"urlTemplate\":\"https:\\\/\\\/sindromecharge.es\\\/?s={search_term_string}\"},\"query-input\":{\"@type\":\"PropertyValueSpecification\",\"valueRequired\":true,\"valueName\":\"search_term_string\"}}],\"inLanguage\":\"es\"},{\"@type\":\"Person\",\"@id\":\"https:\\\/\\\/sindromecharge.es\\\/#\\\/schema\\\/person\\\/39a60ebe0a2b4d5a11179701e336b039\",\"name\":\"Charge\",\"image\":{\"@type\":\"ImageObject\",\"inLanguage\":\"es\",\"@id\":\"https:\\\/\\\/secure.gravatar.com\\\/avatar\\\/c3b46e32a0fc3b093a0873fb767bf3293de856293065e84ef06b7ec7a8acfb98?s=96&d=identicon&r=x\",\"url\":\"https:\\\/\\\/secure.gravatar.com\\\/avatar\\\/c3b46e32a0fc3b093a0873fb767bf3293de856293065e84ef06b7ec7a8acfb98?s=96&d=identicon&r=x\",\"contentUrl\":\"https:\\\/\\\/secure.gravatar.com\\\/avatar\\\/c3b46e32a0fc3b093a0873fb767bf3293de856293065e84ef06b7ec7a8acfb98?s=96&d=identicon&r=x\",\"caption\":\"Charge\"},\"url\":\"https:\\\/\\\/sindromecharge.es\\\/index.php\\\/author\\\/admin\\\/\"}]}<\/script>\n<!-- \/ Yoast SEO plugin. -->","yoast_head_json":{"title":"As\u00ed es recorrer la ciudad desde una silla de ruedas: \"La accesibilidad no es un lujo, es un derecho\" - Asociaci\u00f3n Espa\u00f1ola S\u00edndrome de Charge","robots":{"index":"index","follow":"follow","max-snippet":"max-snippet:-1","max-image-preview":"max-image-preview:large","max-video-preview":"max-video-preview:-1"},"canonical":"https:\/\/sindromecharge.es\/index.php\/2025\/03\/01\/un-recorrido-por-las-calles-madrid-silla-ruedas-accesibilidad-no-es-un-lujo-es-un-derecho\/","og_locale":"es_ES","og_type":"article","og_title":"As\u00ed es recorrer la ciudad desde una silla de ruedas: \"La accesibilidad no es un lujo, es un derecho\" - Asociaci\u00f3n Espa\u00f1ola S\u00edndrome de Charge","og_description":"En el D\u00eda Internacional de la Silla de Ruedas, hablamos con Jose y Sergio, usuarios de estas sillas.","og_url":"https:\/\/sindromecharge.es\/index.php\/2025\/03\/01\/un-recorrido-por-las-calles-madrid-silla-ruedas-accesibilidad-no-es-un-lujo-es-un-derecho\/","og_site_name":"Asociaci\u00f3n Espa\u00f1ola S\u00edndrome de Charge","article_publisher":"https:\/\/www.facebook.com\/asociacionsindromecharge","article_published_time":"2025-03-01T07:53:22+00:00","og_image":[{"width":300,"height":98,"url":"https:\/\/sindromecharge.es\/wp-content\/uploads\/2013\/09\/logodecharge300x98.png","type":"image\/png"}],"author":"Charge","twitter_card":"summary_large_image","twitter_creator":"@sindromecharge","twitter_site":"@sindromecharge","twitter_misc":{"Escrito por":"Charge","Tiempo de lectura":"6 minutos"},"schema":{"@context":"https:\/\/schema.org","@graph":[{"@type":"Article","@id":"https:\/\/sindromecharge.es\/index.php\/2025\/03\/01\/un-recorrido-por-las-calles-madrid-silla-ruedas-accesibilidad-no-es-un-lujo-es-un-derecho\/#article","isPartOf":{"@id":"https:\/\/sindromecharge.es\/index.php\/2025\/03\/01\/un-recorrido-por-las-calles-madrid-silla-ruedas-accesibilidad-no-es-un-lujo-es-un-derecho\/"},"author":{"name":"Charge","@id":"https:\/\/sindromecharge.es\/#\/schema\/person\/39a60ebe0a2b4d5a11179701e336b039"},"headline":"As\u00ed es recorrer la ciudad desde una silla de ruedas: \u00abLa accesibilidad no es un lujo, es un derecho\u00bb","datePublished":"2025-03-01T07:53:22+00:00","mainEntityOfPage":{"@id":"https:\/\/sindromecharge.es\/index.php\/2025\/03\/01\/un-recorrido-por-las-calles-madrid-silla-ruedas-accesibilidad-no-es-un-lujo-es-un-derecho\/"},"wordCount":1171,"articleSection":["noticias"],"inLanguage":"es"},{"@type":"WebPage","@id":"https:\/\/sindromecharge.es\/index.php\/2025\/03\/01\/un-recorrido-por-las-calles-madrid-silla-ruedas-accesibilidad-no-es-un-lujo-es-un-derecho\/","url":"https:\/\/sindromecharge.es\/index.php\/2025\/03\/01\/un-recorrido-por-las-calles-madrid-silla-ruedas-accesibilidad-no-es-un-lujo-es-un-derecho\/","name":"As\u00ed es recorrer la ciudad desde una silla de ruedas: \"La accesibilidad no es un lujo, es un derecho\" - Asociaci\u00f3n Espa\u00f1ola S\u00edndrome de Charge","isPartOf":{"@id":"https:\/\/sindromecharge.es\/#website"},"datePublished":"2025-03-01T07:53:22+00:00","author":{"@id":"https:\/\/sindromecharge.es\/#\/schema\/person\/39a60ebe0a2b4d5a11179701e336b039"},"breadcrumb":{"@id":"https:\/\/sindromecharge.es\/index.php\/2025\/03\/01\/un-recorrido-por-las-calles-madrid-silla-ruedas-accesibilidad-no-es-un-lujo-es-un-derecho\/#breadcrumb"},"inLanguage":"es","potentialAction":[{"@type":"ReadAction","target":["https:\/\/sindromecharge.es\/index.php\/2025\/03\/01\/un-recorrido-por-las-calles-madrid-silla-ruedas-accesibilidad-no-es-un-lujo-es-un-derecho\/"]}]},{"@type":"BreadcrumbList","@id":"https:\/\/sindromecharge.es\/index.php\/2025\/03\/01\/un-recorrido-por-las-calles-madrid-silla-ruedas-accesibilidad-no-es-un-lujo-es-un-derecho\/#breadcrumb","itemListElement":[{"@type":"ListItem","position":1,"name":"Portada","item":"https:\/\/sindromecharge.es\/"},{"@type":"ListItem","position":2,"name":"As\u00ed es recorrer la ciudad desde una silla de ruedas: \u00abLa accesibilidad no es un lujo, es un derecho\u00bb"}]},{"@type":"WebSite","@id":"https:\/\/sindromecharge.es\/#website","url":"https:\/\/sindromecharge.es\/","name":"Asociaci\u00f3n Espa\u00f1ola S\u00edndrome de Charge","description":"","potentialAction":[{"@type":"SearchAction","target":{"@type":"EntryPoint","urlTemplate":"https:\/\/sindromecharge.es\/?s={search_term_string}"},"query-input":{"@type":"PropertyValueSpecification","valueRequired":true,"valueName":"search_term_string"}}],"inLanguage":"es"},{"@type":"Person","@id":"https:\/\/sindromecharge.es\/#\/schema\/person\/39a60ebe0a2b4d5a11179701e336b039","name":"Charge","image":{"@type":"ImageObject","inLanguage":"es","@id":"https:\/\/secure.gravatar.com\/avatar\/c3b46e32a0fc3b093a0873fb767bf3293de856293065e84ef06b7ec7a8acfb98?s=96&d=identicon&r=x","url":"https:\/\/secure.gravatar.com\/avatar\/c3b46e32a0fc3b093a0873fb767bf3293de856293065e84ef06b7ec7a8acfb98?s=96&d=identicon&r=x","contentUrl":"https:\/\/secure.gravatar.com\/avatar\/c3b46e32a0fc3b093a0873fb767bf3293de856293065e84ef06b7ec7a8acfb98?s=96&d=identicon&r=x","caption":"Charge"},"url":"https:\/\/sindromecharge.es\/index.php\/author\/admin\/"}]}},"_links":{"self":[{"href":"https:\/\/sindromecharge.es\/index.php\/wp-json\/wp\/v2\/posts\/10897","targetHints":{"allow":["GET"]}}],"collection":[{"href":"https:\/\/sindromecharge.es\/index.php\/wp-json\/wp\/v2\/posts"}],"about":[{"href":"https:\/\/sindromecharge.es\/index.php\/wp-json\/wp\/v2\/types\/post"}],"author":[{"embeddable":true,"href":"https:\/\/sindromecharge.es\/index.php\/wp-json\/wp\/v2\/users\/1"}],"replies":[{"embeddable":true,"href":"https:\/\/sindromecharge.es\/index.php\/wp-json\/wp\/v2\/comments?post=10897"}],"version-history":[{"count":0,"href":"https:\/\/sindromecharge.es\/index.php\/wp-json\/wp\/v2\/posts\/10897\/revisions"}],"wp:attachment":[{"href":"https:\/\/sindromecharge.es\/index.php\/wp-json\/wp\/v2\/media?parent=10897"}],"wp:term":[{"taxonomy":"category","embeddable":true,"href":"https:\/\/sindromecharge.es\/index.php\/wp-json\/wp\/v2\/categories?post=10897"},{"taxonomy":"post_tag","embeddable":true,"href":"https:\/\/sindromecharge.es\/index.php\/wp-json\/wp\/v2\/tags?post=10897"}],"curies":[{"name":"wp","href":"https:\/\/api.w.org\/{rel}","templated":true}]}}