{"id":10896,"date":"2025-02-28T13:53:56","date_gmt":"2025-02-28T13:53:56","guid":{"rendered":"https:\/\/sindromecharge.es\/index.php\/2025\/02\/28\/audiencia-nacional-ratifica-multa-vueling-por-tener-una-web-inaccesible-para-las-personas-con-discapacidad\/"},"modified":"2025-02-28T13:53:56","modified_gmt":"2025-02-28T13:53:56","slug":"audiencia-nacional-ratifica-multa-vueling-por-tener-una-web-inaccesible-para-las-personas-con-discapacidad","status":"publish","type":"post","link":"https:\/\/sindromecharge.es\/index.php\/2025\/02\/28\/audiencia-nacional-ratifica-multa-vueling-por-tener-una-web-inaccesible-para-las-personas-con-discapacidad\/","title":{"rendered":"La Audiencia Nacional ratifica la multa a Vueling por tener una web inaccesible para las personas con discapacidad"},"content":{"rendered":"<p>Leemos en Discapacidad la siguiente noticia que os reproducimos de forma \u00edntegra: <\/p>\n<div>\n<p>La Sala de lo Contencioso-administrativo de la <b><a href=\"https:\/\/www.20minutos.es\/minuteca\/audiencia-nacional\/\" title=\"Audiencia Nacional\">Audiencia Nacional <\/a><\/b>(AN) <b>ha ratificado la multa de 90.000 euros <\/b>y la prohibici\u00f3n de concurrir a procedimientos de concesi\u00f3n de ayudas oficiales durante seis meses impuestas en 2020 <b>a Vueling<\/b> por la Secretar\u00eda de Estado de Derechos Sociales por no tener adaptada su web a las personas con discapacidad.<\/p>\n<p>As\u00ed lo ha determinado el tribunal, que ha rechazado el recurso de la aerol\u00ednea y le obliga a pagar, adem\u00e1s, <b>3.000 euros por las costas del proceso judicial<\/b>. <\/p>\n<p>La compa\u00f1\u00eda, en su recurso, alegaba que \u00abno se hab\u00eda desarrollado ninguna conducta subsumible en la norma\u00bb presuntamente infringida, salvo que se hiciera una interpretaci\u00f3n \u00ab<b>extensiva e irracional<\/b>\u00ab, y que su actuaci\u00f3n no puede considerase contraria a sus obligaciones en materia de accesibilidad. <\/p>\n<p>Argumentaba, adem\u00e1s, que el informe de Centro Nacional de Tecnolog\u00edas de Accesibilidad (Centac) emitido destacaba los aspectos positivos de su web, lo que acreditaba su buena fe y su clara intenci\u00f3n de adaptar su p\u00e1gina <i>online<\/i> y que <b>la sanci\u00f3n accesoria que le imped\u00eda acceder a ayudas oficiales resultaba m\u00e1s perjudicial <\/b>que la propia multa.<\/p>\n<p>Vueling, de hecho,<b> asegura que ya ha mejorado la web<\/b>: \u00abDesde entonces [la imposici\u00f3n de la multa], se han implementado diferentes desarrollos para mejorar la accesibilidad de nuestros clientes en todas nuestras plataformas\u00bb, declaran fuentes de la compa\u00f1\u00eda.<\/p>\n<p>Vueling a\u00f1ade que, \u00aben l\u00ednea con este compromiso\u00bb, <b>sigue trabajando de forma constante en nuevos desarrollos<\/b> y mejoras adicionales para su web y aplicaci\u00f3n m\u00f3vil. <\/p>\n<p>En su sentencia, la Audiencia desestima todas las alegaciones de la compa\u00f1\u00eda y se\u00f1ala que la infracci\u00f3n se encuentra adecuadamente tipificada en una norma con rango de Ley, <b>concret\u00e1ndose las \u00abnormas sobre accesibilidad\u00bb en otra ley<\/b>, y el Real Decreto que la desarrolla, por lo que no es posible entender vulnerado el principio de legalidad.<\/p>\n<p>A\u00f1ade que el incumplimiento de la normativa ha quedado acreditado por el informe del Centac sobre la web en el que se indica: \u00abSi examinamos los datos que aparecen a continuaci\u00f3n, encontramos que de los 38 requisitos que es preciso cumplir seg\u00fan esta norma<b>, se cumplen totalmente 4<\/b>, es decir, el 10,53%. Tenemos que 26 requisitos, el 68,42%, no se cumplen. Adem\u00e1s, 8 requisitos, el 21,05%, no son aplicables\u00bb.<\/p>\n<p>En cuanto a la prohibici\u00f3n de recibir ayudas oficiales por un periodo de seis meses, el Tribunal indica que<b> la sanci\u00f3n accesoria se encuentra legalmente prevista<\/b> para las infracciones graves, \u00abpor lo que apreciada la misma debe imponerse, y ello con independencia de la trascendencia econ\u00f3mica que la misma suponga para el infractor, al no establecerse excepci\u00f3n legal alguna al respecto\u00bb.<\/p>\n<\/div>\n<p>Fuente: Discapacidad https:\/\/www.20minutos.es\/noticia\/5686950\/0\/audiencia-nacional-ratifica-multa-vueling-por-tener-una-web-inaccesible-para-las-personas-con-discapacidad\/<\/p>\n","protected":false},"excerpt":{"rendered":"<p>La aerol\u00ednea deber\u00e1 pagar 90.000 euros tras ser sancionada por el Gobierno.<\/p>\n","protected":false},"author":1,"featured_media":0,"comment_status":"closed","ping_status":"closed","sticky":false,"template":"","format":"standard","meta":{"footnotes":""},"categories":[8],"tags":[],"class_list":["post-10896","post","type-post","status-publish","format-standard","hentry","category-noticias"],"yoast_head":"<!-- This site is optimized with the Yoast SEO plugin v27.4 - https:\/\/yoast.com\/product\/yoast-seo-wordpress\/ -->\n<title>La Audiencia Nacional ratifica la multa a Vueling por tener una web inaccesible para las personas con discapacidad - Asociaci\u00f3n Espa\u00f1ola S\u00edndrome de Charge<\/title>\n<meta name=\"robots\" content=\"index, follow, max-snippet:-1, max-image-preview:large, max-video-preview:-1\" \/>\n<link rel=\"canonical\" href=\"https:\/\/sindromecharge.es\/index.php\/2025\/02\/28\/audiencia-nacional-ratifica-multa-vueling-por-tener-una-web-inaccesible-para-las-personas-con-discapacidad\/\" \/>\n<meta property=\"og:locale\" content=\"es_ES\" \/>\n<meta property=\"og:type\" content=\"article\" \/>\n<meta property=\"og:title\" content=\"La Audiencia Nacional ratifica la multa a Vueling por tener una web inaccesible para las personas con discapacidad - Asociaci\u00f3n Espa\u00f1ola S\u00edndrome de Charge\" \/>\n<meta property=\"og:description\" content=\"La aerol\u00ednea deber\u00e1 pagar 90.000 euros tras ser sancionada por el Gobierno.\" \/>\n<meta property=\"og:url\" content=\"https:\/\/sindromecharge.es\/index.php\/2025\/02\/28\/audiencia-nacional-ratifica-multa-vueling-por-tener-una-web-inaccesible-para-las-personas-con-discapacidad\/\" \/>\n<meta property=\"og:site_name\" content=\"Asociaci\u00f3n Espa\u00f1ola S\u00edndrome de Charge\" \/>\n<meta property=\"article:publisher\" content=\"https:\/\/www.facebook.com\/asociacionsindromecharge\" \/>\n<meta property=\"article:published_time\" content=\"2025-02-28T13:53:56+00:00\" \/>\n<meta property=\"og:image\" content=\"https:\/\/sindromecharge.es\/wp-content\/uploads\/2013\/09\/logodecharge300x98.png\" \/>\n\t<meta property=\"og:image:width\" content=\"300\" \/>\n\t<meta property=\"og:image:height\" content=\"98\" \/>\n\t<meta property=\"og:image:type\" content=\"image\/png\" \/>\n<meta name=\"author\" content=\"Charge\" \/>\n<meta name=\"twitter:card\" content=\"summary_large_image\" \/>\n<meta name=\"twitter:creator\" content=\"@sindromecharge\" \/>\n<meta name=\"twitter:site\" content=\"@sindromecharge\" \/>\n<meta name=\"twitter:label1\" content=\"Escrito por\" \/>\n\t<meta name=\"twitter:data1\" content=\"Charge\" \/>\n\t<meta name=\"twitter:label2\" content=\"Tiempo de lectura\" \/>\n\t<meta name=\"twitter:data2\" content=\"2 minutos\" \/>\n<script type=\"application\/ld+json\" class=\"yoast-schema-graph\">{\"@context\":\"https:\\\/\\\/schema.org\",\"@graph\":[{\"@type\":\"Article\",\"@id\":\"https:\\\/\\\/sindromecharge.es\\\/index.php\\\/2025\\\/02\\\/28\\\/audiencia-nacional-ratifica-multa-vueling-por-tener-una-web-inaccesible-para-las-personas-con-discapacidad\\\/#article\",\"isPartOf\":{\"@id\":\"https:\\\/\\\/sindromecharge.es\\\/index.php\\\/2025\\\/02\\\/28\\\/audiencia-nacional-ratifica-multa-vueling-por-tener-una-web-inaccesible-para-las-personas-con-discapacidad\\\/\"},\"author\":{\"name\":\"Charge\",\"@id\":\"https:\\\/\\\/sindromecharge.es\\\/#\\\/schema\\\/person\\\/39a60ebe0a2b4d5a11179701e336b039\"},\"headline\":\"La Audiencia Nacional ratifica la multa a Vueling por tener una web inaccesible para las personas con discapacidad\",\"datePublished\":\"2025-02-28T13:53:56+00:00\",\"mainEntityOfPage\":{\"@id\":\"https:\\\/\\\/sindromecharge.es\\\/index.php\\\/2025\\\/02\\\/28\\\/audiencia-nacional-ratifica-multa-vueling-por-tener-una-web-inaccesible-para-las-personas-con-discapacidad\\\/\"},\"wordCount\":492,\"articleSection\":[\"noticias\"],\"inLanguage\":\"es\"},{\"@type\":\"WebPage\",\"@id\":\"https:\\\/\\\/sindromecharge.es\\\/index.php\\\/2025\\\/02\\\/28\\\/audiencia-nacional-ratifica-multa-vueling-por-tener-una-web-inaccesible-para-las-personas-con-discapacidad\\\/\",\"url\":\"https:\\\/\\\/sindromecharge.es\\\/index.php\\\/2025\\\/02\\\/28\\\/audiencia-nacional-ratifica-multa-vueling-por-tener-una-web-inaccesible-para-las-personas-con-discapacidad\\\/\",\"name\":\"La Audiencia Nacional ratifica la multa a Vueling por tener una web inaccesible para las personas con discapacidad - Asociaci\u00f3n Espa\u00f1ola S\u00edndrome de Charge\",\"isPartOf\":{\"@id\":\"https:\\\/\\\/sindromecharge.es\\\/#website\"},\"datePublished\":\"2025-02-28T13:53:56+00:00\",\"author\":{\"@id\":\"https:\\\/\\\/sindromecharge.es\\\/#\\\/schema\\\/person\\\/39a60ebe0a2b4d5a11179701e336b039\"},\"breadcrumb\":{\"@id\":\"https:\\\/\\\/sindromecharge.es\\\/index.php\\\/2025\\\/02\\\/28\\\/audiencia-nacional-ratifica-multa-vueling-por-tener-una-web-inaccesible-para-las-personas-con-discapacidad\\\/#breadcrumb\"},\"inLanguage\":\"es\",\"potentialAction\":[{\"@type\":\"ReadAction\",\"target\":[\"https:\\\/\\\/sindromecharge.es\\\/index.php\\\/2025\\\/02\\\/28\\\/audiencia-nacional-ratifica-multa-vueling-por-tener-una-web-inaccesible-para-las-personas-con-discapacidad\\\/\"]}]},{\"@type\":\"BreadcrumbList\",\"@id\":\"https:\\\/\\\/sindromecharge.es\\\/index.php\\\/2025\\\/02\\\/28\\\/audiencia-nacional-ratifica-multa-vueling-por-tener-una-web-inaccesible-para-las-personas-con-discapacidad\\\/#breadcrumb\",\"itemListElement\":[{\"@type\":\"ListItem\",\"position\":1,\"name\":\"Portada\",\"item\":\"https:\\\/\\\/sindromecharge.es\\\/\"},{\"@type\":\"ListItem\",\"position\":2,\"name\":\"La Audiencia Nacional ratifica la multa a Vueling por tener una web inaccesible para las personas con discapacidad\"}]},{\"@type\":\"WebSite\",\"@id\":\"https:\\\/\\\/sindromecharge.es\\\/#website\",\"url\":\"https:\\\/\\\/sindromecharge.es\\\/\",\"name\":\"Asociaci\u00f3n Espa\u00f1ola S\u00edndrome de Charge\",\"description\":\"\",\"potentialAction\":[{\"@type\":\"SearchAction\",\"target\":{\"@type\":\"EntryPoint\",\"urlTemplate\":\"https:\\\/\\\/sindromecharge.es\\\/?s={search_term_string}\"},\"query-input\":{\"@type\":\"PropertyValueSpecification\",\"valueRequired\":true,\"valueName\":\"search_term_string\"}}],\"inLanguage\":\"es\"},{\"@type\":\"Person\",\"@id\":\"https:\\\/\\\/sindromecharge.es\\\/#\\\/schema\\\/person\\\/39a60ebe0a2b4d5a11179701e336b039\",\"name\":\"Charge\",\"image\":{\"@type\":\"ImageObject\",\"inLanguage\":\"es\",\"@id\":\"https:\\\/\\\/secure.gravatar.com\\\/avatar\\\/c3b46e32a0fc3b093a0873fb767bf3293de856293065e84ef06b7ec7a8acfb98?s=96&d=identicon&r=x\",\"url\":\"https:\\\/\\\/secure.gravatar.com\\\/avatar\\\/c3b46e32a0fc3b093a0873fb767bf3293de856293065e84ef06b7ec7a8acfb98?s=96&d=identicon&r=x\",\"contentUrl\":\"https:\\\/\\\/secure.gravatar.com\\\/avatar\\\/c3b46e32a0fc3b093a0873fb767bf3293de856293065e84ef06b7ec7a8acfb98?s=96&d=identicon&r=x\",\"caption\":\"Charge\"},\"url\":\"https:\\\/\\\/sindromecharge.es\\\/index.php\\\/author\\\/admin\\\/\"}]}<\/script>\n<!-- \/ Yoast SEO plugin. -->","yoast_head_json":{"title":"La Audiencia Nacional ratifica la multa a Vueling por tener una web inaccesible para las personas con discapacidad - Asociaci\u00f3n Espa\u00f1ola S\u00edndrome de Charge","robots":{"index":"index","follow":"follow","max-snippet":"max-snippet:-1","max-image-preview":"max-image-preview:large","max-video-preview":"max-video-preview:-1"},"canonical":"https:\/\/sindromecharge.es\/index.php\/2025\/02\/28\/audiencia-nacional-ratifica-multa-vueling-por-tener-una-web-inaccesible-para-las-personas-con-discapacidad\/","og_locale":"es_ES","og_type":"article","og_title":"La Audiencia Nacional ratifica la multa a Vueling por tener una web inaccesible para las personas con discapacidad - Asociaci\u00f3n Espa\u00f1ola S\u00edndrome de Charge","og_description":"La aerol\u00ednea deber\u00e1 pagar 90.000 euros tras ser sancionada por el Gobierno.","og_url":"https:\/\/sindromecharge.es\/index.php\/2025\/02\/28\/audiencia-nacional-ratifica-multa-vueling-por-tener-una-web-inaccesible-para-las-personas-con-discapacidad\/","og_site_name":"Asociaci\u00f3n Espa\u00f1ola S\u00edndrome de Charge","article_publisher":"https:\/\/www.facebook.com\/asociacionsindromecharge","article_published_time":"2025-02-28T13:53:56+00:00","og_image":[{"width":300,"height":98,"url":"https:\/\/sindromecharge.es\/wp-content\/uploads\/2013\/09\/logodecharge300x98.png","type":"image\/png"}],"author":"Charge","twitter_card":"summary_large_image","twitter_creator":"@sindromecharge","twitter_site":"@sindromecharge","twitter_misc":{"Escrito por":"Charge","Tiempo de lectura":"2 minutos"},"schema":{"@context":"https:\/\/schema.org","@graph":[{"@type":"Article","@id":"https:\/\/sindromecharge.es\/index.php\/2025\/02\/28\/audiencia-nacional-ratifica-multa-vueling-por-tener-una-web-inaccesible-para-las-personas-con-discapacidad\/#article","isPartOf":{"@id":"https:\/\/sindromecharge.es\/index.php\/2025\/02\/28\/audiencia-nacional-ratifica-multa-vueling-por-tener-una-web-inaccesible-para-las-personas-con-discapacidad\/"},"author":{"name":"Charge","@id":"https:\/\/sindromecharge.es\/#\/schema\/person\/39a60ebe0a2b4d5a11179701e336b039"},"headline":"La Audiencia Nacional ratifica la multa a Vueling por tener una web inaccesible para las personas con discapacidad","datePublished":"2025-02-28T13:53:56+00:00","mainEntityOfPage":{"@id":"https:\/\/sindromecharge.es\/index.php\/2025\/02\/28\/audiencia-nacional-ratifica-multa-vueling-por-tener-una-web-inaccesible-para-las-personas-con-discapacidad\/"},"wordCount":492,"articleSection":["noticias"],"inLanguage":"es"},{"@type":"WebPage","@id":"https:\/\/sindromecharge.es\/index.php\/2025\/02\/28\/audiencia-nacional-ratifica-multa-vueling-por-tener-una-web-inaccesible-para-las-personas-con-discapacidad\/","url":"https:\/\/sindromecharge.es\/index.php\/2025\/02\/28\/audiencia-nacional-ratifica-multa-vueling-por-tener-una-web-inaccesible-para-las-personas-con-discapacidad\/","name":"La Audiencia Nacional ratifica la multa a Vueling por tener una web inaccesible para las personas con discapacidad - Asociaci\u00f3n Espa\u00f1ola S\u00edndrome de Charge","isPartOf":{"@id":"https:\/\/sindromecharge.es\/#website"},"datePublished":"2025-02-28T13:53:56+00:00","author":{"@id":"https:\/\/sindromecharge.es\/#\/schema\/person\/39a60ebe0a2b4d5a11179701e336b039"},"breadcrumb":{"@id":"https:\/\/sindromecharge.es\/index.php\/2025\/02\/28\/audiencia-nacional-ratifica-multa-vueling-por-tener-una-web-inaccesible-para-las-personas-con-discapacidad\/#breadcrumb"},"inLanguage":"es","potentialAction":[{"@type":"ReadAction","target":["https:\/\/sindromecharge.es\/index.php\/2025\/02\/28\/audiencia-nacional-ratifica-multa-vueling-por-tener-una-web-inaccesible-para-las-personas-con-discapacidad\/"]}]},{"@type":"BreadcrumbList","@id":"https:\/\/sindromecharge.es\/index.php\/2025\/02\/28\/audiencia-nacional-ratifica-multa-vueling-por-tener-una-web-inaccesible-para-las-personas-con-discapacidad\/#breadcrumb","itemListElement":[{"@type":"ListItem","position":1,"name":"Portada","item":"https:\/\/sindromecharge.es\/"},{"@type":"ListItem","position":2,"name":"La Audiencia Nacional ratifica la multa a Vueling por tener una web inaccesible para las personas con discapacidad"}]},{"@type":"WebSite","@id":"https:\/\/sindromecharge.es\/#website","url":"https:\/\/sindromecharge.es\/","name":"Asociaci\u00f3n Espa\u00f1ola S\u00edndrome de Charge","description":"","potentialAction":[{"@type":"SearchAction","target":{"@type":"EntryPoint","urlTemplate":"https:\/\/sindromecharge.es\/?s={search_term_string}"},"query-input":{"@type":"PropertyValueSpecification","valueRequired":true,"valueName":"search_term_string"}}],"inLanguage":"es"},{"@type":"Person","@id":"https:\/\/sindromecharge.es\/#\/schema\/person\/39a60ebe0a2b4d5a11179701e336b039","name":"Charge","image":{"@type":"ImageObject","inLanguage":"es","@id":"https:\/\/secure.gravatar.com\/avatar\/c3b46e32a0fc3b093a0873fb767bf3293de856293065e84ef06b7ec7a8acfb98?s=96&d=identicon&r=x","url":"https:\/\/secure.gravatar.com\/avatar\/c3b46e32a0fc3b093a0873fb767bf3293de856293065e84ef06b7ec7a8acfb98?s=96&d=identicon&r=x","contentUrl":"https:\/\/secure.gravatar.com\/avatar\/c3b46e32a0fc3b093a0873fb767bf3293de856293065e84ef06b7ec7a8acfb98?s=96&d=identicon&r=x","caption":"Charge"},"url":"https:\/\/sindromecharge.es\/index.php\/author\/admin\/"}]}},"_links":{"self":[{"href":"https:\/\/sindromecharge.es\/index.php\/wp-json\/wp\/v2\/posts\/10896","targetHints":{"allow":["GET"]}}],"collection":[{"href":"https:\/\/sindromecharge.es\/index.php\/wp-json\/wp\/v2\/posts"}],"about":[{"href":"https:\/\/sindromecharge.es\/index.php\/wp-json\/wp\/v2\/types\/post"}],"author":[{"embeddable":true,"href":"https:\/\/sindromecharge.es\/index.php\/wp-json\/wp\/v2\/users\/1"}],"replies":[{"embeddable":true,"href":"https:\/\/sindromecharge.es\/index.php\/wp-json\/wp\/v2\/comments?post=10896"}],"version-history":[{"count":0,"href":"https:\/\/sindromecharge.es\/index.php\/wp-json\/wp\/v2\/posts\/10896\/revisions"}],"wp:attachment":[{"href":"https:\/\/sindromecharge.es\/index.php\/wp-json\/wp\/v2\/media?parent=10896"}],"wp:term":[{"taxonomy":"category","embeddable":true,"href":"https:\/\/sindromecharge.es\/index.php\/wp-json\/wp\/v2\/categories?post=10896"},{"taxonomy":"post_tag","embeddable":true,"href":"https:\/\/sindromecharge.es\/index.php\/wp-json\/wp\/v2\/tags?post=10896"}],"curies":[{"name":"wp","href":"https:\/\/api.w.org\/{rel}","templated":true}]}}