{"id":10895,"date":"2025-02-28T11:23:13","date_gmt":"2025-02-28T11:23:13","guid":{"rendered":"https:\/\/sindromecharge.es\/index.php\/2025\/02\/28\/abierta-consulta-publica-reforma-las-leyes-dependencia-discapaciadad\/"},"modified":"2025-02-28T11:23:13","modified_gmt":"2025-02-28T11:23:13","slug":"abierta-consulta-publica-reforma-las-leyes-dependencia-discapaciadad","status":"publish","type":"post","link":"https:\/\/sindromecharge.es\/index.php\/2025\/02\/28\/abierta-consulta-publica-reforma-las-leyes-dependencia-discapaciadad\/","title":{"rendered":"Abierta hasta el 10 de marzo la consulta p\u00fablica para la reforma de las leyes de Dependencia y Discapacidad"},"content":{"rendered":"<p>Leemos en Discapacidad la siguiente noticia que os reproducimos de forma \u00edntegra: <\/p>\n<div>\n<p>El anteproyecto para reformar el texto refundido de la Ley General de los Derechos de las Personas con Discapacidad y su Inclusi\u00f3n Social y la Ley de Autonom\u00eda Personal y Atenci\u00f3n a la Dependencia <b>comienza este viernes su tr\u00e1mite de Audiencia e Informaci\u00f3n P\u00fablica.<\/b><\/p>\n<p>Seg\u00fan se publica en la web del Ministerio de Derechos Sociales, Consumo y Agenda 2030, el plazo para la recepci\u00f3n de aportaciones permanecer\u00e1 abierto hasta el 10 de marzo.<b> El objetivo de este tr\u00e1mite es que cualquier persona afectada por una norma pueda hacer llegar sus propuestas y opiniones<\/b> al respecto, ya sea de forma individual o a trav\u00e9s de sus asociaciones representativas. Asimismo, busca obtener aportaciones de cualquier ciudadano o entidad interesada que desee participar.<\/p>\n<p>El anteproyecto que sale a consulta p\u00fablica p<b>retende adaptar la legislaci\u00f3n espa\u00f1ola al nuevo mandato del art\u00edculo 49 de la Constituci\u00f3n<\/b> \u2013modificado hace un a\u00f1o- y a la Convenci\u00f3n de Naciones Unidas sobre los Derechos de las Personas con <a href=\"https:\/\/www.20minutos.es\/minuteca\/discapacidad\/\" title=\"Discapacidad\">Discapacidad<\/a>, as\u00ed como adaptar el Sistema de Autonom\u00eda Personal y Atenci\u00f3n a la <a href=\"https:\/\/www.20minutos.es\/minuteca\/dependencia\/\" title=\"Dependencia\">Dependencia<\/a> (SAAD) \u00abal nuevo modelo de cuidados\u00bb que el Gobierno promueve desde la pandemia.<\/p>\n<p>Entre otros puntos, la norma prev\u00e9 modificar el art\u00edculo 10 de la Ley de Propiedad Horizontal, a fin de que todas las actuaciones para<b> asegurar la accesibilidad universal <\/b>resulten obligatorias, igual que las de estanqueidad o las relacionadas con la seguridad de los edificios.<\/p>\n<p>Todas las administraciones con competencias en vivienda tendr\u00e1n que habilitar subvenciones y ayudas de cara a facilitar dichas obras. Adem\u00e1s, las comunidades de vecinos tendr\u00e1n la obligaci\u00f3n de solicitar aquellas opciones de financiaci\u00f3n para obras de accesibilidad que los propietarios proporcionen. Si se niegan, estos podr\u00e1n acudir a la justicia. Esto es as\u00ed porque \u00abla accesibilidad universal\u00bb deja de considerarse como \u00abprincipio inspirador\u00bb de la norma y <b>\u00abpasa a ser un derecho subjetivo\u00bb, destacan desde el Ministerio.<\/b><\/p>\n<p>En esta misma l\u00ednea de reconocimiento de derechos fundamentales, el anteproyecto<b> insiste en garantizar la accesibilidad universal en el Sistema Nacional de Salud.<\/b> Proh\u00edbe as\u00ed todo tipo de discriminaci\u00f3n por raz\u00f3n de discapacidad a la hora de <b>contratar seguros de salud o de vida<\/b>; regula el derecho a la autonom\u00eda personal, a la vida independiente y a la inclusi\u00f3n en la comunidad a trav\u00e9s de la rehabilitaci\u00f3n y la habilitaci\u00f3n y garantiza el respeto a la libertad de elecci\u00f3n de las personas con discapacidad en lo referente a sus opciones de vida independiente y en comunidad (donde vivir, con quien compartir domicilio, etc.).<\/p>\n<p>La norma tambi\u00e9n contempla la creaci\u00f3n de<b> un registro estatal de tarjetas de estacionamiento <\/b>para personas con discapacidad, que agrupar\u00e1 los distintos modos de expedici\u00f3n existentes hasta ahora a fin de evitar fraudes. El texto dedica, asimismo, un art\u00edculo espec\u00edfico a las mujeres y a los menores con discapacidad, en l\u00ednea con la redacci\u00f3n del art\u00edculo 49 de la Constituci\u00f3n.<\/p>\n<p>A fin de reducir cargas administrativas, la nueva ley <b>reconocer\u00e1 de forma autom\u00e1tica un 33 % de discapacidad<\/b> a todas las personas que ya acrediten una situaci\u00f3n de dependencia.<\/p>\n<p>El anteproyecto detalla adem\u00e1s dos definiciones, institucionalizaci\u00f3n y capacitismo, y deja claro su intenci\u00f3n de acabar con ambas. En esta l\u00ednea, <b>refuerza la prohibici\u00f3n de los espect\u00e1culos que denigren o hagan mofa de personas por su condici\u00f3n de discapacidad<\/b> -como los del bombero torero-, y los clasifica como &#8216;muy graves&#8217; dentro del r\u00e9gimen de sanciones e infracciones que contempla la Ley General sobre los Derechos de lasPersonas con Discapacidad. De este modo, se les podr\u00e1 imponer multas que van entre los 600.000 y el mill\u00f3n de euros.<\/p>\n<p>En lo referido a la Autonom\u00eda Personal y Atenci\u00f3n a la Dependencia, la norma<b> pone fin a algunos de los recortes introducidos<\/b> en el SAAD en 2012 y que a\u00fan no hab\u00edan sido eliminados. Acaba con la incompatibilidad entre algunas prestaciones que, aunque muchas comunidades aut\u00f3nomas ya la hab\u00edan suprimido, todav\u00eda permanec\u00eda en el marco legal estatal<\/p>\n<p>La propuesta tambi\u00e9n contempla<b> ampliar y reforzar la prestaci\u00f3n de la asistencia personal<\/b>, que dejar\u00e1 de ser una prestaci\u00f3n econ\u00f3mica para incluirse en el cat\u00e1logo de servicios. Es decir, las administraciones auton\u00f3micas podr\u00e1n ofrecerla en su cartera de servicios de promoci\u00f3n de la autonom\u00eda personal, en lugar de limitarse a abonar sus costes.<\/p>\n<p>La reform<b>a termina con el per\u00edodo de carencia m\u00e1ximo de dos a\u00f1os de las prestaciones econ\u00f3micas<\/b> para cuidados en el entorno familiar y recoge la posibilidad de que la ayuda a domicilio se extienda a otras \u00e1reas de la vida cotidiana de los usuarios, como hacer la compra o acudir al m\u00e9dico.<\/p>\n<p>Otro de sus objetivos es<b> permitir que personas sin v\u00ednculo familiar puedan actuar como cuidadores no profesionales<\/b> de personas en situaci\u00f3n de dependencia. Por otra parte, refuerza las garant\u00edas para que todas las personas dependientes se beneficien de los servicios de teleasistencia avanzada y establece nuevas tipolog\u00edas de viviendas en las que se pueden recibir apoyos. Hasta ahora, esto solo era posible en los domicilios particulares y en las residencias, pero la nueva norma Habla tambi\u00e9nviviendas compartidas o comunitarias.<\/p>\n<p>Seg\u00fan el anteproyecto de ley,<b> la vivienda habitual de la persona dependiente no se tendr\u00e1 en cuenta a la hora de calcular su capacidad econ\u00f3mica<\/b>, pues el propietario no siempre puede obtener liquidez gracias a ella -muchas veces residen otros familiares-. Su c\u00f3mputo sol\u00eda resultar en copagos \u00abmuy \u00abonerosos\u00bb, sobre todo para los usuarios de residencias.<\/p>\n<p>Contempla tambi\u00e9n establecer unos <b>m\u00ednimos exentos de copago a nivel nacional<\/b>, cuyos criterios deber\u00e1n decidirse cada a\u00f1o en el Consejo Interterritorial de Servicios Sociales. Por \u00faltimo, obliga a que todos los trabajadores de centros en los que se atienden a personas mayores y con discapacidad presenten certificados de penales que demuestren que no han cometido delitos de car\u00e1cter sexual.<\/p>\n<\/div>\n<p>Fuente: Discapacidad https:\/\/www.20minutos.es\/noticia\/5686842\/0\/abierta-consulta-publica-reforma-las-leyes-dependencia-discapaciadad\/<\/p>\n","protected":false},"excerpt":{"rendered":"<p>La norma comienza este viernes su tr\u00e1mite de Audiencia e Informaci\u00f3n P\u00fablica.<\/p>\n","protected":false},"author":1,"featured_media":0,"comment_status":"closed","ping_status":"closed","sticky":false,"template":"","format":"standard","meta":{"footnotes":""},"categories":[8],"tags":[],"class_list":["post-10895","post","type-post","status-publish","format-standard","hentry","category-noticias"],"yoast_head":"<!-- This site is optimized with the Yoast SEO plugin v27.4 - https:\/\/yoast.com\/product\/yoast-seo-wordpress\/ -->\n<title>Abierta hasta el 10 de marzo la consulta p\u00fablica para la reforma de las leyes de Dependencia y Discapacidad - Asociaci\u00f3n Espa\u00f1ola S\u00edndrome de Charge<\/title>\n<meta name=\"robots\" content=\"index, follow, max-snippet:-1, max-image-preview:large, max-video-preview:-1\" \/>\n<link rel=\"canonical\" href=\"https:\/\/sindromecharge.es\/index.php\/2025\/02\/28\/abierta-consulta-publica-reforma-las-leyes-dependencia-discapaciadad\/\" \/>\n<meta property=\"og:locale\" content=\"es_ES\" \/>\n<meta property=\"og:type\" content=\"article\" \/>\n<meta property=\"og:title\" content=\"Abierta hasta el 10 de marzo la consulta p\u00fablica para la reforma de las leyes de Dependencia y Discapacidad - Asociaci\u00f3n Espa\u00f1ola S\u00edndrome de Charge\" \/>\n<meta property=\"og:description\" content=\"La norma comienza este viernes su tr\u00e1mite de Audiencia e Informaci\u00f3n P\u00fablica.\" \/>\n<meta property=\"og:url\" content=\"https:\/\/sindromecharge.es\/index.php\/2025\/02\/28\/abierta-consulta-publica-reforma-las-leyes-dependencia-discapaciadad\/\" \/>\n<meta property=\"og:site_name\" content=\"Asociaci\u00f3n Espa\u00f1ola S\u00edndrome de Charge\" \/>\n<meta property=\"article:publisher\" content=\"https:\/\/www.facebook.com\/asociacionsindromecharge\" \/>\n<meta property=\"article:published_time\" content=\"2025-02-28T11:23:13+00:00\" \/>\n<meta property=\"og:image\" content=\"https:\/\/sindromecharge.es\/wp-content\/uploads\/2013\/09\/logodecharge300x98.png\" \/>\n\t<meta property=\"og:image:width\" content=\"300\" \/>\n\t<meta property=\"og:image:height\" content=\"98\" \/>\n\t<meta property=\"og:image:type\" content=\"image\/png\" \/>\n<meta name=\"author\" content=\"Charge\" \/>\n<meta name=\"twitter:card\" content=\"summary_large_image\" \/>\n<meta name=\"twitter:creator\" content=\"@sindromecharge\" \/>\n<meta name=\"twitter:site\" content=\"@sindromecharge\" \/>\n<meta name=\"twitter:label1\" content=\"Escrito por\" \/>\n\t<meta name=\"twitter:data1\" content=\"Charge\" \/>\n\t<meta name=\"twitter:label2\" content=\"Tiempo de lectura\" \/>\n\t<meta name=\"twitter:data2\" content=\"5 minutos\" \/>\n<script type=\"application\/ld+json\" class=\"yoast-schema-graph\">{\"@context\":\"https:\\\/\\\/schema.org\",\"@graph\":[{\"@type\":\"Article\",\"@id\":\"https:\\\/\\\/sindromecharge.es\\\/index.php\\\/2025\\\/02\\\/28\\\/abierta-consulta-publica-reforma-las-leyes-dependencia-discapaciadad\\\/#article\",\"isPartOf\":{\"@id\":\"https:\\\/\\\/sindromecharge.es\\\/index.php\\\/2025\\\/02\\\/28\\\/abierta-consulta-publica-reforma-las-leyes-dependencia-discapaciadad\\\/\"},\"author\":{\"name\":\"Charge\",\"@id\":\"https:\\\/\\\/sindromecharge.es\\\/#\\\/schema\\\/person\\\/39a60ebe0a2b4d5a11179701e336b039\"},\"headline\":\"Abierta hasta el 10 de marzo la consulta p\u00fablica para la reforma de las leyes de Dependencia y Discapacidad\",\"datePublished\":\"2025-02-28T11:23:13+00:00\",\"mainEntityOfPage\":{\"@id\":\"https:\\\/\\\/sindromecharge.es\\\/index.php\\\/2025\\\/02\\\/28\\\/abierta-consulta-publica-reforma-las-leyes-dependencia-discapaciadad\\\/\"},\"wordCount\":1064,\"articleSection\":[\"noticias\"],\"inLanguage\":\"es\"},{\"@type\":\"WebPage\",\"@id\":\"https:\\\/\\\/sindromecharge.es\\\/index.php\\\/2025\\\/02\\\/28\\\/abierta-consulta-publica-reforma-las-leyes-dependencia-discapaciadad\\\/\",\"url\":\"https:\\\/\\\/sindromecharge.es\\\/index.php\\\/2025\\\/02\\\/28\\\/abierta-consulta-publica-reforma-las-leyes-dependencia-discapaciadad\\\/\",\"name\":\"Abierta hasta el 10 de marzo la consulta p\u00fablica para la reforma de las leyes de Dependencia y Discapacidad - Asociaci\u00f3n Espa\u00f1ola S\u00edndrome de Charge\",\"isPartOf\":{\"@id\":\"https:\\\/\\\/sindromecharge.es\\\/#website\"},\"datePublished\":\"2025-02-28T11:23:13+00:00\",\"author\":{\"@id\":\"https:\\\/\\\/sindromecharge.es\\\/#\\\/schema\\\/person\\\/39a60ebe0a2b4d5a11179701e336b039\"},\"breadcrumb\":{\"@id\":\"https:\\\/\\\/sindromecharge.es\\\/index.php\\\/2025\\\/02\\\/28\\\/abierta-consulta-publica-reforma-las-leyes-dependencia-discapaciadad\\\/#breadcrumb\"},\"inLanguage\":\"es\",\"potentialAction\":[{\"@type\":\"ReadAction\",\"target\":[\"https:\\\/\\\/sindromecharge.es\\\/index.php\\\/2025\\\/02\\\/28\\\/abierta-consulta-publica-reforma-las-leyes-dependencia-discapaciadad\\\/\"]}]},{\"@type\":\"BreadcrumbList\",\"@id\":\"https:\\\/\\\/sindromecharge.es\\\/index.php\\\/2025\\\/02\\\/28\\\/abierta-consulta-publica-reforma-las-leyes-dependencia-discapaciadad\\\/#breadcrumb\",\"itemListElement\":[{\"@type\":\"ListItem\",\"position\":1,\"name\":\"Portada\",\"item\":\"https:\\\/\\\/sindromecharge.es\\\/\"},{\"@type\":\"ListItem\",\"position\":2,\"name\":\"Abierta hasta el 10 de marzo la consulta p\u00fablica para la reforma de las leyes de Dependencia y Discapacidad\"}]},{\"@type\":\"WebSite\",\"@id\":\"https:\\\/\\\/sindromecharge.es\\\/#website\",\"url\":\"https:\\\/\\\/sindromecharge.es\\\/\",\"name\":\"Asociaci\u00f3n Espa\u00f1ola S\u00edndrome de Charge\",\"description\":\"\",\"potentialAction\":[{\"@type\":\"SearchAction\",\"target\":{\"@type\":\"EntryPoint\",\"urlTemplate\":\"https:\\\/\\\/sindromecharge.es\\\/?s={search_term_string}\"},\"query-input\":{\"@type\":\"PropertyValueSpecification\",\"valueRequired\":true,\"valueName\":\"search_term_string\"}}],\"inLanguage\":\"es\"},{\"@type\":\"Person\",\"@id\":\"https:\\\/\\\/sindromecharge.es\\\/#\\\/schema\\\/person\\\/39a60ebe0a2b4d5a11179701e336b039\",\"name\":\"Charge\",\"image\":{\"@type\":\"ImageObject\",\"inLanguage\":\"es\",\"@id\":\"https:\\\/\\\/secure.gravatar.com\\\/avatar\\\/c3b46e32a0fc3b093a0873fb767bf3293de856293065e84ef06b7ec7a8acfb98?s=96&d=identicon&r=x\",\"url\":\"https:\\\/\\\/secure.gravatar.com\\\/avatar\\\/c3b46e32a0fc3b093a0873fb767bf3293de856293065e84ef06b7ec7a8acfb98?s=96&d=identicon&r=x\",\"contentUrl\":\"https:\\\/\\\/secure.gravatar.com\\\/avatar\\\/c3b46e32a0fc3b093a0873fb767bf3293de856293065e84ef06b7ec7a8acfb98?s=96&d=identicon&r=x\",\"caption\":\"Charge\"},\"url\":\"https:\\\/\\\/sindromecharge.es\\\/index.php\\\/author\\\/admin\\\/\"}]}<\/script>\n<!-- \/ Yoast SEO plugin. -->","yoast_head_json":{"title":"Abierta hasta el 10 de marzo la consulta p\u00fablica para la reforma de las leyes de Dependencia y Discapacidad - Asociaci\u00f3n Espa\u00f1ola S\u00edndrome de Charge","robots":{"index":"index","follow":"follow","max-snippet":"max-snippet:-1","max-image-preview":"max-image-preview:large","max-video-preview":"max-video-preview:-1"},"canonical":"https:\/\/sindromecharge.es\/index.php\/2025\/02\/28\/abierta-consulta-publica-reforma-las-leyes-dependencia-discapaciadad\/","og_locale":"es_ES","og_type":"article","og_title":"Abierta hasta el 10 de marzo la consulta p\u00fablica para la reforma de las leyes de Dependencia y Discapacidad - Asociaci\u00f3n Espa\u00f1ola S\u00edndrome de Charge","og_description":"La norma comienza este viernes su tr\u00e1mite de Audiencia e Informaci\u00f3n P\u00fablica.","og_url":"https:\/\/sindromecharge.es\/index.php\/2025\/02\/28\/abierta-consulta-publica-reforma-las-leyes-dependencia-discapaciadad\/","og_site_name":"Asociaci\u00f3n Espa\u00f1ola S\u00edndrome de Charge","article_publisher":"https:\/\/www.facebook.com\/asociacionsindromecharge","article_published_time":"2025-02-28T11:23:13+00:00","og_image":[{"width":300,"height":98,"url":"https:\/\/sindromecharge.es\/wp-content\/uploads\/2013\/09\/logodecharge300x98.png","type":"image\/png"}],"author":"Charge","twitter_card":"summary_large_image","twitter_creator":"@sindromecharge","twitter_site":"@sindromecharge","twitter_misc":{"Escrito por":"Charge","Tiempo de lectura":"5 minutos"},"schema":{"@context":"https:\/\/schema.org","@graph":[{"@type":"Article","@id":"https:\/\/sindromecharge.es\/index.php\/2025\/02\/28\/abierta-consulta-publica-reforma-las-leyes-dependencia-discapaciadad\/#article","isPartOf":{"@id":"https:\/\/sindromecharge.es\/index.php\/2025\/02\/28\/abierta-consulta-publica-reforma-las-leyes-dependencia-discapaciadad\/"},"author":{"name":"Charge","@id":"https:\/\/sindromecharge.es\/#\/schema\/person\/39a60ebe0a2b4d5a11179701e336b039"},"headline":"Abierta hasta el 10 de marzo la consulta p\u00fablica para la reforma de las leyes de Dependencia y Discapacidad","datePublished":"2025-02-28T11:23:13+00:00","mainEntityOfPage":{"@id":"https:\/\/sindromecharge.es\/index.php\/2025\/02\/28\/abierta-consulta-publica-reforma-las-leyes-dependencia-discapaciadad\/"},"wordCount":1064,"articleSection":["noticias"],"inLanguage":"es"},{"@type":"WebPage","@id":"https:\/\/sindromecharge.es\/index.php\/2025\/02\/28\/abierta-consulta-publica-reforma-las-leyes-dependencia-discapaciadad\/","url":"https:\/\/sindromecharge.es\/index.php\/2025\/02\/28\/abierta-consulta-publica-reforma-las-leyes-dependencia-discapaciadad\/","name":"Abierta hasta el 10 de marzo la consulta p\u00fablica para la reforma de las leyes de Dependencia y Discapacidad - Asociaci\u00f3n Espa\u00f1ola S\u00edndrome de Charge","isPartOf":{"@id":"https:\/\/sindromecharge.es\/#website"},"datePublished":"2025-02-28T11:23:13+00:00","author":{"@id":"https:\/\/sindromecharge.es\/#\/schema\/person\/39a60ebe0a2b4d5a11179701e336b039"},"breadcrumb":{"@id":"https:\/\/sindromecharge.es\/index.php\/2025\/02\/28\/abierta-consulta-publica-reforma-las-leyes-dependencia-discapaciadad\/#breadcrumb"},"inLanguage":"es","potentialAction":[{"@type":"ReadAction","target":["https:\/\/sindromecharge.es\/index.php\/2025\/02\/28\/abierta-consulta-publica-reforma-las-leyes-dependencia-discapaciadad\/"]}]},{"@type":"BreadcrumbList","@id":"https:\/\/sindromecharge.es\/index.php\/2025\/02\/28\/abierta-consulta-publica-reforma-las-leyes-dependencia-discapaciadad\/#breadcrumb","itemListElement":[{"@type":"ListItem","position":1,"name":"Portada","item":"https:\/\/sindromecharge.es\/"},{"@type":"ListItem","position":2,"name":"Abierta hasta el 10 de marzo la consulta p\u00fablica para la reforma de las leyes de Dependencia y Discapacidad"}]},{"@type":"WebSite","@id":"https:\/\/sindromecharge.es\/#website","url":"https:\/\/sindromecharge.es\/","name":"Asociaci\u00f3n Espa\u00f1ola S\u00edndrome de Charge","description":"","potentialAction":[{"@type":"SearchAction","target":{"@type":"EntryPoint","urlTemplate":"https:\/\/sindromecharge.es\/?s={search_term_string}"},"query-input":{"@type":"PropertyValueSpecification","valueRequired":true,"valueName":"search_term_string"}}],"inLanguage":"es"},{"@type":"Person","@id":"https:\/\/sindromecharge.es\/#\/schema\/person\/39a60ebe0a2b4d5a11179701e336b039","name":"Charge","image":{"@type":"ImageObject","inLanguage":"es","@id":"https:\/\/secure.gravatar.com\/avatar\/c3b46e32a0fc3b093a0873fb767bf3293de856293065e84ef06b7ec7a8acfb98?s=96&d=identicon&r=x","url":"https:\/\/secure.gravatar.com\/avatar\/c3b46e32a0fc3b093a0873fb767bf3293de856293065e84ef06b7ec7a8acfb98?s=96&d=identicon&r=x","contentUrl":"https:\/\/secure.gravatar.com\/avatar\/c3b46e32a0fc3b093a0873fb767bf3293de856293065e84ef06b7ec7a8acfb98?s=96&d=identicon&r=x","caption":"Charge"},"url":"https:\/\/sindromecharge.es\/index.php\/author\/admin\/"}]}},"_links":{"self":[{"href":"https:\/\/sindromecharge.es\/index.php\/wp-json\/wp\/v2\/posts\/10895","targetHints":{"allow":["GET"]}}],"collection":[{"href":"https:\/\/sindromecharge.es\/index.php\/wp-json\/wp\/v2\/posts"}],"about":[{"href":"https:\/\/sindromecharge.es\/index.php\/wp-json\/wp\/v2\/types\/post"}],"author":[{"embeddable":true,"href":"https:\/\/sindromecharge.es\/index.php\/wp-json\/wp\/v2\/users\/1"}],"replies":[{"embeddable":true,"href":"https:\/\/sindromecharge.es\/index.php\/wp-json\/wp\/v2\/comments?post=10895"}],"version-history":[{"count":0,"href":"https:\/\/sindromecharge.es\/index.php\/wp-json\/wp\/v2\/posts\/10895\/revisions"}],"wp:attachment":[{"href":"https:\/\/sindromecharge.es\/index.php\/wp-json\/wp\/v2\/media?parent=10895"}],"wp:term":[{"taxonomy":"category","embeddable":true,"href":"https:\/\/sindromecharge.es\/index.php\/wp-json\/wp\/v2\/categories?post=10895"},{"taxonomy":"post_tag","embeddable":true,"href":"https:\/\/sindromecharge.es\/index.php\/wp-json\/wp\/v2\/tags?post=10895"}],"curies":[{"name":"wp","href":"https:\/\/api.w.org\/{rel}","templated":true}]}}