{"id":10894,"date":"2025-02-28T11:11:51","date_gmt":"2025-02-28T11:11:51","guid":{"rendered":"https:\/\/sindromecharge.es\/index.php\/2025\/02\/28\/argentina-discapacidad-gobierno-argentino-modificara-resolucion-que-llama-imbeciles-personas-con-discapacidad\/"},"modified":"2025-02-28T11:11:51","modified_gmt":"2025-02-28T11:11:51","slug":"argentina-discapacidad-gobierno-argentino-modificara-resolucion-que-llama-imbeciles-personas-con-discapacidad","status":"publish","type":"post","link":"https:\/\/sindromecharge.es\/index.php\/2025\/02\/28\/argentina-discapacidad-gobierno-argentino-modificara-resolucion-que-llama-imbeciles-personas-con-discapacidad\/","title":{"rendered":"El Gobierno argentino modificar\u00e1 una reciente resoluci\u00f3n que llama \u00abimb\u00e9ciles\u00bb a las personas con discapacidad"},"content":{"rendered":"<p>Leemos en Discapacidad la siguiente noticia que os reproducimos de forma \u00edntegra: <\/p>\n<div>\n<p>La Agencia Nacional de Discapacidad (ANDIS), dependiente del Ministerio de Salud de Argentina, anunci\u00f3 este jueves que<b> modificar\u00e1 la resoluci\u00f3n<\/b> que califica a personas con distintos grados de discapacidad como \u00abidiotas\u00bb, \u00abd\u00e9biles mentales\u00bb e \u00abimb\u00e9ciles\u00bb y asegur\u00f3, tras desatarse una fuerte pol\u00e9mica, que se trat\u00f3 de \u00abun error\u00bb.<\/p>\n<p>\u00abDesde la ANDIS queremos aclarar que la publicaci\u00f3n de los t\u00e9rminos en cuesti\u00f3n <b>no tuvo ninguna intenci\u00f3n discriminatoria, sino que se trat\u00f3 de un error <\/b>derivado del uso de conceptos pertenecientes a una terminolog\u00eda obsoleta\u00bb, expres\u00f3 el organismo en su p\u00e1gina oficial.<\/p>\n<p>Los t\u00e9rminos mencionados aparecen en el Anexo de la Resoluci\u00f3n 187\/2025, publicada el mes pasado en el Bolet\u00edn Oficial de la Naci\u00f3n y que <b>define los &#8216;criterios m\u00e9dicos&#8217; para medir la invalidez laboral,<\/b> y que seg\u00fan la ANDIS ser\u00e1 modificada.<\/p>\n<p><b>Debajo de un apartado titulado \u00abRetardos Mentales\u00bb<\/b>, la resoluci\u00f3n clasifica a las personas de \u00abidiota\u00bb, \u00abimb\u00e9cil\u00bb o \u00abd\u00e9bil mental\u00bb -que puede ser \u00abprofundo\u00bb, \u00abmoderado\u00bb o \u00ableve\u00bb-, seg\u00fan su nivel de discapacidad y determina que \u00able corresponde pensi\u00f3n a los que presentan debilidad mental profunda o mayor\u00bb.<\/p>\n<p>\u00abLa Resoluci\u00f3n 187\/2025 y su anexo<b> ser\u00e1n modificados siguiendo los est\u00e1ndares m\u00e9dicos y normativos vigentes<\/b>, con el objetivo de garantizar que la terminolog\u00eda utilizada est\u00e9 alineada con las referencias internacionales\u00bb, afirm\u00f3 el comunicado publicado este jueves por el organismo.<\/p>\n<p>\u00abLa Agencia Nacional de Discapacidad (ANDIS<b>) reafirma su compromiso con un sistema de evaluaci\u00f3n justo, transparente y basado en criterios m\u00e9dicos <\/b>y en un an\u00e1lisis integral de la situaci\u00f3n socioecon\u00f3mica de las personas, que garantice que las pensiones no contributivas por invalidez laboral sean otorgadas a quienes realmente las necesitan\u00bb, agreg\u00f3 el texto.<\/p>\n<p>La decisi\u00f3n del organismo nacional de modificar la resoluci\u00f3n<b> se da luego de un rechazo generalizado<\/b> desde distintos sectores y organizaciones.<\/p>\n<p>El Foro Permanente Discapacidad public\u00f3 este jueves un comunicado en repudio a la resoluci\u00f3n, que consider\u00f3 <b>\u00abun retroceso inadmisible que atenta contra los derechos de las personas con discapacidad\u00bb<\/b>, y exigi\u00f3 su \u00abrevisi\u00f3n inmediata\u00bb.<\/p>\n<p>El diputado nacional del Frente de Izquierda Nicol\u00e1s del Ca\u00f1o hab\u00eda anunciado en su cuenta de X que <b>presentar\u00edan un proyecto para rechazar la resoluci\u00f3n en el Parlamento<\/b> y \u00abseguir acompa\u00f1ando los reclamos y las demandas de las personas con discapacidad y sus familias\u00bb.<\/p>\n<p><b>Siete organizaciones argentinas de derechos humanos<\/b> y que representan a las personas con discapacidad, entre las que se encuentran la Asociaci\u00f3n Civil por la Igualdad y la Justicia (ACIJ) y el Centro de Estudios Legales y Sociales (CELS), hab\u00edan presentado el pasado 3 de febrero una reclamaci\u00f3n administrativo en el que solicitaron a la ANDIS la derogaci\u00f3n urgente de la norma \u00abpor violar los derechos de las personas con discapacidad\u00bb. <\/p>\n<\/div>\n<p>Fuente: Discapacidad https:\/\/www.20minutos.es\/noticia\/5686844\/0\/argentina-discapacidad-gobierno-argentino-modificara-resolucion-que-llama-imbeciles-personas-con-discapacidad\/<\/p>\n","protected":false},"excerpt":{"rendered":"<p>Califica a personas con distintos grados de discapacidad tambi\u00e9n como \u00abidiotas\u00bb y \u00abd\u00e9biles mentales\u00bb .<\/p>\n","protected":false},"author":1,"featured_media":0,"comment_status":"closed","ping_status":"closed","sticky":false,"template":"","format":"standard","meta":{"footnotes":""},"categories":[8],"tags":[],"class_list":["post-10894","post","type-post","status-publish","format-standard","hentry","category-noticias"],"yoast_head":"<!-- This site is optimized with the Yoast SEO plugin v27.4 - https:\/\/yoast.com\/product\/yoast-seo-wordpress\/ -->\n<title>El Gobierno argentino modificar\u00e1 una reciente resoluci\u00f3n que llama &quot;imb\u00e9ciles&quot; a las personas con discapacidad - Asociaci\u00f3n Espa\u00f1ola S\u00edndrome de Charge<\/title>\n<meta name=\"robots\" content=\"index, follow, max-snippet:-1, max-image-preview:large, max-video-preview:-1\" \/>\n<link rel=\"canonical\" href=\"https:\/\/sindromecharge.es\/index.php\/2025\/02\/28\/argentina-discapacidad-gobierno-argentino-modificara-resolucion-que-llama-imbeciles-personas-con-discapacidad\/\" \/>\n<meta property=\"og:locale\" content=\"es_ES\" \/>\n<meta property=\"og:type\" content=\"article\" \/>\n<meta property=\"og:title\" content=\"El Gobierno argentino modificar\u00e1 una reciente resoluci\u00f3n que llama &quot;imb\u00e9ciles&quot; a las personas con discapacidad - Asociaci\u00f3n Espa\u00f1ola S\u00edndrome de Charge\" \/>\n<meta property=\"og:description\" content=\"Califica a personas con distintos grados de discapacidad tambi\u00e9n como \u00abidiotas\u00bb y \u00abd\u00e9biles mentales\u00bb .\" \/>\n<meta property=\"og:url\" content=\"https:\/\/sindromecharge.es\/index.php\/2025\/02\/28\/argentina-discapacidad-gobierno-argentino-modificara-resolucion-que-llama-imbeciles-personas-con-discapacidad\/\" \/>\n<meta property=\"og:site_name\" content=\"Asociaci\u00f3n Espa\u00f1ola S\u00edndrome de Charge\" \/>\n<meta property=\"article:publisher\" content=\"https:\/\/www.facebook.com\/asociacionsindromecharge\" \/>\n<meta property=\"article:published_time\" content=\"2025-02-28T11:11:51+00:00\" \/>\n<meta property=\"og:image\" content=\"https:\/\/sindromecharge.es\/wp-content\/uploads\/2013\/09\/logodecharge300x98.png\" \/>\n\t<meta property=\"og:image:width\" content=\"300\" \/>\n\t<meta property=\"og:image:height\" content=\"98\" \/>\n\t<meta property=\"og:image:type\" content=\"image\/png\" \/>\n<meta name=\"author\" content=\"Charge\" \/>\n<meta name=\"twitter:card\" content=\"summary_large_image\" \/>\n<meta name=\"twitter:creator\" content=\"@sindromecharge\" \/>\n<meta name=\"twitter:site\" content=\"@sindromecharge\" \/>\n<meta name=\"twitter:label1\" content=\"Escrito por\" \/>\n\t<meta name=\"twitter:data1\" content=\"Charge\" \/>\n\t<meta name=\"twitter:label2\" content=\"Tiempo de lectura\" \/>\n\t<meta name=\"twitter:data2\" content=\"3 minutos\" \/>\n<script type=\"application\/ld+json\" class=\"yoast-schema-graph\">{\"@context\":\"https:\\\/\\\/schema.org\",\"@graph\":[{\"@type\":\"Article\",\"@id\":\"https:\\\/\\\/sindromecharge.es\\\/index.php\\\/2025\\\/02\\\/28\\\/argentina-discapacidad-gobierno-argentino-modificara-resolucion-que-llama-imbeciles-personas-con-discapacidad\\\/#article\",\"isPartOf\":{\"@id\":\"https:\\\/\\\/sindromecharge.es\\\/index.php\\\/2025\\\/02\\\/28\\\/argentina-discapacidad-gobierno-argentino-modificara-resolucion-que-llama-imbeciles-personas-con-discapacidad\\\/\"},\"author\":{\"name\":\"Charge\",\"@id\":\"https:\\\/\\\/sindromecharge.es\\\/#\\\/schema\\\/person\\\/39a60ebe0a2b4d5a11179701e336b039\"},\"headline\":\"El Gobierno argentino modificar\u00e1 una reciente resoluci\u00f3n que llama \u00abimb\u00e9ciles\u00bb a las personas con discapacidad\",\"datePublished\":\"2025-02-28T11:11:51+00:00\",\"mainEntityOfPage\":{\"@id\":\"https:\\\/\\\/sindromecharge.es\\\/index.php\\\/2025\\\/02\\\/28\\\/argentina-discapacidad-gobierno-argentino-modificara-resolucion-que-llama-imbeciles-personas-con-discapacidad\\\/\"},\"wordCount\":517,\"articleSection\":[\"noticias\"],\"inLanguage\":\"es\"},{\"@type\":\"WebPage\",\"@id\":\"https:\\\/\\\/sindromecharge.es\\\/index.php\\\/2025\\\/02\\\/28\\\/argentina-discapacidad-gobierno-argentino-modificara-resolucion-que-llama-imbeciles-personas-con-discapacidad\\\/\",\"url\":\"https:\\\/\\\/sindromecharge.es\\\/index.php\\\/2025\\\/02\\\/28\\\/argentina-discapacidad-gobierno-argentino-modificara-resolucion-que-llama-imbeciles-personas-con-discapacidad\\\/\",\"name\":\"El Gobierno argentino modificar\u00e1 una reciente resoluci\u00f3n que llama \\\"imb\u00e9ciles\\\" a las personas con discapacidad - Asociaci\u00f3n Espa\u00f1ola S\u00edndrome de Charge\",\"isPartOf\":{\"@id\":\"https:\\\/\\\/sindromecharge.es\\\/#website\"},\"datePublished\":\"2025-02-28T11:11:51+00:00\",\"author\":{\"@id\":\"https:\\\/\\\/sindromecharge.es\\\/#\\\/schema\\\/person\\\/39a60ebe0a2b4d5a11179701e336b039\"},\"breadcrumb\":{\"@id\":\"https:\\\/\\\/sindromecharge.es\\\/index.php\\\/2025\\\/02\\\/28\\\/argentina-discapacidad-gobierno-argentino-modificara-resolucion-que-llama-imbeciles-personas-con-discapacidad\\\/#breadcrumb\"},\"inLanguage\":\"es\",\"potentialAction\":[{\"@type\":\"ReadAction\",\"target\":[\"https:\\\/\\\/sindromecharge.es\\\/index.php\\\/2025\\\/02\\\/28\\\/argentina-discapacidad-gobierno-argentino-modificara-resolucion-que-llama-imbeciles-personas-con-discapacidad\\\/\"]}]},{\"@type\":\"BreadcrumbList\",\"@id\":\"https:\\\/\\\/sindromecharge.es\\\/index.php\\\/2025\\\/02\\\/28\\\/argentina-discapacidad-gobierno-argentino-modificara-resolucion-que-llama-imbeciles-personas-con-discapacidad\\\/#breadcrumb\",\"itemListElement\":[{\"@type\":\"ListItem\",\"position\":1,\"name\":\"Portada\",\"item\":\"https:\\\/\\\/sindromecharge.es\\\/\"},{\"@type\":\"ListItem\",\"position\":2,\"name\":\"El Gobierno argentino modificar\u00e1 una reciente resoluci\u00f3n que llama \u00abimb\u00e9ciles\u00bb a las personas con discapacidad\"}]},{\"@type\":\"WebSite\",\"@id\":\"https:\\\/\\\/sindromecharge.es\\\/#website\",\"url\":\"https:\\\/\\\/sindromecharge.es\\\/\",\"name\":\"Asociaci\u00f3n Espa\u00f1ola S\u00edndrome de Charge\",\"description\":\"\",\"potentialAction\":[{\"@type\":\"SearchAction\",\"target\":{\"@type\":\"EntryPoint\",\"urlTemplate\":\"https:\\\/\\\/sindromecharge.es\\\/?s={search_term_string}\"},\"query-input\":{\"@type\":\"PropertyValueSpecification\",\"valueRequired\":true,\"valueName\":\"search_term_string\"}}],\"inLanguage\":\"es\"},{\"@type\":\"Person\",\"@id\":\"https:\\\/\\\/sindromecharge.es\\\/#\\\/schema\\\/person\\\/39a60ebe0a2b4d5a11179701e336b039\",\"name\":\"Charge\",\"image\":{\"@type\":\"ImageObject\",\"inLanguage\":\"es\",\"@id\":\"https:\\\/\\\/secure.gravatar.com\\\/avatar\\\/c3b46e32a0fc3b093a0873fb767bf3293de856293065e84ef06b7ec7a8acfb98?s=96&d=identicon&r=x\",\"url\":\"https:\\\/\\\/secure.gravatar.com\\\/avatar\\\/c3b46e32a0fc3b093a0873fb767bf3293de856293065e84ef06b7ec7a8acfb98?s=96&d=identicon&r=x\",\"contentUrl\":\"https:\\\/\\\/secure.gravatar.com\\\/avatar\\\/c3b46e32a0fc3b093a0873fb767bf3293de856293065e84ef06b7ec7a8acfb98?s=96&d=identicon&r=x\",\"caption\":\"Charge\"},\"url\":\"https:\\\/\\\/sindromecharge.es\\\/index.php\\\/author\\\/admin\\\/\"}]}<\/script>\n<!-- \/ Yoast SEO plugin. -->","yoast_head_json":{"title":"El Gobierno argentino modificar\u00e1 una reciente resoluci\u00f3n que llama \"imb\u00e9ciles\" a las personas con discapacidad - Asociaci\u00f3n Espa\u00f1ola S\u00edndrome de Charge","robots":{"index":"index","follow":"follow","max-snippet":"max-snippet:-1","max-image-preview":"max-image-preview:large","max-video-preview":"max-video-preview:-1"},"canonical":"https:\/\/sindromecharge.es\/index.php\/2025\/02\/28\/argentina-discapacidad-gobierno-argentino-modificara-resolucion-que-llama-imbeciles-personas-con-discapacidad\/","og_locale":"es_ES","og_type":"article","og_title":"El Gobierno argentino modificar\u00e1 una reciente resoluci\u00f3n que llama \"imb\u00e9ciles\" a las personas con discapacidad - Asociaci\u00f3n Espa\u00f1ola S\u00edndrome de Charge","og_description":"Califica a personas con distintos grados de discapacidad tambi\u00e9n como \u00abidiotas\u00bb y \u00abd\u00e9biles mentales\u00bb .","og_url":"https:\/\/sindromecharge.es\/index.php\/2025\/02\/28\/argentina-discapacidad-gobierno-argentino-modificara-resolucion-que-llama-imbeciles-personas-con-discapacidad\/","og_site_name":"Asociaci\u00f3n Espa\u00f1ola S\u00edndrome de Charge","article_publisher":"https:\/\/www.facebook.com\/asociacionsindromecharge","article_published_time":"2025-02-28T11:11:51+00:00","og_image":[{"width":300,"height":98,"url":"https:\/\/sindromecharge.es\/wp-content\/uploads\/2013\/09\/logodecharge300x98.png","type":"image\/png"}],"author":"Charge","twitter_card":"summary_large_image","twitter_creator":"@sindromecharge","twitter_site":"@sindromecharge","twitter_misc":{"Escrito por":"Charge","Tiempo de lectura":"3 minutos"},"schema":{"@context":"https:\/\/schema.org","@graph":[{"@type":"Article","@id":"https:\/\/sindromecharge.es\/index.php\/2025\/02\/28\/argentina-discapacidad-gobierno-argentino-modificara-resolucion-que-llama-imbeciles-personas-con-discapacidad\/#article","isPartOf":{"@id":"https:\/\/sindromecharge.es\/index.php\/2025\/02\/28\/argentina-discapacidad-gobierno-argentino-modificara-resolucion-que-llama-imbeciles-personas-con-discapacidad\/"},"author":{"name":"Charge","@id":"https:\/\/sindromecharge.es\/#\/schema\/person\/39a60ebe0a2b4d5a11179701e336b039"},"headline":"El Gobierno argentino modificar\u00e1 una reciente resoluci\u00f3n que llama \u00abimb\u00e9ciles\u00bb a las personas con discapacidad","datePublished":"2025-02-28T11:11:51+00:00","mainEntityOfPage":{"@id":"https:\/\/sindromecharge.es\/index.php\/2025\/02\/28\/argentina-discapacidad-gobierno-argentino-modificara-resolucion-que-llama-imbeciles-personas-con-discapacidad\/"},"wordCount":517,"articleSection":["noticias"],"inLanguage":"es"},{"@type":"WebPage","@id":"https:\/\/sindromecharge.es\/index.php\/2025\/02\/28\/argentina-discapacidad-gobierno-argentino-modificara-resolucion-que-llama-imbeciles-personas-con-discapacidad\/","url":"https:\/\/sindromecharge.es\/index.php\/2025\/02\/28\/argentina-discapacidad-gobierno-argentino-modificara-resolucion-que-llama-imbeciles-personas-con-discapacidad\/","name":"El Gobierno argentino modificar\u00e1 una reciente resoluci\u00f3n que llama \"imb\u00e9ciles\" a las personas con discapacidad - Asociaci\u00f3n Espa\u00f1ola S\u00edndrome de Charge","isPartOf":{"@id":"https:\/\/sindromecharge.es\/#website"},"datePublished":"2025-02-28T11:11:51+00:00","author":{"@id":"https:\/\/sindromecharge.es\/#\/schema\/person\/39a60ebe0a2b4d5a11179701e336b039"},"breadcrumb":{"@id":"https:\/\/sindromecharge.es\/index.php\/2025\/02\/28\/argentina-discapacidad-gobierno-argentino-modificara-resolucion-que-llama-imbeciles-personas-con-discapacidad\/#breadcrumb"},"inLanguage":"es","potentialAction":[{"@type":"ReadAction","target":["https:\/\/sindromecharge.es\/index.php\/2025\/02\/28\/argentina-discapacidad-gobierno-argentino-modificara-resolucion-que-llama-imbeciles-personas-con-discapacidad\/"]}]},{"@type":"BreadcrumbList","@id":"https:\/\/sindromecharge.es\/index.php\/2025\/02\/28\/argentina-discapacidad-gobierno-argentino-modificara-resolucion-que-llama-imbeciles-personas-con-discapacidad\/#breadcrumb","itemListElement":[{"@type":"ListItem","position":1,"name":"Portada","item":"https:\/\/sindromecharge.es\/"},{"@type":"ListItem","position":2,"name":"El Gobierno argentino modificar\u00e1 una reciente resoluci\u00f3n que llama \u00abimb\u00e9ciles\u00bb a las personas con discapacidad"}]},{"@type":"WebSite","@id":"https:\/\/sindromecharge.es\/#website","url":"https:\/\/sindromecharge.es\/","name":"Asociaci\u00f3n Espa\u00f1ola S\u00edndrome de Charge","description":"","potentialAction":[{"@type":"SearchAction","target":{"@type":"EntryPoint","urlTemplate":"https:\/\/sindromecharge.es\/?s={search_term_string}"},"query-input":{"@type":"PropertyValueSpecification","valueRequired":true,"valueName":"search_term_string"}}],"inLanguage":"es"},{"@type":"Person","@id":"https:\/\/sindromecharge.es\/#\/schema\/person\/39a60ebe0a2b4d5a11179701e336b039","name":"Charge","image":{"@type":"ImageObject","inLanguage":"es","@id":"https:\/\/secure.gravatar.com\/avatar\/c3b46e32a0fc3b093a0873fb767bf3293de856293065e84ef06b7ec7a8acfb98?s=96&d=identicon&r=x","url":"https:\/\/secure.gravatar.com\/avatar\/c3b46e32a0fc3b093a0873fb767bf3293de856293065e84ef06b7ec7a8acfb98?s=96&d=identicon&r=x","contentUrl":"https:\/\/secure.gravatar.com\/avatar\/c3b46e32a0fc3b093a0873fb767bf3293de856293065e84ef06b7ec7a8acfb98?s=96&d=identicon&r=x","caption":"Charge"},"url":"https:\/\/sindromecharge.es\/index.php\/author\/admin\/"}]}},"_links":{"self":[{"href":"https:\/\/sindromecharge.es\/index.php\/wp-json\/wp\/v2\/posts\/10894","targetHints":{"allow":["GET"]}}],"collection":[{"href":"https:\/\/sindromecharge.es\/index.php\/wp-json\/wp\/v2\/posts"}],"about":[{"href":"https:\/\/sindromecharge.es\/index.php\/wp-json\/wp\/v2\/types\/post"}],"author":[{"embeddable":true,"href":"https:\/\/sindromecharge.es\/index.php\/wp-json\/wp\/v2\/users\/1"}],"replies":[{"embeddable":true,"href":"https:\/\/sindromecharge.es\/index.php\/wp-json\/wp\/v2\/comments?post=10894"}],"version-history":[{"count":0,"href":"https:\/\/sindromecharge.es\/index.php\/wp-json\/wp\/v2\/posts\/10894\/revisions"}],"wp:attachment":[{"href":"https:\/\/sindromecharge.es\/index.php\/wp-json\/wp\/v2\/media?parent=10894"}],"wp:term":[{"taxonomy":"category","embeddable":true,"href":"https:\/\/sindromecharge.es\/index.php\/wp-json\/wp\/v2\/categories?post=10894"},{"taxonomy":"post_tag","embeddable":true,"href":"https:\/\/sindromecharge.es\/index.php\/wp-json\/wp\/v2\/tags?post=10894"}],"curies":[{"name":"wp","href":"https:\/\/api.w.org\/{rel}","templated":true}]}}