{"id":10893,"date":"2025-02-28T10:55:19","date_gmt":"2025-02-28T10:55:19","guid":{"rendered":"https:\/\/sindromecharge.es\/index.php\/2025\/02\/28\/es-posible-jubilarse-habiendo-sido-solo-cuidador-no-profesional\/"},"modified":"2025-02-28T10:55:19","modified_gmt":"2025-02-28T10:55:19","slug":"es-posible-jubilarse-habiendo-sido-solo-cuidador-no-profesional","status":"publish","type":"post","link":"https:\/\/sindromecharge.es\/index.php\/2025\/02\/28\/es-posible-jubilarse-habiendo-sido-solo-cuidador-no-profesional\/","title":{"rendered":"\u00bfEs posible jubilarse habiendo sido solo cuidador no profesional?"},"content":{"rendered":"<p>Leemos en Discapacidad la siguiente noticia que os reproducimos de forma \u00edntegra: <\/p>\n<div>\n<p>Si una persona tiene reconocida alguna situaci\u00f3n de <a href=\"https:\/\/www.20minutos.es\/minuteca\/dependencia\/\" title=\"Dependencia\" target=\"_blank\">dependencia<\/a>, la persona que se ocupa de su cuidado, si no tiene una actividad remunerada, puede acogerse al \u2018<a href=\"https:\/\/www.seg-social.es\/wps\/portal\/wss\/internet\/Trabajadores\/Afiliacion\/10547\/51635#51636\" target=\"_blank\" rel=\"nofollow\">Convenio especial de cuidadores no profesionales de personas en situaci\u00f3n de dependencia<\/a>\u2019.<\/p>\n<p>Con este convenio, como explica <b>Pedro L\u00f3pez de Cerro<\/b> en <b>Tododiscapacidad<\/b>, las personas cuidadoras no profesionales, aunque no reciban un sueldo por ello, s\u00ed pueden cotizar, a\u00f1os que se acumulan y que cotizar\u00edan y se tendr\u00edan en cuenta de cara a una posible pensi\u00f3n de <a href=\"https:\/\/www.20minutos.es\/minuteca\/jubilacion\/\" title=\"Jubilaci\u00f3n\" target=\"_blank\">jubilaci\u00f3n<\/a> e incluso de incapacidad, viudedad y orfandad para beneficiar a terceros.<\/p>\n<p>Sin embargo, no cualquier persona que cuide tiene derecho a esta cotizaci\u00f3n, sino que <b><a href=\"https:\/\/www.seg-social.es\/wps\/portal\/wss\/internet\/Trabajadores\/Afiliacion\/10547\/51635#51636\" target=\"_blank\" rel=\"nofollow\">tiene que cumplir una serie de requisitos<\/a><\/b> que se explican en la web de la <a href=\"https:\/\/www.20minutos.es\/minuteca\/seguridad-social\/\" title=\"Seguridad Social\" target=\"_blank\">Seguridad Social<\/a>, como haber sido asignado como cuidador en la Resoluci\u00f3n por la que se reconoce la prestaci\u00f3n econ\u00f3mica para cuidados en el entorno familiar y no estar trabajando, entre otros.<\/p>\n<p>Como bien explica Pedro L\u00f3pez, <b>nunca pierdes lo cotizado<\/b>. Es decir que, si por los motivos que sean, dejas de ser cuidador de esta persona, por ejemplo, porque esta persona fallece o porque empiezas a trabajar en una empresa a tiempo completo, esos a\u00f1os se te acumular\u00edan, \u00abvan a quedar para siempre en tu <b>vida laboral<\/b> a efectos de la jubilaci\u00f3n\u00bb.<\/p>\n<p>Hay que aclarar que, para poder jubilarte habiendo sido solo cuidador bajo este convenio, <b>tienes que tener un m\u00ednimo de a\u00f1os cotizados<\/b>, como todas las personas con <b>pensiones contributivas<\/b>. Adem\u00e1s, lo cotizado ser\u00e1 por la <b>Base M\u00ednima de cotizaci\u00f3n<\/b> del r\u00e9gimen General el m\u00ednimo, si la persona que cuidamos tiene el grado III de dependencia, el m\u00e1s grave, y del 50% en caso de tener reconocido el grado I y II. Es decir que, en el mejor de los casos, <b>la pensi\u00f3n resultante ser\u00eda la m\u00ednima<\/b>.<\/p>\n<p>Tambi\u00e9n destacar que, la ley puede cambiar y modificar as\u00ed estas cotizaciones. De hecho, ya se ha presentado el <a href=\"https:\/\/www.20minutos.es\/noticia\/5681058\/0\/gobierno-reconocera-automaticamente-33-discapacidad-todas-personas-dependientes\/\" target=\"_blank\">anteproyecto de ley que modifica las leyes de discapacidad y dependencia<\/a>, por lo que todas estas condiciones pueden verse modificadas en los pr\u00f3ximos meses.<\/p>\n<p>Si tienes dudas, sobre este u otros temas, relacionados con pensiones y discapacidad, puedes dejar tus preguntas en <a href=\"https:\/\/www.instagram.com\/tododiscapacidad\/\" target=\"_blank\" rel=\"nofollow\">Tododiscapacidad<\/a>, el perfil de Pedro L\u00f3pez en Instagram.<\/p>\n<\/div>\n<p>Fuente: Discapacidad https:\/\/www.20minutos.es\/noticia\/5686617\/0\/es-posible-jubilarse-habiendo-sido-solo-cuidador-no-profesional\/<\/p>\n","protected":false},"excerpt":{"rendered":"<p>El abogado Pedro L\u00f3pez explica c\u00f3mo cotizan los cuidadores no profesionales a efectos de jubilaci\u00f3n.<\/p>\n","protected":false},"author":1,"featured_media":0,"comment_status":"closed","ping_status":"closed","sticky":false,"template":"","format":"standard","meta":{"footnotes":""},"categories":[8],"tags":[],"class_list":["post-10893","post","type-post","status-publish","format-standard","hentry","category-noticias"],"yoast_head":"<!-- This site is optimized with the Yoast SEO plugin v27.4 - https:\/\/yoast.com\/product\/yoast-seo-wordpress\/ -->\n<title>\u00bfEs posible jubilarse habiendo sido solo cuidador no profesional? - Asociaci\u00f3n Espa\u00f1ola S\u00edndrome de Charge<\/title>\n<meta name=\"robots\" content=\"index, follow, max-snippet:-1, max-image-preview:large, max-video-preview:-1\" \/>\n<link rel=\"canonical\" href=\"https:\/\/sindromecharge.es\/index.php\/2025\/02\/28\/es-posible-jubilarse-habiendo-sido-solo-cuidador-no-profesional\/\" \/>\n<meta property=\"og:locale\" content=\"es_ES\" \/>\n<meta property=\"og:type\" content=\"article\" \/>\n<meta property=\"og:title\" content=\"\u00bfEs posible jubilarse habiendo sido solo cuidador no profesional? - Asociaci\u00f3n Espa\u00f1ola S\u00edndrome de Charge\" \/>\n<meta property=\"og:description\" content=\"El abogado Pedro L\u00f3pez explica c\u00f3mo cotizan los cuidadores no profesionales a efectos de jubilaci\u00f3n.\" \/>\n<meta property=\"og:url\" content=\"https:\/\/sindromecharge.es\/index.php\/2025\/02\/28\/es-posible-jubilarse-habiendo-sido-solo-cuidador-no-profesional\/\" \/>\n<meta property=\"og:site_name\" content=\"Asociaci\u00f3n Espa\u00f1ola S\u00edndrome de Charge\" \/>\n<meta property=\"article:publisher\" content=\"https:\/\/www.facebook.com\/asociacionsindromecharge\" \/>\n<meta property=\"article:published_time\" content=\"2025-02-28T10:55:19+00:00\" \/>\n<meta property=\"og:image\" content=\"https:\/\/sindromecharge.es\/wp-content\/uploads\/2013\/09\/logodecharge300x98.png\" \/>\n\t<meta property=\"og:image:width\" content=\"300\" \/>\n\t<meta property=\"og:image:height\" content=\"98\" \/>\n\t<meta property=\"og:image:type\" content=\"image\/png\" \/>\n<meta name=\"author\" content=\"Charge\" \/>\n<meta name=\"twitter:card\" content=\"summary_large_image\" \/>\n<meta name=\"twitter:creator\" content=\"@sindromecharge\" \/>\n<meta name=\"twitter:site\" content=\"@sindromecharge\" \/>\n<meta name=\"twitter:label1\" content=\"Escrito por\" \/>\n\t<meta name=\"twitter:data1\" content=\"Charge\" \/>\n\t<meta name=\"twitter:label2\" content=\"Tiempo de lectura\" \/>\n\t<meta name=\"twitter:data2\" content=\"2 minutos\" \/>\n<script type=\"application\/ld+json\" class=\"yoast-schema-graph\">{\"@context\":\"https:\\\/\\\/schema.org\",\"@graph\":[{\"@type\":\"Article\",\"@id\":\"https:\\\/\\\/sindromecharge.es\\\/index.php\\\/2025\\\/02\\\/28\\\/es-posible-jubilarse-habiendo-sido-solo-cuidador-no-profesional\\\/#article\",\"isPartOf\":{\"@id\":\"https:\\\/\\\/sindromecharge.es\\\/index.php\\\/2025\\\/02\\\/28\\\/es-posible-jubilarse-habiendo-sido-solo-cuidador-no-profesional\\\/\"},\"author\":{\"name\":\"Charge\",\"@id\":\"https:\\\/\\\/sindromecharge.es\\\/#\\\/schema\\\/person\\\/39a60ebe0a2b4d5a11179701e336b039\"},\"headline\":\"\u00bfEs posible jubilarse habiendo sido solo cuidador no profesional?\",\"datePublished\":\"2025-02-28T10:55:19+00:00\",\"mainEntityOfPage\":{\"@id\":\"https:\\\/\\\/sindromecharge.es\\\/index.php\\\/2025\\\/02\\\/28\\\/es-posible-jubilarse-habiendo-sido-solo-cuidador-no-profesional\\\/\"},\"wordCount\":429,\"articleSection\":[\"noticias\"],\"inLanguage\":\"es\"},{\"@type\":\"WebPage\",\"@id\":\"https:\\\/\\\/sindromecharge.es\\\/index.php\\\/2025\\\/02\\\/28\\\/es-posible-jubilarse-habiendo-sido-solo-cuidador-no-profesional\\\/\",\"url\":\"https:\\\/\\\/sindromecharge.es\\\/index.php\\\/2025\\\/02\\\/28\\\/es-posible-jubilarse-habiendo-sido-solo-cuidador-no-profesional\\\/\",\"name\":\"\u00bfEs posible jubilarse habiendo sido solo cuidador no profesional? - Asociaci\u00f3n Espa\u00f1ola S\u00edndrome de Charge\",\"isPartOf\":{\"@id\":\"https:\\\/\\\/sindromecharge.es\\\/#website\"},\"datePublished\":\"2025-02-28T10:55:19+00:00\",\"author\":{\"@id\":\"https:\\\/\\\/sindromecharge.es\\\/#\\\/schema\\\/person\\\/39a60ebe0a2b4d5a11179701e336b039\"},\"breadcrumb\":{\"@id\":\"https:\\\/\\\/sindromecharge.es\\\/index.php\\\/2025\\\/02\\\/28\\\/es-posible-jubilarse-habiendo-sido-solo-cuidador-no-profesional\\\/#breadcrumb\"},\"inLanguage\":\"es\",\"potentialAction\":[{\"@type\":\"ReadAction\",\"target\":[\"https:\\\/\\\/sindromecharge.es\\\/index.php\\\/2025\\\/02\\\/28\\\/es-posible-jubilarse-habiendo-sido-solo-cuidador-no-profesional\\\/\"]}]},{\"@type\":\"BreadcrumbList\",\"@id\":\"https:\\\/\\\/sindromecharge.es\\\/index.php\\\/2025\\\/02\\\/28\\\/es-posible-jubilarse-habiendo-sido-solo-cuidador-no-profesional\\\/#breadcrumb\",\"itemListElement\":[{\"@type\":\"ListItem\",\"position\":1,\"name\":\"Portada\",\"item\":\"https:\\\/\\\/sindromecharge.es\\\/\"},{\"@type\":\"ListItem\",\"position\":2,\"name\":\"\u00bfEs posible jubilarse habiendo sido solo cuidador no profesional?\"}]},{\"@type\":\"WebSite\",\"@id\":\"https:\\\/\\\/sindromecharge.es\\\/#website\",\"url\":\"https:\\\/\\\/sindromecharge.es\\\/\",\"name\":\"Asociaci\u00f3n Espa\u00f1ola S\u00edndrome de Charge\",\"description\":\"\",\"potentialAction\":[{\"@type\":\"SearchAction\",\"target\":{\"@type\":\"EntryPoint\",\"urlTemplate\":\"https:\\\/\\\/sindromecharge.es\\\/?s={search_term_string}\"},\"query-input\":{\"@type\":\"PropertyValueSpecification\",\"valueRequired\":true,\"valueName\":\"search_term_string\"}}],\"inLanguage\":\"es\"},{\"@type\":\"Person\",\"@id\":\"https:\\\/\\\/sindromecharge.es\\\/#\\\/schema\\\/person\\\/39a60ebe0a2b4d5a11179701e336b039\",\"name\":\"Charge\",\"image\":{\"@type\":\"ImageObject\",\"inLanguage\":\"es\",\"@id\":\"https:\\\/\\\/secure.gravatar.com\\\/avatar\\\/c3b46e32a0fc3b093a0873fb767bf3293de856293065e84ef06b7ec7a8acfb98?s=96&d=identicon&r=x\",\"url\":\"https:\\\/\\\/secure.gravatar.com\\\/avatar\\\/c3b46e32a0fc3b093a0873fb767bf3293de856293065e84ef06b7ec7a8acfb98?s=96&d=identicon&r=x\",\"contentUrl\":\"https:\\\/\\\/secure.gravatar.com\\\/avatar\\\/c3b46e32a0fc3b093a0873fb767bf3293de856293065e84ef06b7ec7a8acfb98?s=96&d=identicon&r=x\",\"caption\":\"Charge\"},\"url\":\"https:\\\/\\\/sindromecharge.es\\\/index.php\\\/author\\\/admin\\\/\"}]}<\/script>\n<!-- \/ Yoast SEO plugin. -->","yoast_head_json":{"title":"\u00bfEs posible jubilarse habiendo sido solo cuidador no profesional? - Asociaci\u00f3n Espa\u00f1ola S\u00edndrome de Charge","robots":{"index":"index","follow":"follow","max-snippet":"max-snippet:-1","max-image-preview":"max-image-preview:large","max-video-preview":"max-video-preview:-1"},"canonical":"https:\/\/sindromecharge.es\/index.php\/2025\/02\/28\/es-posible-jubilarse-habiendo-sido-solo-cuidador-no-profesional\/","og_locale":"es_ES","og_type":"article","og_title":"\u00bfEs posible jubilarse habiendo sido solo cuidador no profesional? - Asociaci\u00f3n Espa\u00f1ola S\u00edndrome de Charge","og_description":"El abogado Pedro L\u00f3pez explica c\u00f3mo cotizan los cuidadores no profesionales a efectos de jubilaci\u00f3n.","og_url":"https:\/\/sindromecharge.es\/index.php\/2025\/02\/28\/es-posible-jubilarse-habiendo-sido-solo-cuidador-no-profesional\/","og_site_name":"Asociaci\u00f3n Espa\u00f1ola S\u00edndrome de Charge","article_publisher":"https:\/\/www.facebook.com\/asociacionsindromecharge","article_published_time":"2025-02-28T10:55:19+00:00","og_image":[{"width":300,"height":98,"url":"https:\/\/sindromecharge.es\/wp-content\/uploads\/2013\/09\/logodecharge300x98.png","type":"image\/png"}],"author":"Charge","twitter_card":"summary_large_image","twitter_creator":"@sindromecharge","twitter_site":"@sindromecharge","twitter_misc":{"Escrito por":"Charge","Tiempo de lectura":"2 minutos"},"schema":{"@context":"https:\/\/schema.org","@graph":[{"@type":"Article","@id":"https:\/\/sindromecharge.es\/index.php\/2025\/02\/28\/es-posible-jubilarse-habiendo-sido-solo-cuidador-no-profesional\/#article","isPartOf":{"@id":"https:\/\/sindromecharge.es\/index.php\/2025\/02\/28\/es-posible-jubilarse-habiendo-sido-solo-cuidador-no-profesional\/"},"author":{"name":"Charge","@id":"https:\/\/sindromecharge.es\/#\/schema\/person\/39a60ebe0a2b4d5a11179701e336b039"},"headline":"\u00bfEs posible jubilarse habiendo sido solo cuidador no profesional?","datePublished":"2025-02-28T10:55:19+00:00","mainEntityOfPage":{"@id":"https:\/\/sindromecharge.es\/index.php\/2025\/02\/28\/es-posible-jubilarse-habiendo-sido-solo-cuidador-no-profesional\/"},"wordCount":429,"articleSection":["noticias"],"inLanguage":"es"},{"@type":"WebPage","@id":"https:\/\/sindromecharge.es\/index.php\/2025\/02\/28\/es-posible-jubilarse-habiendo-sido-solo-cuidador-no-profesional\/","url":"https:\/\/sindromecharge.es\/index.php\/2025\/02\/28\/es-posible-jubilarse-habiendo-sido-solo-cuidador-no-profesional\/","name":"\u00bfEs posible jubilarse habiendo sido solo cuidador no profesional? - Asociaci\u00f3n Espa\u00f1ola S\u00edndrome de Charge","isPartOf":{"@id":"https:\/\/sindromecharge.es\/#website"},"datePublished":"2025-02-28T10:55:19+00:00","author":{"@id":"https:\/\/sindromecharge.es\/#\/schema\/person\/39a60ebe0a2b4d5a11179701e336b039"},"breadcrumb":{"@id":"https:\/\/sindromecharge.es\/index.php\/2025\/02\/28\/es-posible-jubilarse-habiendo-sido-solo-cuidador-no-profesional\/#breadcrumb"},"inLanguage":"es","potentialAction":[{"@type":"ReadAction","target":["https:\/\/sindromecharge.es\/index.php\/2025\/02\/28\/es-posible-jubilarse-habiendo-sido-solo-cuidador-no-profesional\/"]}]},{"@type":"BreadcrumbList","@id":"https:\/\/sindromecharge.es\/index.php\/2025\/02\/28\/es-posible-jubilarse-habiendo-sido-solo-cuidador-no-profesional\/#breadcrumb","itemListElement":[{"@type":"ListItem","position":1,"name":"Portada","item":"https:\/\/sindromecharge.es\/"},{"@type":"ListItem","position":2,"name":"\u00bfEs posible jubilarse habiendo sido solo cuidador no profesional?"}]},{"@type":"WebSite","@id":"https:\/\/sindromecharge.es\/#website","url":"https:\/\/sindromecharge.es\/","name":"Asociaci\u00f3n Espa\u00f1ola S\u00edndrome de Charge","description":"","potentialAction":[{"@type":"SearchAction","target":{"@type":"EntryPoint","urlTemplate":"https:\/\/sindromecharge.es\/?s={search_term_string}"},"query-input":{"@type":"PropertyValueSpecification","valueRequired":true,"valueName":"search_term_string"}}],"inLanguage":"es"},{"@type":"Person","@id":"https:\/\/sindromecharge.es\/#\/schema\/person\/39a60ebe0a2b4d5a11179701e336b039","name":"Charge","image":{"@type":"ImageObject","inLanguage":"es","@id":"https:\/\/secure.gravatar.com\/avatar\/c3b46e32a0fc3b093a0873fb767bf3293de856293065e84ef06b7ec7a8acfb98?s=96&d=identicon&r=x","url":"https:\/\/secure.gravatar.com\/avatar\/c3b46e32a0fc3b093a0873fb767bf3293de856293065e84ef06b7ec7a8acfb98?s=96&d=identicon&r=x","contentUrl":"https:\/\/secure.gravatar.com\/avatar\/c3b46e32a0fc3b093a0873fb767bf3293de856293065e84ef06b7ec7a8acfb98?s=96&d=identicon&r=x","caption":"Charge"},"url":"https:\/\/sindromecharge.es\/index.php\/author\/admin\/"}]}},"_links":{"self":[{"href":"https:\/\/sindromecharge.es\/index.php\/wp-json\/wp\/v2\/posts\/10893","targetHints":{"allow":["GET"]}}],"collection":[{"href":"https:\/\/sindromecharge.es\/index.php\/wp-json\/wp\/v2\/posts"}],"about":[{"href":"https:\/\/sindromecharge.es\/index.php\/wp-json\/wp\/v2\/types\/post"}],"author":[{"embeddable":true,"href":"https:\/\/sindromecharge.es\/index.php\/wp-json\/wp\/v2\/users\/1"}],"replies":[{"embeddable":true,"href":"https:\/\/sindromecharge.es\/index.php\/wp-json\/wp\/v2\/comments?post=10893"}],"version-history":[{"count":0,"href":"https:\/\/sindromecharge.es\/index.php\/wp-json\/wp\/v2\/posts\/10893\/revisions"}],"wp:attachment":[{"href":"https:\/\/sindromecharge.es\/index.php\/wp-json\/wp\/v2\/media?parent=10893"}],"wp:term":[{"taxonomy":"category","embeddable":true,"href":"https:\/\/sindromecharge.es\/index.php\/wp-json\/wp\/v2\/categories?post=10893"},{"taxonomy":"post_tag","embeddable":true,"href":"https:\/\/sindromecharge.es\/index.php\/wp-json\/wp\/v2\/tags?post=10893"}],"curies":[{"name":"wp","href":"https:\/\/api.w.org\/{rel}","templated":true}]}}