{"id":10891,"date":"2025-02-28T04:55:00","date_gmt":"2025-02-28T04:55:00","guid":{"rendered":"https:\/\/sindromecharge.es\/index.php\/2025\/02\/28\/georgina-madre-claudia-con-ultrarraro-sindrome-menke-hennekam\/"},"modified":"2025-02-28T04:55:00","modified_gmt":"2025-02-28T04:55:00","slug":"georgina-madre-claudia-con-ultrarraro-sindrome-menke-hennekam","status":"publish","type":"post","link":"https:\/\/sindromecharge.es\/index.php\/2025\/02\/28\/georgina-madre-claudia-con-ultrarraro-sindrome-menke-hennekam\/","title":{"rendered":"Georgina, madre de Claudia, con el ultrararo s\u00edndrome de Menke-Hennekam: \u00abTodo lo que se ha investigado ha sido por las familias\u00bb"},"content":{"rendered":"<p>Leemos en Discapacidad la siguiente noticia que os reproducimos de forma \u00edntegra: <\/p>\n<div>\n<p><b>Claudia <\/b>y su familia, que conviven desde hace seis a\u00f1os con el ultrarraro <b>s\u00edndrome de Menke-Hennekam<\/b>, llevan peleando para recaudar fondos para investigar su enfermedad casi desde su diagn\u00f3stico. Y gracias al reto de <a href=\"https:\/\/www.20minutos.es\/minuteca\/verdeliss\/\" title=\"Verdeliss\" target=\"_blank\">Verdeliss<\/a>, que consigui\u00f3 completar siete maratones en siete d\u00edas, hoy cuentan con 35.000 euros m\u00e1s, que fue la cantidad que la influencer logr\u00f3 recaudar para su causa. Se trata, sin duda, de un gran empuj\u00f3n que no pueden m\u00e1s que agradecer, \u00abpara nosotros es impensable recaudar ese dinero en una semana, porque normalmente recaudamos vendiendo camisetas, pulseras&#8230; con peque\u00f1as campa\u00f1as. Estamos muy agradecidos\u00bb, asegura<b> Georgina, su madre<\/b>.<\/p>\n<p>Claudia se convirti\u00f3 hace cinco a\u00f1os en la primera persona diagnosticada en Espa\u00f1a con el <b>s\u00edndrome de Menke-Hennekam<\/b>, una enfermedad de origen gen\u00e9tico muy rara de la que solo hay diagnosticadas 81 personas en el mundo y que afecta tanto a nivel f\u00edsico como cognitivo y que provoca un alto grado de<a href=\"https:\/\/www.20minutos.es\/minuteca\/discapacidad\/\" title=\"Discapacidad\" target=\"_blank\"> discapacidad<\/a>.<\/p>\n<p>Hoy en d\u00eda ya no es la \u00fanica, pero como quiere hacer valer su madre, \u00absiempre quedar\u00e1 para la historia como la <b>primera diagnosticada de Espa\u00f1a<\/b>. Hoy ya hay m\u00e1s despu\u00e9s que ella, la \u2018familia\u2019 va creciendo y algunas de ellas se han unido a nuestra lucha y se involucran en nuestras campa\u00f1as de recaudaci\u00f3n de fondos\u00bb, asegura Georgina.<\/p>\n<p>Y es que esa fue, desde el principio, la raz\u00f3n de ser de<a href=\"https:\/\/www.instagram.com\/lasmilbatallasdeclaudia\/?hl=es\" target=\"_blank\" rel=\"nofollow\"> Las mil batallas de Claudia<\/a>, los perfiles con los que visibilizan la enfermedad y buscar financiaci\u00f3n para la investigaci\u00f3n, \u00abcuando nos dieron el diagn\u00f3stico, todo el mundo dec\u00eda que no sab\u00eda nada, pero alguien ten\u00eda que saber, as\u00ed que empezamos a buscar. Me top\u00e9 con un correo, escrib\u00ed casualmente era el de la doctora Menke, que es uno de los m\u00e9dicos que descubri\u00f3 la enfermedad\u00bb, recuerda Georgina.<\/p>\n<p>Desde entonces, tienen una relaci\u00f3n muy estrecha con ella, que se mostr\u00f3 muy interesada desde el principio en seguir investigando, y ellos se dejan la piel para recaudar fondos para que lo siga haciendo, \u00abhemos hecho muchas videollamadas, nos ha ayudado a abordar la enfermedad e incluso nos hemos conocido porque <b>vino a Espa\u00f1a a conocer a Claudia. Fue muy emocionante<\/b>\u00ab, cuenta Georgina.<\/p>\n<h1>Toda la investigaci\u00f3n sobre la enfermedad la financiamos las familias. En estos a\u00f1os hemos logrado recaudar 80.000 euros<\/h1>\n<h2>280.000 euros para seguir investigando<\/h2>\n<p>La Dra. Menke ha contado con Claudia y su familia para iniciar un prometedor proyecto, que est\u00e1 dentro de lo que se denomina<b> &#8216;cerebro al plato&#8217;<\/b> una t\u00e9cnica con la que pretenden buscar f\u00e1rmacos que ayuden a encontrar tratamientos eficaces para la enfermedad, \u00abpara m\u00ed fue un orgullo que pensaran en nosotros. La t\u00e9cnica consiste en extraerme una muestra de piel para, con una muestra que tienen de Claudia, modificarla gen\u00e9ticamente. Me extrajeron muestras en septiembre, y esas muestras se han cultivado en se han enviado a Amsterdam, donde en abril empiezan con el proyecto. A la muestra de Claudia le van a quitar la parte del gen mutado y le van a poner mi gen sano\u00bb.<\/p>\n<p>A esas c\u00e9lulas las van a &#8216;convertir&#8217; en<a href=\"https:\/\/www.20minutos.es\/minuteca\/neuronas\/\" title=\"Neuronas\" target=\"_blank\"> neuronas<\/a> y, como explica Georgina, \u00abcrear peque\u00f1os &#8216;cerebros&#8217; donde van a ir poniendo diferentes f\u00e1rmacos con el objetivo de encontrar alguno con el que consigan alguna mejora\u2026 e incluso revertir ciertas anomal\u00edas. Sabemos que esto es para largo plazo, el proyecto dura cuatro a\u00f1os, pero la doctora nos dijo que <b>en un a\u00f1o ya podr\u00edamos saber si alg\u00fan f\u00e1rmaco funciona\u00bb<\/b>, cuenta emocionada.<\/p>\n<p>El \u00fanico inconveniente es que necesitan dinero para seguir investigando y poder completar el proyecto, \u00abtoda la investigaci\u00f3n la financiamos las familias, y en estos a\u00f1os hemos logrado recaudar 80.000 euros. Hasta ahora, lo que se ha ido haciendo es entender un poco mejor la enfermedad, qu\u00e9 genes y prote\u00ednas influyen\u2026 y despu\u00e9s me propusieron esto, pero es<b> un proyecto de cuatro a\u00f1os y cuesta 70.000 al a\u00f1o<\/b>\u00ab. Es decir, que necesitan todav\u00eda m\u00e1s de 200.000 para seguir con la investigaci\u00f3n. <\/p>\n<p>Lo ideal ser\u00eda que pudieran disponer de fondos m\u00e1s estables, pero mientras estos llegan, <b>no les queda otra que seguir buscando dinero de debajo de las piedra<\/b>s, \u00ablos 35.000 que ha recaudado Verdeliss, lo vamos a destinar a este proyecto, y el resto, como siempre, con peque\u00f1as campa\u00f1as, vendiendo camisetas\u2026\u00bb, campa\u00f1as que pod\u00e9is conocer en su web <a href=\"https:\/\/lasmilbatallasdeclaudia.com\/\" rel=\"nofollow\" target=\"_blank\">lasmilbatallasdeclaudia.com\/<\/a><\/p>\n<h2>Empat\u00eda y menos trabas administrativas<\/h2>\n<p>Mientras recogen los frutos de todo lo que est\u00e1n sembrando estos a\u00f1os, tanto a la familia de Claudia como a la de otras con el s\u00edndrome de Menke-Hennekam u otra <a href=\"https:\/\/www.20minutos.es\/salud\/minuteca\/enfermedades-raras\/\" title=\"Enfermedades raras\" target=\"_blank\">enfermedad rara<\/a>, nos les queda otra que seguir luchando y conviviendo con la enfermedad, \u00abClaudia est\u00e1 escolarizada en un colegio de <a href=\"https:\/\/www.20minutos.es\/minuteca\/educacion-especial\/\" title=\"Educaci\u00f3n Especial\" target=\"_blank\">educaci\u00f3n especial<\/a>, lo que no significa que vaya, porque su tal\u00f3n de Aquiles son las infecciones respiratorias y pasa muchas temporadas en casa con ingreso domiciliario, con ox\u00edgeno\u2026 Cuando est\u00e1 bien hace otras terapias como logopeda, terapia ocupacional, fisio, va al cole\u2026\u00bb, cuenta su madre.<\/p>\n<p>Todo esto hace que, por ejemplo, Georgina vea inviable trabajar, por eso tuvo que acogerse a <b>CUME<\/b>, \u00abme fui a dar a luz y ya no volv\u00ed. El d\u00eda de ma\u00f1ana no sabemos, pero ahora mismo es incompatible cuidar a Claudia con trabajar. Mi hija peque\u00f1a dice que mi trabajo es ir al hospital y cuidar de Claudia\u00bb, reconoce.<\/p>\n<p>A lo largo de esto seis a\u00f1os, todos, como familia, han logrado salir a flote a pesar de las trabas que se siguen contando, \u00abal final hay que salir adelante porque nuestros hijos dependen de nosotros: t\u00fa eres sus piernas, sus ojos, sus manos\u2026 y<b> sobrevive gracias a ti<\/b>. Claudia, por ejemplo, no come por s\u00ed sola, sino que le damos la comida cada x horas por un bot\u00f3n g\u00e1strico\u2026 son personas tan dependientes que nos necesitan para todo\u00bb, explica.<\/p>\n<p>Ha sido duro, pero si tuviera que quedarse con un balance ser\u00eda con un pragm\u00e1tico \u00abde todo se sale. Cuando te dan un diagn\u00f3stico as\u00ed, te sientes en un pozo de oscuridad, muy solo, con mucha incertidumbre\u2026 piensas que no vas a poder, que te vas a hundir, pero con el tiempo te das cuenta de que pudiste, <b>saliste adelante y te sigues levantando cada ma\u00f1ana<\/b>, lo que no significa que sea f\u00e1cil\u2026\u00bb. <\/p>\n<h1>Cuando te dan un diagn\u00f3stico as\u00ed, piensas que no vas a poder, que te vas a hundir, pero con el tiempo te das cuenta de que pudiste, saliste adelante y te sigues levantando cada ma\u00f1ana<\/h1>\n<p>Precisamente por esa soledad y desesperaci\u00f3n que pasaron al principio, Georgina <b>dedica parte de su tiempo a ayudar a familias como la suya<\/b>, \u00abpara m\u00ed es muy gratificante poder acompa\u00f1ar a estas familias. Yo ya he hecho un camino y les puedo ayudar, algo que con lo que yo no cont\u00e9 por ser los primeros. Me encanta decir a las nuevas familias que no est\u00e1n solos, les doy toda la informaci\u00f3n de la que dispongo, y supongo que para ellos tambi\u00e9n ser\u00e1 de gran ayuda\u00bb.<\/p>\n<p>Para ella, desde luego, lo es, por eso le gustar\u00eda que toda la sociedad tomara nota y se pusiera en su lugar, \u00ab<b>me gustar\u00eda que hubiera m\u00e1s empat\u00eda<\/b>, porque si la vida nos lo ha puesto ya dif\u00edcil, no esperamos que encima nos lo pongas m\u00e1s, como a veces nos pasa\u00bb, reclama, \u00abtodos los d\u00edas me toca discutir con personas que aparcan en una plaza reservada, con los mil tr\u00e1mites para pedir cualquier cosa\u2026 todos los d\u00edas tenemos que estar peleando y reivindicando algo y eso es agotador, se hace todo muy cuesta arriba\u00bb, reconoce, \u00abtener o convivir con una enfermedad rara es una fuente de estr\u00e9s diario, no solo tengo una situaci\u00f3n que ya de por s\u00ed es muy dif\u00edcil, sino que todo lo que  tienes que hacer derivada de ella, externo, es muuuy cansino\u00bb.<\/p>\n<p>Ella se queda, a pesar de todo, <b>con dos cosas positivas<\/b>, que le devuelven la esperanza, el feed-back que les llega por redes sociales, que es siempre positivo, y lo que ve en su hija peque\u00f1a, Mireia, \u00abtiene tres a\u00f1os, y para ella su hermana es su hermana, y que coma por \u2018barriga\u2019, como dice ella, es normal. Su hermana no ve por un ojo, camina con unas cosas en los pies, no habla\u2026 pero <b>est\u00e1 tan orgullosa de ella que se la quiere llevar a todos los cumplea\u00f1os<\/b> que la invitan porque a Claudia nunca la han invitado a ninguno. Falta educar en el hecho de que hay distintas realidades y que todas son igual de v\u00e1lidas. Si se hiciera este trabajo en las aulas, la inclusi\u00f3n ser\u00eda m\u00e1s real, existir\u00edan m\u00e1s ni\u00f1as como Mireia\u00bb. <\/p>\n<\/div>\n<p>Fuente: Discapacidad https:\/\/www.20minutos.es\/noticia\/5685694\/0\/georgina-madre-claudia-con-ultrarraro-sindrome-menke-hennekam\/<\/p>\n","protected":false},"excerpt":{"rendered":"<p>Claudia fue la primera diagnosticada en Espa\u00f1a con esta enfermedad rara, de la que hay 80 casos en el mundo.<\/p>\n","protected":false},"author":1,"featured_media":0,"comment_status":"closed","ping_status":"closed","sticky":false,"template":"","format":"standard","meta":{"footnotes":""},"categories":[8],"tags":[],"class_list":["post-10891","post","type-post","status-publish","format-standard","hentry","category-noticias"],"yoast_head":"<!-- This site is optimized with the Yoast SEO plugin v27.4 - https:\/\/yoast.com\/product\/yoast-seo-wordpress\/ -->\n<title>Georgina, madre de Claudia, con el ultrararo s\u00edndrome de Menke-Hennekam: &quot;Todo lo que se ha investigado ha sido por las familias&quot; - Asociaci\u00f3n Espa\u00f1ola S\u00edndrome de Charge<\/title>\n<meta name=\"robots\" content=\"index, follow, max-snippet:-1, max-image-preview:large, max-video-preview:-1\" \/>\n<link rel=\"canonical\" href=\"https:\/\/sindromecharge.es\/index.php\/2025\/02\/28\/georgina-madre-claudia-con-ultrarraro-sindrome-menke-hennekam\/\" \/>\n<meta property=\"og:locale\" content=\"es_ES\" \/>\n<meta property=\"og:type\" content=\"article\" \/>\n<meta property=\"og:title\" content=\"Georgina, madre de Claudia, con el ultrararo s\u00edndrome de Menke-Hennekam: &quot;Todo lo que se ha investigado ha sido por las familias&quot; - Asociaci\u00f3n Espa\u00f1ola S\u00edndrome de Charge\" \/>\n<meta property=\"og:description\" content=\"Claudia fue la primera diagnosticada en Espa\u00f1a con esta enfermedad rara, de la que hay 80 casos en el mundo.\" \/>\n<meta property=\"og:url\" content=\"https:\/\/sindromecharge.es\/index.php\/2025\/02\/28\/georgina-madre-claudia-con-ultrarraro-sindrome-menke-hennekam\/\" \/>\n<meta property=\"og:site_name\" content=\"Asociaci\u00f3n Espa\u00f1ola S\u00edndrome de Charge\" \/>\n<meta property=\"article:publisher\" content=\"https:\/\/www.facebook.com\/asociacionsindromecharge\" \/>\n<meta property=\"article:published_time\" content=\"2025-02-28T04:55:00+00:00\" \/>\n<meta property=\"og:image\" content=\"https:\/\/sindromecharge.es\/wp-content\/uploads\/2013\/09\/logodecharge300x98.png\" \/>\n\t<meta property=\"og:image:width\" content=\"300\" \/>\n\t<meta property=\"og:image:height\" content=\"98\" \/>\n\t<meta property=\"og:image:type\" content=\"image\/png\" \/>\n<meta name=\"author\" content=\"Charge\" \/>\n<meta name=\"twitter:card\" content=\"summary_large_image\" \/>\n<meta name=\"twitter:creator\" content=\"@sindromecharge\" \/>\n<meta name=\"twitter:site\" content=\"@sindromecharge\" \/>\n<meta name=\"twitter:label1\" content=\"Escrito por\" \/>\n\t<meta name=\"twitter:data1\" content=\"Charge\" \/>\n\t<meta name=\"twitter:label2\" content=\"Tiempo de lectura\" \/>\n\t<meta name=\"twitter:data2\" content=\"8 minutos\" \/>\n<script type=\"application\/ld+json\" class=\"yoast-schema-graph\">{\"@context\":\"https:\\\/\\\/schema.org\",\"@graph\":[{\"@type\":\"Article\",\"@id\":\"https:\\\/\\\/sindromecharge.es\\\/index.php\\\/2025\\\/02\\\/28\\\/georgina-madre-claudia-con-ultrarraro-sindrome-menke-hennekam\\\/#article\",\"isPartOf\":{\"@id\":\"https:\\\/\\\/sindromecharge.es\\\/index.php\\\/2025\\\/02\\\/28\\\/georgina-madre-claudia-con-ultrarraro-sindrome-menke-hennekam\\\/\"},\"author\":{\"name\":\"Charge\",\"@id\":\"https:\\\/\\\/sindromecharge.es\\\/#\\\/schema\\\/person\\\/39a60ebe0a2b4d5a11179701e336b039\"},\"headline\":\"Georgina, madre de Claudia, con el ultrararo s\u00edndrome de Menke-Hennekam: \u00abTodo lo que se ha investigado ha sido por las familias\u00bb\",\"datePublished\":\"2025-02-28T04:55:00+00:00\",\"mainEntityOfPage\":{\"@id\":\"https:\\\/\\\/sindromecharge.es\\\/index.php\\\/2025\\\/02\\\/28\\\/georgina-madre-claudia-con-ultrarraro-sindrome-menke-hennekam\\\/\"},\"wordCount\":1552,\"articleSection\":[\"noticias\"],\"inLanguage\":\"es\"},{\"@type\":\"WebPage\",\"@id\":\"https:\\\/\\\/sindromecharge.es\\\/index.php\\\/2025\\\/02\\\/28\\\/georgina-madre-claudia-con-ultrarraro-sindrome-menke-hennekam\\\/\",\"url\":\"https:\\\/\\\/sindromecharge.es\\\/index.php\\\/2025\\\/02\\\/28\\\/georgina-madre-claudia-con-ultrarraro-sindrome-menke-hennekam\\\/\",\"name\":\"Georgina, madre de Claudia, con el ultrararo s\u00edndrome de Menke-Hennekam: \\\"Todo lo que se ha investigado ha sido por las familias\\\" - Asociaci\u00f3n Espa\u00f1ola S\u00edndrome de Charge\",\"isPartOf\":{\"@id\":\"https:\\\/\\\/sindromecharge.es\\\/#website\"},\"datePublished\":\"2025-02-28T04:55:00+00:00\",\"author\":{\"@id\":\"https:\\\/\\\/sindromecharge.es\\\/#\\\/schema\\\/person\\\/39a60ebe0a2b4d5a11179701e336b039\"},\"breadcrumb\":{\"@id\":\"https:\\\/\\\/sindromecharge.es\\\/index.php\\\/2025\\\/02\\\/28\\\/georgina-madre-claudia-con-ultrarraro-sindrome-menke-hennekam\\\/#breadcrumb\"},\"inLanguage\":\"es\",\"potentialAction\":[{\"@type\":\"ReadAction\",\"target\":[\"https:\\\/\\\/sindromecharge.es\\\/index.php\\\/2025\\\/02\\\/28\\\/georgina-madre-claudia-con-ultrarraro-sindrome-menke-hennekam\\\/\"]}]},{\"@type\":\"BreadcrumbList\",\"@id\":\"https:\\\/\\\/sindromecharge.es\\\/index.php\\\/2025\\\/02\\\/28\\\/georgina-madre-claudia-con-ultrarraro-sindrome-menke-hennekam\\\/#breadcrumb\",\"itemListElement\":[{\"@type\":\"ListItem\",\"position\":1,\"name\":\"Portada\",\"item\":\"https:\\\/\\\/sindromecharge.es\\\/\"},{\"@type\":\"ListItem\",\"position\":2,\"name\":\"Georgina, madre de Claudia, con el ultrararo s\u00edndrome de Menke-Hennekam: \u00abTodo lo que se ha investigado ha sido por las familias\u00bb\"}]},{\"@type\":\"WebSite\",\"@id\":\"https:\\\/\\\/sindromecharge.es\\\/#website\",\"url\":\"https:\\\/\\\/sindromecharge.es\\\/\",\"name\":\"Asociaci\u00f3n Espa\u00f1ola S\u00edndrome de Charge\",\"description\":\"\",\"potentialAction\":[{\"@type\":\"SearchAction\",\"target\":{\"@type\":\"EntryPoint\",\"urlTemplate\":\"https:\\\/\\\/sindromecharge.es\\\/?s={search_term_string}\"},\"query-input\":{\"@type\":\"PropertyValueSpecification\",\"valueRequired\":true,\"valueName\":\"search_term_string\"}}],\"inLanguage\":\"es\"},{\"@type\":\"Person\",\"@id\":\"https:\\\/\\\/sindromecharge.es\\\/#\\\/schema\\\/person\\\/39a60ebe0a2b4d5a11179701e336b039\",\"name\":\"Charge\",\"image\":{\"@type\":\"ImageObject\",\"inLanguage\":\"es\",\"@id\":\"https:\\\/\\\/secure.gravatar.com\\\/avatar\\\/c3b46e32a0fc3b093a0873fb767bf3293de856293065e84ef06b7ec7a8acfb98?s=96&d=identicon&r=x\",\"url\":\"https:\\\/\\\/secure.gravatar.com\\\/avatar\\\/c3b46e32a0fc3b093a0873fb767bf3293de856293065e84ef06b7ec7a8acfb98?s=96&d=identicon&r=x\",\"contentUrl\":\"https:\\\/\\\/secure.gravatar.com\\\/avatar\\\/c3b46e32a0fc3b093a0873fb767bf3293de856293065e84ef06b7ec7a8acfb98?s=96&d=identicon&r=x\",\"caption\":\"Charge\"},\"url\":\"https:\\\/\\\/sindromecharge.es\\\/index.php\\\/author\\\/admin\\\/\"}]}<\/script>\n<!-- \/ Yoast SEO plugin. -->","yoast_head_json":{"title":"Georgina, madre de Claudia, con el ultrararo s\u00edndrome de Menke-Hennekam: \"Todo lo que se ha investigado ha sido por las familias\" - Asociaci\u00f3n Espa\u00f1ola S\u00edndrome de Charge","robots":{"index":"index","follow":"follow","max-snippet":"max-snippet:-1","max-image-preview":"max-image-preview:large","max-video-preview":"max-video-preview:-1"},"canonical":"https:\/\/sindromecharge.es\/index.php\/2025\/02\/28\/georgina-madre-claudia-con-ultrarraro-sindrome-menke-hennekam\/","og_locale":"es_ES","og_type":"article","og_title":"Georgina, madre de Claudia, con el ultrararo s\u00edndrome de Menke-Hennekam: \"Todo lo que se ha investigado ha sido por las familias\" - Asociaci\u00f3n Espa\u00f1ola S\u00edndrome de Charge","og_description":"Claudia fue la primera diagnosticada en Espa\u00f1a con esta enfermedad rara, de la que hay 80 casos en el mundo.","og_url":"https:\/\/sindromecharge.es\/index.php\/2025\/02\/28\/georgina-madre-claudia-con-ultrarraro-sindrome-menke-hennekam\/","og_site_name":"Asociaci\u00f3n Espa\u00f1ola S\u00edndrome de Charge","article_publisher":"https:\/\/www.facebook.com\/asociacionsindromecharge","article_published_time":"2025-02-28T04:55:00+00:00","og_image":[{"width":300,"height":98,"url":"https:\/\/sindromecharge.es\/wp-content\/uploads\/2013\/09\/logodecharge300x98.png","type":"image\/png"}],"author":"Charge","twitter_card":"summary_large_image","twitter_creator":"@sindromecharge","twitter_site":"@sindromecharge","twitter_misc":{"Escrito por":"Charge","Tiempo de lectura":"8 minutos"},"schema":{"@context":"https:\/\/schema.org","@graph":[{"@type":"Article","@id":"https:\/\/sindromecharge.es\/index.php\/2025\/02\/28\/georgina-madre-claudia-con-ultrarraro-sindrome-menke-hennekam\/#article","isPartOf":{"@id":"https:\/\/sindromecharge.es\/index.php\/2025\/02\/28\/georgina-madre-claudia-con-ultrarraro-sindrome-menke-hennekam\/"},"author":{"name":"Charge","@id":"https:\/\/sindromecharge.es\/#\/schema\/person\/39a60ebe0a2b4d5a11179701e336b039"},"headline":"Georgina, madre de Claudia, con el ultrararo s\u00edndrome de Menke-Hennekam: \u00abTodo lo que se ha investigado ha sido por las familias\u00bb","datePublished":"2025-02-28T04:55:00+00:00","mainEntityOfPage":{"@id":"https:\/\/sindromecharge.es\/index.php\/2025\/02\/28\/georgina-madre-claudia-con-ultrarraro-sindrome-menke-hennekam\/"},"wordCount":1552,"articleSection":["noticias"],"inLanguage":"es"},{"@type":"WebPage","@id":"https:\/\/sindromecharge.es\/index.php\/2025\/02\/28\/georgina-madre-claudia-con-ultrarraro-sindrome-menke-hennekam\/","url":"https:\/\/sindromecharge.es\/index.php\/2025\/02\/28\/georgina-madre-claudia-con-ultrarraro-sindrome-menke-hennekam\/","name":"Georgina, madre de Claudia, con el ultrararo s\u00edndrome de Menke-Hennekam: \"Todo lo que se ha investigado ha sido por las familias\" - Asociaci\u00f3n Espa\u00f1ola S\u00edndrome de Charge","isPartOf":{"@id":"https:\/\/sindromecharge.es\/#website"},"datePublished":"2025-02-28T04:55:00+00:00","author":{"@id":"https:\/\/sindromecharge.es\/#\/schema\/person\/39a60ebe0a2b4d5a11179701e336b039"},"breadcrumb":{"@id":"https:\/\/sindromecharge.es\/index.php\/2025\/02\/28\/georgina-madre-claudia-con-ultrarraro-sindrome-menke-hennekam\/#breadcrumb"},"inLanguage":"es","potentialAction":[{"@type":"ReadAction","target":["https:\/\/sindromecharge.es\/index.php\/2025\/02\/28\/georgina-madre-claudia-con-ultrarraro-sindrome-menke-hennekam\/"]}]},{"@type":"BreadcrumbList","@id":"https:\/\/sindromecharge.es\/index.php\/2025\/02\/28\/georgina-madre-claudia-con-ultrarraro-sindrome-menke-hennekam\/#breadcrumb","itemListElement":[{"@type":"ListItem","position":1,"name":"Portada","item":"https:\/\/sindromecharge.es\/"},{"@type":"ListItem","position":2,"name":"Georgina, madre de Claudia, con el ultrararo s\u00edndrome de Menke-Hennekam: \u00abTodo lo que se ha investigado ha sido por las familias\u00bb"}]},{"@type":"WebSite","@id":"https:\/\/sindromecharge.es\/#website","url":"https:\/\/sindromecharge.es\/","name":"Asociaci\u00f3n Espa\u00f1ola S\u00edndrome de Charge","description":"","potentialAction":[{"@type":"SearchAction","target":{"@type":"EntryPoint","urlTemplate":"https:\/\/sindromecharge.es\/?s={search_term_string}"},"query-input":{"@type":"PropertyValueSpecification","valueRequired":true,"valueName":"search_term_string"}}],"inLanguage":"es"},{"@type":"Person","@id":"https:\/\/sindromecharge.es\/#\/schema\/person\/39a60ebe0a2b4d5a11179701e336b039","name":"Charge","image":{"@type":"ImageObject","inLanguage":"es","@id":"https:\/\/secure.gravatar.com\/avatar\/c3b46e32a0fc3b093a0873fb767bf3293de856293065e84ef06b7ec7a8acfb98?s=96&d=identicon&r=x","url":"https:\/\/secure.gravatar.com\/avatar\/c3b46e32a0fc3b093a0873fb767bf3293de856293065e84ef06b7ec7a8acfb98?s=96&d=identicon&r=x","contentUrl":"https:\/\/secure.gravatar.com\/avatar\/c3b46e32a0fc3b093a0873fb767bf3293de856293065e84ef06b7ec7a8acfb98?s=96&d=identicon&r=x","caption":"Charge"},"url":"https:\/\/sindromecharge.es\/index.php\/author\/admin\/"}]}},"_links":{"self":[{"href":"https:\/\/sindromecharge.es\/index.php\/wp-json\/wp\/v2\/posts\/10891","targetHints":{"allow":["GET"]}}],"collection":[{"href":"https:\/\/sindromecharge.es\/index.php\/wp-json\/wp\/v2\/posts"}],"about":[{"href":"https:\/\/sindromecharge.es\/index.php\/wp-json\/wp\/v2\/types\/post"}],"author":[{"embeddable":true,"href":"https:\/\/sindromecharge.es\/index.php\/wp-json\/wp\/v2\/users\/1"}],"replies":[{"embeddable":true,"href":"https:\/\/sindromecharge.es\/index.php\/wp-json\/wp\/v2\/comments?post=10891"}],"version-history":[{"count":0,"href":"https:\/\/sindromecharge.es\/index.php\/wp-json\/wp\/v2\/posts\/10891\/revisions"}],"wp:attachment":[{"href":"https:\/\/sindromecharge.es\/index.php\/wp-json\/wp\/v2\/media?parent=10891"}],"wp:term":[{"taxonomy":"category","embeddable":true,"href":"https:\/\/sindromecharge.es\/index.php\/wp-json\/wp\/v2\/categories?post=10891"},{"taxonomy":"post_tag","embeddable":true,"href":"https:\/\/sindromecharge.es\/index.php\/wp-json\/wp\/v2\/tags?post=10891"}],"curies":[{"name":"wp","href":"https:\/\/api.w.org\/{rel}","templated":true}]}}