{"id":10890,"date":"2025-02-27T16:39:44","date_gmt":"2025-02-27T16:39:44","guid":{"rendered":"https:\/\/sindromecharge.es\/index.php\/2025\/02\/27\/gobierno-argentina-describe-como-idiotas-imbeciles-debiles-mentales-personas-con-discapacidad-5686608\/"},"modified":"2025-02-27T16:39:44","modified_gmt":"2025-02-27T16:39:44","slug":"gobierno-argentina-describe-como-idiotas-imbeciles-debiles-mentales-personas-con-discapacidad-5686608","status":"publish","type":"post","link":"https:\/\/sindromecharge.es\/index.php\/2025\/02\/27\/gobierno-argentina-describe-como-idiotas-imbeciles-debiles-mentales-personas-con-discapacidad-5686608\/","title":{"rendered":"Milei recupera los t\u00e9rminos \u00abimb\u00e9ciles\u00bb y \u00abd\u00e9biles mentales\u00bb para referirse de manera oficial a personas con discapacidad"},"content":{"rendered":"<p>Leemos en Discapacidad la siguiente noticia que os reproducimos de forma \u00edntegra: <\/p>\n<div>\n<p>El Gobierno de <a href=\"https:\/\/www.20minutos.es\/minuteca\/argentina\/\" title=\"Argentina\">Argentina<\/a> ha otorgado a personas con distintos grados de <a href=\"https:\/\/www.20minutos.es\/minuteca\/discapacidad\/\" title=\"Discapacidad\">discapacidad <\/a>los t\u00e9rminos<b> \u00abidiotas\u00bb, imb\u00e9ciles\u00bb y \u00abd\u00e9biles mentales<\/b>\u00bb en una resoluci\u00f3n publicada el mes pasado en el <a href=\"https:\/\/www.boletinoficial.gob.ar\/detalleAviso\/primera\/319710\/20250116\" target=\"_blank\" rel=\"nofollow\">Bolet\u00edn Oficial de la Naci\u00f3n<\/a>. Dicho documento, que hab\u00eda pasado desapercibido hasta este jueves, define los criterios m\u00e9dicos para medir la invalidez laboral, requisito dispuesto desde septiembre de 2024 para quienes perciben pensiones no contributivas. <\/p>\n<p>La Agencia Nacional de Discapacidad, dependiente del Ministerio de Salud del Gobierno de <a href=\"https:\/\/www.20minutos.es\/minuteca\/javier-milei\/\" title=\"Javier Milei\">Javier Milei<\/a>, ha recuperado estas designaciones -que ya aparec\u00edan en un bolet\u00edn de 1998- en el apartado de Psiquismo. As\u00ed, bajo el t\u00edtulo \u00abRetardos Mentales\u00bb, clasifica a las personas de \u00abidiota\u00bb, \u00abimb\u00e9cil\u00bb o \u00abd\u00e9bil mental\u00bb, que<b> puede ser \u00abprofundo\u00bb, \u00abmoderado\u00bb o \u00ableve\u00bb,<\/b> seg\u00fan su nivel de discapacidad y determina que \u00able corresponde pensi\u00f3n a los que presentan debilidad mental profunda o mayor\u00bb.<\/p>\n<p>Para ello, el documento se refiere a <b>diferentes niveles del coeficiente intelectual de las personas. <\/b>Entre el rango 0-30 se encuentran los \u00abidiotas\u00bb, a quienes describe como aquellos que no atravesaron la etapa gl\u00f3sica (sin desarrollo del lenguaje de manera t\u00edpica), no leen ni escriben, no conocen el dinero, no controlan esf\u00ednteres, no atienden sus necesidades b\u00e1sicas y no pueden subsistir solos. <b>Entre el 30-50 se encontrar\u00eda el \u00abimb\u00e9cil\u00bb:<\/b> \u00abNo lee ni escribe, atiende sus necesidades elementales, pueden realizar tareas rudimentarias\u00bb. <\/p>\n<p>A este le sigue el<b> \u00abd\u00e9bil mental profundo\u00bb (50-60)<\/b>, que \u00absolo firma, tiene vocabulario simple, no maneja el dinero y puede realizar tareas rudimentarias\u00bb. Entre el<b> 60-70 est\u00e1 el \u00abd\u00e9bil mental moderado\u00bb,<\/b> el cual sabe leer y escribir, realizar operaciones simples, conoce el dinero y puede realizar trabajos de escasa exigencia intelectual. Por \u00faltimo, entre el<b> 70-90 se encuentra el \u00abd\u00e9bil mental leve\u00bb, <\/b>quien curs\u00f3 primaria y a veces secundaria, puede realizar tareas de mayor envergadura.<\/p>\n<h2>Organizaciones exigen derogar la norma<\/h2>\n<p>Estos t\u00e9rminos han causado indignaci\u00f3n entre siete organizaciones argentinas de derechos humanos y que representan a las personas con discapacidad, entre las que se encuentran la Asociaci\u00f3n Civil por la Igualdad y la Justicia (ACIJ) y el Centro de Estudios Legales y Sociales (CELS). As\u00ed, el 3 de febrero interpusieron un <b>reclamo administrativo en el que solicitaron a la ANDis la derogaci\u00f3n urgente de la norma<\/b> \u00abpor violar los derechos de las personas con discapacidad\u00bb.<\/p>\n<p>En el reclamo afirman que la resoluci\u00f3n \u00abatenta de modo flagrante contra la Convenci\u00f3n sobre los Derechos de las Personas con Discapacidad, (&#8230;) <b>poniendo en grave riesgo derechos humanos fundamentales\u00bb<\/b>. La abogada del programa Derechos de las Personas con Discapacidad de la ACIJ Agostina Quiroz ha explicado a Efe que dichas expresiones \u00abreproducen y refuerzan prejuicios hist\u00f3ricos que agudizan la discriminaci\u00f3n de las personas con discapacidad\u00bb.<\/p>\n<p>Adem\u00e1s, ha considerado que \u00ab<b>resulta particularmente problem\u00e1tico que sea el Estado quien recurra a esos discursos<\/b>, dado que es justamente quien debe combatirlos\u00bb. Las organizaciones de la sociedad civil han reprochado que el Estado mide la \u00abinvalidez\u00bb recurriendo a criterios m\u00e9dicos que desconocen \u00abel modelo social de la discapacidad\u00bb, tomado por la Convenci\u00f3n, y Quiroz ha afirmado que reproduce \u00abel modelo m\u00e9dico de la discapacidad, que ya estaba superado por el modelo social\u00bb.<\/p>\n<p>\u00abSeg\u00fan este modelo, la discapacidad se entiende como la interacci\u00f3n entre las caracter\u00edsticas de la persona y las barreras presentes en su entorno, por lo que no se pone el foco en ella ni en su &#8216;deficiencia&#8217;, ni se pretende &#8216;normalizarla&#8217; a trav\u00e9s de tratamientos m\u00e9dicos (como s\u00ed hace el modelo m\u00e9dico), sino que se pone el foco en la comunidad y en el Estado, que <b>deben transformarse para asegurar la participaci\u00f3n plena de las personas con discapacidad\u00bb<\/b>, ha agregado la abogada.<\/p>\n<p>Un comunicado de ACIJ afirma que \u00abno hay personas &#8216;inv\u00e1lidas&#8217; para trabajar\u00bb, sino que \u00abtodas pueden hacerlo en la medida que se les proporcionen los apoyos que requieren\u00bb. <b>\u00abEl lenguaje y los modos en los que nos referimos a las otras personas tienen impactos concretos<\/b> tanto en lo colectivo (en las pol\u00edticas, en las pr\u00e1cticas y en las culturas), como en lo individual (en la construcci\u00f3n de identidad de los sujetos)\u00bb, ha manifestado Quiroz.<\/p>\n<p>\u00abEl hecho de que la Administraci\u00f3n p\u00fablica contin\u00fae utilizando estos t\u00e9rminos para referirse a determinadas personas<b> genera graves da\u00f1os a ellas y a sus familias, <\/b>as\u00ed como a la sociedad en su conjunto, al reforzar estereotipos y barreras actitudinales que atentan contra la construcci\u00f3n de comunidades m\u00e1s justas e inclusivas\u00bb, concluy\u00f3. <\/p>\n<\/div>\n<p>Fuente: Discapacidad https:\/\/www.20minutos.es\/internacional\/gobierno-argentina-describe-como-idiotas-imbeciles-debiles-mentales-personas-con-discapacidad-5686608\/<\/p>\n","protected":false},"excerpt":{"rendered":"<p>El Ejecutivo define los t\u00e9rminos en una resoluci\u00f3n que recoge los criterios m\u00e9dicos para medir la invalidez laboral.<\/p>\n","protected":false},"author":1,"featured_media":0,"comment_status":"closed","ping_status":"closed","sticky":false,"template":"","format":"standard","meta":{"footnotes":""},"categories":[8],"tags":[],"class_list":["post-10890","post","type-post","status-publish","format-standard","hentry","category-noticias"],"yoast_head":"<!-- This site is optimized with the Yoast SEO plugin v27.4 - https:\/\/yoast.com\/product\/yoast-seo-wordpress\/ -->\n<title>Milei recupera los t\u00e9rminos &quot;imb\u00e9ciles&quot; y &quot;d\u00e9biles mentales&quot; para referirse de manera oficial a personas con discapacidad - Asociaci\u00f3n Espa\u00f1ola S\u00edndrome de Charge<\/title>\n<meta name=\"robots\" content=\"index, follow, max-snippet:-1, max-image-preview:large, max-video-preview:-1\" \/>\n<link rel=\"canonical\" href=\"https:\/\/sindromecharge.es\/index.php\/2025\/02\/27\/gobierno-argentina-describe-como-idiotas-imbeciles-debiles-mentales-personas-con-discapacidad-5686608\/\" \/>\n<meta property=\"og:locale\" content=\"es_ES\" \/>\n<meta property=\"og:type\" content=\"article\" \/>\n<meta property=\"og:title\" content=\"Milei recupera los t\u00e9rminos &quot;imb\u00e9ciles&quot; y &quot;d\u00e9biles mentales&quot; para referirse de manera oficial a personas con discapacidad - Asociaci\u00f3n Espa\u00f1ola S\u00edndrome de Charge\" \/>\n<meta property=\"og:description\" content=\"El Ejecutivo define los t\u00e9rminos en una resoluci\u00f3n que recoge los criterios m\u00e9dicos para medir la invalidez laboral.\" \/>\n<meta property=\"og:url\" content=\"https:\/\/sindromecharge.es\/index.php\/2025\/02\/27\/gobierno-argentina-describe-como-idiotas-imbeciles-debiles-mentales-personas-con-discapacidad-5686608\/\" \/>\n<meta property=\"og:site_name\" content=\"Asociaci\u00f3n Espa\u00f1ola S\u00edndrome de Charge\" \/>\n<meta property=\"article:publisher\" content=\"https:\/\/www.facebook.com\/asociacionsindromecharge\" \/>\n<meta property=\"article:published_time\" content=\"2025-02-27T16:39:44+00:00\" \/>\n<meta property=\"og:image\" content=\"https:\/\/sindromecharge.es\/wp-content\/uploads\/2013\/09\/logodecharge300x98.png\" \/>\n\t<meta property=\"og:image:width\" content=\"300\" \/>\n\t<meta property=\"og:image:height\" content=\"98\" \/>\n\t<meta property=\"og:image:type\" content=\"image\/png\" \/>\n<meta name=\"author\" content=\"Charge\" \/>\n<meta name=\"twitter:card\" content=\"summary_large_image\" \/>\n<meta name=\"twitter:creator\" content=\"@sindromecharge\" \/>\n<meta name=\"twitter:site\" content=\"@sindromecharge\" \/>\n<meta name=\"twitter:label1\" content=\"Escrito por\" \/>\n\t<meta name=\"twitter:data1\" content=\"Charge\" \/>\n\t<meta name=\"twitter:label2\" content=\"Tiempo de lectura\" \/>\n\t<meta name=\"twitter:data2\" content=\"4 minutos\" \/>\n<script type=\"application\/ld+json\" class=\"yoast-schema-graph\">{\"@context\":\"https:\\\/\\\/schema.org\",\"@graph\":[{\"@type\":\"Article\",\"@id\":\"https:\\\/\\\/sindromecharge.es\\\/index.php\\\/2025\\\/02\\\/27\\\/gobierno-argentina-describe-como-idiotas-imbeciles-debiles-mentales-personas-con-discapacidad-5686608\\\/#article\",\"isPartOf\":{\"@id\":\"https:\\\/\\\/sindromecharge.es\\\/index.php\\\/2025\\\/02\\\/27\\\/gobierno-argentina-describe-como-idiotas-imbeciles-debiles-mentales-personas-con-discapacidad-5686608\\\/\"},\"author\":{\"name\":\"Charge\",\"@id\":\"https:\\\/\\\/sindromecharge.es\\\/#\\\/schema\\\/person\\\/39a60ebe0a2b4d5a11179701e336b039\"},\"headline\":\"Milei recupera los t\u00e9rminos \u00abimb\u00e9ciles\u00bb y \u00abd\u00e9biles mentales\u00bb para referirse de manera oficial a personas con discapacidad\",\"datePublished\":\"2025-02-27T16:39:44+00:00\",\"mainEntityOfPage\":{\"@id\":\"https:\\\/\\\/sindromecharge.es\\\/index.php\\\/2025\\\/02\\\/27\\\/gobierno-argentina-describe-como-idiotas-imbeciles-debiles-mentales-personas-con-discapacidad-5686608\\\/\"},\"wordCount\":814,\"articleSection\":[\"noticias\"],\"inLanguage\":\"es\"},{\"@type\":\"WebPage\",\"@id\":\"https:\\\/\\\/sindromecharge.es\\\/index.php\\\/2025\\\/02\\\/27\\\/gobierno-argentina-describe-como-idiotas-imbeciles-debiles-mentales-personas-con-discapacidad-5686608\\\/\",\"url\":\"https:\\\/\\\/sindromecharge.es\\\/index.php\\\/2025\\\/02\\\/27\\\/gobierno-argentina-describe-como-idiotas-imbeciles-debiles-mentales-personas-con-discapacidad-5686608\\\/\",\"name\":\"Milei recupera los t\u00e9rminos \\\"imb\u00e9ciles\\\" y \\\"d\u00e9biles mentales\\\" para referirse de manera oficial a personas con discapacidad - Asociaci\u00f3n Espa\u00f1ola S\u00edndrome de Charge\",\"isPartOf\":{\"@id\":\"https:\\\/\\\/sindromecharge.es\\\/#website\"},\"datePublished\":\"2025-02-27T16:39:44+00:00\",\"author\":{\"@id\":\"https:\\\/\\\/sindromecharge.es\\\/#\\\/schema\\\/person\\\/39a60ebe0a2b4d5a11179701e336b039\"},\"breadcrumb\":{\"@id\":\"https:\\\/\\\/sindromecharge.es\\\/index.php\\\/2025\\\/02\\\/27\\\/gobierno-argentina-describe-como-idiotas-imbeciles-debiles-mentales-personas-con-discapacidad-5686608\\\/#breadcrumb\"},\"inLanguage\":\"es\",\"potentialAction\":[{\"@type\":\"ReadAction\",\"target\":[\"https:\\\/\\\/sindromecharge.es\\\/index.php\\\/2025\\\/02\\\/27\\\/gobierno-argentina-describe-como-idiotas-imbeciles-debiles-mentales-personas-con-discapacidad-5686608\\\/\"]}]},{\"@type\":\"BreadcrumbList\",\"@id\":\"https:\\\/\\\/sindromecharge.es\\\/index.php\\\/2025\\\/02\\\/27\\\/gobierno-argentina-describe-como-idiotas-imbeciles-debiles-mentales-personas-con-discapacidad-5686608\\\/#breadcrumb\",\"itemListElement\":[{\"@type\":\"ListItem\",\"position\":1,\"name\":\"Portada\",\"item\":\"https:\\\/\\\/sindromecharge.es\\\/\"},{\"@type\":\"ListItem\",\"position\":2,\"name\":\"Milei recupera los t\u00e9rminos \u00abimb\u00e9ciles\u00bb y \u00abd\u00e9biles mentales\u00bb para referirse de manera oficial a personas con discapacidad\"}]},{\"@type\":\"WebSite\",\"@id\":\"https:\\\/\\\/sindromecharge.es\\\/#website\",\"url\":\"https:\\\/\\\/sindromecharge.es\\\/\",\"name\":\"Asociaci\u00f3n Espa\u00f1ola S\u00edndrome de Charge\",\"description\":\"\",\"potentialAction\":[{\"@type\":\"SearchAction\",\"target\":{\"@type\":\"EntryPoint\",\"urlTemplate\":\"https:\\\/\\\/sindromecharge.es\\\/?s={search_term_string}\"},\"query-input\":{\"@type\":\"PropertyValueSpecification\",\"valueRequired\":true,\"valueName\":\"search_term_string\"}}],\"inLanguage\":\"es\"},{\"@type\":\"Person\",\"@id\":\"https:\\\/\\\/sindromecharge.es\\\/#\\\/schema\\\/person\\\/39a60ebe0a2b4d5a11179701e336b039\",\"name\":\"Charge\",\"image\":{\"@type\":\"ImageObject\",\"inLanguage\":\"es\",\"@id\":\"https:\\\/\\\/secure.gravatar.com\\\/avatar\\\/c3b46e32a0fc3b093a0873fb767bf3293de856293065e84ef06b7ec7a8acfb98?s=96&d=identicon&r=x\",\"url\":\"https:\\\/\\\/secure.gravatar.com\\\/avatar\\\/c3b46e32a0fc3b093a0873fb767bf3293de856293065e84ef06b7ec7a8acfb98?s=96&d=identicon&r=x\",\"contentUrl\":\"https:\\\/\\\/secure.gravatar.com\\\/avatar\\\/c3b46e32a0fc3b093a0873fb767bf3293de856293065e84ef06b7ec7a8acfb98?s=96&d=identicon&r=x\",\"caption\":\"Charge\"},\"url\":\"https:\\\/\\\/sindromecharge.es\\\/index.php\\\/author\\\/admin\\\/\"}]}<\/script>\n<!-- \/ Yoast SEO plugin. -->","yoast_head_json":{"title":"Milei recupera los t\u00e9rminos \"imb\u00e9ciles\" y \"d\u00e9biles mentales\" para referirse de manera oficial a personas con discapacidad - Asociaci\u00f3n Espa\u00f1ola S\u00edndrome de Charge","robots":{"index":"index","follow":"follow","max-snippet":"max-snippet:-1","max-image-preview":"max-image-preview:large","max-video-preview":"max-video-preview:-1"},"canonical":"https:\/\/sindromecharge.es\/index.php\/2025\/02\/27\/gobierno-argentina-describe-como-idiotas-imbeciles-debiles-mentales-personas-con-discapacidad-5686608\/","og_locale":"es_ES","og_type":"article","og_title":"Milei recupera los t\u00e9rminos \"imb\u00e9ciles\" y \"d\u00e9biles mentales\" para referirse de manera oficial a personas con discapacidad - Asociaci\u00f3n Espa\u00f1ola S\u00edndrome de Charge","og_description":"El Ejecutivo define los t\u00e9rminos en una resoluci\u00f3n que recoge los criterios m\u00e9dicos para medir la invalidez laboral.","og_url":"https:\/\/sindromecharge.es\/index.php\/2025\/02\/27\/gobierno-argentina-describe-como-idiotas-imbeciles-debiles-mentales-personas-con-discapacidad-5686608\/","og_site_name":"Asociaci\u00f3n Espa\u00f1ola S\u00edndrome de Charge","article_publisher":"https:\/\/www.facebook.com\/asociacionsindromecharge","article_published_time":"2025-02-27T16:39:44+00:00","og_image":[{"width":300,"height":98,"url":"https:\/\/sindromecharge.es\/wp-content\/uploads\/2013\/09\/logodecharge300x98.png","type":"image\/png"}],"author":"Charge","twitter_card":"summary_large_image","twitter_creator":"@sindromecharge","twitter_site":"@sindromecharge","twitter_misc":{"Escrito por":"Charge","Tiempo de lectura":"4 minutos"},"schema":{"@context":"https:\/\/schema.org","@graph":[{"@type":"Article","@id":"https:\/\/sindromecharge.es\/index.php\/2025\/02\/27\/gobierno-argentina-describe-como-idiotas-imbeciles-debiles-mentales-personas-con-discapacidad-5686608\/#article","isPartOf":{"@id":"https:\/\/sindromecharge.es\/index.php\/2025\/02\/27\/gobierno-argentina-describe-como-idiotas-imbeciles-debiles-mentales-personas-con-discapacidad-5686608\/"},"author":{"name":"Charge","@id":"https:\/\/sindromecharge.es\/#\/schema\/person\/39a60ebe0a2b4d5a11179701e336b039"},"headline":"Milei recupera los t\u00e9rminos \u00abimb\u00e9ciles\u00bb y \u00abd\u00e9biles mentales\u00bb para referirse de manera oficial a personas con discapacidad","datePublished":"2025-02-27T16:39:44+00:00","mainEntityOfPage":{"@id":"https:\/\/sindromecharge.es\/index.php\/2025\/02\/27\/gobierno-argentina-describe-como-idiotas-imbeciles-debiles-mentales-personas-con-discapacidad-5686608\/"},"wordCount":814,"articleSection":["noticias"],"inLanguage":"es"},{"@type":"WebPage","@id":"https:\/\/sindromecharge.es\/index.php\/2025\/02\/27\/gobierno-argentina-describe-como-idiotas-imbeciles-debiles-mentales-personas-con-discapacidad-5686608\/","url":"https:\/\/sindromecharge.es\/index.php\/2025\/02\/27\/gobierno-argentina-describe-como-idiotas-imbeciles-debiles-mentales-personas-con-discapacidad-5686608\/","name":"Milei recupera los t\u00e9rminos \"imb\u00e9ciles\" y \"d\u00e9biles mentales\" para referirse de manera oficial a personas con discapacidad - Asociaci\u00f3n Espa\u00f1ola S\u00edndrome de Charge","isPartOf":{"@id":"https:\/\/sindromecharge.es\/#website"},"datePublished":"2025-02-27T16:39:44+00:00","author":{"@id":"https:\/\/sindromecharge.es\/#\/schema\/person\/39a60ebe0a2b4d5a11179701e336b039"},"breadcrumb":{"@id":"https:\/\/sindromecharge.es\/index.php\/2025\/02\/27\/gobierno-argentina-describe-como-idiotas-imbeciles-debiles-mentales-personas-con-discapacidad-5686608\/#breadcrumb"},"inLanguage":"es","potentialAction":[{"@type":"ReadAction","target":["https:\/\/sindromecharge.es\/index.php\/2025\/02\/27\/gobierno-argentina-describe-como-idiotas-imbeciles-debiles-mentales-personas-con-discapacidad-5686608\/"]}]},{"@type":"BreadcrumbList","@id":"https:\/\/sindromecharge.es\/index.php\/2025\/02\/27\/gobierno-argentina-describe-como-idiotas-imbeciles-debiles-mentales-personas-con-discapacidad-5686608\/#breadcrumb","itemListElement":[{"@type":"ListItem","position":1,"name":"Portada","item":"https:\/\/sindromecharge.es\/"},{"@type":"ListItem","position":2,"name":"Milei recupera los t\u00e9rminos \u00abimb\u00e9ciles\u00bb y \u00abd\u00e9biles mentales\u00bb para referirse de manera oficial a personas con discapacidad"}]},{"@type":"WebSite","@id":"https:\/\/sindromecharge.es\/#website","url":"https:\/\/sindromecharge.es\/","name":"Asociaci\u00f3n Espa\u00f1ola S\u00edndrome de Charge","description":"","potentialAction":[{"@type":"SearchAction","target":{"@type":"EntryPoint","urlTemplate":"https:\/\/sindromecharge.es\/?s={search_term_string}"},"query-input":{"@type":"PropertyValueSpecification","valueRequired":true,"valueName":"search_term_string"}}],"inLanguage":"es"},{"@type":"Person","@id":"https:\/\/sindromecharge.es\/#\/schema\/person\/39a60ebe0a2b4d5a11179701e336b039","name":"Charge","image":{"@type":"ImageObject","inLanguage":"es","@id":"https:\/\/secure.gravatar.com\/avatar\/c3b46e32a0fc3b093a0873fb767bf3293de856293065e84ef06b7ec7a8acfb98?s=96&d=identicon&r=x","url":"https:\/\/secure.gravatar.com\/avatar\/c3b46e32a0fc3b093a0873fb767bf3293de856293065e84ef06b7ec7a8acfb98?s=96&d=identicon&r=x","contentUrl":"https:\/\/secure.gravatar.com\/avatar\/c3b46e32a0fc3b093a0873fb767bf3293de856293065e84ef06b7ec7a8acfb98?s=96&d=identicon&r=x","caption":"Charge"},"url":"https:\/\/sindromecharge.es\/index.php\/author\/admin\/"}]}},"_links":{"self":[{"href":"https:\/\/sindromecharge.es\/index.php\/wp-json\/wp\/v2\/posts\/10890","targetHints":{"allow":["GET"]}}],"collection":[{"href":"https:\/\/sindromecharge.es\/index.php\/wp-json\/wp\/v2\/posts"}],"about":[{"href":"https:\/\/sindromecharge.es\/index.php\/wp-json\/wp\/v2\/types\/post"}],"author":[{"embeddable":true,"href":"https:\/\/sindromecharge.es\/index.php\/wp-json\/wp\/v2\/users\/1"}],"replies":[{"embeddable":true,"href":"https:\/\/sindromecharge.es\/index.php\/wp-json\/wp\/v2\/comments?post=10890"}],"version-history":[{"count":0,"href":"https:\/\/sindromecharge.es\/index.php\/wp-json\/wp\/v2\/posts\/10890\/revisions"}],"wp:attachment":[{"href":"https:\/\/sindromecharge.es\/index.php\/wp-json\/wp\/v2\/media?parent=10890"}],"wp:term":[{"taxonomy":"category","embeddable":true,"href":"https:\/\/sindromecharge.es\/index.php\/wp-json\/wp\/v2\/categories?post=10890"},{"taxonomy":"post_tag","embeddable":true,"href":"https:\/\/sindromecharge.es\/index.php\/wp-json\/wp\/v2\/tags?post=10890"}],"curies":[{"name":"wp","href":"https:\/\/api.w.org\/{rel}","templated":true}]}}