{"id":10833,"date":"2025-02-13T15:29:29","date_gmt":"2025-02-13T15:29:29","guid":{"rendered":"https:\/\/sindromecharge.es\/index.php\/2025\/02\/13\/gobierno-reconocera-automaticamente-33-discapacidad-todas-personas-dependientes\/"},"modified":"2025-02-13T15:29:29","modified_gmt":"2025-02-13T15:29:29","slug":"gobierno-reconocera-automaticamente-33-discapacidad-todas-personas-dependientes","status":"publish","type":"post","link":"https:\/\/sindromecharge.es\/index.php\/2025\/02\/13\/gobierno-reconocera-automaticamente-33-discapacidad-todas-personas-dependientes\/","title":{"rendered":"El Gobierno reconocer\u00e1 autom\u00e1ticamente el 33% de discapacidad a todas las personas dependientes"},"content":{"rendered":"<p>Leemos en Discapacidad la siguiente noticia que os reproducimos de forma \u00edntegra: <\/p>\n<div>\n<p>Todas las personas que est\u00e9n en una situaci\u00f3n de dependencia pasar\u00e1n a tener reconocido autom\u00e1ticamente el grado 33% de discapacidad. Es una de las novedades contempladas en<b> las nuevas leyes de discapacidad y dependencia<\/b>, aprobadas este martes en <a href=\"https:\/\/www.20minutos.es\/minuteca\/consejo-de-ministros\/\" title=\"Consejo de Ministros\">Consejo de Ministros<\/a>, y con las cuales se aspira poder reducir listas de espera y tr\u00e1mites administrativos. La creaci\u00f3n de un banco p\u00fablico de servicios de apoyo, de un fondo estatal para sufragar las obras de accesibilidad en los edificios o el reconocimiento universal a la rehabilitaci\u00f3n son algunas de las medidas recogidas en sendas reformas, que todav\u00eda deber\u00e1n volver a <a href=\"https:\/\/www.20minutos.es\/minuteca\/consejo-de-ministros\/\" title=\"Consejo de Ministros\">Consejo de Ministros<\/a> antes de ser enviadas al Congreso de los Diputados. <i><\/i><\/p>\n<p>As\u00ed, y mediante un anteproyecto de ley que reforma las dos leyes, el Gobierno pretende avanzar hacia la desinstitucionalizaci\u00f3n de los cuidados, erigi\u00e9ndose sobre cuatro pilares fundamentales: <b>autonom\u00eda, inclusi\u00f3n, accesibilidad y mujeres e infancia. <\/b>Fuentes del Ministerio de Derechos Sociales, impulsor de la norma, inciden en que con esta iniciativa se adapta el sistema de dependencia \u2014que atiende a m\u00e1s de 1,6 millones de personas\u2014 a los \u00abcambios sociales y demogr\u00e1ficos\u00bb de los \u00faltimos a\u00f1os, en los que la poblaci\u00f3n est\u00e1 cada vez m\u00e1s envejecida y las din\u00e1micas de familia han cambiado, bien porque las unidades son m\u00e1s peque\u00f1as, porque los familiares viven m\u00e1s lejos los unos de los otros, o porque las mujeres participan m\u00e1s en el mercado laboral. <\/p>\n<p>\u00abEsta reforma <b>acaba con los recortes del PP, blinda el sistema de dependencia y dise\u00f1a un modelo de cuidados que fortalece el Estado de bienestar <\/b>y lo proyecta hacia las necesidades del siglo XXI\u00bb, ha destacado <a href=\"https:\/\/www.20minutos.es\/minuteca\/pablo-bustinduy\/\" title=\"Pablo Bustinduy\">Pablo Bustinduy<\/a> en la rueda de prensa posterior al Consejo de Ministros. <\/p>\n<p>De este modo, y para agilizar la burocracia, la reforma conceder\u00e1 a cualquier persona a la que se le haya reconocido oficialmente una situaci\u00f3n de dependencia el grado de discapacidad del 33%. \u00abTodas las personas con dependencia, en el momento que necesitan una persona que les apoye, ya son de facto personas con discapacidad\u00bb, arguyen en el departamento de Pablo Bustinduy.  Se habilita as\u00ed una especie de \u00abpasarela\u00bb para que de forma autom\u00e1tica tengan esa certificaci\u00f3n sin necesidad de pasar dos veces por el mismo tr\u00e1mite, con vistas a que<b> el 98,5% de las personas que tienen un grado de dependencia tienen, tambi\u00e9n, un 33% de discapacidad.<\/b> No obstante, cualquier persona que quiera acreditar un grado superior de discapacidad s\u00ed que deber\u00e1 pasar por los circuitos habituales para ello. <\/p>\n<p>Tambi\u00e9n en materia de discapacidad, se<b> reconoce el derecho universal a la rehabilitaci\u00f3n<\/b>, algo que actualmente no est\u00e1 contemplado y que hace que muchas personas tengan que sufragarse estos servicios si se alargan mucho en el tiempo. \u00abAhora hacemos un mandato legal a los poderes p\u00fablicos para que aseguren esta rehabilitaci\u00f3n\u00bb, detalla el ministerio de Bustinduy. <\/p>\n<h2>Discriminaci\u00f3n en seguros y multas por \u00abmofa p\u00fablica\u00bb<\/h2>\n<p>En el \u00e1mbito sanitario, el anteproyecto <b>prohibir\u00e1 cualquier tipo de discriminaci\u00f3n de las personas con discapacidad a la hora de contratar seguros de salud o de vida.<\/b> Una precisi\u00f3n que se establece ante las \u00abcl\u00e1usulas gravosas\u00bb que se imponen muchas veces a pacientes con alg\u00fan tipo de discapacidad, como aquellos con ELA, a la hora de ofrecerles una p\u00f3liza. <\/p>\n<p>En esa l\u00ednea, se endurece el procedimiento sancionador para regular como infracci\u00f3n grave la exposici\u00f3n de una persona por su discapacidad, \u00abya sea en un espect\u00e1culo, en una feria, en un local abierto al p\u00fablico o en las redes sociales\u00bb. Actos como <a href=\"https:\/\/www.20minutos.es\/noticia\/5178677\/0\/vida-despues-ser-enanito-torero-claro-que-sentia-que-se-reian-mi-pero-con-pension-no-me-alcanza-para-nada\/\" title=\"La vida despu\u00e9s de ser 'enanito torero': &quot;Claro que sent\u00eda que se re\u00edan de m\u00ed, pero con la pensi\u00f3n no me alcanza para nada&quot;\">los espect\u00e1culos de \u00abenanos toreros\u00bb que, aunque se prohibieron en 2023<\/a>, todav\u00eda se celebran en algunas localidades, como Teruel. \u00abVamos a ir m\u00e1s all\u00e1 y vamos a poner este tipo de situaciones de mofa p\u00fablica con una infracci\u00f3n muy grave\u00bb, aseguran las mismas fuentes, que detallan que esa sanci\u00f3n<b> ir\u00e1 de los 600.000 al mill\u00f3n de euros. <\/b><\/p>\n<h2>Un fondo para financiar las obras de accesibilidad<\/h2>\n<p>En materia de accesibilidad hay varias medidas, que van desde la eliminaci\u00f3n de barreras en servicios p\u00fablicos hasta el control de recursos como las tarjetas de estacionamiento. Se crea, para ello, un Fondo Estatal de Promoci\u00f3n de la Accesibilidad Universal, que financiar\u00e1 todas las obras de adaptaci\u00f3n en los edificios y espacios p\u00fablicos, como la instalaci\u00f3n de<b> rampas para sillas de ruedas o los QR con audiodescripciones. <\/b><\/p>\n<p>Pese a que la ley todav\u00eda no tiene un presupuesto concreto asignado, <b>este fondo nacer\u00eda ya con el dinero obtenido a trav\u00e9s de tres v\u00edas: <\/b>del dinero al que renuncian los ciudadanos por sus herencias; de los fondos recaudados a trav\u00e9s de las multas contempladas en el r\u00e9gimen de infracciones y sanciones de la ley de discapacidad; y de una asignaci\u00f3n concreta de los presupuestos generales para un programa estatal de accesibilidad. <\/p>\n<p>Para buscar situaciones de \u00abaislamiento\u00bb o \u00abinstitucionalizaci\u00f3n forzosa\u00bb, la ley contempla igualmente otras <b>medidas de accesibilidad en la vivienda,<\/b> como la reforma de la ley de propiedad horizontal, que har\u00e1 obligatorias todas las obras encaminadas a asegurar la accesibilidad, como el ascensor; y facilitar\u00e1 el cauce para que las personas con discapacidad puedan denunciar a la comunidad de propietarios que se nieguen a acometer dichas obras. Seg\u00fan datos del CERMI, se estima que <b>100.000 personas est\u00e1n encerradas en sus casas<\/b> porque sus bloques o viviendas tienen problemas de accesibilidad. <\/p>\n<h2>M\u00e1s servicios para la dependencia<\/h2>\n<p>En cuanto a la reforma de la ley de dependencia, la norma contempla modificaciones del cat\u00e1logo de servicios actual, as\u00ed como la creaci\u00f3n de nuevas prestaciones. Se modifica as\u00ed el servicio de ayuda a domicilio, que podr\u00e1 desarrollarse fuera del hogar, <b>para que los auxiliares puedan acompa\u00f1ar a la persona dependiente al m\u00e9dico o a la compra<\/b>, lo que, seg\u00fan Derechos Sociales, fomentar\u00e1 la autonom\u00eda de las personas. Tambi\u00e9n hay cambios en la asistencia personal, que dejar\u00e1 de ser solo una prestaci\u00f3n econ\u00f3mica y se reconoce como un servicio, que, adem\u00e1s, podr\u00e1 prestar cualquier persona del entorno del beneficiario (convivientes, amigos, etc.).<\/p>\n<p>Respecto a los nuevos servicios, se crea un cat\u00e1logo de productos de apoyo para la autonom\u00eda (sillas de ruedas, camas, etc.), en <b>una especie de \u00abbanco p\u00fablico\u00bb para que las personas dependientes no tengan que invertir <\/b>en aquellos objetos que les ayudan a permanecer en su vivienda y no tener que trasladarse a un centro. <\/p>\n<p>Se reconoce, por otra parte<b>, el derecho a la teleasistencia como derecho subjetivo <\/b>para las personas dependientes que residan en su domicilio, y que tendr\u00e1n acceso a un servicio \u00abproactivo\u00bb y adaptado a las necesidades de accesibilidad de cada usuario. Adem\u00e1s, se refuerza la autonom\u00eda de las personas, garantizando que permanezcan en aquel entorno que hayan elegido y que, en su caso, la asignaci\u00f3n a una residencia o a una vivienda concreta se base en sus preferencias. <\/p>\n<p>Las cuant\u00edas y las condiciones de los servicios deber\u00e1n ser<b> concretadas junto a las comunidades en un Consejo Interterritorial, <\/b>que las plasmar\u00e1 luego en un decreto para regular las prestaciones. <\/p>\n<h2>Supresi\u00f3n del r\u00e9gimen de incompatibilidades<\/h2>\n<p>Adem\u00e1s, en l\u00ednea con lo que ya se reconoci\u00f3 con la reci\u00e9n aprobada ley ELA, se establece<b> un procedimiento de urgencia para agilizar cualquier expediente en situaciones de \u00abespecial vulnerabilidad\u00bb,<\/b> como casos de demencias, aislamiento social, violencia de g\u00e9nero o precariedad econ\u00f3mica. <\/p>\n<p>Una de las mayores demandas del colectivo era la <b>supresi\u00f3n del r\u00e9gimen de incompatibilidades<\/b>, que desde 2012 imped\u00eda recibir dos prestaciones por dependencia al mismo tiempo, como por ejemplo un servicio de d\u00eda y horas de atenci\u00f3n domiciliaria. La norma lo elimina,<b> aunque esta medida depende de las comunidades aut\u00f3nomas, que podr\u00e1n mantenerla<\/b> si as\u00ed lo consideran, aunque ya no podr\u00e1n ampararse en ninguna ley estatal. Tambi\u00e9n se elimina el plazo de dos a\u00f1os que retrasa el acceso a las ayudas econ\u00f3micas para cuidados en el entorno familiar. <\/p>\n<\/div>\n<p>Fuente: Discapacidad https:\/\/www.20minutos.es\/noticia\/5681058\/0\/gobierno-reconocera-automaticamente-33-discapacidad-todas-personas-dependientes\/<\/p>\n","protected":false},"excerpt":{"rendered":"<p>El Consejo de Ministros ha aprobado este martes la reforma de las leyes de dependencia y discapacidad.<\/p>\n","protected":false},"author":1,"featured_media":0,"comment_status":"closed","ping_status":"closed","sticky":false,"template":"","format":"standard","meta":{"footnotes":""},"categories":[8],"tags":[],"class_list":["post-10833","post","type-post","status-publish","format-standard","hentry","category-noticias"],"yoast_head":"<!-- This site is optimized with the Yoast SEO plugin v27.4 - https:\/\/yoast.com\/product\/yoast-seo-wordpress\/ -->\n<title>El Gobierno reconocer\u00e1 autom\u00e1ticamente el 33% de discapacidad a todas las personas dependientes - Asociaci\u00f3n Espa\u00f1ola S\u00edndrome de Charge<\/title>\n<meta name=\"robots\" content=\"index, follow, max-snippet:-1, max-image-preview:large, max-video-preview:-1\" \/>\n<link rel=\"canonical\" href=\"https:\/\/sindromecharge.es\/index.php\/2025\/02\/13\/gobierno-reconocera-automaticamente-33-discapacidad-todas-personas-dependientes\/\" \/>\n<meta property=\"og:locale\" content=\"es_ES\" \/>\n<meta property=\"og:type\" content=\"article\" \/>\n<meta property=\"og:title\" content=\"El Gobierno reconocer\u00e1 autom\u00e1ticamente el 33% de discapacidad a todas las personas dependientes - Asociaci\u00f3n Espa\u00f1ola S\u00edndrome de Charge\" \/>\n<meta property=\"og:description\" content=\"El Consejo de Ministros ha aprobado este martes la reforma de las leyes de dependencia y discapacidad.\" \/>\n<meta property=\"og:url\" content=\"https:\/\/sindromecharge.es\/index.php\/2025\/02\/13\/gobierno-reconocera-automaticamente-33-discapacidad-todas-personas-dependientes\/\" \/>\n<meta property=\"og:site_name\" content=\"Asociaci\u00f3n Espa\u00f1ola S\u00edndrome de Charge\" \/>\n<meta property=\"article:publisher\" content=\"https:\/\/www.facebook.com\/asociacionsindromecharge\" \/>\n<meta property=\"article:published_time\" content=\"2025-02-13T15:29:29+00:00\" \/>\n<meta property=\"og:image\" content=\"https:\/\/sindromecharge.es\/wp-content\/uploads\/2013\/09\/logodecharge300x98.png\" \/>\n\t<meta property=\"og:image:width\" content=\"300\" \/>\n\t<meta property=\"og:image:height\" content=\"98\" \/>\n\t<meta property=\"og:image:type\" content=\"image\/png\" \/>\n<meta name=\"author\" content=\"Charge\" \/>\n<meta name=\"twitter:card\" content=\"summary_large_image\" \/>\n<meta name=\"twitter:creator\" content=\"@sindromecharge\" \/>\n<meta name=\"twitter:site\" content=\"@sindromecharge\" \/>\n<meta name=\"twitter:label1\" content=\"Escrito por\" \/>\n\t<meta name=\"twitter:data1\" content=\"Charge\" \/>\n\t<meta name=\"twitter:label2\" content=\"Tiempo de lectura\" \/>\n\t<meta name=\"twitter:data2\" content=\"7 minutos\" \/>\n<script type=\"application\/ld+json\" class=\"yoast-schema-graph\">{\"@context\":\"https:\\\/\\\/schema.org\",\"@graph\":[{\"@type\":\"Article\",\"@id\":\"https:\\\/\\\/sindromecharge.es\\\/index.php\\\/2025\\\/02\\\/13\\\/gobierno-reconocera-automaticamente-33-discapacidad-todas-personas-dependientes\\\/#article\",\"isPartOf\":{\"@id\":\"https:\\\/\\\/sindromecharge.es\\\/index.php\\\/2025\\\/02\\\/13\\\/gobierno-reconocera-automaticamente-33-discapacidad-todas-personas-dependientes\\\/\"},\"author\":{\"name\":\"Charge\",\"@id\":\"https:\\\/\\\/sindromecharge.es\\\/#\\\/schema\\\/person\\\/39a60ebe0a2b4d5a11179701e336b039\"},\"headline\":\"El Gobierno reconocer\u00e1 autom\u00e1ticamente el 33% de discapacidad a todas las personas dependientes\",\"datePublished\":\"2025-02-13T15:29:29+00:00\",\"mainEntityOfPage\":{\"@id\":\"https:\\\/\\\/sindromecharge.es\\\/index.php\\\/2025\\\/02\\\/13\\\/gobierno-reconocera-automaticamente-33-discapacidad-todas-personas-dependientes\\\/\"},\"wordCount\":1402,\"articleSection\":[\"noticias\"],\"inLanguage\":\"es\"},{\"@type\":\"WebPage\",\"@id\":\"https:\\\/\\\/sindromecharge.es\\\/index.php\\\/2025\\\/02\\\/13\\\/gobierno-reconocera-automaticamente-33-discapacidad-todas-personas-dependientes\\\/\",\"url\":\"https:\\\/\\\/sindromecharge.es\\\/index.php\\\/2025\\\/02\\\/13\\\/gobierno-reconocera-automaticamente-33-discapacidad-todas-personas-dependientes\\\/\",\"name\":\"El Gobierno reconocer\u00e1 autom\u00e1ticamente el 33% de discapacidad a todas las personas dependientes - Asociaci\u00f3n Espa\u00f1ola S\u00edndrome de Charge\",\"isPartOf\":{\"@id\":\"https:\\\/\\\/sindromecharge.es\\\/#website\"},\"datePublished\":\"2025-02-13T15:29:29+00:00\",\"author\":{\"@id\":\"https:\\\/\\\/sindromecharge.es\\\/#\\\/schema\\\/person\\\/39a60ebe0a2b4d5a11179701e336b039\"},\"breadcrumb\":{\"@id\":\"https:\\\/\\\/sindromecharge.es\\\/index.php\\\/2025\\\/02\\\/13\\\/gobierno-reconocera-automaticamente-33-discapacidad-todas-personas-dependientes\\\/#breadcrumb\"},\"inLanguage\":\"es\",\"potentialAction\":[{\"@type\":\"ReadAction\",\"target\":[\"https:\\\/\\\/sindromecharge.es\\\/index.php\\\/2025\\\/02\\\/13\\\/gobierno-reconocera-automaticamente-33-discapacidad-todas-personas-dependientes\\\/\"]}]},{\"@type\":\"BreadcrumbList\",\"@id\":\"https:\\\/\\\/sindromecharge.es\\\/index.php\\\/2025\\\/02\\\/13\\\/gobierno-reconocera-automaticamente-33-discapacidad-todas-personas-dependientes\\\/#breadcrumb\",\"itemListElement\":[{\"@type\":\"ListItem\",\"position\":1,\"name\":\"Portada\",\"item\":\"https:\\\/\\\/sindromecharge.es\\\/\"},{\"@type\":\"ListItem\",\"position\":2,\"name\":\"El Gobierno reconocer\u00e1 autom\u00e1ticamente el 33% de discapacidad a todas las personas dependientes\"}]},{\"@type\":\"WebSite\",\"@id\":\"https:\\\/\\\/sindromecharge.es\\\/#website\",\"url\":\"https:\\\/\\\/sindromecharge.es\\\/\",\"name\":\"Asociaci\u00f3n Espa\u00f1ola S\u00edndrome de Charge\",\"description\":\"\",\"potentialAction\":[{\"@type\":\"SearchAction\",\"target\":{\"@type\":\"EntryPoint\",\"urlTemplate\":\"https:\\\/\\\/sindromecharge.es\\\/?s={search_term_string}\"},\"query-input\":{\"@type\":\"PropertyValueSpecification\",\"valueRequired\":true,\"valueName\":\"search_term_string\"}}],\"inLanguage\":\"es\"},{\"@type\":\"Person\",\"@id\":\"https:\\\/\\\/sindromecharge.es\\\/#\\\/schema\\\/person\\\/39a60ebe0a2b4d5a11179701e336b039\",\"name\":\"Charge\",\"image\":{\"@type\":\"ImageObject\",\"inLanguage\":\"es\",\"@id\":\"https:\\\/\\\/secure.gravatar.com\\\/avatar\\\/c3b46e32a0fc3b093a0873fb767bf3293de856293065e84ef06b7ec7a8acfb98?s=96&d=identicon&r=x\",\"url\":\"https:\\\/\\\/secure.gravatar.com\\\/avatar\\\/c3b46e32a0fc3b093a0873fb767bf3293de856293065e84ef06b7ec7a8acfb98?s=96&d=identicon&r=x\",\"contentUrl\":\"https:\\\/\\\/secure.gravatar.com\\\/avatar\\\/c3b46e32a0fc3b093a0873fb767bf3293de856293065e84ef06b7ec7a8acfb98?s=96&d=identicon&r=x\",\"caption\":\"Charge\"},\"url\":\"https:\\\/\\\/sindromecharge.es\\\/index.php\\\/author\\\/admin\\\/\"}]}<\/script>\n<!-- \/ Yoast SEO plugin. -->","yoast_head_json":{"title":"El Gobierno reconocer\u00e1 autom\u00e1ticamente el 33% de discapacidad a todas las personas dependientes - Asociaci\u00f3n Espa\u00f1ola S\u00edndrome de Charge","robots":{"index":"index","follow":"follow","max-snippet":"max-snippet:-1","max-image-preview":"max-image-preview:large","max-video-preview":"max-video-preview:-1"},"canonical":"https:\/\/sindromecharge.es\/index.php\/2025\/02\/13\/gobierno-reconocera-automaticamente-33-discapacidad-todas-personas-dependientes\/","og_locale":"es_ES","og_type":"article","og_title":"El Gobierno reconocer\u00e1 autom\u00e1ticamente el 33% de discapacidad a todas las personas dependientes - Asociaci\u00f3n Espa\u00f1ola S\u00edndrome de Charge","og_description":"El Consejo de Ministros ha aprobado este martes la reforma de las leyes de dependencia y discapacidad.","og_url":"https:\/\/sindromecharge.es\/index.php\/2025\/02\/13\/gobierno-reconocera-automaticamente-33-discapacidad-todas-personas-dependientes\/","og_site_name":"Asociaci\u00f3n Espa\u00f1ola S\u00edndrome de Charge","article_publisher":"https:\/\/www.facebook.com\/asociacionsindromecharge","article_published_time":"2025-02-13T15:29:29+00:00","og_image":[{"width":300,"height":98,"url":"https:\/\/sindromecharge.es\/wp-content\/uploads\/2013\/09\/logodecharge300x98.png","type":"image\/png"}],"author":"Charge","twitter_card":"summary_large_image","twitter_creator":"@sindromecharge","twitter_site":"@sindromecharge","twitter_misc":{"Escrito por":"Charge","Tiempo de lectura":"7 minutos"},"schema":{"@context":"https:\/\/schema.org","@graph":[{"@type":"Article","@id":"https:\/\/sindromecharge.es\/index.php\/2025\/02\/13\/gobierno-reconocera-automaticamente-33-discapacidad-todas-personas-dependientes\/#article","isPartOf":{"@id":"https:\/\/sindromecharge.es\/index.php\/2025\/02\/13\/gobierno-reconocera-automaticamente-33-discapacidad-todas-personas-dependientes\/"},"author":{"name":"Charge","@id":"https:\/\/sindromecharge.es\/#\/schema\/person\/39a60ebe0a2b4d5a11179701e336b039"},"headline":"El Gobierno reconocer\u00e1 autom\u00e1ticamente el 33% de discapacidad a todas las personas dependientes","datePublished":"2025-02-13T15:29:29+00:00","mainEntityOfPage":{"@id":"https:\/\/sindromecharge.es\/index.php\/2025\/02\/13\/gobierno-reconocera-automaticamente-33-discapacidad-todas-personas-dependientes\/"},"wordCount":1402,"articleSection":["noticias"],"inLanguage":"es"},{"@type":"WebPage","@id":"https:\/\/sindromecharge.es\/index.php\/2025\/02\/13\/gobierno-reconocera-automaticamente-33-discapacidad-todas-personas-dependientes\/","url":"https:\/\/sindromecharge.es\/index.php\/2025\/02\/13\/gobierno-reconocera-automaticamente-33-discapacidad-todas-personas-dependientes\/","name":"El Gobierno reconocer\u00e1 autom\u00e1ticamente el 33% de discapacidad a todas las personas dependientes - Asociaci\u00f3n Espa\u00f1ola S\u00edndrome de Charge","isPartOf":{"@id":"https:\/\/sindromecharge.es\/#website"},"datePublished":"2025-02-13T15:29:29+00:00","author":{"@id":"https:\/\/sindromecharge.es\/#\/schema\/person\/39a60ebe0a2b4d5a11179701e336b039"},"breadcrumb":{"@id":"https:\/\/sindromecharge.es\/index.php\/2025\/02\/13\/gobierno-reconocera-automaticamente-33-discapacidad-todas-personas-dependientes\/#breadcrumb"},"inLanguage":"es","potentialAction":[{"@type":"ReadAction","target":["https:\/\/sindromecharge.es\/index.php\/2025\/02\/13\/gobierno-reconocera-automaticamente-33-discapacidad-todas-personas-dependientes\/"]}]},{"@type":"BreadcrumbList","@id":"https:\/\/sindromecharge.es\/index.php\/2025\/02\/13\/gobierno-reconocera-automaticamente-33-discapacidad-todas-personas-dependientes\/#breadcrumb","itemListElement":[{"@type":"ListItem","position":1,"name":"Portada","item":"https:\/\/sindromecharge.es\/"},{"@type":"ListItem","position":2,"name":"El Gobierno reconocer\u00e1 autom\u00e1ticamente el 33% de discapacidad a todas las personas dependientes"}]},{"@type":"WebSite","@id":"https:\/\/sindromecharge.es\/#website","url":"https:\/\/sindromecharge.es\/","name":"Asociaci\u00f3n Espa\u00f1ola S\u00edndrome de Charge","description":"","potentialAction":[{"@type":"SearchAction","target":{"@type":"EntryPoint","urlTemplate":"https:\/\/sindromecharge.es\/?s={search_term_string}"},"query-input":{"@type":"PropertyValueSpecification","valueRequired":true,"valueName":"search_term_string"}}],"inLanguage":"es"},{"@type":"Person","@id":"https:\/\/sindromecharge.es\/#\/schema\/person\/39a60ebe0a2b4d5a11179701e336b039","name":"Charge","image":{"@type":"ImageObject","inLanguage":"es","@id":"https:\/\/secure.gravatar.com\/avatar\/c3b46e32a0fc3b093a0873fb767bf3293de856293065e84ef06b7ec7a8acfb98?s=96&d=identicon&r=x","url":"https:\/\/secure.gravatar.com\/avatar\/c3b46e32a0fc3b093a0873fb767bf3293de856293065e84ef06b7ec7a8acfb98?s=96&d=identicon&r=x","contentUrl":"https:\/\/secure.gravatar.com\/avatar\/c3b46e32a0fc3b093a0873fb767bf3293de856293065e84ef06b7ec7a8acfb98?s=96&d=identicon&r=x","caption":"Charge"},"url":"https:\/\/sindromecharge.es\/index.php\/author\/admin\/"}]}},"_links":{"self":[{"href":"https:\/\/sindromecharge.es\/index.php\/wp-json\/wp\/v2\/posts\/10833","targetHints":{"allow":["GET"]}}],"collection":[{"href":"https:\/\/sindromecharge.es\/index.php\/wp-json\/wp\/v2\/posts"}],"about":[{"href":"https:\/\/sindromecharge.es\/index.php\/wp-json\/wp\/v2\/types\/post"}],"author":[{"embeddable":true,"href":"https:\/\/sindromecharge.es\/index.php\/wp-json\/wp\/v2\/users\/1"}],"replies":[{"embeddable":true,"href":"https:\/\/sindromecharge.es\/index.php\/wp-json\/wp\/v2\/comments?post=10833"}],"version-history":[{"count":0,"href":"https:\/\/sindromecharge.es\/index.php\/wp-json\/wp\/v2\/posts\/10833\/revisions"}],"wp:attachment":[{"href":"https:\/\/sindromecharge.es\/index.php\/wp-json\/wp\/v2\/media?parent=10833"}],"wp:term":[{"taxonomy":"category","embeddable":true,"href":"https:\/\/sindromecharge.es\/index.php\/wp-json\/wp\/v2\/categories?post=10833"},{"taxonomy":"post_tag","embeddable":true,"href":"https:\/\/sindromecharge.es\/index.php\/wp-json\/wp\/v2\/tags?post=10833"}],"curies":[{"name":"wp","href":"https:\/\/api.w.org\/{rel}","templated":true}]}}