{"id":10832,"date":"2025-02-13T11:37:50","date_gmt":"2025-02-13T11:37:50","guid":{"rendered":"https:\/\/sindromecharge.es\/index.php\/2025\/02\/13\/asi-ve-mundo-asociativo-anteproyecto-ley-que-reformas-las-leyes-discapacidad-dependencia\/"},"modified":"2025-02-13T11:37:50","modified_gmt":"2025-02-13T11:37:50","slug":"asi-ve-mundo-asociativo-anteproyecto-ley-que-reformas-las-leyes-discapacidad-dependencia","status":"publish","type":"post","link":"https:\/\/sindromecharge.es\/index.php\/2025\/02\/13\/asi-ve-mundo-asociativo-anteproyecto-ley-que-reformas-las-leyes-discapacidad-dependencia\/","title":{"rendered":"La dotaci\u00f3n presupuestaria, la gran duda del mundo asociativo ante las reformas de la discapacidad y la dependencia"},"content":{"rendered":"<p>Leemos en Discapacidad la siguiente noticia que os reproducimos de forma \u00edntegra: <\/p>\n<div>\n<p>Tras meses de espera, ya ha llegado al <a href=\"https:\/\/www.20minutos.es\/minuteca\/consejo-de-ministros\/\" title=\"Consejo de Ministros\" target=\"_blank\">Consejo de ministros<\/a> el anteproyecto de ley que modifica<b> dos leyes que afectan de manera muy directa a las personas con discapacidad<\/b>: la propia <b>Ley General de los Derechos de las Personas con <a href=\"https:\/\/www.20minutos.es\/minuteca\/discapacidad\/\" title=\"Discapacidad\" target=\"_blank\">Discapacidad<\/a><\/b> y su Inclusi\u00f3n Social y la Ley de Autonom\u00eda Personal y Atenci\u00f3n a la<b><a href=\"https:\/\/www.20minutos.es\/minuteca\/ley-de-dependencia\/\" title=\"Ley de Dependencia\" target=\"_blank\"> Dependencia<\/a><\/b>. Ambas reformas, de salir adelante, tendr\u00e1n un impacto directo en la vida de los m\u00e1s de cuatro millones de personas que conviven con alg\u00fan tipo de discapacidad.<\/p>\n<p>Entre las novedades m\u00e1s interesantes, la <b>eliminaci\u00f3n de incompatibilidades en dependencia<\/b>, la oferta de nuevos servicios como la teleasistencia o la <b>asistencia personal<\/b>, la prohibici\u00f3n de la discriminaci\u00f3n en los seguros o el fomento de la <b>accesibilidad universal<\/b>, entre otros. Aunque habr\u00e1 que esperar, por un lado, a que se apruebe en el <a href=\"https:\/\/www.20minutos.es\/minuteca\/congreso-de-los-diputados\/\" title=\"Congreso de los Diputados\">Congreso de los diputados<\/a> y, por otro, a que se materialice en medidas concretas y, sobre todo, a que cuente con el presupuesto necesario para hacerlo.<\/p>\n<p>De momento, y a la espera de ver c\u00f3mo se desarrollen los acontecimientos pol\u00edticos,<b> los principales representantes del mundo asociativo de la discapacidad<\/b> han dado la bienvenido a unas reformas que llevaban reclamando a\u00f1os, pero exigen a los responsables pol\u00edticos que no se quede solo en una declaraci\u00f3n de intenciones. Estas son sus reacciones a lo que sabemos del anteproyecto de ley. <\/p>\n<h2>Carmen Laucirica, presidenta de Plena Inclusi\u00f3n: \u00abEste anteproyecto demanda una inversi\u00f3n suficiente\u00bb<\/h2>\n<p>Desde <b>Plena Inclusi\u00f3n Espa\u00f1a<\/b>, valoran positivamente la llegada del anteproyecto, pues lo consideran una \u00aboportunidad de redirigir el sistema de dependencia hacia las personas vulnerables, sus familias y comunidades\u00bb, una reforma legal que, en palabras de su presidenta, Carmen Laucirica, \u00ab<b>demanda de una inversi\u00f3n suficiente<\/b>, en los pr\u00f3ximos 10 a\u00f1os, que sostenga un plan que haga realidad el cuarto pilar del Estado del bienestar\u00bb.<\/p>\n<p>Por eso, su principal reivindicaci\u00f3n, adem\u00e1s de los recursos suficientes para llevarla a cabo, es<b> que llegue a las personas que la necesitan<\/b>, y eso solo se lograr\u00e1 si se consigue \u00absuperando los retrasos que se dan en las <b>listas de espera <\/b>y asegurando la <b>sostenibilidad<\/b> del sistema de dependencia en toda Espa\u00f1a para as\u00ed garantizar unos niveles de cobertura similares, para todas las personas, y que no dependan de la comunidad aut\u00f3noma en la que residan\u00bb.<\/p>\n<p>Por otro lado, valoran muy positivamente que esta norma proponga desterrar la mala pr\u00e1ctica de<b> traslados no consentidos de personas<\/b> con <a href=\"https:\/\/www.20minutos.es\/minuteca\/discapacidad-intelectual\/\" title=\"Discapacidad intelectual\" target=\"_blank\">discapacidad intelectual<\/a> y del desarrollo a residencias para personas mayores de 65 a\u00f1os, \u00abse trata de un modo de actuar poco respetuoso, as\u00ed como de una pr\u00e1ctica inhumana, al decidir el futuro de las personas sin preguntarles antes si est\u00e1n o no de acuerdo\u00bb, explica Tom\u00e1s A. Sancho, presidente de Plena Inclusi\u00f3n Madrid y miembro de la Junta Directiva de Plena inclusi\u00f3n Espa\u00f1a.<\/p>\n<h2>Ana Terr\u00f3n, delegada de Asuntos P\u00fablicos de Autismo Espa\u00f1a: \u00abEs necesario que tenga en cuenta sus necesidades reales y espec\u00edficas\u00bb<\/h2>\n<p>Desde <b>Autismo Espa\u00f1a<\/b> tambi\u00e9n celebran que estas esperadas reformas est\u00e9n m\u00e1s cerca, \u00abes una imperante necesidad que se ven\u00eda reclamando desde hace bastante tiempo, como elemento vertebral de un sistema de cuidados integral\u00bb, asegura Ana Terr\u00f3n, delegada de Asuntos P\u00fablicos de la confederaci\u00f3n. En este sentido, consideran que la reforma es un avance, pero creen necesario que esta reforma <b>vaya acompa\u00f1ada de financiaci\u00f3n y propuesta econ\u00f3mica<\/b>, as\u00ed como que incorpore de verdad la figura del asistente personal, \u00abreclamamos que sea m\u00e1s ambiciosa y que profundice de manera m\u00e1s decidida en la promoci\u00f3n de la autonom\u00eda personal. En ese sentido, es necesario que se desarrolle una figura que consideramos central para garantizar un proyecto de vida independiente y la comunidad, que garantice la conciliaci\u00f3n familiar en el caso de las personas con mayores necesidades de apoyo, hablamos de <b>la asistencia personal\u00bb<\/b>, a\u00f1aden.<\/p>\n<p>Por otra parte, y en l\u00ednea con el desarrollo de un proyecto de vida independiente, esperan tambi\u00e9n que garantice <b>que las personas con <a href=\"https:\/\/www.20minutos.es\/minuteca\/autismo\/\" title=\"Autismo\" target=\"_blank\">autismo<\/a> elijan la vida que quieran vivir<\/b>, \u00abnos parece elemental que se incorpore la <b>capacidad jur\u00eddica<\/b> en la reforma legislativa como eje estructural\u00bb, insisten.<\/p>\n<p>En definitiva, consideran que para que esta, o cualquier reforma que afecte de manera directa a las personas con autismo, tenga en cuenta sus especificidades, \u00abno se deber\u00eda dejar atr\u00e1s su derecho a la autonom\u00eda personal\u00bb, y para ello, \u00abes necesario que tenga en cuenta sus necesidades reales y espec\u00edficas, promoviendo en primer lugar<b>, que tengan acceso equitativo y efectivo a las prestaciones y servicios <\/b>y que estos se adapten para poder ofrecer los apoyos flexibles y especializados que el colectivo necesita. Un colectivo que, recordemos, representa a aproximadamente a 1 de cada 100 y con una prevalencia en aumento\u00bb. <\/p>\n<h2>Daniel-An\u00edbal Garc\u00eda Diego, secretario de finanzas de COCEMFE: \u00abSi todo no va acompa\u00f1ado de  presupuestos, va a quedar muy descafeinado\u00bb<\/h2>\n<p>Desde <b>COCEMFE<\/b> -Confederaci\u00f3n de Personas con <b>Discapacidad F\u00edsica y Org\u00e1nica<\/b> -est\u00e1n esperando a hacer una lectura m\u00e1s pormenorizada del texto para hilar m\u00e1s fino y hacer alegaciones cuando corresponda, pero quieren destacar dos cosas: que<b> &#8216;a priori&#8217; su opini\u00f3n es positiva y que hay que ser cautos<\/b>, pues es caso de que este texto, o este texto tras algunas modificaciones, se aprobara, a\u00fan falta para que sea una realidad, \u00able queda mucho recorrido, y eso no es malo, porque<b> pensamos que hay cosas que se pueden mejorar<\/b> y que dejaremos constan en nuestras alegaciones\u00bb, responde <b>Daniel-An\u00edbal Garc\u00eda Diego, secretario de finanzas<\/b> de la entidad.<\/p>\n<p>Para empezar, desde COCEMFE esperan que se concreten algunos puntos, pues hay cosas que no queda demasiado claras, como el tema de la <b>asistencia personal<\/b>, \u00aben la <b>Dependencia<\/b>, pasa de ser prestaci\u00f3n a servicio de cat\u00e1logo, al igual que la figura de atenci\u00f3n comunitaria en el entorno\u2026 pero queremos que quede bien concretada y reflejada porque, sobre todo la del asistente, es una figura imprescindible para las personas con <b>discapacidad f\u00edsica<\/b> y grandes necesidades de apoyo\u00bb.<\/p>\n<p>Otras, como la del <b>pr\u00e9stamo de productos de apoyo no lo acaban de ver<\/b>, \u00abdesde COCEMFE queremos dejar claro que hay cosas, muchos productos que deben ser de una persona, que cada persona tiene que tener el suyo, a no ser que sean art\u00edculos de muy corto uso\u00bb.<\/p>\n<p>Entre las medidas que aplauden sin duda, la <b>modificaci\u00f3n de la propiedad horizontal<\/b> para que los entornos comunitarios sean m\u00e1s accesibles o la creaci\u00f3n de un <b>registro de tarjetas de aparcamiento<\/b>, \u00abes una de nuestras demandas hist\u00f3ricas, porque creemos que es indispensable para evitar el mal uso\u00bb, se\u00f1ala.<\/p>\n<p>Adem\u00e1s, creen que los <b>centros especiales de empleo <\/b>deber\u00edan contar con al menos un 50% de personas con discapacidad en lugar del 70%, como se propone en el anteproyecto, y les gustar\u00eda que se especificara m\u00e1s qu\u00e9 es una empresa de car\u00e1cter social.<\/p>\n<p>Adem\u00e1s, como el resto de las entidades, quieren insistir en la <b>necesidad de garantizar una financiaci\u00f3n suficiente<\/b> para que todo lo que se plantea se materialice en derechos, \u00absi todo esto no va acompa\u00f1ado de trasferencias crediticias a las comunidades aut\u00f3nomas o las CCAA no invierten de sus presupuestos, va a quedar muy descafeinado. Dicho esto, la conclusi\u00f3n ser\u00eda que estamos esperanzados, pero somos cautos\u00bb, concluye.<\/p>\n<h2>Confederaci\u00f3n Aspace: \u00abLa viabilidad del sistema depende de un modelo de financiaci\u00f3n estable y suficiente\u00bb<\/h2>\n<p><b>Confederaci\u00f3n ASPACE <\/b>considera que la aprobaci\u00f3n de este anteproyecto de ley supone \u00abun paso significativo para mejorar el acceso a los apoyos que requieren las personas con <a href=\"https:\/\/www.20minutos.es\/minuteca\/paralisis-cerebral\/\" title=\"Par\u00e1lisis cerebral\" target=\"_blank\">par\u00e1lisis cerebral<\/a>\u00ab. Sin embargo, creen que, como han reivindicado en reiteradas ocasiones, \u00abes fundamental que las personas <b>con grandes necesidades de apoyo <\/b>cuenten con garant\u00edas espec\u00edficas dentro del sistema de atenci\u00f3n a la dependencia, as\u00ed como medidas concretas que aseguren la provisi\u00f3n de apoyos adecuados y personalizados para el colectivo\u00bb.<\/p>\n<p>Otra de las preocupaciones que muestran, y que es una constante en todas las entidades, es <b>el tema de la financiaci\u00f3n<\/b>, pues consideran que hay una \u00abfalta de garant\u00eda de sostenibilidad y financiaci\u00f3n adecuada, una falta de dotaci\u00f3n presupuestaria suficiente que podr\u00eda comprometer el acceso real de las personas con discapacidad a los apoyos que necesitan\u00bb.<\/p>\n<p>En este sentido, la entidad considera que \u00abla viabilidad del sistema de atenci\u00f3n social y asistencial<b> depende de un modelo de financiaci\u00f3n estable y suficiente<\/b> que permita ofrecer servicios de calidad sin poner en riesgo la continuidad de las entidades prestadoras, que mayoritariamente pertenecen al movimiento asociativo de la discapacidad\u00bb.<\/p>\n<p>Por otro lado, ASPACE aplaude la mejora de la<a href=\"https:\/\/www.20minutos.es\/minuteca\/accesibilidad\/\" title=\"Accesibilidad\" target=\"_blank\"> accesibilidad<\/a> en la vivienda y el reconocimiento de la <b>asistencia personal<\/b> dentro del cat\u00e1logo de servicios, as\u00ed como la eliminaci\u00f3n de las incompatibilidades, \u00abestas medidas suponen un avance hacia un modelo m\u00e1s flexible y adaptado a las necesidades de las personas con par\u00e1lisis cerebral y responden a una demanda hist\u00f3rica del Movimiento ASPACE\u00bb, aseguran.<\/p>\n<p>Desde la entidad insisten, adem\u00e1s, en que es imprescindible que las leyes de dependencia y discapacidad <b>garanticen la igualdad territorial <\/b>en el acceso a prestaciones y servicios y hace un llamamiento a que, durante la tramitaci\u00f3n del anteproyecto, \u00abse incorporen<b> mejoras que garanticen la equidad en el acceso <\/b>a los apoyos y se refuercen los mecanismos de <a href=\"https:\/\/www.20minutos.es\/minuteca\/inclusion\/\" title=\"Inclusi\u00f3n\" target=\"_blank\">inclusi\u00f3n<\/a> para las personas con mayores necesidades de apoyo\u00bb. <\/p>\n<\/div>\n<p>Fuente: Discapacidad https:\/\/www.20minutos.es\/noticia\/5681722\/0\/asi-ve-mundo-asociativo-anteproyecto-ley-que-reformas-las-leyes-discapacidad-dependencia\/<\/p>\n","protected":false},"excerpt":{"rendered":"<p>Tras meses de espera, ya ha llegado al Consejo de ministros el anteproyecto de ley que modifica dos leyes que afectan de manera muy directa a las personas con&#8230;<\/p>\n","protected":false},"author":1,"featured_media":0,"comment_status":"closed","ping_status":"closed","sticky":false,"template":"","format":"standard","meta":{"footnotes":""},"categories":[8],"tags":[],"class_list":["post-10832","post","type-post","status-publish","format-standard","hentry","category-noticias"],"yoast_head":"<!-- This site is optimized with the Yoast SEO plugin v27.4 - https:\/\/yoast.com\/product\/yoast-seo-wordpress\/ -->\n<title>La dotaci\u00f3n presupuestaria, la gran duda del mundo asociativo ante las reformas de la discapacidad y la dependencia - Asociaci\u00f3n Espa\u00f1ola S\u00edndrome de Charge<\/title>\n<meta name=\"robots\" content=\"index, follow, max-snippet:-1, max-image-preview:large, max-video-preview:-1\" \/>\n<link rel=\"canonical\" href=\"https:\/\/sindromecharge.es\/index.php\/2025\/02\/13\/asi-ve-mundo-asociativo-anteproyecto-ley-que-reformas-las-leyes-discapacidad-dependencia\/\" \/>\n<meta property=\"og:locale\" content=\"es_ES\" \/>\n<meta property=\"og:type\" content=\"article\" \/>\n<meta property=\"og:title\" content=\"La dotaci\u00f3n presupuestaria, la gran duda del mundo asociativo ante las reformas de la discapacidad y la dependencia - Asociaci\u00f3n Espa\u00f1ola S\u00edndrome de Charge\" \/>\n<meta property=\"og:description\" content=\"Tras meses de espera, ya ha llegado al Consejo de ministros el anteproyecto de ley que modifica dos leyes que afectan de manera muy directa a las personas con&#8230;\" \/>\n<meta property=\"og:url\" content=\"https:\/\/sindromecharge.es\/index.php\/2025\/02\/13\/asi-ve-mundo-asociativo-anteproyecto-ley-que-reformas-las-leyes-discapacidad-dependencia\/\" \/>\n<meta property=\"og:site_name\" content=\"Asociaci\u00f3n Espa\u00f1ola S\u00edndrome de Charge\" \/>\n<meta property=\"article:publisher\" content=\"https:\/\/www.facebook.com\/asociacionsindromecharge\" \/>\n<meta property=\"article:published_time\" content=\"2025-02-13T11:37:50+00:00\" \/>\n<meta property=\"og:image\" content=\"https:\/\/sindromecharge.es\/wp-content\/uploads\/2013\/09\/logodecharge300x98.png\" \/>\n\t<meta property=\"og:image:width\" content=\"300\" \/>\n\t<meta property=\"og:image:height\" content=\"98\" \/>\n\t<meta property=\"og:image:type\" content=\"image\/png\" \/>\n<meta name=\"author\" content=\"Charge\" \/>\n<meta name=\"twitter:card\" content=\"summary_large_image\" \/>\n<meta name=\"twitter:creator\" content=\"@sindromecharge\" \/>\n<meta name=\"twitter:site\" content=\"@sindromecharge\" \/>\n<meta name=\"twitter:label1\" content=\"Escrito por\" \/>\n\t<meta name=\"twitter:data1\" content=\"Charge\" \/>\n\t<meta name=\"twitter:label2\" content=\"Tiempo de lectura\" \/>\n\t<meta name=\"twitter:data2\" content=\"8 minutos\" \/>\n<script type=\"application\/ld+json\" class=\"yoast-schema-graph\">{\"@context\":\"https:\\\/\\\/schema.org\",\"@graph\":[{\"@type\":\"Article\",\"@id\":\"https:\\\/\\\/sindromecharge.es\\\/index.php\\\/2025\\\/02\\\/13\\\/asi-ve-mundo-asociativo-anteproyecto-ley-que-reformas-las-leyes-discapacidad-dependencia\\\/#article\",\"isPartOf\":{\"@id\":\"https:\\\/\\\/sindromecharge.es\\\/index.php\\\/2025\\\/02\\\/13\\\/asi-ve-mundo-asociativo-anteproyecto-ley-que-reformas-las-leyes-discapacidad-dependencia\\\/\"},\"author\":{\"name\":\"Charge\",\"@id\":\"https:\\\/\\\/sindromecharge.es\\\/#\\\/schema\\\/person\\\/39a60ebe0a2b4d5a11179701e336b039\"},\"headline\":\"La dotaci\u00f3n presupuestaria, la gran duda del mundo asociativo ante las reformas de la discapacidad y la dependencia\",\"datePublished\":\"2025-02-13T11:37:50+00:00\",\"mainEntityOfPage\":{\"@id\":\"https:\\\/\\\/sindromecharge.es\\\/index.php\\\/2025\\\/02\\\/13\\\/asi-ve-mundo-asociativo-anteproyecto-ley-que-reformas-las-leyes-discapacidad-dependencia\\\/\"},\"wordCount\":1656,\"articleSection\":[\"noticias\"],\"inLanguage\":\"es\"},{\"@type\":\"WebPage\",\"@id\":\"https:\\\/\\\/sindromecharge.es\\\/index.php\\\/2025\\\/02\\\/13\\\/asi-ve-mundo-asociativo-anteproyecto-ley-que-reformas-las-leyes-discapacidad-dependencia\\\/\",\"url\":\"https:\\\/\\\/sindromecharge.es\\\/index.php\\\/2025\\\/02\\\/13\\\/asi-ve-mundo-asociativo-anteproyecto-ley-que-reformas-las-leyes-discapacidad-dependencia\\\/\",\"name\":\"La dotaci\u00f3n presupuestaria, la gran duda del mundo asociativo ante las reformas de la discapacidad y la dependencia - Asociaci\u00f3n Espa\u00f1ola S\u00edndrome de Charge\",\"isPartOf\":{\"@id\":\"https:\\\/\\\/sindromecharge.es\\\/#website\"},\"datePublished\":\"2025-02-13T11:37:50+00:00\",\"author\":{\"@id\":\"https:\\\/\\\/sindromecharge.es\\\/#\\\/schema\\\/person\\\/39a60ebe0a2b4d5a11179701e336b039\"},\"breadcrumb\":{\"@id\":\"https:\\\/\\\/sindromecharge.es\\\/index.php\\\/2025\\\/02\\\/13\\\/asi-ve-mundo-asociativo-anteproyecto-ley-que-reformas-las-leyes-discapacidad-dependencia\\\/#breadcrumb\"},\"inLanguage\":\"es\",\"potentialAction\":[{\"@type\":\"ReadAction\",\"target\":[\"https:\\\/\\\/sindromecharge.es\\\/index.php\\\/2025\\\/02\\\/13\\\/asi-ve-mundo-asociativo-anteproyecto-ley-que-reformas-las-leyes-discapacidad-dependencia\\\/\"]}]},{\"@type\":\"BreadcrumbList\",\"@id\":\"https:\\\/\\\/sindromecharge.es\\\/index.php\\\/2025\\\/02\\\/13\\\/asi-ve-mundo-asociativo-anteproyecto-ley-que-reformas-las-leyes-discapacidad-dependencia\\\/#breadcrumb\",\"itemListElement\":[{\"@type\":\"ListItem\",\"position\":1,\"name\":\"Portada\",\"item\":\"https:\\\/\\\/sindromecharge.es\\\/\"},{\"@type\":\"ListItem\",\"position\":2,\"name\":\"La dotaci\u00f3n presupuestaria, la gran duda del mundo asociativo ante las reformas de la discapacidad y la dependencia\"}]},{\"@type\":\"WebSite\",\"@id\":\"https:\\\/\\\/sindromecharge.es\\\/#website\",\"url\":\"https:\\\/\\\/sindromecharge.es\\\/\",\"name\":\"Asociaci\u00f3n Espa\u00f1ola S\u00edndrome de Charge\",\"description\":\"\",\"potentialAction\":[{\"@type\":\"SearchAction\",\"target\":{\"@type\":\"EntryPoint\",\"urlTemplate\":\"https:\\\/\\\/sindromecharge.es\\\/?s={search_term_string}\"},\"query-input\":{\"@type\":\"PropertyValueSpecification\",\"valueRequired\":true,\"valueName\":\"search_term_string\"}}],\"inLanguage\":\"es\"},{\"@type\":\"Person\",\"@id\":\"https:\\\/\\\/sindromecharge.es\\\/#\\\/schema\\\/person\\\/39a60ebe0a2b4d5a11179701e336b039\",\"name\":\"Charge\",\"image\":{\"@type\":\"ImageObject\",\"inLanguage\":\"es\",\"@id\":\"https:\\\/\\\/secure.gravatar.com\\\/avatar\\\/c3b46e32a0fc3b093a0873fb767bf3293de856293065e84ef06b7ec7a8acfb98?s=96&d=identicon&r=x\",\"url\":\"https:\\\/\\\/secure.gravatar.com\\\/avatar\\\/c3b46e32a0fc3b093a0873fb767bf3293de856293065e84ef06b7ec7a8acfb98?s=96&d=identicon&r=x\",\"contentUrl\":\"https:\\\/\\\/secure.gravatar.com\\\/avatar\\\/c3b46e32a0fc3b093a0873fb767bf3293de856293065e84ef06b7ec7a8acfb98?s=96&d=identicon&r=x\",\"caption\":\"Charge\"},\"url\":\"https:\\\/\\\/sindromecharge.es\\\/index.php\\\/author\\\/admin\\\/\"}]}<\/script>\n<!-- \/ Yoast SEO plugin. -->","yoast_head_json":{"title":"La dotaci\u00f3n presupuestaria, la gran duda del mundo asociativo ante las reformas de la discapacidad y la dependencia - Asociaci\u00f3n Espa\u00f1ola S\u00edndrome de Charge","robots":{"index":"index","follow":"follow","max-snippet":"max-snippet:-1","max-image-preview":"max-image-preview:large","max-video-preview":"max-video-preview:-1"},"canonical":"https:\/\/sindromecharge.es\/index.php\/2025\/02\/13\/asi-ve-mundo-asociativo-anteproyecto-ley-que-reformas-las-leyes-discapacidad-dependencia\/","og_locale":"es_ES","og_type":"article","og_title":"La dotaci\u00f3n presupuestaria, la gran duda del mundo asociativo ante las reformas de la discapacidad y la dependencia - Asociaci\u00f3n Espa\u00f1ola S\u00edndrome de Charge","og_description":"Tras meses de espera, ya ha llegado al Consejo de ministros el anteproyecto de ley que modifica dos leyes que afectan de manera muy directa a las personas con&#8230;","og_url":"https:\/\/sindromecharge.es\/index.php\/2025\/02\/13\/asi-ve-mundo-asociativo-anteproyecto-ley-que-reformas-las-leyes-discapacidad-dependencia\/","og_site_name":"Asociaci\u00f3n Espa\u00f1ola S\u00edndrome de Charge","article_publisher":"https:\/\/www.facebook.com\/asociacionsindromecharge","article_published_time":"2025-02-13T11:37:50+00:00","og_image":[{"width":300,"height":98,"url":"https:\/\/sindromecharge.es\/wp-content\/uploads\/2013\/09\/logodecharge300x98.png","type":"image\/png"}],"author":"Charge","twitter_card":"summary_large_image","twitter_creator":"@sindromecharge","twitter_site":"@sindromecharge","twitter_misc":{"Escrito por":"Charge","Tiempo de lectura":"8 minutos"},"schema":{"@context":"https:\/\/schema.org","@graph":[{"@type":"Article","@id":"https:\/\/sindromecharge.es\/index.php\/2025\/02\/13\/asi-ve-mundo-asociativo-anteproyecto-ley-que-reformas-las-leyes-discapacidad-dependencia\/#article","isPartOf":{"@id":"https:\/\/sindromecharge.es\/index.php\/2025\/02\/13\/asi-ve-mundo-asociativo-anteproyecto-ley-que-reformas-las-leyes-discapacidad-dependencia\/"},"author":{"name":"Charge","@id":"https:\/\/sindromecharge.es\/#\/schema\/person\/39a60ebe0a2b4d5a11179701e336b039"},"headline":"La dotaci\u00f3n presupuestaria, la gran duda del mundo asociativo ante las reformas de la discapacidad y la dependencia","datePublished":"2025-02-13T11:37:50+00:00","mainEntityOfPage":{"@id":"https:\/\/sindromecharge.es\/index.php\/2025\/02\/13\/asi-ve-mundo-asociativo-anteproyecto-ley-que-reformas-las-leyes-discapacidad-dependencia\/"},"wordCount":1656,"articleSection":["noticias"],"inLanguage":"es"},{"@type":"WebPage","@id":"https:\/\/sindromecharge.es\/index.php\/2025\/02\/13\/asi-ve-mundo-asociativo-anteproyecto-ley-que-reformas-las-leyes-discapacidad-dependencia\/","url":"https:\/\/sindromecharge.es\/index.php\/2025\/02\/13\/asi-ve-mundo-asociativo-anteproyecto-ley-que-reformas-las-leyes-discapacidad-dependencia\/","name":"La dotaci\u00f3n presupuestaria, la gran duda del mundo asociativo ante las reformas de la discapacidad y la dependencia - Asociaci\u00f3n Espa\u00f1ola S\u00edndrome de Charge","isPartOf":{"@id":"https:\/\/sindromecharge.es\/#website"},"datePublished":"2025-02-13T11:37:50+00:00","author":{"@id":"https:\/\/sindromecharge.es\/#\/schema\/person\/39a60ebe0a2b4d5a11179701e336b039"},"breadcrumb":{"@id":"https:\/\/sindromecharge.es\/index.php\/2025\/02\/13\/asi-ve-mundo-asociativo-anteproyecto-ley-que-reformas-las-leyes-discapacidad-dependencia\/#breadcrumb"},"inLanguage":"es","potentialAction":[{"@type":"ReadAction","target":["https:\/\/sindromecharge.es\/index.php\/2025\/02\/13\/asi-ve-mundo-asociativo-anteproyecto-ley-que-reformas-las-leyes-discapacidad-dependencia\/"]}]},{"@type":"BreadcrumbList","@id":"https:\/\/sindromecharge.es\/index.php\/2025\/02\/13\/asi-ve-mundo-asociativo-anteproyecto-ley-que-reformas-las-leyes-discapacidad-dependencia\/#breadcrumb","itemListElement":[{"@type":"ListItem","position":1,"name":"Portada","item":"https:\/\/sindromecharge.es\/"},{"@type":"ListItem","position":2,"name":"La dotaci\u00f3n presupuestaria, la gran duda del mundo asociativo ante las reformas de la discapacidad y la dependencia"}]},{"@type":"WebSite","@id":"https:\/\/sindromecharge.es\/#website","url":"https:\/\/sindromecharge.es\/","name":"Asociaci\u00f3n Espa\u00f1ola S\u00edndrome de Charge","description":"","potentialAction":[{"@type":"SearchAction","target":{"@type":"EntryPoint","urlTemplate":"https:\/\/sindromecharge.es\/?s={search_term_string}"},"query-input":{"@type":"PropertyValueSpecification","valueRequired":true,"valueName":"search_term_string"}}],"inLanguage":"es"},{"@type":"Person","@id":"https:\/\/sindromecharge.es\/#\/schema\/person\/39a60ebe0a2b4d5a11179701e336b039","name":"Charge","image":{"@type":"ImageObject","inLanguage":"es","@id":"https:\/\/secure.gravatar.com\/avatar\/c3b46e32a0fc3b093a0873fb767bf3293de856293065e84ef06b7ec7a8acfb98?s=96&d=identicon&r=x","url":"https:\/\/secure.gravatar.com\/avatar\/c3b46e32a0fc3b093a0873fb767bf3293de856293065e84ef06b7ec7a8acfb98?s=96&d=identicon&r=x","contentUrl":"https:\/\/secure.gravatar.com\/avatar\/c3b46e32a0fc3b093a0873fb767bf3293de856293065e84ef06b7ec7a8acfb98?s=96&d=identicon&r=x","caption":"Charge"},"url":"https:\/\/sindromecharge.es\/index.php\/author\/admin\/"}]}},"_links":{"self":[{"href":"https:\/\/sindromecharge.es\/index.php\/wp-json\/wp\/v2\/posts\/10832","targetHints":{"allow":["GET"]}}],"collection":[{"href":"https:\/\/sindromecharge.es\/index.php\/wp-json\/wp\/v2\/posts"}],"about":[{"href":"https:\/\/sindromecharge.es\/index.php\/wp-json\/wp\/v2\/types\/post"}],"author":[{"embeddable":true,"href":"https:\/\/sindromecharge.es\/index.php\/wp-json\/wp\/v2\/users\/1"}],"replies":[{"embeddable":true,"href":"https:\/\/sindromecharge.es\/index.php\/wp-json\/wp\/v2\/comments?post=10832"}],"version-history":[{"count":0,"href":"https:\/\/sindromecharge.es\/index.php\/wp-json\/wp\/v2\/posts\/10832\/revisions"}],"wp:attachment":[{"href":"https:\/\/sindromecharge.es\/index.php\/wp-json\/wp\/v2\/media?parent=10832"}],"wp:term":[{"taxonomy":"category","embeddable":true,"href":"https:\/\/sindromecharge.es\/index.php\/wp-json\/wp\/v2\/categories?post=10832"},{"taxonomy":"post_tag","embeddable":true,"href":"https:\/\/sindromecharge.es\/index.php\/wp-json\/wp\/v2\/tags?post=10832"}],"curies":[{"name":"wp","href":"https:\/\/api.w.org\/{rel}","templated":true}]}}