{"id":10831,"date":"2025-02-13T06:31:46","date_gmt":"2025-02-13T06:31:46","guid":{"rendered":"https:\/\/sindromecharge.es\/index.php\/2025\/02\/13\/no-estas-acuerdo-con-tu-porcentaje-discapacidad-asi-puedes-reclamar-es-recomendable-ir-mano-un-abogado\/"},"modified":"2025-02-13T06:31:46","modified_gmt":"2025-02-13T06:31:46","slug":"no-estas-acuerdo-con-tu-porcentaje-discapacidad-asi-puedes-reclamar-es-recomendable-ir-mano-un-abogado","status":"publish","type":"post","link":"https:\/\/sindromecharge.es\/index.php\/2025\/02\/13\/no-estas-acuerdo-con-tu-porcentaje-discapacidad-asi-puedes-reclamar-es-recomendable-ir-mano-un-abogado\/","title":{"rendered":"C\u00f3mo reclamar el porcentaje de discapacidad: \u00abEs recomendable ir de la mano de un abogado\u00bb"},"content":{"rendered":"<p>Leemos en Discapacidad la siguiente noticia que os reproducimos de forma \u00edntegra: <\/p>\n<div>\n<p>Si acaba de llegarte la <b>resoluci\u00f3n del grado de<a href=\"https:\/\/www.20minutos.es\/minuteca\/discapacidad\/\" title=\"Discapacidad\" target=\"_blank\"> discapacidad<\/a><\/b>, ya sea porque la has revisado o porque has sido evaluado por primera vez, y no est\u00e1s conforme con el porcentaje que se te ha concedido, puedes <b>impugnar la resoluci\u00f3n<\/b>, e incluso reclamar por la v\u00eda judicial si es necesario.<\/p>\n<p>Se trata de un proceso que puede llegar a ser complejo, por eso, desde Fidelitis, abogados especialistas en temas relacionado con la discapacidad, recomiendan<b> que se haga de la mano de un abogado <\/b>desde el principio.<\/p>\n<p>El motivo es que, aunque en los primeros pasos no es obligatorio, hacer bien el proceso <b>requiere tanto de conocimientos jur\u00eddicos como de los nuevos baremos<\/b> con los que se eval\u00faa la discapacidad, algo que es poco usual apura un ciudadano de a pie. De hecho, precisamente para ahorrarse reclamaciones, Lorenzo P\u00e9rez, presidente de Fidelitis, recomienda que \u00abno solamente acudir a un abogado cuando haya que reclamar, sino incluso desde el inicio de la solicitud\u00bb. <\/p>\n<p>Ir de la mano de un abogado har\u00e1 m\u00e1s f\u00e1cil y justo el proceso desde el inicio, \u00abla gente en la solicitud de la valoraci\u00f3n o la revisi\u00f3n del grado de discapacidad mete todo el que el taco de informes que tiene, sin filtrar, y <b>hay muchos informes que le pueden perjudicar<\/b> por palabras, por frases, por interpretaciones ambiguas\u2026 con lo cual hay que tratar de depurar ese taco de informes que se meten\u00bb, explica P\u00e9rez.<\/p>\n<p>Adem\u00e1s, hay que ir preparado a las entrevistas, que, generalmente, las lleva a cabo un m\u00e9dico, un psic\u00f3logo y un trabajador social, \u00abhay veces que hacen preguntas ambiguas, interpretables o que, dependiendo de la respuesta, <b>pueden perjudicar a la decisi\u00f3n a la hora de la valoraci\u00f3n\u00bb.<\/b> <\/p>\n<p>Adem\u00e1s, asegura que, los nuevos baremos introducidos por el <b>Real Decreto 888\/2022<\/b>, debido a una falta de formaci\u00f3n que a\u00fan existe entre los evaluadores, no se aplican correctamente, lo que provoca que se est\u00e9n reduciendo en muchos casos los porcentajes de manera injusta, \u00ablos nuevos baremos, que est\u00e1n dise\u00f1ados para subir el porcentaje a aquellas personas a las que les afecten m\u00e1s los aspectos psicosociales de sus enfermedades, no se est\u00e1 interpretando correctamente, de forma que <b>est\u00e1n rebajando una barbaridad el grado de discapacidad<\/b>, es decir, que est\u00e1n produciendo el efecto contrario. Resumiendo, nos encontramos con tres problemas: que se hace mal la solicitud, que se pasan mal las entrevistas y que la administraci\u00f3n est\u00e1 aplicando mal los nuevos baremos\u00bb. <\/p>\n<h1>Los nuevos baremos, dise\u00f1ados para subir el porcentaje a aquellas personas a las que les afecten los aspectos psicosociales de sus enfermedades, est\u00e1n produciendo el efecto contrario<\/h1>\n<h2>Paso 1: Reclamaci\u00f3n previa<\/h2>\n<p>Los problemas antes mencionados est\u00e1n provocando que haya<b> muchas m\u00e1s personas que tengan que reclamar<\/b>, ya sea por una revisi\u00f3n que ha rebajado su porcentaje anterior o por un porcentaje ya muy bajo desde la primera avaluaci\u00f3n de su discapacidad.<\/p>\n<p>Si esto ocurre, hay que hacer una <b>reclamaci\u00f3n, previa a la judicial, dentro de los 30 d\u00edas h\u00e1biles posteriores<\/b>, contados a partir del d\u00eda siguiente al de la notificaci\u00f3n.<\/p>\n<p>En dicha reclamaci\u00f3n, se debe, adem\u00e1s de incluir los informes m\u00e9dicos correspondientes, redactar un texto demostrando o <b>justificando por qu\u00e9 crees que han aplicado mal el baremo<\/b> para evaluarte y te han concedido menos porcentaje del que te corresponder\u00eda. Por esto, aunque este paso se puede hacer sin necesidad de acudir a un abogado, Lorenzo P\u00e9rez s\u00ed lo recomienda \u00abhay que hacer ver a la administraci\u00f3n porque se ha equivocado en la aplicaci\u00f3n de los baremos, y suele dar bastante buen resultado si se explica razonadamente y de forma jur\u00eddica c\u00f3mo se debe aplicar el Real Decreto.<b> El problema es que el Real Decreto no es f\u00e1cil de interpretar, ni siquiera para los abogados<\/b>, as\u00ed que imag\u00ednate para que un ciudadano de a pie argumente jur\u00eddicamente por qu\u00e9 se le han aplicado mal el baremo\u00bb. <\/p>\n<p>Despu\u00e9s de presentar esta reclamaci\u00f3n, pueden ocurrir tres cosas: que la administraci\u00f3n nos conteste d\u00e1ndonos la raz\u00f3n y corrigiendo nuestro porcentaje de discapacidad, que nos conteste rechaz\u00e1ndolo o que no <b>conteste antes de 45 d\u00edas<\/b>.<\/p>\n<h2>Paso 2: demanda judicial<\/h2>\n<p>Si no nos da la raz\u00f3n o no pronuncia antes de estos 45 d\u00edas, se entender\u00e1 denegado el recurso por silencio administrativo, y ya podemos acudir a la v\u00eda judicial interponiendo una demanda. Para este proceso<b> s\u00ed es obligatorio acudir a un abogado<\/b>, algo que implica meterse de lleno en un proceso judicial con los correspondientes gastos, lo que hace que m\u00e1s de 70% de las personas opten por no seguir con el proceso, \u00ab<b>no van en parte por desconocimiento, y en parte por dinero<\/b>, porque tienen que pagar por adelantado honorarios de un abogado. En nuestro caso, no porque solo cobramos si ganamos, pero la mayor parte de los abogados cobran una provisi\u00f3n de fondos como m\u00ednimo\u00bb. <\/p>\n<p>Una vez iniciado el proceso, hay que <b>acudir a la v\u00eda judicial y defenderlo a los tribunales<\/b>, en primer lugar \u00aben primera instancia, en los TSJ en los juzgados de lo social, pero se puede llegar al Supremo si hace falta\u00bb. <\/p>\n<p>Una vez llegado hasta aqu\u00ed, Lorenzo P\u00e9rez, tambi\u00e9n<b> aconseja llevar un perrito <\/b>que explique al juez c\u00f3mo se deben interpretar los baremos, \u00abporque los jueces tampoco saben c\u00f3mo se tienen que interpretar. Ayuda mucho a que el proceso d\u00e9 buenos resultados\u00bb, reconoce.<\/p>\n<h1>M\u00e1s de 70% de las personas optan por no seguir con el proceso ni ir a los tribunales, \u00abpor desconocimiento y por dinero\u00bb<\/h1>\n<h2>\u00bfCu\u00e1ndo es recomendable llegar a los tribunales?<\/h2>\n<p>Lorenzo P\u00e9rez, antes de aconsejar a sus clientes que emprendan esta v\u00eda, les recomienda <b>hacer un estudio de viabilidad previo<\/b>, \u00abla mayor parte de los datos que se plantean en los baremos son tangibles, es decir, <b>se pueden medir<\/b>, as\u00ed que es f\u00e1cil hacer un c\u00e1lculo, comprobar si se han aplicado bien y qu\u00e9 porcentaje nos corresponder\u00eda de haberse aplicado bien\u00bb.<\/p>\n<p>Si efectivamente,<b> se comprueba que los baremos est\u00e1n mal aplicados<\/b>, tambi\u00e9n plantea a los clientes si merece la pena ir a juicio, \u00aben el caso de la discapacidad, hay que hacer dos an\u00e1lisis. <b>Uno de viabilidad puro y duro<\/b>, es decir, es viable que pongamos la demanda y se nos reconozca un porcentaje mayor. Y <b>otro de idoneidad<\/b>, es decir, si ese grado que me van a conceder, supuestamente superior, me vale para algo m\u00e1s de lo que te ya tengo\u00bb. <\/p>\n<p>Y es que, en muchos casos, subir unos puntos no genera m\u00e1s derechos, \u00abcuando es pasar del 32 al 33, obviamente s\u00ed, pero pasar del 33 al 44, por ejemplo, no vale para nada, y hay que dec\u00edrselo al cliente. Hay otros puntos de corte que s\u00ed son muy interesantes. El 45%, que te da derecho a la jubilaci\u00f3n anticipada por coeficientes reductores, el 65%, que te ampl\u00eda los beneficios, ventajas fiscales entre otras cosas o el 75% que te complementa la pensi\u00f3n no contributiva\u00bb, recuerda, \u00ab<b>por eso hay que plantearle el cliente, no solo si quiere subir ese porcentaje, sino para qu\u00e9<\/b>\u00ab. <\/p>\n<p>Hay gente que dice que simplemente<b> quiere lo que le corresponde<\/b>, pero <b>lo habitual es que se reclame para algo en concreto<\/b>, por lo que \u00abhay que valorar si merece o no la pena pleitear\u00bb. <\/p>\n<\/div>\n<p>Fuente: Discapacidad https:\/\/www.20minutos.es\/noticia\/5681027\/0\/no-estas-acuerdo-con-tu-porcentaje-discapacidad-asi-puedes-reclamar-es-recomendable-ir-mano-un-abogado\/<\/p>\n","protected":false},"excerpt":{"rendered":"<p>Se puede hacer una reclamaci\u00f3n previa e incluso acudir a los tribunales si crees que han aplicado mal los baremos.<\/p>\n","protected":false},"author":1,"featured_media":0,"comment_status":"closed","ping_status":"closed","sticky":false,"template":"","format":"standard","meta":{"footnotes":""},"categories":[8],"tags":[],"class_list":["post-10831","post","type-post","status-publish","format-standard","hentry","category-noticias"],"yoast_head":"<!-- This site is optimized with the Yoast SEO plugin v27.4 - https:\/\/yoast.com\/product\/yoast-seo-wordpress\/ -->\n<title>C\u00f3mo reclamar el porcentaje de discapacidad: &quot;Es recomendable ir de la mano de un abogado&quot; - Asociaci\u00f3n Espa\u00f1ola S\u00edndrome de Charge<\/title>\n<meta name=\"robots\" content=\"index, follow, max-snippet:-1, max-image-preview:large, max-video-preview:-1\" \/>\n<link rel=\"canonical\" href=\"https:\/\/sindromecharge.es\/index.php\/2025\/02\/13\/no-estas-acuerdo-con-tu-porcentaje-discapacidad-asi-puedes-reclamar-es-recomendable-ir-mano-un-abogado\/\" \/>\n<meta property=\"og:locale\" content=\"es_ES\" \/>\n<meta property=\"og:type\" content=\"article\" \/>\n<meta property=\"og:title\" content=\"C\u00f3mo reclamar el porcentaje de discapacidad: &quot;Es recomendable ir de la mano de un abogado&quot; - Asociaci\u00f3n Espa\u00f1ola S\u00edndrome de Charge\" \/>\n<meta property=\"og:description\" content=\"Se puede hacer una reclamaci\u00f3n previa e incluso acudir a los tribunales si crees que han aplicado mal los baremos.\" \/>\n<meta property=\"og:url\" content=\"https:\/\/sindromecharge.es\/index.php\/2025\/02\/13\/no-estas-acuerdo-con-tu-porcentaje-discapacidad-asi-puedes-reclamar-es-recomendable-ir-mano-un-abogado\/\" \/>\n<meta property=\"og:site_name\" content=\"Asociaci\u00f3n Espa\u00f1ola S\u00edndrome de Charge\" \/>\n<meta property=\"article:publisher\" content=\"https:\/\/www.facebook.com\/asociacionsindromecharge\" \/>\n<meta property=\"article:published_time\" content=\"2025-02-13T06:31:46+00:00\" \/>\n<meta property=\"og:image\" content=\"https:\/\/sindromecharge.es\/wp-content\/uploads\/2013\/09\/logodecharge300x98.png\" \/>\n\t<meta property=\"og:image:width\" content=\"300\" \/>\n\t<meta property=\"og:image:height\" content=\"98\" \/>\n\t<meta property=\"og:image:type\" content=\"image\/png\" \/>\n<meta name=\"author\" content=\"Charge\" \/>\n<meta name=\"twitter:card\" content=\"summary_large_image\" \/>\n<meta name=\"twitter:creator\" content=\"@sindromecharge\" \/>\n<meta name=\"twitter:site\" content=\"@sindromecharge\" \/>\n<meta name=\"twitter:label1\" content=\"Escrito por\" \/>\n\t<meta name=\"twitter:data1\" content=\"Charge\" \/>\n\t<meta name=\"twitter:label2\" content=\"Tiempo de lectura\" \/>\n\t<meta name=\"twitter:data2\" content=\"6 minutos\" \/>\n<script type=\"application\/ld+json\" class=\"yoast-schema-graph\">{\"@context\":\"https:\\\/\\\/schema.org\",\"@graph\":[{\"@type\":\"Article\",\"@id\":\"https:\\\/\\\/sindromecharge.es\\\/index.php\\\/2025\\\/02\\\/13\\\/no-estas-acuerdo-con-tu-porcentaje-discapacidad-asi-puedes-reclamar-es-recomendable-ir-mano-un-abogado\\\/#article\",\"isPartOf\":{\"@id\":\"https:\\\/\\\/sindromecharge.es\\\/index.php\\\/2025\\\/02\\\/13\\\/no-estas-acuerdo-con-tu-porcentaje-discapacidad-asi-puedes-reclamar-es-recomendable-ir-mano-un-abogado\\\/\"},\"author\":{\"name\":\"Charge\",\"@id\":\"https:\\\/\\\/sindromecharge.es\\\/#\\\/schema\\\/person\\\/39a60ebe0a2b4d5a11179701e336b039\"},\"headline\":\"C\u00f3mo reclamar el porcentaje de discapacidad: \u00abEs recomendable ir de la mano de un abogado\u00bb\",\"datePublished\":\"2025-02-13T06:31:46+00:00\",\"mainEntityOfPage\":{\"@id\":\"https:\\\/\\\/sindromecharge.es\\\/index.php\\\/2025\\\/02\\\/13\\\/no-estas-acuerdo-con-tu-porcentaje-discapacidad-asi-puedes-reclamar-es-recomendable-ir-mano-un-abogado\\\/\"},\"wordCount\":1294,\"articleSection\":[\"noticias\"],\"inLanguage\":\"es\"},{\"@type\":\"WebPage\",\"@id\":\"https:\\\/\\\/sindromecharge.es\\\/index.php\\\/2025\\\/02\\\/13\\\/no-estas-acuerdo-con-tu-porcentaje-discapacidad-asi-puedes-reclamar-es-recomendable-ir-mano-un-abogado\\\/\",\"url\":\"https:\\\/\\\/sindromecharge.es\\\/index.php\\\/2025\\\/02\\\/13\\\/no-estas-acuerdo-con-tu-porcentaje-discapacidad-asi-puedes-reclamar-es-recomendable-ir-mano-un-abogado\\\/\",\"name\":\"C\u00f3mo reclamar el porcentaje de discapacidad: \\\"Es recomendable ir de la mano de un abogado\\\" - Asociaci\u00f3n Espa\u00f1ola S\u00edndrome de Charge\",\"isPartOf\":{\"@id\":\"https:\\\/\\\/sindromecharge.es\\\/#website\"},\"datePublished\":\"2025-02-13T06:31:46+00:00\",\"author\":{\"@id\":\"https:\\\/\\\/sindromecharge.es\\\/#\\\/schema\\\/person\\\/39a60ebe0a2b4d5a11179701e336b039\"},\"breadcrumb\":{\"@id\":\"https:\\\/\\\/sindromecharge.es\\\/index.php\\\/2025\\\/02\\\/13\\\/no-estas-acuerdo-con-tu-porcentaje-discapacidad-asi-puedes-reclamar-es-recomendable-ir-mano-un-abogado\\\/#breadcrumb\"},\"inLanguage\":\"es\",\"potentialAction\":[{\"@type\":\"ReadAction\",\"target\":[\"https:\\\/\\\/sindromecharge.es\\\/index.php\\\/2025\\\/02\\\/13\\\/no-estas-acuerdo-con-tu-porcentaje-discapacidad-asi-puedes-reclamar-es-recomendable-ir-mano-un-abogado\\\/\"]}]},{\"@type\":\"BreadcrumbList\",\"@id\":\"https:\\\/\\\/sindromecharge.es\\\/index.php\\\/2025\\\/02\\\/13\\\/no-estas-acuerdo-con-tu-porcentaje-discapacidad-asi-puedes-reclamar-es-recomendable-ir-mano-un-abogado\\\/#breadcrumb\",\"itemListElement\":[{\"@type\":\"ListItem\",\"position\":1,\"name\":\"Portada\",\"item\":\"https:\\\/\\\/sindromecharge.es\\\/\"},{\"@type\":\"ListItem\",\"position\":2,\"name\":\"C\u00f3mo reclamar el porcentaje de discapacidad: \u00abEs recomendable ir de la mano de un abogado\u00bb\"}]},{\"@type\":\"WebSite\",\"@id\":\"https:\\\/\\\/sindromecharge.es\\\/#website\",\"url\":\"https:\\\/\\\/sindromecharge.es\\\/\",\"name\":\"Asociaci\u00f3n Espa\u00f1ola S\u00edndrome de Charge\",\"description\":\"\",\"potentialAction\":[{\"@type\":\"SearchAction\",\"target\":{\"@type\":\"EntryPoint\",\"urlTemplate\":\"https:\\\/\\\/sindromecharge.es\\\/?s={search_term_string}\"},\"query-input\":{\"@type\":\"PropertyValueSpecification\",\"valueRequired\":true,\"valueName\":\"search_term_string\"}}],\"inLanguage\":\"es\"},{\"@type\":\"Person\",\"@id\":\"https:\\\/\\\/sindromecharge.es\\\/#\\\/schema\\\/person\\\/39a60ebe0a2b4d5a11179701e336b039\",\"name\":\"Charge\",\"image\":{\"@type\":\"ImageObject\",\"inLanguage\":\"es\",\"@id\":\"https:\\\/\\\/secure.gravatar.com\\\/avatar\\\/c3b46e32a0fc3b093a0873fb767bf3293de856293065e84ef06b7ec7a8acfb98?s=96&d=identicon&r=x\",\"url\":\"https:\\\/\\\/secure.gravatar.com\\\/avatar\\\/c3b46e32a0fc3b093a0873fb767bf3293de856293065e84ef06b7ec7a8acfb98?s=96&d=identicon&r=x\",\"contentUrl\":\"https:\\\/\\\/secure.gravatar.com\\\/avatar\\\/c3b46e32a0fc3b093a0873fb767bf3293de856293065e84ef06b7ec7a8acfb98?s=96&d=identicon&r=x\",\"caption\":\"Charge\"},\"url\":\"https:\\\/\\\/sindromecharge.es\\\/index.php\\\/author\\\/admin\\\/\"}]}<\/script>\n<!-- \/ Yoast SEO plugin. -->","yoast_head_json":{"title":"C\u00f3mo reclamar el porcentaje de discapacidad: \"Es recomendable ir de la mano de un abogado\" - Asociaci\u00f3n Espa\u00f1ola S\u00edndrome de Charge","robots":{"index":"index","follow":"follow","max-snippet":"max-snippet:-1","max-image-preview":"max-image-preview:large","max-video-preview":"max-video-preview:-1"},"canonical":"https:\/\/sindromecharge.es\/index.php\/2025\/02\/13\/no-estas-acuerdo-con-tu-porcentaje-discapacidad-asi-puedes-reclamar-es-recomendable-ir-mano-un-abogado\/","og_locale":"es_ES","og_type":"article","og_title":"C\u00f3mo reclamar el porcentaje de discapacidad: \"Es recomendable ir de la mano de un abogado\" - Asociaci\u00f3n Espa\u00f1ola S\u00edndrome de Charge","og_description":"Se puede hacer una reclamaci\u00f3n previa e incluso acudir a los tribunales si crees que han aplicado mal los baremos.","og_url":"https:\/\/sindromecharge.es\/index.php\/2025\/02\/13\/no-estas-acuerdo-con-tu-porcentaje-discapacidad-asi-puedes-reclamar-es-recomendable-ir-mano-un-abogado\/","og_site_name":"Asociaci\u00f3n Espa\u00f1ola S\u00edndrome de Charge","article_publisher":"https:\/\/www.facebook.com\/asociacionsindromecharge","article_published_time":"2025-02-13T06:31:46+00:00","og_image":[{"width":300,"height":98,"url":"https:\/\/sindromecharge.es\/wp-content\/uploads\/2013\/09\/logodecharge300x98.png","type":"image\/png"}],"author":"Charge","twitter_card":"summary_large_image","twitter_creator":"@sindromecharge","twitter_site":"@sindromecharge","twitter_misc":{"Escrito por":"Charge","Tiempo de lectura":"6 minutos"},"schema":{"@context":"https:\/\/schema.org","@graph":[{"@type":"Article","@id":"https:\/\/sindromecharge.es\/index.php\/2025\/02\/13\/no-estas-acuerdo-con-tu-porcentaje-discapacidad-asi-puedes-reclamar-es-recomendable-ir-mano-un-abogado\/#article","isPartOf":{"@id":"https:\/\/sindromecharge.es\/index.php\/2025\/02\/13\/no-estas-acuerdo-con-tu-porcentaje-discapacidad-asi-puedes-reclamar-es-recomendable-ir-mano-un-abogado\/"},"author":{"name":"Charge","@id":"https:\/\/sindromecharge.es\/#\/schema\/person\/39a60ebe0a2b4d5a11179701e336b039"},"headline":"C\u00f3mo reclamar el porcentaje de discapacidad: \u00abEs recomendable ir de la mano de un abogado\u00bb","datePublished":"2025-02-13T06:31:46+00:00","mainEntityOfPage":{"@id":"https:\/\/sindromecharge.es\/index.php\/2025\/02\/13\/no-estas-acuerdo-con-tu-porcentaje-discapacidad-asi-puedes-reclamar-es-recomendable-ir-mano-un-abogado\/"},"wordCount":1294,"articleSection":["noticias"],"inLanguage":"es"},{"@type":"WebPage","@id":"https:\/\/sindromecharge.es\/index.php\/2025\/02\/13\/no-estas-acuerdo-con-tu-porcentaje-discapacidad-asi-puedes-reclamar-es-recomendable-ir-mano-un-abogado\/","url":"https:\/\/sindromecharge.es\/index.php\/2025\/02\/13\/no-estas-acuerdo-con-tu-porcentaje-discapacidad-asi-puedes-reclamar-es-recomendable-ir-mano-un-abogado\/","name":"C\u00f3mo reclamar el porcentaje de discapacidad: \"Es recomendable ir de la mano de un abogado\" - Asociaci\u00f3n Espa\u00f1ola S\u00edndrome de Charge","isPartOf":{"@id":"https:\/\/sindromecharge.es\/#website"},"datePublished":"2025-02-13T06:31:46+00:00","author":{"@id":"https:\/\/sindromecharge.es\/#\/schema\/person\/39a60ebe0a2b4d5a11179701e336b039"},"breadcrumb":{"@id":"https:\/\/sindromecharge.es\/index.php\/2025\/02\/13\/no-estas-acuerdo-con-tu-porcentaje-discapacidad-asi-puedes-reclamar-es-recomendable-ir-mano-un-abogado\/#breadcrumb"},"inLanguage":"es","potentialAction":[{"@type":"ReadAction","target":["https:\/\/sindromecharge.es\/index.php\/2025\/02\/13\/no-estas-acuerdo-con-tu-porcentaje-discapacidad-asi-puedes-reclamar-es-recomendable-ir-mano-un-abogado\/"]}]},{"@type":"BreadcrumbList","@id":"https:\/\/sindromecharge.es\/index.php\/2025\/02\/13\/no-estas-acuerdo-con-tu-porcentaje-discapacidad-asi-puedes-reclamar-es-recomendable-ir-mano-un-abogado\/#breadcrumb","itemListElement":[{"@type":"ListItem","position":1,"name":"Portada","item":"https:\/\/sindromecharge.es\/"},{"@type":"ListItem","position":2,"name":"C\u00f3mo reclamar el porcentaje de discapacidad: \u00abEs recomendable ir de la mano de un abogado\u00bb"}]},{"@type":"WebSite","@id":"https:\/\/sindromecharge.es\/#website","url":"https:\/\/sindromecharge.es\/","name":"Asociaci\u00f3n Espa\u00f1ola S\u00edndrome de Charge","description":"","potentialAction":[{"@type":"SearchAction","target":{"@type":"EntryPoint","urlTemplate":"https:\/\/sindromecharge.es\/?s={search_term_string}"},"query-input":{"@type":"PropertyValueSpecification","valueRequired":true,"valueName":"search_term_string"}}],"inLanguage":"es"},{"@type":"Person","@id":"https:\/\/sindromecharge.es\/#\/schema\/person\/39a60ebe0a2b4d5a11179701e336b039","name":"Charge","image":{"@type":"ImageObject","inLanguage":"es","@id":"https:\/\/secure.gravatar.com\/avatar\/c3b46e32a0fc3b093a0873fb767bf3293de856293065e84ef06b7ec7a8acfb98?s=96&d=identicon&r=x","url":"https:\/\/secure.gravatar.com\/avatar\/c3b46e32a0fc3b093a0873fb767bf3293de856293065e84ef06b7ec7a8acfb98?s=96&d=identicon&r=x","contentUrl":"https:\/\/secure.gravatar.com\/avatar\/c3b46e32a0fc3b093a0873fb767bf3293de856293065e84ef06b7ec7a8acfb98?s=96&d=identicon&r=x","caption":"Charge"},"url":"https:\/\/sindromecharge.es\/index.php\/author\/admin\/"}]}},"_links":{"self":[{"href":"https:\/\/sindromecharge.es\/index.php\/wp-json\/wp\/v2\/posts\/10831","targetHints":{"allow":["GET"]}}],"collection":[{"href":"https:\/\/sindromecharge.es\/index.php\/wp-json\/wp\/v2\/posts"}],"about":[{"href":"https:\/\/sindromecharge.es\/index.php\/wp-json\/wp\/v2\/types\/post"}],"author":[{"embeddable":true,"href":"https:\/\/sindromecharge.es\/index.php\/wp-json\/wp\/v2\/users\/1"}],"replies":[{"embeddable":true,"href":"https:\/\/sindromecharge.es\/index.php\/wp-json\/wp\/v2\/comments?post=10831"}],"version-history":[{"count":0,"href":"https:\/\/sindromecharge.es\/index.php\/wp-json\/wp\/v2\/posts\/10831\/revisions"}],"wp:attachment":[{"href":"https:\/\/sindromecharge.es\/index.php\/wp-json\/wp\/v2\/media?parent=10831"}],"wp:term":[{"taxonomy":"category","embeddable":true,"href":"https:\/\/sindromecharge.es\/index.php\/wp-json\/wp\/v2\/categories?post=10831"},{"taxonomy":"post_tag","embeddable":true,"href":"https:\/\/sindromecharge.es\/index.php\/wp-json\/wp\/v2\/tags?post=10831"}],"curies":[{"name":"wp","href":"https:\/\/api.w.org\/{rel}","templated":true}]}}