{"id":10830,"date":"2025-02-12T16:10:02","date_gmt":"2025-02-12T16:10:02","guid":{"rendered":"https:\/\/sindromecharge.es\/index.php\/2025\/02\/12\/que-cambia-con-reforma-ley-dependencia-discapacidad-estas-son-todas-las-novedades\/"},"modified":"2025-02-12T16:10:02","modified_gmt":"2025-02-12T16:10:02","slug":"que-cambia-con-reforma-ley-dependencia-discapacidad-estas-son-todas-las-novedades","status":"publish","type":"post","link":"https:\/\/sindromecharge.es\/index.php\/2025\/02\/12\/que-cambia-con-reforma-ley-dependencia-discapacidad-estas-son-todas-las-novedades\/","title":{"rendered":"Qu\u00e9 cambia con la reforma de la ley de dependencia y discapacidad: estas son todas las novedades"},"content":{"rendered":"<p>Leemos en Discapacidad la siguiente noticia que os reproducimos de forma \u00edntegra: <\/p>\n<div>\n<p>El Gobierno daba este martes el primer paso para reformar las normas de dependencia y discapacidad con la aprobaci\u00f3n de un anteproyecto de ley que modifica ambos textos de una sola vez. <\/p>\n<p>El objetivo es adaptarlas, en primer lugar, a la reforma del art\u00edculo 49 de la Constituci\u00f3n (que elimin\u00f3 el t\u00e9rmino disminuido el a\u00f1o pasado) y, en segundo, a la Convenci\u00f3n de Naciones Unidas sobre los Derechos de las Personas con Discapacidad, as\u00ed como adaptar el Sistema de Autonom\u00eda Personal y Atenci\u00f3n a la Dependencia (SAAD) \u00abal nuevo modelo de cuidados\u00bb que el Gobierno promueve desde la pandemia. <\/p>\n<p>\u00abEsta reforma acaba con los recortes del Partido Popular, blinda el sistema de la dependencia y refuerza un modelo de cuidados que fortalece el estado del bienestar\u00bb, ha resumido el ministro de Derechos Sociales, <a href=\"https:\/\/www.20minutos.es\/minuteca\/pablo-bustinduy\/\" title=\"Pablo Bustinduy\">Pablo Bustinduy<\/a>, en la rueda de prensa posterior al Consejo de Ministros.<\/p>\n<p>Seg\u00fan fuentes del Ejecutivo, <b>actualmente se realiza una aportaci\u00f3n al sistema de dependencia de 3.411 millones de euros<\/b>, que es, seg\u00fan en el propio Ministerio de Derechos Sociales, tres veces superior a la que realizaba el Gobierno del PP en 2014 (1.130 millones de euros).<\/p>\n<p>No obstante, admiten tambi\u00e9n que <b>la reforma no solucionar\u00e1 a corto plazo los problemas de infrafinanciaci\u00f3n.<\/b> Las listas y los tiempos de espera han mejorado en los \u00faltimos tres a\u00f1os tras las inyecciones econ\u00f3micas, pero est\u00e1 lejos de atender a tiempo todas las situaciones de dependencia.<\/p>\n<h2><u>Medidas para agilizar los tr\u00e1mites<\/u><\/h2>\n<p>La media de tiempos de espera en el sistema de dependencia desde que se pide la valoraci\u00f3n hasta que la persona tiene acceso a cualquier prestaci\u00f3n es de 334 d\u00edas. Este es, probablemente,<a href=\"https:\/\/www.20minutos.es\/noticia\/5226335\/0\/casi-180-000-personas-estan-espera-dependencia-40-447-murieron-esperando-2023-segun-estudio\/\" title=\"Casi 180.000 personas est\u00e1n a la espera de recibir atenci\u00f3n a la dependencia y 40.447 murieron esper\u00e1ndola en 2023, seg\u00fan estudio\"> uno de los problemas m\u00e1s graves del sistema<\/a>, que aunque se ha acortado en 100 d\u00edas desde 2020, todav\u00eda obliga a muchas personas a contratar recursos privados e incluso hay quienes fallecen sin haber tenido acceso a las prestaciones. <\/p>\n<h2>33% de discapacidad a las personas dependientes<\/h2>\n<p>En primer lugar, y para agilizar la burocracia, la reforma conceder\u00e1 a cualquier persona a la que se le haya reconocido oficialmente una situaci\u00f3n de dependencia el <b>grado de discapacidad del 33%. <\/b><\/p>\n<p>\u00abTodas las personas con dependencia, en el momento que necesitan una persona que les apoye, ya son de facto personas con discapacidad\u00bb, arguyen en el departamento de Pablo Bustinduy.<\/p>\n<p>Se habilita as\u00ed una especie de \u00abpasarela\u00bb para que de forma autom\u00e1tica tengan esa certificaci\u00f3n sin necesidad de pasar dos veces por el mismo tr\u00e1mite, con vistas a que<b> el 98,5% de las personas que tienen un grado de dependencia tienen, tambi\u00e9n, un 33% de discapacidad. <\/b>No obstante, cualquier persona que quiera acreditar un grado superior de discapacidad s\u00ed que deber\u00e1 pasar por los circuitos habituales para ello.<\/p>\n<h2>Procedimiento de urgencia y agilizar la revisi\u00f3n del grado<\/h2>\n<p>Con la nueva ley no ser\u00e1 necesario ponerse al final de la lista para revisar el grado de dependencia. Se agilizar\u00e1 el procedimiento para revisar el Programa de Atenci\u00f3n Individual para que los apoyos se ajusten, de la manera m\u00e1s r\u00e1pida posible, a la persona.<\/p>\n<p>Adem\u00e1s, se crear\u00e1 un <b>procedimiento de urgencia para algunas situaciones de especial vulnerabilidad<\/b>. \u00abFactores como demencias, aislamiento social, violencia de g\u00e9nero o precariedad econ\u00f3mica permitir\u00e1n reordenar el tratamiento de los expedientes\u00bb, avanza el Ministerio.<\/p>\n<h2><u>Medidas de refuerzo<\/u><\/h2>\n<h2>Reforzar la ayuda a domicilio<br \/><\/h2>\n<p>La ayuda a domicilio se extiende fuera del hogar. De este modo, la prestaci\u00f3n, centrada hasta ahora en el cuidado personal y en actividades dom\u00e9sticas en el d\u00eda a d\u00eda, <b>permitir\u00e1 que los auxiliares puedan acompa\u00f1ar a la persona dependiente al m\u00e9dico o a la compra<\/b>, lo que, seg\u00fan Derechos Sociales, fomentar\u00e1 la autonom\u00eda de las personas.<\/p>\n<h2>Prestaci\u00f3n por cuidado m\u00e1s all\u00e1 de los familiares<\/h2>\n<p>Tambi\u00e9n hay cambios en la asistencia personal, que dejar\u00e1 de ser solo una prestaci\u00f3n econ\u00f3mica y se reconoce como un servicio, que, adem\u00e1s, podr\u00e1 prestar cualquier persona del entorno del beneficiario (convivientes, amigos, etc.). El objetivo es equiparar a un<b> amigo o amiga como si fuese un familiar con alg\u00fan grado de consanguineidad<\/b>, aunque el titular de la prestaci\u00f3n siempre es el usuario.<\/p>\n<h2>El servicio de teleasistencia como derecho subjetivo<br \/><\/h2>\n<p>La reforma recoge que todas las personas en situaci\u00f3n de dependencia tendr\u00e1n derecho a recibir teleasistencia con independencia del resto de prestaciones o servicios. Adem\u00e1s, se refuerza la autonom\u00eda de las personas, garantizando que permanezcan en aquel entorno que hayan elegido y que, en su caso, la asignaci\u00f3n a una residencia o a una vivienda concreta se base en sus preferencias.<\/p>\n<p>En realidad, el Plan de Choque aprobado en 2021 ya consideraba la teleasistencia como un derecho subjetivo y el objetivo era cumplirlo a finales de 2022. Sin embargo, cuatro a\u00f1os despu\u00e9s, seg\u00fan datos del Observatorio de Dependencia,<b> solo el 42% de las personas atendidas en sus domicilios cuentan con este servicio.<\/b><\/p>\n<h2><u>M\u00e1s servicios para la accesibilidad<\/u><\/h2>\n<h2>Cat\u00e1logo de servicios<\/h2>\n<p>Respecto a los nuevos servicios, se crea un cat\u00e1logo de productos de apoyo para la autonom\u00eda (sillas de ruedas, camas, etc.), en una especie de <b>\u00abbanco p\u00fablico\u00bb para que las personas dependientes no tengan que invertir en<\/b> aquellos objetos que les ayudan a permanecer en su vivienda y evitar as\u00ed tener que trasladarse a un centro.<\/p>\n<h2>Viviendas accesibles para evitar el aislamiento<\/h2>\n<p>Con el objetivo de evitar el &#8216;aislamiento&#8217; o la &#8216;institucionalizaci\u00f3n forzosa&#8217; la nueva ley contempla medidas de accesibilidad en la vivienda, como la reforma de la ley de propiedad horizontal, que har\u00e1 obligatorias todas las obras encaminadas a asegurar la accesibilidad, como el ascensor. Adem\u00e1s, se facilitar\u00e1 el cauce para que las personas con discapacidad <b>puedan denunciar a la comunidad de propietarios que se nieguen a acometer dichas obras.<\/b> <\/p>\n<p>Seg\u00fan datos del CERMI, se estima que 100.000 personas est\u00e1n encerradas en sus casas porque sus bloques y\/o viviendas tienen problemas de accesibilidad.<\/p>\n<h2>Fondo Estatal de Promoci\u00f3n de la Accesibilidad Universal<\/h2>\n<p>Con el objetivo de garantizar la Accesibilidad Universal, se llevar\u00e1n a cabo varias medidas, que van desde la eliminaci\u00f3n de barreras en servicios p\u00fablicos hasta el control de recursos como las tarjetas de estacionamiento. <\/p>\n<p>Entre estas medidas, se crear\u00e1 un Fondo Estatal de Promoci\u00f3n de la Accesibilidad Universal que<b> financiar\u00e1 todas las obras de adaptaci\u00f3n en los edificios y espacios p\u00fablicos<\/b>, como la instalaci\u00f3n de rampas para sillas de ruedas o los QR con audiodescripciones.<\/p>\n<h2><u>M\u00e1s medidas<\/u><\/h2>\n<h2>Viviendas colectivas como alternativa a las residencias<\/h2>\n<p>Actualmente, los cuidados solo se pueden prestar en el domicilio o en centros residencias, sin embargo, con la reforma, el Gobierno pretende agregar, entre las opciones, las viviendas con apoyos: <b>o bien donde conviven pocas personas con cuidados integrales<\/b> o dentro de equipamientos colectivos con servicios compartidos, como el <i>cohousing.<\/i><\/p>\n<h2>Derechos de las personas cuidadoras no profesionales<br \/><\/h2>\n<p>La reforma de la ley incluye un apartado espec\u00edfico en el que se enumeran una serie de derechos que hay que garantizar a los cuidadores no profesionales, entre los que se encuentran: <b>recibir apoyo y formaci\u00f3n para su bienestar emocional y f\u00edsico, <\/b>informaci\u00f3n sobre las prestaciones disponibles y sobre la calidad del servicio que prestan los diferentes centros y servicios y, finalmente, la adopci\u00f3n de medidas necesarias para facilitar la conciliaci\u00f3n de la vida personal, familiar y laboral.<\/p>\n<h2>Fin del r\u00e9gimen de incompatibilidades<\/h2>\n<p>Una de las mayores demandas del colectivo era la supresi\u00f3n del r\u00e9gimen de incompatibilidades, que desde 2012 <b>imped\u00eda recibir dos prestaciones por dependencia al mismo tiempo<\/b>, como por ejemplo un servicio de d\u00eda y horas de atenci\u00f3n domiciliaria. La norma lo elimina, aunque esta medida depende de las comunidades aut\u00f3nomas, que podr\u00e1n mantenerla si as\u00ed lo consideran. Tambi\u00e9n se elimina el plazo de dos a\u00f1os que retrasa el acceso a las ayudas econ\u00f3micas para cuidados en el entorno familiar.<\/p>\n<\/div>\n<p>Fuente: Discapacidad https:\/\/www.20minutos.es\/noticia\/5681627\/0\/que-cambia-con-reforma-ley-dependencia-discapacidad-estas-son-todas-las-novedades\/<\/p>\n","protected":false},"excerpt":{"rendered":"<p>La norma elimina la incompatibilidad entre prestaciones y el periodo de carencia de dos a\u00f1os en la prestaci\u00f3n econ\u00f3mica por cuidado familiar, medidas que se tomaron tras la crisis econ\u00f3mica de 2008.<\/p>\n","protected":false},"author":1,"featured_media":0,"comment_status":"closed","ping_status":"closed","sticky":false,"template":"","format":"standard","meta":{"footnotes":""},"categories":[8],"tags":[],"class_list":["post-10830","post","type-post","status-publish","format-standard","hentry","category-noticias"],"yoast_head":"<!-- This site is optimized with the Yoast SEO plugin v27.4 - https:\/\/yoast.com\/product\/yoast-seo-wordpress\/ -->\n<title>Qu\u00e9 cambia con la reforma de la ley de dependencia y discapacidad: estas son todas las novedades - Asociaci\u00f3n Espa\u00f1ola S\u00edndrome de Charge<\/title>\n<meta name=\"robots\" content=\"index, follow, max-snippet:-1, max-image-preview:large, max-video-preview:-1\" \/>\n<link rel=\"canonical\" href=\"https:\/\/sindromecharge.es\/index.php\/2025\/02\/12\/que-cambia-con-reforma-ley-dependencia-discapacidad-estas-son-todas-las-novedades\/\" \/>\n<meta property=\"og:locale\" content=\"es_ES\" \/>\n<meta property=\"og:type\" content=\"article\" \/>\n<meta property=\"og:title\" content=\"Qu\u00e9 cambia con la reforma de la ley de dependencia y discapacidad: estas son todas las novedades - Asociaci\u00f3n Espa\u00f1ola S\u00edndrome de Charge\" \/>\n<meta property=\"og:description\" content=\"La norma elimina la incompatibilidad entre prestaciones y el periodo de carencia de dos a\u00f1os en la prestaci\u00f3n econ\u00f3mica por cuidado familiar, medidas que se tomaron tras la crisis econ\u00f3mica de 2008.\" \/>\n<meta property=\"og:url\" content=\"https:\/\/sindromecharge.es\/index.php\/2025\/02\/12\/que-cambia-con-reforma-ley-dependencia-discapacidad-estas-son-todas-las-novedades\/\" \/>\n<meta property=\"og:site_name\" content=\"Asociaci\u00f3n Espa\u00f1ola S\u00edndrome de Charge\" \/>\n<meta property=\"article:publisher\" content=\"https:\/\/www.facebook.com\/asociacionsindromecharge\" \/>\n<meta property=\"article:published_time\" content=\"2025-02-12T16:10:02+00:00\" \/>\n<meta property=\"og:image\" content=\"https:\/\/sindromecharge.es\/wp-content\/uploads\/2013\/09\/logodecharge300x98.png\" \/>\n\t<meta property=\"og:image:width\" content=\"300\" \/>\n\t<meta property=\"og:image:height\" content=\"98\" \/>\n\t<meta property=\"og:image:type\" content=\"image\/png\" \/>\n<meta name=\"author\" content=\"Charge\" \/>\n<meta name=\"twitter:card\" content=\"summary_large_image\" \/>\n<meta name=\"twitter:creator\" content=\"@sindromecharge\" \/>\n<meta name=\"twitter:site\" content=\"@sindromecharge\" \/>\n<meta name=\"twitter:label1\" content=\"Escrito por\" \/>\n\t<meta name=\"twitter:data1\" content=\"Charge\" \/>\n\t<meta name=\"twitter:label2\" content=\"Tiempo de lectura\" \/>\n\t<meta name=\"twitter:data2\" content=\"7 minutos\" \/>\n<script type=\"application\/ld+json\" class=\"yoast-schema-graph\">{\"@context\":\"https:\\\/\\\/schema.org\",\"@graph\":[{\"@type\":\"Article\",\"@id\":\"https:\\\/\\\/sindromecharge.es\\\/index.php\\\/2025\\\/02\\\/12\\\/que-cambia-con-reforma-ley-dependencia-discapacidad-estas-son-todas-las-novedades\\\/#article\",\"isPartOf\":{\"@id\":\"https:\\\/\\\/sindromecharge.es\\\/index.php\\\/2025\\\/02\\\/12\\\/que-cambia-con-reforma-ley-dependencia-discapacidad-estas-son-todas-las-novedades\\\/\"},\"author\":{\"name\":\"Charge\",\"@id\":\"https:\\\/\\\/sindromecharge.es\\\/#\\\/schema\\\/person\\\/39a60ebe0a2b4d5a11179701e336b039\"},\"headline\":\"Qu\u00e9 cambia con la reforma de la ley de dependencia y discapacidad: estas son todas las novedades\",\"datePublished\":\"2025-02-12T16:10:02+00:00\",\"mainEntityOfPage\":{\"@id\":\"https:\\\/\\\/sindromecharge.es\\\/index.php\\\/2025\\\/02\\\/12\\\/que-cambia-con-reforma-ley-dependencia-discapacidad-estas-son-todas-las-novedades\\\/\"},\"wordCount\":1381,\"articleSection\":[\"noticias\"],\"inLanguage\":\"es\"},{\"@type\":\"WebPage\",\"@id\":\"https:\\\/\\\/sindromecharge.es\\\/index.php\\\/2025\\\/02\\\/12\\\/que-cambia-con-reforma-ley-dependencia-discapacidad-estas-son-todas-las-novedades\\\/\",\"url\":\"https:\\\/\\\/sindromecharge.es\\\/index.php\\\/2025\\\/02\\\/12\\\/que-cambia-con-reforma-ley-dependencia-discapacidad-estas-son-todas-las-novedades\\\/\",\"name\":\"Qu\u00e9 cambia con la reforma de la ley de dependencia y discapacidad: estas son todas las novedades - Asociaci\u00f3n Espa\u00f1ola S\u00edndrome de Charge\",\"isPartOf\":{\"@id\":\"https:\\\/\\\/sindromecharge.es\\\/#website\"},\"datePublished\":\"2025-02-12T16:10:02+00:00\",\"author\":{\"@id\":\"https:\\\/\\\/sindromecharge.es\\\/#\\\/schema\\\/person\\\/39a60ebe0a2b4d5a11179701e336b039\"},\"breadcrumb\":{\"@id\":\"https:\\\/\\\/sindromecharge.es\\\/index.php\\\/2025\\\/02\\\/12\\\/que-cambia-con-reforma-ley-dependencia-discapacidad-estas-son-todas-las-novedades\\\/#breadcrumb\"},\"inLanguage\":\"es\",\"potentialAction\":[{\"@type\":\"ReadAction\",\"target\":[\"https:\\\/\\\/sindromecharge.es\\\/index.php\\\/2025\\\/02\\\/12\\\/que-cambia-con-reforma-ley-dependencia-discapacidad-estas-son-todas-las-novedades\\\/\"]}]},{\"@type\":\"BreadcrumbList\",\"@id\":\"https:\\\/\\\/sindromecharge.es\\\/index.php\\\/2025\\\/02\\\/12\\\/que-cambia-con-reforma-ley-dependencia-discapacidad-estas-son-todas-las-novedades\\\/#breadcrumb\",\"itemListElement\":[{\"@type\":\"ListItem\",\"position\":1,\"name\":\"Portada\",\"item\":\"https:\\\/\\\/sindromecharge.es\\\/\"},{\"@type\":\"ListItem\",\"position\":2,\"name\":\"Qu\u00e9 cambia con la reforma de la ley de dependencia y discapacidad: estas son todas las novedades\"}]},{\"@type\":\"WebSite\",\"@id\":\"https:\\\/\\\/sindromecharge.es\\\/#website\",\"url\":\"https:\\\/\\\/sindromecharge.es\\\/\",\"name\":\"Asociaci\u00f3n Espa\u00f1ola S\u00edndrome de Charge\",\"description\":\"\",\"potentialAction\":[{\"@type\":\"SearchAction\",\"target\":{\"@type\":\"EntryPoint\",\"urlTemplate\":\"https:\\\/\\\/sindromecharge.es\\\/?s={search_term_string}\"},\"query-input\":{\"@type\":\"PropertyValueSpecification\",\"valueRequired\":true,\"valueName\":\"search_term_string\"}}],\"inLanguage\":\"es\"},{\"@type\":\"Person\",\"@id\":\"https:\\\/\\\/sindromecharge.es\\\/#\\\/schema\\\/person\\\/39a60ebe0a2b4d5a11179701e336b039\",\"name\":\"Charge\",\"image\":{\"@type\":\"ImageObject\",\"inLanguage\":\"es\",\"@id\":\"https:\\\/\\\/secure.gravatar.com\\\/avatar\\\/c3b46e32a0fc3b093a0873fb767bf3293de856293065e84ef06b7ec7a8acfb98?s=96&d=identicon&r=x\",\"url\":\"https:\\\/\\\/secure.gravatar.com\\\/avatar\\\/c3b46e32a0fc3b093a0873fb767bf3293de856293065e84ef06b7ec7a8acfb98?s=96&d=identicon&r=x\",\"contentUrl\":\"https:\\\/\\\/secure.gravatar.com\\\/avatar\\\/c3b46e32a0fc3b093a0873fb767bf3293de856293065e84ef06b7ec7a8acfb98?s=96&d=identicon&r=x\",\"caption\":\"Charge\"},\"url\":\"https:\\\/\\\/sindromecharge.es\\\/index.php\\\/author\\\/admin\\\/\"}]}<\/script>\n<!-- \/ Yoast SEO plugin. -->","yoast_head_json":{"title":"Qu\u00e9 cambia con la reforma de la ley de dependencia y discapacidad: estas son todas las novedades - Asociaci\u00f3n Espa\u00f1ola S\u00edndrome de Charge","robots":{"index":"index","follow":"follow","max-snippet":"max-snippet:-1","max-image-preview":"max-image-preview:large","max-video-preview":"max-video-preview:-1"},"canonical":"https:\/\/sindromecharge.es\/index.php\/2025\/02\/12\/que-cambia-con-reforma-ley-dependencia-discapacidad-estas-son-todas-las-novedades\/","og_locale":"es_ES","og_type":"article","og_title":"Qu\u00e9 cambia con la reforma de la ley de dependencia y discapacidad: estas son todas las novedades - Asociaci\u00f3n Espa\u00f1ola S\u00edndrome de Charge","og_description":"La norma elimina la incompatibilidad entre prestaciones y el periodo de carencia de dos a\u00f1os en la prestaci\u00f3n econ\u00f3mica por cuidado familiar, medidas que se tomaron tras la crisis econ\u00f3mica de 2008.","og_url":"https:\/\/sindromecharge.es\/index.php\/2025\/02\/12\/que-cambia-con-reforma-ley-dependencia-discapacidad-estas-son-todas-las-novedades\/","og_site_name":"Asociaci\u00f3n Espa\u00f1ola S\u00edndrome de Charge","article_publisher":"https:\/\/www.facebook.com\/asociacionsindromecharge","article_published_time":"2025-02-12T16:10:02+00:00","og_image":[{"width":300,"height":98,"url":"https:\/\/sindromecharge.es\/wp-content\/uploads\/2013\/09\/logodecharge300x98.png","type":"image\/png"}],"author":"Charge","twitter_card":"summary_large_image","twitter_creator":"@sindromecharge","twitter_site":"@sindromecharge","twitter_misc":{"Escrito por":"Charge","Tiempo de lectura":"7 minutos"},"schema":{"@context":"https:\/\/schema.org","@graph":[{"@type":"Article","@id":"https:\/\/sindromecharge.es\/index.php\/2025\/02\/12\/que-cambia-con-reforma-ley-dependencia-discapacidad-estas-son-todas-las-novedades\/#article","isPartOf":{"@id":"https:\/\/sindromecharge.es\/index.php\/2025\/02\/12\/que-cambia-con-reforma-ley-dependencia-discapacidad-estas-son-todas-las-novedades\/"},"author":{"name":"Charge","@id":"https:\/\/sindromecharge.es\/#\/schema\/person\/39a60ebe0a2b4d5a11179701e336b039"},"headline":"Qu\u00e9 cambia con la reforma de la ley de dependencia y discapacidad: estas son todas las novedades","datePublished":"2025-02-12T16:10:02+00:00","mainEntityOfPage":{"@id":"https:\/\/sindromecharge.es\/index.php\/2025\/02\/12\/que-cambia-con-reforma-ley-dependencia-discapacidad-estas-son-todas-las-novedades\/"},"wordCount":1381,"articleSection":["noticias"],"inLanguage":"es"},{"@type":"WebPage","@id":"https:\/\/sindromecharge.es\/index.php\/2025\/02\/12\/que-cambia-con-reforma-ley-dependencia-discapacidad-estas-son-todas-las-novedades\/","url":"https:\/\/sindromecharge.es\/index.php\/2025\/02\/12\/que-cambia-con-reforma-ley-dependencia-discapacidad-estas-son-todas-las-novedades\/","name":"Qu\u00e9 cambia con la reforma de la ley de dependencia y discapacidad: estas son todas las novedades - Asociaci\u00f3n Espa\u00f1ola S\u00edndrome de Charge","isPartOf":{"@id":"https:\/\/sindromecharge.es\/#website"},"datePublished":"2025-02-12T16:10:02+00:00","author":{"@id":"https:\/\/sindromecharge.es\/#\/schema\/person\/39a60ebe0a2b4d5a11179701e336b039"},"breadcrumb":{"@id":"https:\/\/sindromecharge.es\/index.php\/2025\/02\/12\/que-cambia-con-reforma-ley-dependencia-discapacidad-estas-son-todas-las-novedades\/#breadcrumb"},"inLanguage":"es","potentialAction":[{"@type":"ReadAction","target":["https:\/\/sindromecharge.es\/index.php\/2025\/02\/12\/que-cambia-con-reforma-ley-dependencia-discapacidad-estas-son-todas-las-novedades\/"]}]},{"@type":"BreadcrumbList","@id":"https:\/\/sindromecharge.es\/index.php\/2025\/02\/12\/que-cambia-con-reforma-ley-dependencia-discapacidad-estas-son-todas-las-novedades\/#breadcrumb","itemListElement":[{"@type":"ListItem","position":1,"name":"Portada","item":"https:\/\/sindromecharge.es\/"},{"@type":"ListItem","position":2,"name":"Qu\u00e9 cambia con la reforma de la ley de dependencia y discapacidad: estas son todas las novedades"}]},{"@type":"WebSite","@id":"https:\/\/sindromecharge.es\/#website","url":"https:\/\/sindromecharge.es\/","name":"Asociaci\u00f3n Espa\u00f1ola S\u00edndrome de Charge","description":"","potentialAction":[{"@type":"SearchAction","target":{"@type":"EntryPoint","urlTemplate":"https:\/\/sindromecharge.es\/?s={search_term_string}"},"query-input":{"@type":"PropertyValueSpecification","valueRequired":true,"valueName":"search_term_string"}}],"inLanguage":"es"},{"@type":"Person","@id":"https:\/\/sindromecharge.es\/#\/schema\/person\/39a60ebe0a2b4d5a11179701e336b039","name":"Charge","image":{"@type":"ImageObject","inLanguage":"es","@id":"https:\/\/secure.gravatar.com\/avatar\/c3b46e32a0fc3b093a0873fb767bf3293de856293065e84ef06b7ec7a8acfb98?s=96&d=identicon&r=x","url":"https:\/\/secure.gravatar.com\/avatar\/c3b46e32a0fc3b093a0873fb767bf3293de856293065e84ef06b7ec7a8acfb98?s=96&d=identicon&r=x","contentUrl":"https:\/\/secure.gravatar.com\/avatar\/c3b46e32a0fc3b093a0873fb767bf3293de856293065e84ef06b7ec7a8acfb98?s=96&d=identicon&r=x","caption":"Charge"},"url":"https:\/\/sindromecharge.es\/index.php\/author\/admin\/"}]}},"_links":{"self":[{"href":"https:\/\/sindromecharge.es\/index.php\/wp-json\/wp\/v2\/posts\/10830","targetHints":{"allow":["GET"]}}],"collection":[{"href":"https:\/\/sindromecharge.es\/index.php\/wp-json\/wp\/v2\/posts"}],"about":[{"href":"https:\/\/sindromecharge.es\/index.php\/wp-json\/wp\/v2\/types\/post"}],"author":[{"embeddable":true,"href":"https:\/\/sindromecharge.es\/index.php\/wp-json\/wp\/v2\/users\/1"}],"replies":[{"embeddable":true,"href":"https:\/\/sindromecharge.es\/index.php\/wp-json\/wp\/v2\/comments?post=10830"}],"version-history":[{"count":0,"href":"https:\/\/sindromecharge.es\/index.php\/wp-json\/wp\/v2\/posts\/10830\/revisions"}],"wp:attachment":[{"href":"https:\/\/sindromecharge.es\/index.php\/wp-json\/wp\/v2\/media?parent=10830"}],"wp:term":[{"taxonomy":"category","embeddable":true,"href":"https:\/\/sindromecharge.es\/index.php\/wp-json\/wp\/v2\/categories?post=10830"},{"taxonomy":"post_tag","embeddable":true,"href":"https:\/\/sindromecharge.es\/index.php\/wp-json\/wp\/v2\/tags?post=10830"}],"curies":[{"name":"wp","href":"https:\/\/api.w.org\/{rel}","templated":true}]}}