{"id":10829,"date":"2025-02-12T16:04:04","date_gmt":"2025-02-12T16:04:04","guid":{"rendered":"https:\/\/sindromecharge.es\/index.php\/2025\/02\/12\/claves-reforma-ley-discapacidad-obtener-certificado-requisitos-cumplir-5681782\/"},"modified":"2025-02-12T16:04:04","modified_gmt":"2025-02-12T16:04:04","slug":"claves-reforma-ley-discapacidad-obtener-certificado-requisitos-cumplir-5681782","status":"publish","type":"post","link":"https:\/\/sindromecharge.es\/index.php\/2025\/02\/12\/claves-reforma-ley-discapacidad-obtener-certificado-requisitos-cumplir-5681782\/","title":{"rendered":"C\u00f3mo obtener el certificado de discapacidad y qu\u00e9 requisitos hay que cumplir tras la reforma de la ley"},"content":{"rendered":"<p>Leemos en Discapacidad la siguiente noticia que os reproducimos de forma \u00edntegra: <\/p>\n<div>\n<p>El Gobierno aprob\u00f3 este martes un <a href=\"https:\/\/www.20minutos.es\/noticia\/5681058\/0\/gobierno-reconocera-automaticamente-33-discapacidad-todas-las-personas-dependientes\/\">anteproyecto de ley que aspira a reformar las leyes de discapacidad y dependencia<\/a>, incluyendo numerosas novedades que buscan <b>reducir listas de espera y tr\u00e1mites administrativos.<\/b><\/p>\n<p>Aunque la norma tiene todav\u00eda un largo proceso de tramitaci\u00f3n por delante, Moncloa defiende que el objetivo es<b> \u00abgarantizar m\u00e1s derechos<\/b> para las personas con dependencia o con discapacidad y ampliar la cartera de servicios a la que pueden optar\u00bb, as\u00ed como \u00abrevertir los recortes que quedaban vigentes del \u00faltimo Gobierno del Partido Popular\u00bb.<\/p>\n<h2>Qu\u00e9 es lo que cambia<\/h2>\n<p>Seg\u00fan adelant\u00f3 el ministro de Derechos Sociales, Consumo y Agenda 2030 en la presentaci\u00f3n del texto y como recoge el <a href=\"https:\/\/www.dsca.gob.es\/es\/comunicacion\/notas-prensa\/aprobado-anteproyecto-reformar-leyes-dependencia-discapacidad-se\">portal web de dicha cartera<\/a>, <b>en materia de discapacidad<\/b> se introducen varios cambios concretos importantes, como son:<\/p>\n<ul>\n<li>Reconocimiento autom\u00e1tico del 33% de discapacidad a todas las personas en situaci\u00f3n de dependencia.<\/li>\n<li>Reconocimiento del derecho fundamental a la accesibilidad universal, reivindicable ante cualquier instancia, de forma que se pueda exigir la accesibilidad en edificios y servicios que sean p\u00fablicos. Para ello, se crear\u00e1 un Fondo Estatal de Promoci\u00f3n de la Accesibilidad Universal que financiar\u00e1 las intervenciones que sean necesarias (instalaci\u00f3n de rampas, creaci\u00f3n de audiodescripciones, etc.).<\/li>\n<li>Modificaci\u00f3n de la Ley de Propiedad Horizontal para obligar a las administraciones competentes a ofrecer ayudas econ\u00f3micas para realizar obras de accesibilidad en edificios de viviendas y para obligar tambi\u00e9n a la comunidad de vecinos de cada edificio a solicitar estas ayudas si alguna de las personas residentes as\u00ed lo solicita; tambi\u00e9n, se rebaja del 75% al 70% el porcentaje de financiaci\u00f3n de la obra a pagar por la comunidad de vecinos.<\/li>\n<li>Prohibici\u00f3n a las compa\u00f1\u00edas de seguros de salud y de vida la discriminaci\u00f3n a personas con discapacidad que quieran contratar un seguro.<\/li>\n<li>Supervisi\u00f3n del desarrollo de la Inteligencia Artificial para eliminar sesgos discriminatorios que puedan afectar a las personas con discapacidad, por ejemplo en procesos de selecci\u00f3n de personal.<\/li>\n<li>Designaci\u00f3n de las personas con discapacidad como grupo social de inter\u00e9s preferente para el Sistema Espa\u00f1ol de Ciencia, Tecnolog\u00eda e Innovaci\u00f3n.<\/li>\n<li>Medidas para garantizar la salud sexual y reproductiva de las mujeres con discapacidad y fomentar el desarrollo infantil a trav\u00e9s de servicios de atenci\u00f3n temprana.<\/li>\n<\/ul>\n<p>Por otra parte, en<b> cuesti\u00f3n de dependencia <\/b>algunos de los cambios anunciados m\u00e1s relevantes son:<\/p>\n<ul>\n<li>Supresi\u00f3n del r\u00e9gimen de incompatibilidades en las prestaciones del Sistema para la Autonom\u00eda y Atenci\u00f3n a la Dependencia.<\/li>\n<li>Eliminaci\u00f3n del plazo suspensivo de dos a\u00f1os en las prestaciones econ\u00f3micas para cuidados en el entorno familiar.<\/li>\n<li>Extensi\u00f3n del servicio de ayuda a domicilio a actuaciones en el entorno comunitario que van m\u00e1s all\u00e1 de las necesidades de cuidado personal y dom\u00e9sticas.<\/li>\n<li>Ampliaci\u00f3n de la prestaci\u00f3n econ\u00f3mica para cuidados en el entorno familiar, permitiendo que se reconozca tambi\u00e9n cuando el cuidado lo presten personas allegadas.<\/li>\n<li>Reconocimiento de la teleasistencia como un derecho fundamental para todas las personas en situaci\u00f3n de dependencia que residan en su domicilio.<\/li>\n<li>Eliminaci\u00f3n de la restricci\u00f3n que limita la asistencia personal a los \u00e1mbitos de educaci\u00f3n y trabajo para permitir orientarlo a cualquier edad y a todas las \u00e1reas de la vida de las personas.<\/li>\n<li>Inclusi\u00f3n de tres nuevos servicios: servicio de cuidados y apoyos en viviendas incluyendo viviendas colectivas; servicio de provisi\u00f3n de productos de apoyo mediante pr\u00e9stamo o cesi\u00f3n temporal y servicio de asistencia personal que proporciona apoyos y cuidados. personalizados a trav\u00e9s de asistentes personales<\/li>\n<li>Se contempla que sea la persona dependiente quien tenga derecho a decidir sobre las prestaciones y servicios que reciba, garantizando  los derechos a permanecer en el entorno elegido y a recibir una atenci\u00f3n libre de sujeciones f\u00edsicas, mec\u00e1nicas, qu\u00edmicas o farmacol\u00f3gicas.<\/li>\n<li>Derecho a recibir atenci\u00f3n sanitaria sea cual sea el lugar de residencia, con el fin de evitar situaciones como la ocurrida durante la pandemia de covid-19.<\/li>\n<li>Reconocimiento del derecho de las personas cuidadoras no profesionales a recibir apoyos, asesoramiento, seguimiento y formaci\u00f3n para su bienestar f\u00edsico y emocional, as\u00ed como a obtener informaci\u00f3n accesible sobre las prestaciones y la calidad de los servicios y a disponer de medidas para la conciliaci\u00f3n de la vida personal, familiar y laboral.<\/li>\n<\/ul>\n<h2>\u00bfCu\u00e1les son los tr\u00e1mites y requisitos?<\/h2>\n<p>En el momento en que la norma sea definitivamente aprobada por las Cortes y entre en vigor, las personas con situaci\u00f3n de dependencia reconocida <b>deber\u00edan pasar autom\u00e1ticamente a tener reconocida una discapacidad del 33%<\/b>, seg\u00fan se desprende de este anteproyecto de ley.<\/p>\n<p>Mientras tanto, y (a falta de concreciones posteriores en el texto legislativo) para las personas que no se encuentren en una situaci\u00f3n de dependencia reconocida o que tengan un discriminaci\u00f3n de mayor grado, los tr\u00e1mites <b>contin\u00faan siendo los mismos que hasta ahora<\/b>, y dependen de la Comunidad Aut\u00f3noma de residencia.<\/p>\n<p>A nivel nacional, seg\u00fan la<a href=\"https:\/\/imserso.es\/autonomia-personal-dependencia\/grado-de-discapacidad\"> web del Imserso<\/a>, los requisitos incluyen:<\/p>\n<ul>\n<li>Ser ciudadanos espa\u00f1oles y estar empadronados en la comunidad aut\u00f3noma respectiva.<\/li>\n<li>Estar en alguno de los cinco grupos de discapacidad: f\u00edsica, mental, intelectual, sensorial o pluridiscapacidad.<\/li>\n<li>Contar con un certificado m\u00e9dico o fotocopia de la resoluci\u00f3n de la Comisi\u00f3n de Evaluaci\u00f3n de Incapacidades, dependiente de cada Comunidad Aut\u00f3noma.<\/li>\n<\/ul>\n<p>Hay que tener en cuenta que, como decimos, los tr\u00e1mites<b> son algo diferentes en cada regi\u00f3n <\/b>y por ello los documentos a aportar o los procedimientos pueden ser ligeramente diferentes.<\/p>\n<p>Entre los <b>posibles beneficios<\/b> a los que pueden optar las personas con reconocimiento de grado de discapacidad, destacan:<\/p>\n<ul>\n<li>Acceso a medidas de fomento del empleo para personas con discapacidad.<\/li>\n<li>Adaptaci\u00f3n del puesto de trabajo.<\/li>\n<li>Adaptaci\u00f3n de pruebas selectivas en el acceso al empleo p\u00fablico.<\/li>\n<li>Jubilaci\u00f3n anticipada.<\/li>\n<li>Acceso a la vivienda de protecci\u00f3n p\u00fablica.<\/li>\n<li>Subvenciones y\/o ayudas de car\u00e1cter individual: tratamientos rehabilitadores, productos de apoyo, accesibilidad y adaptaciones en el hogar etc.<\/li>\n<li>Tratamientos rehabilitadores y de apoyo.<\/li>\n<li>recursos y apoyos educativos.<\/li>\n<li>Pensi\u00f3n no contributiva (PNC) por invalidez.<\/li>\n<li>Prestaciones econ\u00f3micas y sociales para personas con discapacidad: Asistencia Sanitaria y Prestaci\u00f3n Farmac\u00e9utica y Subsidio de Movilidad y Compensaci\u00f3n para Gastos de Transporte.<\/li>\n<li>Prestaciones familiares: Asignaci\u00f3n econ\u00f3mica por hijo o menor con discapacidad acogido a cargo, o mayores de 18 a\u00f1os con un grado de discapacidad igual o superior a 65%.<\/li>\n<li>Ampliaci\u00f3n del periodo de descanso por maternidad en los supuestos de discapacidad del hijo o menor acogido.<\/li>\n<li>Ingreso en Centros.<\/li>\n<li>Beneficios fiscales: Necesidad de ayuda de tercera personas para desplazamiento a lugar de trabajo, movilidad reducida, necesidad de vivienda adaptada, etc.<\/li>\n<li>Tarjeta de estacionamiento para personas con movilidad reducida.<\/li>\n<li>Bonotaxi.<\/li>\n<li>Reducciones en medios de transporte.<\/li>\n<li>Otras ayudas y servicios para el colectivo de personas con discapacidad que se contemplen en los organismos competentes en materia de Servicios Sociales ya sean municipales, auton\u00f3micos o estatales, o de la iniciativa privada social.<\/li>\n<\/ul>\n<h2>Referencias<\/h2>\n<p>Ministerio de Derechos Sociales, Consumo y Agenda 2030 (2025). <i>Aprobado el anteproyecto para reformar las leyes de Dependencia y de Discapacidad: se revierten los recortes, se garantizan m\u00e1s derechos y se ampl\u00eda el cat\u00e1logo de servicios. <\/i>Consultado online en <a href=\"https:\/\/www.dsca.gob.es\/es\/comunicacion\/notas-prensa\/aprobado-anteproyecto-reformar-leyes-dependencia-discapacidad-se\">https:\/\/www.dsca.gob.es\/es\/comunicacion\/notas-prensa\/aprobado-anteproyecto-reformar-leyes-dependencia-discapacidad-se<\/a> el 12 de febrero de 2025.<\/p>\n<p>Instituto de Mayores y Servicios Sociales. <i>Grado de discapacidad. <\/i>Consultado online en <a href=\"https:\/\/imserso.es\/autonomia-personal-dependencia\/grado-de-discapacidad\">https:\/\/imserso.es\/autonomia-personal-dependencia\/grado-de-discapacidad<\/a> el 12 de febrero de 2025.<\/p>\n<p><a href=\"https:\/\/www.20minutos.es\/salud\/quieres-recibir-mejores-contenidos-cuidar-salud-sentirte-bien-apuntate-gratis-nuestra-nueva-newsletter-5119746\/\">\u00bfQuieres recibir los mejores contenidos para cuidar tu salud y sentirte bien? Ap\u00fantate gratis a nuestra newsletter. <\/a><\/p>\n<style>\/* Estilos del cintillo con imagen de fondo *\/ .cintillo{background-color: #efeae2; padding: 2rem; margin-bottom: 2rem; text-align: center; display: flex; justify-content: space-between; align-items: center; border-radius: 1rem; min-height: 23rem;}\/* Estilos del cuadro de texto en el centro *\/ .texto-central{background-color: #c5e6c1; padding: 1rem; border-radius: 1rem;}\/* Estilos del enlace *\/ .enlace-whatsapp{text-decoration: none;}\/* Estilos del logo de 20minutos *\/ .logo-20minutos{filter: brightness(0); width: 10.2rem; height: auto;}\/* Estilos para la versi\u00f3n m\u00f3vil *\/ @media (max-width: 768px){.cintillo{flex-direction: column; text-align: center;}.logo-check{display: block; margin: 1rem auto;}}<\/style>\n<div class=\"cintillo\">\n<div class=\"logo-check\"> <img loading=\"lazy\" decoding=\"async\" width=\"50\" height=\"50\" src=\"https:\/\/imagenes.20minutos.es\/uploads\/imagenes\/2023\/10\/20\/whatsapp-logo.png\" alt=\"Doble Check\"> <\/div>\n<div class=\"texto-central\">\n<p><b>\u00a1Ya estamos en WhatsApp! <\/b>Si quieres recibir en tu m\u00f3vil toda la actualidad y las noticias m\u00e1s importantes del d\u00eda, <a class=\"enlace-whatsapp\" href=\"https:\/\/www.whatsapp.com\/channel\/0029VaBpla3G8l5CbpH86t3n\" target=\"_blank\"><b>pincha aqu\u00ed y \u00fanete a nuestro canal.<\/b><\/a> Es un sistema gratuito, c\u00f3modo y seguro.<\/p>\n<p><img loading=\"lazy\" decoding=\"async\" width=\"102\" height=\"20\" src=\"https:\/\/www.20minutos.es\/images\/logo-horizontal-20m.svg\" class=\"logo-20minutos\" alt=\"Logo de 20minutos\"> <\/div>\n<\/div>\n<\/div>\n<p>Fuente: Discapacidad https:\/\/www.20minutos.es\/salud\/actualidad\/claves-reforma-ley-discapacidad-obtener-certificado-requisitos-cumplir-5681782\/<\/p>\n","protected":false},"excerpt":{"rendered":"<p>Entre los cambios anunciados, las personas en situaci\u00f3n de dependencia obtendr\u00e1n el reconocimiento autom\u00e1tico del 33% de discapacidad.<\/p>\n","protected":false},"author":1,"featured_media":0,"comment_status":"closed","ping_status":"closed","sticky":false,"template":"","format":"standard","meta":{"footnotes":""},"categories":[8],"tags":[],"class_list":["post-10829","post","type-post","status-publish","format-standard","hentry","category-noticias"],"yoast_head":"<!-- This site is optimized with the Yoast SEO plugin v27.4 - https:\/\/yoast.com\/product\/yoast-seo-wordpress\/ -->\n<title>C\u00f3mo obtener el certificado de discapacidad y qu\u00e9 requisitos hay que cumplir tras la reforma de la ley - Asociaci\u00f3n Espa\u00f1ola S\u00edndrome de Charge<\/title>\n<meta name=\"robots\" content=\"index, follow, max-snippet:-1, max-image-preview:large, max-video-preview:-1\" \/>\n<link rel=\"canonical\" href=\"https:\/\/sindromecharge.es\/index.php\/2025\/02\/12\/claves-reforma-ley-discapacidad-obtener-certificado-requisitos-cumplir-5681782\/\" \/>\n<meta property=\"og:locale\" content=\"es_ES\" \/>\n<meta property=\"og:type\" content=\"article\" \/>\n<meta property=\"og:title\" content=\"C\u00f3mo obtener el certificado de discapacidad y qu\u00e9 requisitos hay que cumplir tras la reforma de la ley - Asociaci\u00f3n Espa\u00f1ola S\u00edndrome de Charge\" \/>\n<meta property=\"og:description\" content=\"Entre los cambios anunciados, las personas en situaci\u00f3n de dependencia obtendr\u00e1n el reconocimiento autom\u00e1tico del 33% de discapacidad.\" \/>\n<meta property=\"og:url\" content=\"https:\/\/sindromecharge.es\/index.php\/2025\/02\/12\/claves-reforma-ley-discapacidad-obtener-certificado-requisitos-cumplir-5681782\/\" \/>\n<meta property=\"og:site_name\" content=\"Asociaci\u00f3n Espa\u00f1ola S\u00edndrome de Charge\" \/>\n<meta property=\"article:publisher\" content=\"https:\/\/www.facebook.com\/asociacionsindromecharge\" \/>\n<meta property=\"article:published_time\" content=\"2025-02-12T16:04:04+00:00\" \/>\n<meta property=\"og:image\" content=\"https:\/\/imagenes.20minutos.es\/uploads\/imagenes\/2023\/10\/20\/whatsapp-logo.png\" \/>\n<meta name=\"author\" content=\"Charge\" \/>\n<meta name=\"twitter:card\" content=\"summary_large_image\" \/>\n<meta name=\"twitter:creator\" content=\"@sindromecharge\" \/>\n<meta name=\"twitter:site\" content=\"@sindromecharge\" \/>\n<meta name=\"twitter:label1\" content=\"Escrito por\" \/>\n\t<meta name=\"twitter:data1\" content=\"Charge\" \/>\n\t<meta name=\"twitter:label2\" content=\"Tiempo de lectura\" \/>\n\t<meta name=\"twitter:data2\" content=\"7 minutos\" \/>\n<script type=\"application\/ld+json\" class=\"yoast-schema-graph\">{\"@context\":\"https:\\\/\\\/schema.org\",\"@graph\":[{\"@type\":\"Article\",\"@id\":\"https:\\\/\\\/sindromecharge.es\\\/index.php\\\/2025\\\/02\\\/12\\\/claves-reforma-ley-discapacidad-obtener-certificado-requisitos-cumplir-5681782\\\/#article\",\"isPartOf\":{\"@id\":\"https:\\\/\\\/sindromecharge.es\\\/index.php\\\/2025\\\/02\\\/12\\\/claves-reforma-ley-discapacidad-obtener-certificado-requisitos-cumplir-5681782\\\/\"},\"author\":{\"name\":\"Charge\",\"@id\":\"https:\\\/\\\/sindromecharge.es\\\/#\\\/schema\\\/person\\\/39a60ebe0a2b4d5a11179701e336b039\"},\"headline\":\"C\u00f3mo obtener el certificado de discapacidad y qu\u00e9 requisitos hay que cumplir tras la reforma de la ley\",\"datePublished\":\"2025-02-12T16:04:04+00:00\",\"mainEntityOfPage\":{\"@id\":\"https:\\\/\\\/sindromecharge.es\\\/index.php\\\/2025\\\/02\\\/12\\\/claves-reforma-ley-discapacidad-obtener-certificado-requisitos-cumplir-5681782\\\/\"},\"wordCount\":1358,\"image\":{\"@id\":\"https:\\\/\\\/sindromecharge.es\\\/index.php\\\/2025\\\/02\\\/12\\\/claves-reforma-ley-discapacidad-obtener-certificado-requisitos-cumplir-5681782\\\/#primaryimage\"},\"thumbnailUrl\":\"https:\\\/\\\/imagenes.20minutos.es\\\/uploads\\\/imagenes\\\/2023\\\/10\\\/20\\\/whatsapp-logo.png\",\"articleSection\":[\"noticias\"],\"inLanguage\":\"es\"},{\"@type\":\"WebPage\",\"@id\":\"https:\\\/\\\/sindromecharge.es\\\/index.php\\\/2025\\\/02\\\/12\\\/claves-reforma-ley-discapacidad-obtener-certificado-requisitos-cumplir-5681782\\\/\",\"url\":\"https:\\\/\\\/sindromecharge.es\\\/index.php\\\/2025\\\/02\\\/12\\\/claves-reforma-ley-discapacidad-obtener-certificado-requisitos-cumplir-5681782\\\/\",\"name\":\"C\u00f3mo obtener el certificado de discapacidad y qu\u00e9 requisitos hay que cumplir tras la reforma de la ley - Asociaci\u00f3n Espa\u00f1ola S\u00edndrome de Charge\",\"isPartOf\":{\"@id\":\"https:\\\/\\\/sindromecharge.es\\\/#website\"},\"primaryImageOfPage\":{\"@id\":\"https:\\\/\\\/sindromecharge.es\\\/index.php\\\/2025\\\/02\\\/12\\\/claves-reforma-ley-discapacidad-obtener-certificado-requisitos-cumplir-5681782\\\/#primaryimage\"},\"image\":{\"@id\":\"https:\\\/\\\/sindromecharge.es\\\/index.php\\\/2025\\\/02\\\/12\\\/claves-reforma-ley-discapacidad-obtener-certificado-requisitos-cumplir-5681782\\\/#primaryimage\"},\"thumbnailUrl\":\"https:\\\/\\\/imagenes.20minutos.es\\\/uploads\\\/imagenes\\\/2023\\\/10\\\/20\\\/whatsapp-logo.png\",\"datePublished\":\"2025-02-12T16:04:04+00:00\",\"author\":{\"@id\":\"https:\\\/\\\/sindromecharge.es\\\/#\\\/schema\\\/person\\\/39a60ebe0a2b4d5a11179701e336b039\"},\"breadcrumb\":{\"@id\":\"https:\\\/\\\/sindromecharge.es\\\/index.php\\\/2025\\\/02\\\/12\\\/claves-reforma-ley-discapacidad-obtener-certificado-requisitos-cumplir-5681782\\\/#breadcrumb\"},\"inLanguage\":\"es\",\"potentialAction\":[{\"@type\":\"ReadAction\",\"target\":[\"https:\\\/\\\/sindromecharge.es\\\/index.php\\\/2025\\\/02\\\/12\\\/claves-reforma-ley-discapacidad-obtener-certificado-requisitos-cumplir-5681782\\\/\"]}]},{\"@type\":\"ImageObject\",\"inLanguage\":\"es\",\"@id\":\"https:\\\/\\\/sindromecharge.es\\\/index.php\\\/2025\\\/02\\\/12\\\/claves-reforma-ley-discapacidad-obtener-certificado-requisitos-cumplir-5681782\\\/#primaryimage\",\"url\":\"https:\\\/\\\/imagenes.20minutos.es\\\/uploads\\\/imagenes\\\/2023\\\/10\\\/20\\\/whatsapp-logo.png\",\"contentUrl\":\"https:\\\/\\\/imagenes.20minutos.es\\\/uploads\\\/imagenes\\\/2023\\\/10\\\/20\\\/whatsapp-logo.png\"},{\"@type\":\"BreadcrumbList\",\"@id\":\"https:\\\/\\\/sindromecharge.es\\\/index.php\\\/2025\\\/02\\\/12\\\/claves-reforma-ley-discapacidad-obtener-certificado-requisitos-cumplir-5681782\\\/#breadcrumb\",\"itemListElement\":[{\"@type\":\"ListItem\",\"position\":1,\"name\":\"Portada\",\"item\":\"https:\\\/\\\/sindromecharge.es\\\/\"},{\"@type\":\"ListItem\",\"position\":2,\"name\":\"C\u00f3mo obtener el certificado de discapacidad y qu\u00e9 requisitos hay que cumplir tras la reforma de la ley\"}]},{\"@type\":\"WebSite\",\"@id\":\"https:\\\/\\\/sindromecharge.es\\\/#website\",\"url\":\"https:\\\/\\\/sindromecharge.es\\\/\",\"name\":\"Asociaci\u00f3n Espa\u00f1ola S\u00edndrome de Charge\",\"description\":\"\",\"potentialAction\":[{\"@type\":\"SearchAction\",\"target\":{\"@type\":\"EntryPoint\",\"urlTemplate\":\"https:\\\/\\\/sindromecharge.es\\\/?s={search_term_string}\"},\"query-input\":{\"@type\":\"PropertyValueSpecification\",\"valueRequired\":true,\"valueName\":\"search_term_string\"}}],\"inLanguage\":\"es\"},{\"@type\":\"Person\",\"@id\":\"https:\\\/\\\/sindromecharge.es\\\/#\\\/schema\\\/person\\\/39a60ebe0a2b4d5a11179701e336b039\",\"name\":\"Charge\",\"image\":{\"@type\":\"ImageObject\",\"inLanguage\":\"es\",\"@id\":\"https:\\\/\\\/secure.gravatar.com\\\/avatar\\\/c3b46e32a0fc3b093a0873fb767bf3293de856293065e84ef06b7ec7a8acfb98?s=96&d=identicon&r=x\",\"url\":\"https:\\\/\\\/secure.gravatar.com\\\/avatar\\\/c3b46e32a0fc3b093a0873fb767bf3293de856293065e84ef06b7ec7a8acfb98?s=96&d=identicon&r=x\",\"contentUrl\":\"https:\\\/\\\/secure.gravatar.com\\\/avatar\\\/c3b46e32a0fc3b093a0873fb767bf3293de856293065e84ef06b7ec7a8acfb98?s=96&d=identicon&r=x\",\"caption\":\"Charge\"},\"url\":\"https:\\\/\\\/sindromecharge.es\\\/index.php\\\/author\\\/admin\\\/\"}]}<\/script>\n<!-- \/ Yoast SEO plugin. -->","yoast_head_json":{"title":"C\u00f3mo obtener el certificado de discapacidad y qu\u00e9 requisitos hay que cumplir tras la reforma de la ley - Asociaci\u00f3n Espa\u00f1ola S\u00edndrome de Charge","robots":{"index":"index","follow":"follow","max-snippet":"max-snippet:-1","max-image-preview":"max-image-preview:large","max-video-preview":"max-video-preview:-1"},"canonical":"https:\/\/sindromecharge.es\/index.php\/2025\/02\/12\/claves-reforma-ley-discapacidad-obtener-certificado-requisitos-cumplir-5681782\/","og_locale":"es_ES","og_type":"article","og_title":"C\u00f3mo obtener el certificado de discapacidad y qu\u00e9 requisitos hay que cumplir tras la reforma de la ley - Asociaci\u00f3n Espa\u00f1ola S\u00edndrome de Charge","og_description":"Entre los cambios anunciados, las personas en situaci\u00f3n de dependencia obtendr\u00e1n el reconocimiento autom\u00e1tico del 33% de discapacidad.","og_url":"https:\/\/sindromecharge.es\/index.php\/2025\/02\/12\/claves-reforma-ley-discapacidad-obtener-certificado-requisitos-cumplir-5681782\/","og_site_name":"Asociaci\u00f3n Espa\u00f1ola S\u00edndrome de Charge","article_publisher":"https:\/\/www.facebook.com\/asociacionsindromecharge","article_published_time":"2025-02-12T16:04:04+00:00","og_image":[{"url":"https:\/\/imagenes.20minutos.es\/uploads\/imagenes\/2023\/10\/20\/whatsapp-logo.png","type":"","width":"","height":""}],"author":"Charge","twitter_card":"summary_large_image","twitter_creator":"@sindromecharge","twitter_site":"@sindromecharge","twitter_misc":{"Escrito por":"Charge","Tiempo de lectura":"7 minutos"},"schema":{"@context":"https:\/\/schema.org","@graph":[{"@type":"Article","@id":"https:\/\/sindromecharge.es\/index.php\/2025\/02\/12\/claves-reforma-ley-discapacidad-obtener-certificado-requisitos-cumplir-5681782\/#article","isPartOf":{"@id":"https:\/\/sindromecharge.es\/index.php\/2025\/02\/12\/claves-reforma-ley-discapacidad-obtener-certificado-requisitos-cumplir-5681782\/"},"author":{"name":"Charge","@id":"https:\/\/sindromecharge.es\/#\/schema\/person\/39a60ebe0a2b4d5a11179701e336b039"},"headline":"C\u00f3mo obtener el certificado de discapacidad y qu\u00e9 requisitos hay que cumplir tras la reforma de la ley","datePublished":"2025-02-12T16:04:04+00:00","mainEntityOfPage":{"@id":"https:\/\/sindromecharge.es\/index.php\/2025\/02\/12\/claves-reforma-ley-discapacidad-obtener-certificado-requisitos-cumplir-5681782\/"},"wordCount":1358,"image":{"@id":"https:\/\/sindromecharge.es\/index.php\/2025\/02\/12\/claves-reforma-ley-discapacidad-obtener-certificado-requisitos-cumplir-5681782\/#primaryimage"},"thumbnailUrl":"https:\/\/imagenes.20minutos.es\/uploads\/imagenes\/2023\/10\/20\/whatsapp-logo.png","articleSection":["noticias"],"inLanguage":"es"},{"@type":"WebPage","@id":"https:\/\/sindromecharge.es\/index.php\/2025\/02\/12\/claves-reforma-ley-discapacidad-obtener-certificado-requisitos-cumplir-5681782\/","url":"https:\/\/sindromecharge.es\/index.php\/2025\/02\/12\/claves-reforma-ley-discapacidad-obtener-certificado-requisitos-cumplir-5681782\/","name":"C\u00f3mo obtener el certificado de discapacidad y qu\u00e9 requisitos hay que cumplir tras la reforma de la ley - Asociaci\u00f3n Espa\u00f1ola S\u00edndrome de Charge","isPartOf":{"@id":"https:\/\/sindromecharge.es\/#website"},"primaryImageOfPage":{"@id":"https:\/\/sindromecharge.es\/index.php\/2025\/02\/12\/claves-reforma-ley-discapacidad-obtener-certificado-requisitos-cumplir-5681782\/#primaryimage"},"image":{"@id":"https:\/\/sindromecharge.es\/index.php\/2025\/02\/12\/claves-reforma-ley-discapacidad-obtener-certificado-requisitos-cumplir-5681782\/#primaryimage"},"thumbnailUrl":"https:\/\/imagenes.20minutos.es\/uploads\/imagenes\/2023\/10\/20\/whatsapp-logo.png","datePublished":"2025-02-12T16:04:04+00:00","author":{"@id":"https:\/\/sindromecharge.es\/#\/schema\/person\/39a60ebe0a2b4d5a11179701e336b039"},"breadcrumb":{"@id":"https:\/\/sindromecharge.es\/index.php\/2025\/02\/12\/claves-reforma-ley-discapacidad-obtener-certificado-requisitos-cumplir-5681782\/#breadcrumb"},"inLanguage":"es","potentialAction":[{"@type":"ReadAction","target":["https:\/\/sindromecharge.es\/index.php\/2025\/02\/12\/claves-reforma-ley-discapacidad-obtener-certificado-requisitos-cumplir-5681782\/"]}]},{"@type":"ImageObject","inLanguage":"es","@id":"https:\/\/sindromecharge.es\/index.php\/2025\/02\/12\/claves-reforma-ley-discapacidad-obtener-certificado-requisitos-cumplir-5681782\/#primaryimage","url":"https:\/\/imagenes.20minutos.es\/uploads\/imagenes\/2023\/10\/20\/whatsapp-logo.png","contentUrl":"https:\/\/imagenes.20minutos.es\/uploads\/imagenes\/2023\/10\/20\/whatsapp-logo.png"},{"@type":"BreadcrumbList","@id":"https:\/\/sindromecharge.es\/index.php\/2025\/02\/12\/claves-reforma-ley-discapacidad-obtener-certificado-requisitos-cumplir-5681782\/#breadcrumb","itemListElement":[{"@type":"ListItem","position":1,"name":"Portada","item":"https:\/\/sindromecharge.es\/"},{"@type":"ListItem","position":2,"name":"C\u00f3mo obtener el certificado de discapacidad y qu\u00e9 requisitos hay que cumplir tras la reforma de la ley"}]},{"@type":"WebSite","@id":"https:\/\/sindromecharge.es\/#website","url":"https:\/\/sindromecharge.es\/","name":"Asociaci\u00f3n Espa\u00f1ola S\u00edndrome de Charge","description":"","potentialAction":[{"@type":"SearchAction","target":{"@type":"EntryPoint","urlTemplate":"https:\/\/sindromecharge.es\/?s={search_term_string}"},"query-input":{"@type":"PropertyValueSpecification","valueRequired":true,"valueName":"search_term_string"}}],"inLanguage":"es"},{"@type":"Person","@id":"https:\/\/sindromecharge.es\/#\/schema\/person\/39a60ebe0a2b4d5a11179701e336b039","name":"Charge","image":{"@type":"ImageObject","inLanguage":"es","@id":"https:\/\/secure.gravatar.com\/avatar\/c3b46e32a0fc3b093a0873fb767bf3293de856293065e84ef06b7ec7a8acfb98?s=96&d=identicon&r=x","url":"https:\/\/secure.gravatar.com\/avatar\/c3b46e32a0fc3b093a0873fb767bf3293de856293065e84ef06b7ec7a8acfb98?s=96&d=identicon&r=x","contentUrl":"https:\/\/secure.gravatar.com\/avatar\/c3b46e32a0fc3b093a0873fb767bf3293de856293065e84ef06b7ec7a8acfb98?s=96&d=identicon&r=x","caption":"Charge"},"url":"https:\/\/sindromecharge.es\/index.php\/author\/admin\/"}]}},"_links":{"self":[{"href":"https:\/\/sindromecharge.es\/index.php\/wp-json\/wp\/v2\/posts\/10829","targetHints":{"allow":["GET"]}}],"collection":[{"href":"https:\/\/sindromecharge.es\/index.php\/wp-json\/wp\/v2\/posts"}],"about":[{"href":"https:\/\/sindromecharge.es\/index.php\/wp-json\/wp\/v2\/types\/post"}],"author":[{"embeddable":true,"href":"https:\/\/sindromecharge.es\/index.php\/wp-json\/wp\/v2\/users\/1"}],"replies":[{"embeddable":true,"href":"https:\/\/sindromecharge.es\/index.php\/wp-json\/wp\/v2\/comments?post=10829"}],"version-history":[{"count":0,"href":"https:\/\/sindromecharge.es\/index.php\/wp-json\/wp\/v2\/posts\/10829\/revisions"}],"wp:attachment":[{"href":"https:\/\/sindromecharge.es\/index.php\/wp-json\/wp\/v2\/media?parent=10829"}],"wp:term":[{"taxonomy":"category","embeddable":true,"href":"https:\/\/sindromecharge.es\/index.php\/wp-json\/wp\/v2\/categories?post=10829"},{"taxonomy":"post_tag","embeddable":true,"href":"https:\/\/sindromecharge.es\/index.php\/wp-json\/wp\/v2\/tags?post=10829"}],"curies":[{"name":"wp","href":"https:\/\/api.w.org\/{rel}","templated":true}]}}