{"id":10826,"date":"2025-02-12T06:35:55","date_gmt":"2025-02-12T06:35:55","guid":{"rendered":"https:\/\/sindromecharge.es\/index.php\/2025\/02\/12\/discapacidad-oposiciones-congreso-tramitara-cambiar-las-oposiciones-para-personas-con-discapacidad-intelectual\/"},"modified":"2025-02-12T06:35:55","modified_gmt":"2025-02-12T06:35:55","slug":"discapacidad-oposiciones-congreso-tramitara-cambiar-las-oposiciones-para-personas-con-discapacidad-intelectual","status":"publish","type":"post","link":"https:\/\/sindromecharge.es\/index.php\/2025\/02\/12\/discapacidad-oposiciones-congreso-tramitara-cambiar-las-oposiciones-para-personas-con-discapacidad-intelectual\/","title":{"rendered":"El Congreso tramitar\u00e1 que las oposiciones para personas con discapacidad intelectual sean m\u00e1s pr\u00e1cticas"},"content":{"rendered":"<p>Leemos en Discapacidad la siguiente noticia que os reproducimos de forma \u00edntegra: <\/p>\n<div>\n<p>El Congreso de los Diputados ha aprobado este martes tramitar una propuesta de ley del Parlamento andaluz para<b> cambiar las oposiciones para personas con <a href=\"https:\/\/www.20minutos.es\/minuteca\/discapacidad-intelectual\/\" title=\"Discapacidad intelectual\" target=\"_blank\">discapacidad intelectual<\/a><\/b>, con el objetivo de que sus ex\u00e1menes<b> valoren sus habilidades pr\u00e1cticas<\/b> en lugar de basarse en pruebas te\u00f3ricas.<\/p>\n<p>Todos los grupos parlamentarios han apoyado la toma en consideraci\u00f3n de esta propuesta, que tambi\u00e9n logr\u00f3 la unanimidad en la c\u00e1mara andaluza y que plantea<b> modificar el Estatuto B\u00e1sico del Empleado P\u00fablico<\/b>.<\/p>\n<p>La diputada Esperanza G\u00f3mez, de Por Andaluc\u00eda, ha sido una de las encargadas de defender la iniciativa, quien ha pedido a los parlamentario<b>s \u00abponerse en la piel\u00bb de las personas con<a href=\"https:\/\/www.20minutos.es\/minuteca\/discapacidad-intelectual\/\" title=\"Discapacidad intelectual\" target=\"_blank\"> discapacidad intelectual<\/a><\/b>.<\/p>\n<p>\u00abNo es el sistema m\u00e1s c\u00f3modo, ni el m\u00e1s f\u00e1cil, pero s\u00ed el m\u00e1s justo y el \u00fanico capaz de medir sus competencias reales\u00bb, ha enunciado.<\/p>\n<p>La diputada socialista andaluza Pilar Navarro tambi\u00e9n ha expuesto en la C\u00e1mara Baja que esta iniciativa \u00abpuede cambiar la vida de muchas personas en nuestro pa\u00eds\u00bb, as\u00ed como permitir que la sociedad \u00absiga avanzando y profundizando en el <b>principio de igualdad<\/b>\u00ab.<\/p>\n<p>Por su parte, Antonio Mart\u00edn, diputado del PP andaluz, ha puesto en valor el \u00abconsenso\u00bb logrado por la propuesta en Andaluc\u00eda y ha defendido el acuerdo de iniciativas con los grupos pol\u00edticos minoritarios \u00absin trincheras ideol\u00f3gicas ni sectarismos\u00bb.<\/p>\n<p>Durante el turno de fijaci\u00f3n de posiciones, la parlamentaria nacional del PP Lourdes Ram\u00edrez ha defendido que su partido es \u00abel gran defensor de los derechos de las personas con discapacidad\u00bb y ha acusado al Gobierno de \u00aboptar por la pasividad\u00bb.<\/p>\n<p>En esta l\u00ednea, Vox, que tambi\u00e9n ha votado a favor, ha denunciado que el Gobierno no se preocupa por el bienestar de los espa\u00f1oles.<\/p>\n<p>Por su parte, el diputado del PSOE Jos\u00e9 Losada ha reconocido que el contexto social actual <b>\u00abdemanda pol\u00edticas p\u00fablicas m\u00e1s inclusivas<\/b>, poniendo el foco en la eliminaci\u00f3n de barreras de acceso\u00bb, y ha exigido \u00abevolucionar hacia una administraci\u00f3n m\u00e1s cercana\u00bb.<\/p>\n<p>Sumar ha celebrado la iniciativa, pero ha apuntado que existen otras discapacidades m\u00e1s all\u00e1 de la intelectual que tambi\u00e9n necesitan adaptaciones en los procesos selectivos. <b>\u00abEl empleo es un pilar esencial para poder construir un proyecto de vida\u00bb<\/b>, ha subrayado la diputada Engracia Rivera.<\/p>\n<p>Desde Podemos, Martina Velarde ha justificado su apoyo en la voluntad de su partido por \u00ab<b>universalizar derechos<\/b>\u00ab. \u00abEs algo que nos mejora como sociedad y como democracia\u00bb, ha reivindicado Velarde, quien ha hecho hincapi\u00e9 en la importancia de ejecutar la remodelaci\u00f3n, m\u00e1s all\u00e1 de aprobarla.<\/p>\n<p>Por otro lado, el PNV ha asegurado que estas pruebas ya se vienen realizando en distintas administraciones p\u00fablicas y ha propuesto modificar el art\u00edculo 59 del Estatuto B\u00e1sico en vez de en el 61.<\/p>\n<\/div>\n<p>Fuente: Discapacidad https:\/\/www.20minutos.es\/noticia\/5681552\/0\/discapacidad-oposiciones-congreso-tramitara-cambiar-las-oposiciones-para-personas-con-discapacidad-intelectual\/<\/p>\n","protected":false},"excerpt":{"rendered":"<p>La idea es que en los ex\u00e1menes valoren sus habilidades pr\u00e1cticas en lugar de basarse en pruebas te\u00f3ricas.<\/p>\n","protected":false},"author":1,"featured_media":0,"comment_status":"closed","ping_status":"closed","sticky":false,"template":"","format":"standard","meta":{"footnotes":""},"categories":[8],"tags":[],"class_list":["post-10826","post","type-post","status-publish","format-standard","hentry","category-noticias"],"yoast_head":"<!-- This site is optimized with the Yoast SEO plugin v27.4 - https:\/\/yoast.com\/product\/yoast-seo-wordpress\/ -->\n<title>El Congreso tramitar\u00e1 que las oposiciones para personas con discapacidad intelectual sean m\u00e1s pr\u00e1cticas - Asociaci\u00f3n Espa\u00f1ola S\u00edndrome de Charge<\/title>\n<meta name=\"robots\" content=\"index, follow, max-snippet:-1, max-image-preview:large, max-video-preview:-1\" \/>\n<link rel=\"canonical\" href=\"https:\/\/sindromecharge.es\/index.php\/2025\/02\/12\/discapacidad-oposiciones-congreso-tramitara-cambiar-las-oposiciones-para-personas-con-discapacidad-intelectual\/\" \/>\n<meta property=\"og:locale\" content=\"es_ES\" \/>\n<meta property=\"og:type\" content=\"article\" \/>\n<meta property=\"og:title\" content=\"El Congreso tramitar\u00e1 que las oposiciones para personas con discapacidad intelectual sean m\u00e1s pr\u00e1cticas - Asociaci\u00f3n Espa\u00f1ola S\u00edndrome de Charge\" \/>\n<meta property=\"og:description\" content=\"La idea es que en los ex\u00e1menes valoren sus habilidades pr\u00e1cticas en lugar de basarse en pruebas te\u00f3ricas.\" \/>\n<meta property=\"og:url\" content=\"https:\/\/sindromecharge.es\/index.php\/2025\/02\/12\/discapacidad-oposiciones-congreso-tramitara-cambiar-las-oposiciones-para-personas-con-discapacidad-intelectual\/\" \/>\n<meta property=\"og:site_name\" content=\"Asociaci\u00f3n Espa\u00f1ola S\u00edndrome de Charge\" \/>\n<meta property=\"article:publisher\" content=\"https:\/\/www.facebook.com\/asociacionsindromecharge\" \/>\n<meta property=\"article:published_time\" content=\"2025-02-12T06:35:55+00:00\" \/>\n<meta property=\"og:image\" content=\"https:\/\/sindromecharge.es\/wp-content\/uploads\/2013\/09\/logodecharge300x98.png\" \/>\n\t<meta property=\"og:image:width\" content=\"300\" \/>\n\t<meta property=\"og:image:height\" content=\"98\" \/>\n\t<meta property=\"og:image:type\" content=\"image\/png\" \/>\n<meta name=\"author\" content=\"Charge\" \/>\n<meta name=\"twitter:card\" content=\"summary_large_image\" \/>\n<meta name=\"twitter:creator\" content=\"@sindromecharge\" \/>\n<meta name=\"twitter:site\" content=\"@sindromecharge\" \/>\n<meta name=\"twitter:label1\" content=\"Escrito por\" \/>\n\t<meta name=\"twitter:data1\" content=\"Charge\" \/>\n\t<meta name=\"twitter:label2\" content=\"Tiempo de lectura\" \/>\n\t<meta name=\"twitter:data2\" content=\"3 minutos\" \/>\n<script type=\"application\/ld+json\" class=\"yoast-schema-graph\">{\"@context\":\"https:\\\/\\\/schema.org\",\"@graph\":[{\"@type\":\"Article\",\"@id\":\"https:\\\/\\\/sindromecharge.es\\\/index.php\\\/2025\\\/02\\\/12\\\/discapacidad-oposiciones-congreso-tramitara-cambiar-las-oposiciones-para-personas-con-discapacidad-intelectual\\\/#article\",\"isPartOf\":{\"@id\":\"https:\\\/\\\/sindromecharge.es\\\/index.php\\\/2025\\\/02\\\/12\\\/discapacidad-oposiciones-congreso-tramitara-cambiar-las-oposiciones-para-personas-con-discapacidad-intelectual\\\/\"},\"author\":{\"name\":\"Charge\",\"@id\":\"https:\\\/\\\/sindromecharge.es\\\/#\\\/schema\\\/person\\\/39a60ebe0a2b4d5a11179701e336b039\"},\"headline\":\"El Congreso tramitar\u00e1 que las oposiciones para personas con discapacidad intelectual sean m\u00e1s pr\u00e1cticas\",\"datePublished\":\"2025-02-12T06:35:55+00:00\",\"mainEntityOfPage\":{\"@id\":\"https:\\\/\\\/sindromecharge.es\\\/index.php\\\/2025\\\/02\\\/12\\\/discapacidad-oposiciones-congreso-tramitara-cambiar-las-oposiciones-para-personas-con-discapacidad-intelectual\\\/\"},\"wordCount\":516,\"articleSection\":[\"noticias\"],\"inLanguage\":\"es\"},{\"@type\":\"WebPage\",\"@id\":\"https:\\\/\\\/sindromecharge.es\\\/index.php\\\/2025\\\/02\\\/12\\\/discapacidad-oposiciones-congreso-tramitara-cambiar-las-oposiciones-para-personas-con-discapacidad-intelectual\\\/\",\"url\":\"https:\\\/\\\/sindromecharge.es\\\/index.php\\\/2025\\\/02\\\/12\\\/discapacidad-oposiciones-congreso-tramitara-cambiar-las-oposiciones-para-personas-con-discapacidad-intelectual\\\/\",\"name\":\"El Congreso tramitar\u00e1 que las oposiciones para personas con discapacidad intelectual sean m\u00e1s pr\u00e1cticas - Asociaci\u00f3n Espa\u00f1ola S\u00edndrome de Charge\",\"isPartOf\":{\"@id\":\"https:\\\/\\\/sindromecharge.es\\\/#website\"},\"datePublished\":\"2025-02-12T06:35:55+00:00\",\"author\":{\"@id\":\"https:\\\/\\\/sindromecharge.es\\\/#\\\/schema\\\/person\\\/39a60ebe0a2b4d5a11179701e336b039\"},\"breadcrumb\":{\"@id\":\"https:\\\/\\\/sindromecharge.es\\\/index.php\\\/2025\\\/02\\\/12\\\/discapacidad-oposiciones-congreso-tramitara-cambiar-las-oposiciones-para-personas-con-discapacidad-intelectual\\\/#breadcrumb\"},\"inLanguage\":\"es\",\"potentialAction\":[{\"@type\":\"ReadAction\",\"target\":[\"https:\\\/\\\/sindromecharge.es\\\/index.php\\\/2025\\\/02\\\/12\\\/discapacidad-oposiciones-congreso-tramitara-cambiar-las-oposiciones-para-personas-con-discapacidad-intelectual\\\/\"]}]},{\"@type\":\"BreadcrumbList\",\"@id\":\"https:\\\/\\\/sindromecharge.es\\\/index.php\\\/2025\\\/02\\\/12\\\/discapacidad-oposiciones-congreso-tramitara-cambiar-las-oposiciones-para-personas-con-discapacidad-intelectual\\\/#breadcrumb\",\"itemListElement\":[{\"@type\":\"ListItem\",\"position\":1,\"name\":\"Portada\",\"item\":\"https:\\\/\\\/sindromecharge.es\\\/\"},{\"@type\":\"ListItem\",\"position\":2,\"name\":\"El Congreso tramitar\u00e1 que las oposiciones para personas con discapacidad intelectual sean m\u00e1s pr\u00e1cticas\"}]},{\"@type\":\"WebSite\",\"@id\":\"https:\\\/\\\/sindromecharge.es\\\/#website\",\"url\":\"https:\\\/\\\/sindromecharge.es\\\/\",\"name\":\"Asociaci\u00f3n Espa\u00f1ola S\u00edndrome de Charge\",\"description\":\"\",\"potentialAction\":[{\"@type\":\"SearchAction\",\"target\":{\"@type\":\"EntryPoint\",\"urlTemplate\":\"https:\\\/\\\/sindromecharge.es\\\/?s={search_term_string}\"},\"query-input\":{\"@type\":\"PropertyValueSpecification\",\"valueRequired\":true,\"valueName\":\"search_term_string\"}}],\"inLanguage\":\"es\"},{\"@type\":\"Person\",\"@id\":\"https:\\\/\\\/sindromecharge.es\\\/#\\\/schema\\\/person\\\/39a60ebe0a2b4d5a11179701e336b039\",\"name\":\"Charge\",\"image\":{\"@type\":\"ImageObject\",\"inLanguage\":\"es\",\"@id\":\"https:\\\/\\\/secure.gravatar.com\\\/avatar\\\/c3b46e32a0fc3b093a0873fb767bf3293de856293065e84ef06b7ec7a8acfb98?s=96&d=identicon&r=x\",\"url\":\"https:\\\/\\\/secure.gravatar.com\\\/avatar\\\/c3b46e32a0fc3b093a0873fb767bf3293de856293065e84ef06b7ec7a8acfb98?s=96&d=identicon&r=x\",\"contentUrl\":\"https:\\\/\\\/secure.gravatar.com\\\/avatar\\\/c3b46e32a0fc3b093a0873fb767bf3293de856293065e84ef06b7ec7a8acfb98?s=96&d=identicon&r=x\",\"caption\":\"Charge\"},\"url\":\"https:\\\/\\\/sindromecharge.es\\\/index.php\\\/author\\\/admin\\\/\"}]}<\/script>\n<!-- \/ Yoast SEO plugin. -->","yoast_head_json":{"title":"El Congreso tramitar\u00e1 que las oposiciones para personas con discapacidad intelectual sean m\u00e1s pr\u00e1cticas - Asociaci\u00f3n Espa\u00f1ola S\u00edndrome de Charge","robots":{"index":"index","follow":"follow","max-snippet":"max-snippet:-1","max-image-preview":"max-image-preview:large","max-video-preview":"max-video-preview:-1"},"canonical":"https:\/\/sindromecharge.es\/index.php\/2025\/02\/12\/discapacidad-oposiciones-congreso-tramitara-cambiar-las-oposiciones-para-personas-con-discapacidad-intelectual\/","og_locale":"es_ES","og_type":"article","og_title":"El Congreso tramitar\u00e1 que las oposiciones para personas con discapacidad intelectual sean m\u00e1s pr\u00e1cticas - Asociaci\u00f3n Espa\u00f1ola S\u00edndrome de Charge","og_description":"La idea es que en los ex\u00e1menes valoren sus habilidades pr\u00e1cticas en lugar de basarse en pruebas te\u00f3ricas.","og_url":"https:\/\/sindromecharge.es\/index.php\/2025\/02\/12\/discapacidad-oposiciones-congreso-tramitara-cambiar-las-oposiciones-para-personas-con-discapacidad-intelectual\/","og_site_name":"Asociaci\u00f3n Espa\u00f1ola S\u00edndrome de Charge","article_publisher":"https:\/\/www.facebook.com\/asociacionsindromecharge","article_published_time":"2025-02-12T06:35:55+00:00","og_image":[{"width":300,"height":98,"url":"https:\/\/sindromecharge.es\/wp-content\/uploads\/2013\/09\/logodecharge300x98.png","type":"image\/png"}],"author":"Charge","twitter_card":"summary_large_image","twitter_creator":"@sindromecharge","twitter_site":"@sindromecharge","twitter_misc":{"Escrito por":"Charge","Tiempo de lectura":"3 minutos"},"schema":{"@context":"https:\/\/schema.org","@graph":[{"@type":"Article","@id":"https:\/\/sindromecharge.es\/index.php\/2025\/02\/12\/discapacidad-oposiciones-congreso-tramitara-cambiar-las-oposiciones-para-personas-con-discapacidad-intelectual\/#article","isPartOf":{"@id":"https:\/\/sindromecharge.es\/index.php\/2025\/02\/12\/discapacidad-oposiciones-congreso-tramitara-cambiar-las-oposiciones-para-personas-con-discapacidad-intelectual\/"},"author":{"name":"Charge","@id":"https:\/\/sindromecharge.es\/#\/schema\/person\/39a60ebe0a2b4d5a11179701e336b039"},"headline":"El Congreso tramitar\u00e1 que las oposiciones para personas con discapacidad intelectual sean m\u00e1s pr\u00e1cticas","datePublished":"2025-02-12T06:35:55+00:00","mainEntityOfPage":{"@id":"https:\/\/sindromecharge.es\/index.php\/2025\/02\/12\/discapacidad-oposiciones-congreso-tramitara-cambiar-las-oposiciones-para-personas-con-discapacidad-intelectual\/"},"wordCount":516,"articleSection":["noticias"],"inLanguage":"es"},{"@type":"WebPage","@id":"https:\/\/sindromecharge.es\/index.php\/2025\/02\/12\/discapacidad-oposiciones-congreso-tramitara-cambiar-las-oposiciones-para-personas-con-discapacidad-intelectual\/","url":"https:\/\/sindromecharge.es\/index.php\/2025\/02\/12\/discapacidad-oposiciones-congreso-tramitara-cambiar-las-oposiciones-para-personas-con-discapacidad-intelectual\/","name":"El Congreso tramitar\u00e1 que las oposiciones para personas con discapacidad intelectual sean m\u00e1s pr\u00e1cticas - Asociaci\u00f3n Espa\u00f1ola S\u00edndrome de Charge","isPartOf":{"@id":"https:\/\/sindromecharge.es\/#website"},"datePublished":"2025-02-12T06:35:55+00:00","author":{"@id":"https:\/\/sindromecharge.es\/#\/schema\/person\/39a60ebe0a2b4d5a11179701e336b039"},"breadcrumb":{"@id":"https:\/\/sindromecharge.es\/index.php\/2025\/02\/12\/discapacidad-oposiciones-congreso-tramitara-cambiar-las-oposiciones-para-personas-con-discapacidad-intelectual\/#breadcrumb"},"inLanguage":"es","potentialAction":[{"@type":"ReadAction","target":["https:\/\/sindromecharge.es\/index.php\/2025\/02\/12\/discapacidad-oposiciones-congreso-tramitara-cambiar-las-oposiciones-para-personas-con-discapacidad-intelectual\/"]}]},{"@type":"BreadcrumbList","@id":"https:\/\/sindromecharge.es\/index.php\/2025\/02\/12\/discapacidad-oposiciones-congreso-tramitara-cambiar-las-oposiciones-para-personas-con-discapacidad-intelectual\/#breadcrumb","itemListElement":[{"@type":"ListItem","position":1,"name":"Portada","item":"https:\/\/sindromecharge.es\/"},{"@type":"ListItem","position":2,"name":"El Congreso tramitar\u00e1 que las oposiciones para personas con discapacidad intelectual sean m\u00e1s pr\u00e1cticas"}]},{"@type":"WebSite","@id":"https:\/\/sindromecharge.es\/#website","url":"https:\/\/sindromecharge.es\/","name":"Asociaci\u00f3n Espa\u00f1ola S\u00edndrome de Charge","description":"","potentialAction":[{"@type":"SearchAction","target":{"@type":"EntryPoint","urlTemplate":"https:\/\/sindromecharge.es\/?s={search_term_string}"},"query-input":{"@type":"PropertyValueSpecification","valueRequired":true,"valueName":"search_term_string"}}],"inLanguage":"es"},{"@type":"Person","@id":"https:\/\/sindromecharge.es\/#\/schema\/person\/39a60ebe0a2b4d5a11179701e336b039","name":"Charge","image":{"@type":"ImageObject","inLanguage":"es","@id":"https:\/\/secure.gravatar.com\/avatar\/c3b46e32a0fc3b093a0873fb767bf3293de856293065e84ef06b7ec7a8acfb98?s=96&d=identicon&r=x","url":"https:\/\/secure.gravatar.com\/avatar\/c3b46e32a0fc3b093a0873fb767bf3293de856293065e84ef06b7ec7a8acfb98?s=96&d=identicon&r=x","contentUrl":"https:\/\/secure.gravatar.com\/avatar\/c3b46e32a0fc3b093a0873fb767bf3293de856293065e84ef06b7ec7a8acfb98?s=96&d=identicon&r=x","caption":"Charge"},"url":"https:\/\/sindromecharge.es\/index.php\/author\/admin\/"}]}},"_links":{"self":[{"href":"https:\/\/sindromecharge.es\/index.php\/wp-json\/wp\/v2\/posts\/10826","targetHints":{"allow":["GET"]}}],"collection":[{"href":"https:\/\/sindromecharge.es\/index.php\/wp-json\/wp\/v2\/posts"}],"about":[{"href":"https:\/\/sindromecharge.es\/index.php\/wp-json\/wp\/v2\/types\/post"}],"author":[{"embeddable":true,"href":"https:\/\/sindromecharge.es\/index.php\/wp-json\/wp\/v2\/users\/1"}],"replies":[{"embeddable":true,"href":"https:\/\/sindromecharge.es\/index.php\/wp-json\/wp\/v2\/comments?post=10826"}],"version-history":[{"count":0,"href":"https:\/\/sindromecharge.es\/index.php\/wp-json\/wp\/v2\/posts\/10826\/revisions"}],"wp:attachment":[{"href":"https:\/\/sindromecharge.es\/index.php\/wp-json\/wp\/v2\/media?parent=10826"}],"wp:term":[{"taxonomy":"category","embeddable":true,"href":"https:\/\/sindromecharge.es\/index.php\/wp-json\/wp\/v2\/categories?post=10826"},{"taxonomy":"post_tag","embeddable":true,"href":"https:\/\/sindromecharge.es\/index.php\/wp-json\/wp\/v2\/tags?post=10826"}],"curies":[{"name":"wp","href":"https:\/\/api.w.org\/{rel}","templated":true}]}}