{"id":10824,"date":"2025-02-12T04:01:27","date_gmt":"2025-02-12T04:01:27","guid":{"rendered":"https:\/\/sindromecharge.es\/index.php\/2025\/02\/12\/sector-dependencia-cifra-100-000-los-profesionales-necesarios-para-cuidar-los-baby-boomers-las-residencias-no-somos-hospitales\/"},"modified":"2025-02-12T04:01:27","modified_gmt":"2025-02-12T04:01:27","slug":"sector-dependencia-cifra-100-000-los-profesionales-necesarios-para-cuidar-los-baby-boomers-las-residencias-no-somos-hospitales","status":"publish","type":"post","link":"https:\/\/sindromecharge.es\/index.php\/2025\/02\/12\/sector-dependencia-cifra-100-000-los-profesionales-necesarios-para-cuidar-los-baby-boomers-las-residencias-no-somos-hospitales\/","title":{"rendered":"El sector de la dependencia cifra en 100.000 los profesionales necesarios para los &#8216;baby boomers&#8217;: \u00abLas residencias no son hospitales\u00bb"},"content":{"rendered":"<p>Leemos en Discapacidad la siguiente noticia que os reproducimos de forma \u00edntegra: <\/p>\n<div>\n<p>\u00abEl <b>sector de los cuidados enfrenta una crisis estructural agravada<\/b> por la falta de financiaci\u00f3n adecuada, la escasez de personal cualificado, la falta de medidas coordinadas a nivel estatal que permitan un acceso directo e inmediato de las personas a los servicios y las desigualdades entre comunidades aut\u00f3nomas en la aplicaci\u00f3n de la <a href=\"https:\/\/www.20minutos.es\/minuteca\/ley-de-dependencia\/\" title=\"Ley de Dependencia\"><b>Ley de Dependencia<\/b><\/a> y en los modelos de atenci\u00f3n\u00bb. Esta es la denuncia del C\u00edrculo Empresarial de Atenci\u00f3n a las Personas (CEAPs), la mayor asociaci\u00f3n de atenci\u00f3n a la dependencia de Espa\u00f1a, que ha organizado este martes en Valencia la cuarta edici\u00f3n de la <b>Cumbre del BabyBoom<\/b> para lanzar un \u00ab<b>&#8216;SOS&#8217; por el presente y por el futuro de los cuidados<\/b>\u00bb en nuestro pa\u00eds, que afronta ahora la llegada a la jubilaci\u00f3n y vejez de la numerosa generaci\u00f3n nacida entre finales de a\u00f1os 50 y los 70 del siglo pasado.<\/p>\n<p>Desde CEAPs estiman que <b>se necesitan 100.815 profesionales<\/b> para hacer frente a la demanda de cuidados de los <b>pr\u00f3ximos ocho a\u00f1os<\/b>. Y es que empieza a envejecer ahora una generaci\u00f3n que, adem\u00e1s, cuenta con mayor esperanza de vida. Seg\u00fan ha explicado a <b><i>20minutos <\/i><\/b>la vicepresidenta de CEAPs, Cinta Pascual, estos profesionales son principalmente de <b>enfermer\u00eda, geriatr\u00eda o fisioterapia<\/b>. \u00abHemos estado siempre esperando que haya una sanidad universal para toda Espa\u00f1a, las residencias no somos hospitales. Algunas comunidades aut\u00f3nomas han evolucionado m\u00e1s y otras menos. La realidad es que a\u00fan no tenemos todo lo que esper\u00e1bamos. El tema m\u00e1s importante sin ninguna duda es de la falta de profesionales: en estos momentos no tenemos los que desear\u00edamos y esto hace que haya una situaci\u00f3n  m\u00e1s complicada\u00bb.<\/p>\n<p>Seg\u00fan los datos del <a href=\"https:\/\/www.20minutos.es\/minuteca\/ine\/\" title=\"INE\">INE<\/a>, en Espa\u00f1a hay 345.969 enfermeras. Un reciente <a href=\"https:\/\/www.sanidad.gob.es\/gabinete\/notasPrensa.do?id=6597\" target=\"_blank\">informe<\/a> del <a href=\"https:\/\/www.20minutos.es\/minuteca\/ministerio-de-sanidad\/\" title=\"Ministerio de Sanidad\">Ministerio de Sanidad<\/a> cifra la ratio de enfermeras por cada 1.000 habitantes en 6,3, frente al 8,5 de la Uni\u00f3n Europea. Con estos datos, Sanidad tambi\u00e9n cifra en 100.000 las profesionales que se necesitan de m\u00e1s para igualar la ratio. Pero ello deber\u00eda ir acompa\u00f1ado de mejoras laborales, pues el 39,4% asegura que tiene la intenci\u00f3n de dejar la profesi\u00f3n en los pr\u00f3ximos diez a\u00f1os.<\/p>\n<p>Como <b>soluciones<\/b>, Pascual cree que solo las universidades y la formaci\u00f3n \u00abno van a cubrir\u00bb la demanda, por lo que apunta a un conjunto de v\u00edas como la <b>regulaci\u00f3n de personas que no tienen papeles en regla y trabajan en los cuidados de personas mayores<\/b> o la subida de los salarios. \u00abHay much\u00edsima gente que est\u00e1 en los hogares cuidando personas mayores y no tiene papeles, por qu\u00e9 no nos planteamos realmente legalizarlos. Igual podr\u00eda ser una soluci\u00f3n porque son gente que ya trabaja en este sector. Esto es muy importante para el sector, si no hay profesionales, no habr\u00e1 cuidados\u00bb, ha expuesto Pascual.<\/p>\n<p>Adem\u00e1s de la subida de la remuneraci\u00f3n, para la cual Pascual asegura que CEAPs est\u00e1 \u00ab<b>llegando a pactos en casi toda Espa\u00f1a para subir los salarios<\/b>\u00ab, la experta tambi\u00e9n insta a un cambio en la percepci\u00f3n social de los cuidados para que sean puestos en valor. \u00abCuidar hoy no tiene el valor que ten\u00eda hace unos a\u00f1os. No hablo de cotizaci\u00f3n, sino de que las personas quieran trabajar en geriatr\u00eda. <b>El cuidar a los dem\u00e1s tiene valor,<\/b> es realmente algo que te llena. Hay que cuidar en may\u00fasculas e intentar que la gente disfrute cuidando. Si t\u00fa cuidas, eso te nutre\u00bb, defiende.<\/p>\n<p>La IV Cumbre Baby Boom de CEAPs, celebrada en el CaixaForum de Valencia, ha congregado diversas charlas sobre empleo, salud mental, vejez, \u00e9tica y dem\u00e1s aspectos del sector. La primera ponencia ha acogido la presentaci\u00f3n del informe <i>Estudio socioecon\u00f3mico de la atenci\u00f3n para personas en situaci\u00f3n de dependencia en Espa\u00f1a<\/i>, seg\u00fan el cual <b>el crecimiento anual de personas mayores de 65 a\u00f1os se doblar\u00e1 en los pr\u00f3ximos a\u00f1os<\/b> en Espa\u00f1a en comparaci\u00f3n con el crecimiento anual medio de los \u00faltimos 10 a\u00f1os. En concreto, si entre 2010 y 2022 se contaban 135.124 personas mayores de 65 a\u00f1os y 43.742 mayores de 80 a\u00f1os, para el periodo de 2023 a 2036 se espera que estas cifras pasen a ser, respectivamente, de 268.106 y 84.265.<\/p>\n<h2>\u00abImpresionante infrafinanciaci\u00f3n\u00bb<\/h2>\n<p>Otra de las cuestiones se ha puesto sobre la mesa es la \u00abimpresionante infrafinanciaci\u00f3n\u00bb del sector. Seg\u00fan los datos del estudio presentado, \u00abEspa\u00f1a se sit\u00faa como uno de los pa\u00edses con menor porcentaje de financiaci\u00f3n de servicios de cuidados de larga estancia sobre el PIB del pa\u00eds\u00bb de entre los pa\u00edses de la OCDE. CEAPs denuncia que Espa\u00f1a \u00absolo destina el <b>0,96% del <a href=\"https:\/\/www.20minutos.es\/minuteca\/pib\/\" title=\"PIB\">PIB<\/a> a Dependencia<\/b>\u00bb y que \u00abse encuentra <b>lejos del 2% que la UE estipula de gasto p\u00fablico adecuado<\/b>\u00ab. Por ello, Pascual ha advertido de que \u00abhay que subir los presupuestos hasta un punto impresionante. <b>El &#8216;baby boom&#8217; habla de duplicar las personas que hoy atendemos\u00bb<\/b>.<\/p>\n<p>Seg\u00fan precisa, no es posible garantizar que perdure el sistema de cuidados cuando Espa\u00f1a \u00abcuando existen  comunidades, como la andaluza o la valenciana, con un <b>d\u00e9ficit de plazas<\/b> residenciales de m\u00e1s de 32.000 y 24.000, respectivamente; cuando el tiempo medio de tramitaci\u00f3n de un expediente alcanza los 330 d\u00edas, con autonom\u00edas en las que se supera el a\u00f1o, o cuando aproximadamente 36.000 personas fallecen estando en <b>lista de espera<\/b>, seg\u00fan datos del Imserso\u00bb, reza un comunicado. <\/p>\n<p>El informe destaca que el tiempo de resoluci\u00f3n de solicitudes de ayudas a la dependencia en 2023 fue de 324 d\u00edas, siendo el 75% de los <b>dos millones de solicitudes<\/b> recibidas las que reconocieron derecho a una ayuda. Sin embargo, 155.241 personas dependientes continuaban en lista de espera (el 9,9%), cifra que, seg\u00fan los datos facilitados por CEAPs, ha ido disminuyendo desde 2018. Del total de 1.906.051 de prestaciones del Sistema para la Autonom\u00eda y Atenci\u00f3n a la Dependencia (SAAD) en 2023, el 59% fueron de servicio y el 41%, econ\u00f3micas.<\/p>\n<h2>Modelos diferentes en CCAA<\/h2>\n<p>Respecto a la <b>oferta residencial<\/b>, esta se compone de 393.581 plazas residenciales y 105.447 plazas diurnas, con un <b>73% de las plazas residenciales de titularidad privada<\/b>, un tama\u00f1o medio de 68 plazas por centro y una ratio de cobertura inferior al promedio internacional, seg\u00fan datos presentados este martes, que tambi\u00e9n muestran que \u00abel \u00edndice de cobertura tuvo un gran crecimiento entre 2000 y 2009, pero la crisis econ\u00f3mica supuso un cambio hacia una tendencia bajista que dur\u00f3 hasta el 2017, cuando se estabiliz\u00f3 hasta 2021 y se ha visto disminuida de nuevo en 2022\u00bb, rezan los investigadores.<\/p>\n<p>El \u00edndice de cobertura media se situ\u00f3 a nivel nacional en el 5,5% de las personas mayores de 65 a\u00f1os en 2022, siendo Extremadura (0,5%), Pa\u00eds Vasco (1,6%), Navarra (2,2%) y Murcia (2,3%) las comunidades aut\u00f3nomas que menores porcentajes de este sector de la poblaci\u00f3n contaban con alg\u00fan tipo de prestaci\u00f3n a la dependencia, mientras que Arag\u00f3n (6,5%), La Rioja (6,8%), Madrid (9,3%) y Andaluc\u00eda (9,4%) lideran la tabla. <\/p>\n<p>\u00abEl an\u00e1lisis de la oferta de atenci\u00f3n de residencia y a domicilio por comunidades aut\u00f3nomas revela modelos de atenci\u00f3n a la dependencia diferenciados\u00bb, concluye el estudio, que especifica que mientras que <b>Extremadura, Navarra o Castilla y Le\u00f3n est\u00e1n m\u00e1s \u00aborientadas a la atenci\u00f3n residencial\u00bb, Canarias o Andaluc\u00eda est\u00e1n \u00abm\u00e1s orientadas al domicilio\u00bb<\/b>. Por su parte, Madrid, Arag\u00f3n, La Rioja o Castilla-La Mancha estar\u00edan ser\u00edan territorios con \u00abalta cobertura en residencias y SAD\u00bb. Las que \u00abmenor cobertura\u00bb ofrecen son Valencia, Murcia o Baleares.<\/p>\n<p>Precisamente este martes, el Gobierno ha aprobado el anteproyecto para reformar las leyes de dependencia y discapacidad. Seg\u00fan ha explicado tras el Consejo de Ministros el ministro de Derechos Sociales, Pablo Bustinduy, la reforma aprobada en primera vuelta suprime el r\u00e9gimen de incompatibilidades en las prestaciones de dependencia, expande la ayuda a domicilio a otras tareas como la compra o realizar tr\u00e1mites y reconoce la teleasistencia como un derecho subjetivo para que tenga una cobertura universal y \u00abcon un enfoque preventivo\u00bb. <\/p>\n<p>El anteproyecto elimina el periodo suspensivo de dos a\u00f1os para prestaciones econ\u00f3micas para cuidados en el entorno familiar que estableci\u00f3 el PP y ampl\u00eda la prestaci\u00f3n para cuidados a personas allegadas atendiendo a las nuevas situaciones de convivencia, como vecinos o amigos. Asimismo, <b><a href=\"https:\/\/www.20minutos.es\/noticia\/5681058\/0\/gobierno-reconocera-automaticamente-33-discapacidad-todas-las-personas-dependientes\/\" title=\"El Gobierno reconocer\u00e1 autom\u00e1ticamente el 33% de discapacidad a todas las personas dependientes\">establece el reconocimiento autom\u00e1tico a cualquier dependiente de una discapacidad del 33% para ahorrar cargas administrativas<\/a><\/b> y establece obligaciones a las comunidades de realizar obras de accesibilidad (ascensores, rampa&#8230;) si lo solicita un vecino. Se estima que 100.000 personas est\u00e1n encerradas en sus casas por problemas de accesibilidad. E<\/p>\n<\/div>\n<p>Fuente: Discapacidad https:\/\/www.20minutos.es\/noticia\/5681150\/0\/sector-dependencia-cifra-100-000-los-profesionales-necesarios-para-cuidar-los-baby-boomers-las-residencias-no-somos-hospitales\/<\/p>\n","protected":false},"excerpt":{"rendered":"<p>Son datos de CEAPs, que ha lanzado un \u00ab\u2018SOS\u2019 por el presente y futuro de los cuidados en Espa\u00f1a\u00bb.<\/p>\n","protected":false},"author":1,"featured_media":0,"comment_status":"closed","ping_status":"closed","sticky":false,"template":"","format":"standard","meta":{"footnotes":""},"categories":[8],"tags":[],"class_list":["post-10824","post","type-post","status-publish","format-standard","hentry","category-noticias"],"yoast_head":"<!-- This site is optimized with the Yoast SEO plugin v27.4 - https:\/\/yoast.com\/product\/yoast-seo-wordpress\/ -->\n<title>El sector de la dependencia cifra en 100.000 los profesionales necesarios para los &#039;baby boomers&#039;: &quot;Las residencias no son hospitales&quot; - Asociaci\u00f3n Espa\u00f1ola S\u00edndrome de Charge<\/title>\n<meta name=\"robots\" content=\"index, follow, max-snippet:-1, max-image-preview:large, max-video-preview:-1\" \/>\n<link rel=\"canonical\" href=\"https:\/\/sindromecharge.es\/index.php\/2025\/02\/12\/sector-dependencia-cifra-100-000-los-profesionales-necesarios-para-cuidar-los-baby-boomers-las-residencias-no-somos-hospitales\/\" \/>\n<meta property=\"og:locale\" content=\"es_ES\" \/>\n<meta property=\"og:type\" content=\"article\" \/>\n<meta property=\"og:title\" content=\"El sector de la dependencia cifra en 100.000 los profesionales necesarios para los &#039;baby boomers&#039;: &quot;Las residencias no son hospitales&quot; - Asociaci\u00f3n Espa\u00f1ola S\u00edndrome de Charge\" \/>\n<meta property=\"og:description\" content=\"Son datos de CEAPs, que ha lanzado un \u00ab\u2018SOS\u2019 por el presente y futuro de los cuidados en Espa\u00f1a\u00bb.\" \/>\n<meta property=\"og:url\" content=\"https:\/\/sindromecharge.es\/index.php\/2025\/02\/12\/sector-dependencia-cifra-100-000-los-profesionales-necesarios-para-cuidar-los-baby-boomers-las-residencias-no-somos-hospitales\/\" \/>\n<meta property=\"og:site_name\" content=\"Asociaci\u00f3n Espa\u00f1ola S\u00edndrome de Charge\" \/>\n<meta property=\"article:publisher\" content=\"https:\/\/www.facebook.com\/asociacionsindromecharge\" \/>\n<meta property=\"article:published_time\" content=\"2025-02-12T04:01:27+00:00\" \/>\n<meta property=\"og:image\" content=\"https:\/\/sindromecharge.es\/wp-content\/uploads\/2013\/09\/logodecharge300x98.png\" \/>\n\t<meta property=\"og:image:width\" content=\"300\" \/>\n\t<meta property=\"og:image:height\" content=\"98\" \/>\n\t<meta property=\"og:image:type\" content=\"image\/png\" \/>\n<meta name=\"author\" content=\"Charge\" \/>\n<meta name=\"twitter:card\" content=\"summary_large_image\" \/>\n<meta name=\"twitter:creator\" content=\"@sindromecharge\" \/>\n<meta name=\"twitter:site\" content=\"@sindromecharge\" \/>\n<meta name=\"twitter:label1\" content=\"Escrito por\" \/>\n\t<meta name=\"twitter:data1\" content=\"Charge\" \/>\n\t<meta name=\"twitter:label2\" content=\"Tiempo de lectura\" \/>\n\t<meta name=\"twitter:data2\" content=\"7 minutos\" \/>\n<script type=\"application\/ld+json\" class=\"yoast-schema-graph\">{\"@context\":\"https:\\\/\\\/schema.org\",\"@graph\":[{\"@type\":\"Article\",\"@id\":\"https:\\\/\\\/sindromecharge.es\\\/index.php\\\/2025\\\/02\\\/12\\\/sector-dependencia-cifra-100-000-los-profesionales-necesarios-para-cuidar-los-baby-boomers-las-residencias-no-somos-hospitales\\\/#article\",\"isPartOf\":{\"@id\":\"https:\\\/\\\/sindromecharge.es\\\/index.php\\\/2025\\\/02\\\/12\\\/sector-dependencia-cifra-100-000-los-profesionales-necesarios-para-cuidar-los-baby-boomers-las-residencias-no-somos-hospitales\\\/\"},\"author\":{\"name\":\"Charge\",\"@id\":\"https:\\\/\\\/sindromecharge.es\\\/#\\\/schema\\\/person\\\/39a60ebe0a2b4d5a11179701e336b039\"},\"headline\":\"El sector de la dependencia cifra en 100.000 los profesionales necesarios para los &#8216;baby boomers&#8217;: \u00abLas residencias no son hospitales\u00bb\",\"datePublished\":\"2025-02-12T04:01:27+00:00\",\"mainEntityOfPage\":{\"@id\":\"https:\\\/\\\/sindromecharge.es\\\/index.php\\\/2025\\\/02\\\/12\\\/sector-dependencia-cifra-100-000-los-profesionales-necesarios-para-cuidar-los-baby-boomers-las-residencias-no-somos-hospitales\\\/\"},\"wordCount\":1494,\"articleSection\":[\"noticias\"],\"inLanguage\":\"es\"},{\"@type\":\"WebPage\",\"@id\":\"https:\\\/\\\/sindromecharge.es\\\/index.php\\\/2025\\\/02\\\/12\\\/sector-dependencia-cifra-100-000-los-profesionales-necesarios-para-cuidar-los-baby-boomers-las-residencias-no-somos-hospitales\\\/\",\"url\":\"https:\\\/\\\/sindromecharge.es\\\/index.php\\\/2025\\\/02\\\/12\\\/sector-dependencia-cifra-100-000-los-profesionales-necesarios-para-cuidar-los-baby-boomers-las-residencias-no-somos-hospitales\\\/\",\"name\":\"El sector de la dependencia cifra en 100.000 los profesionales necesarios para los 'baby boomers': \\\"Las residencias no son hospitales\\\" - Asociaci\u00f3n Espa\u00f1ola S\u00edndrome de Charge\",\"isPartOf\":{\"@id\":\"https:\\\/\\\/sindromecharge.es\\\/#website\"},\"datePublished\":\"2025-02-12T04:01:27+00:00\",\"author\":{\"@id\":\"https:\\\/\\\/sindromecharge.es\\\/#\\\/schema\\\/person\\\/39a60ebe0a2b4d5a11179701e336b039\"},\"breadcrumb\":{\"@id\":\"https:\\\/\\\/sindromecharge.es\\\/index.php\\\/2025\\\/02\\\/12\\\/sector-dependencia-cifra-100-000-los-profesionales-necesarios-para-cuidar-los-baby-boomers-las-residencias-no-somos-hospitales\\\/#breadcrumb\"},\"inLanguage\":\"es\",\"potentialAction\":[{\"@type\":\"ReadAction\",\"target\":[\"https:\\\/\\\/sindromecharge.es\\\/index.php\\\/2025\\\/02\\\/12\\\/sector-dependencia-cifra-100-000-los-profesionales-necesarios-para-cuidar-los-baby-boomers-las-residencias-no-somos-hospitales\\\/\"]}]},{\"@type\":\"BreadcrumbList\",\"@id\":\"https:\\\/\\\/sindromecharge.es\\\/index.php\\\/2025\\\/02\\\/12\\\/sector-dependencia-cifra-100-000-los-profesionales-necesarios-para-cuidar-los-baby-boomers-las-residencias-no-somos-hospitales\\\/#breadcrumb\",\"itemListElement\":[{\"@type\":\"ListItem\",\"position\":1,\"name\":\"Portada\",\"item\":\"https:\\\/\\\/sindromecharge.es\\\/\"},{\"@type\":\"ListItem\",\"position\":2,\"name\":\"El sector de la dependencia cifra en 100.000 los profesionales necesarios para los &#8216;baby boomers&#8217;: \u00abLas residencias no son hospitales\u00bb\"}]},{\"@type\":\"WebSite\",\"@id\":\"https:\\\/\\\/sindromecharge.es\\\/#website\",\"url\":\"https:\\\/\\\/sindromecharge.es\\\/\",\"name\":\"Asociaci\u00f3n Espa\u00f1ola S\u00edndrome de Charge\",\"description\":\"\",\"potentialAction\":[{\"@type\":\"SearchAction\",\"target\":{\"@type\":\"EntryPoint\",\"urlTemplate\":\"https:\\\/\\\/sindromecharge.es\\\/?s={search_term_string}\"},\"query-input\":{\"@type\":\"PropertyValueSpecification\",\"valueRequired\":true,\"valueName\":\"search_term_string\"}}],\"inLanguage\":\"es\"},{\"@type\":\"Person\",\"@id\":\"https:\\\/\\\/sindromecharge.es\\\/#\\\/schema\\\/person\\\/39a60ebe0a2b4d5a11179701e336b039\",\"name\":\"Charge\",\"image\":{\"@type\":\"ImageObject\",\"inLanguage\":\"es\",\"@id\":\"https:\\\/\\\/secure.gravatar.com\\\/avatar\\\/c3b46e32a0fc3b093a0873fb767bf3293de856293065e84ef06b7ec7a8acfb98?s=96&d=identicon&r=x\",\"url\":\"https:\\\/\\\/secure.gravatar.com\\\/avatar\\\/c3b46e32a0fc3b093a0873fb767bf3293de856293065e84ef06b7ec7a8acfb98?s=96&d=identicon&r=x\",\"contentUrl\":\"https:\\\/\\\/secure.gravatar.com\\\/avatar\\\/c3b46e32a0fc3b093a0873fb767bf3293de856293065e84ef06b7ec7a8acfb98?s=96&d=identicon&r=x\",\"caption\":\"Charge\"},\"url\":\"https:\\\/\\\/sindromecharge.es\\\/index.php\\\/author\\\/admin\\\/\"}]}<\/script>\n<!-- \/ Yoast SEO plugin. -->","yoast_head_json":{"title":"El sector de la dependencia cifra en 100.000 los profesionales necesarios para los 'baby boomers': \"Las residencias no son hospitales\" - Asociaci\u00f3n Espa\u00f1ola S\u00edndrome de Charge","robots":{"index":"index","follow":"follow","max-snippet":"max-snippet:-1","max-image-preview":"max-image-preview:large","max-video-preview":"max-video-preview:-1"},"canonical":"https:\/\/sindromecharge.es\/index.php\/2025\/02\/12\/sector-dependencia-cifra-100-000-los-profesionales-necesarios-para-cuidar-los-baby-boomers-las-residencias-no-somos-hospitales\/","og_locale":"es_ES","og_type":"article","og_title":"El sector de la dependencia cifra en 100.000 los profesionales necesarios para los 'baby boomers': \"Las residencias no son hospitales\" - Asociaci\u00f3n Espa\u00f1ola S\u00edndrome de Charge","og_description":"Son datos de CEAPs, que ha lanzado un \u00ab\u2018SOS\u2019 por el presente y futuro de los cuidados en Espa\u00f1a\u00bb.","og_url":"https:\/\/sindromecharge.es\/index.php\/2025\/02\/12\/sector-dependencia-cifra-100-000-los-profesionales-necesarios-para-cuidar-los-baby-boomers-las-residencias-no-somos-hospitales\/","og_site_name":"Asociaci\u00f3n Espa\u00f1ola S\u00edndrome de Charge","article_publisher":"https:\/\/www.facebook.com\/asociacionsindromecharge","article_published_time":"2025-02-12T04:01:27+00:00","og_image":[{"width":300,"height":98,"url":"https:\/\/sindromecharge.es\/wp-content\/uploads\/2013\/09\/logodecharge300x98.png","type":"image\/png"}],"author":"Charge","twitter_card":"summary_large_image","twitter_creator":"@sindromecharge","twitter_site":"@sindromecharge","twitter_misc":{"Escrito por":"Charge","Tiempo de lectura":"7 minutos"},"schema":{"@context":"https:\/\/schema.org","@graph":[{"@type":"Article","@id":"https:\/\/sindromecharge.es\/index.php\/2025\/02\/12\/sector-dependencia-cifra-100-000-los-profesionales-necesarios-para-cuidar-los-baby-boomers-las-residencias-no-somos-hospitales\/#article","isPartOf":{"@id":"https:\/\/sindromecharge.es\/index.php\/2025\/02\/12\/sector-dependencia-cifra-100-000-los-profesionales-necesarios-para-cuidar-los-baby-boomers-las-residencias-no-somos-hospitales\/"},"author":{"name":"Charge","@id":"https:\/\/sindromecharge.es\/#\/schema\/person\/39a60ebe0a2b4d5a11179701e336b039"},"headline":"El sector de la dependencia cifra en 100.000 los profesionales necesarios para los &#8216;baby boomers&#8217;: \u00abLas residencias no son hospitales\u00bb","datePublished":"2025-02-12T04:01:27+00:00","mainEntityOfPage":{"@id":"https:\/\/sindromecharge.es\/index.php\/2025\/02\/12\/sector-dependencia-cifra-100-000-los-profesionales-necesarios-para-cuidar-los-baby-boomers-las-residencias-no-somos-hospitales\/"},"wordCount":1494,"articleSection":["noticias"],"inLanguage":"es"},{"@type":"WebPage","@id":"https:\/\/sindromecharge.es\/index.php\/2025\/02\/12\/sector-dependencia-cifra-100-000-los-profesionales-necesarios-para-cuidar-los-baby-boomers-las-residencias-no-somos-hospitales\/","url":"https:\/\/sindromecharge.es\/index.php\/2025\/02\/12\/sector-dependencia-cifra-100-000-los-profesionales-necesarios-para-cuidar-los-baby-boomers-las-residencias-no-somos-hospitales\/","name":"El sector de la dependencia cifra en 100.000 los profesionales necesarios para los 'baby boomers': \"Las residencias no son hospitales\" - Asociaci\u00f3n Espa\u00f1ola S\u00edndrome de Charge","isPartOf":{"@id":"https:\/\/sindromecharge.es\/#website"},"datePublished":"2025-02-12T04:01:27+00:00","author":{"@id":"https:\/\/sindromecharge.es\/#\/schema\/person\/39a60ebe0a2b4d5a11179701e336b039"},"breadcrumb":{"@id":"https:\/\/sindromecharge.es\/index.php\/2025\/02\/12\/sector-dependencia-cifra-100-000-los-profesionales-necesarios-para-cuidar-los-baby-boomers-las-residencias-no-somos-hospitales\/#breadcrumb"},"inLanguage":"es","potentialAction":[{"@type":"ReadAction","target":["https:\/\/sindromecharge.es\/index.php\/2025\/02\/12\/sector-dependencia-cifra-100-000-los-profesionales-necesarios-para-cuidar-los-baby-boomers-las-residencias-no-somos-hospitales\/"]}]},{"@type":"BreadcrumbList","@id":"https:\/\/sindromecharge.es\/index.php\/2025\/02\/12\/sector-dependencia-cifra-100-000-los-profesionales-necesarios-para-cuidar-los-baby-boomers-las-residencias-no-somos-hospitales\/#breadcrumb","itemListElement":[{"@type":"ListItem","position":1,"name":"Portada","item":"https:\/\/sindromecharge.es\/"},{"@type":"ListItem","position":2,"name":"El sector de la dependencia cifra en 100.000 los profesionales necesarios para los &#8216;baby boomers&#8217;: \u00abLas residencias no son hospitales\u00bb"}]},{"@type":"WebSite","@id":"https:\/\/sindromecharge.es\/#website","url":"https:\/\/sindromecharge.es\/","name":"Asociaci\u00f3n Espa\u00f1ola S\u00edndrome de Charge","description":"","potentialAction":[{"@type":"SearchAction","target":{"@type":"EntryPoint","urlTemplate":"https:\/\/sindromecharge.es\/?s={search_term_string}"},"query-input":{"@type":"PropertyValueSpecification","valueRequired":true,"valueName":"search_term_string"}}],"inLanguage":"es"},{"@type":"Person","@id":"https:\/\/sindromecharge.es\/#\/schema\/person\/39a60ebe0a2b4d5a11179701e336b039","name":"Charge","image":{"@type":"ImageObject","inLanguage":"es","@id":"https:\/\/secure.gravatar.com\/avatar\/c3b46e32a0fc3b093a0873fb767bf3293de856293065e84ef06b7ec7a8acfb98?s=96&d=identicon&r=x","url":"https:\/\/secure.gravatar.com\/avatar\/c3b46e32a0fc3b093a0873fb767bf3293de856293065e84ef06b7ec7a8acfb98?s=96&d=identicon&r=x","contentUrl":"https:\/\/secure.gravatar.com\/avatar\/c3b46e32a0fc3b093a0873fb767bf3293de856293065e84ef06b7ec7a8acfb98?s=96&d=identicon&r=x","caption":"Charge"},"url":"https:\/\/sindromecharge.es\/index.php\/author\/admin\/"}]}},"_links":{"self":[{"href":"https:\/\/sindromecharge.es\/index.php\/wp-json\/wp\/v2\/posts\/10824","targetHints":{"allow":["GET"]}}],"collection":[{"href":"https:\/\/sindromecharge.es\/index.php\/wp-json\/wp\/v2\/posts"}],"about":[{"href":"https:\/\/sindromecharge.es\/index.php\/wp-json\/wp\/v2\/types\/post"}],"author":[{"embeddable":true,"href":"https:\/\/sindromecharge.es\/index.php\/wp-json\/wp\/v2\/users\/1"}],"replies":[{"embeddable":true,"href":"https:\/\/sindromecharge.es\/index.php\/wp-json\/wp\/v2\/comments?post=10824"}],"version-history":[{"count":0,"href":"https:\/\/sindromecharge.es\/index.php\/wp-json\/wp\/v2\/posts\/10824\/revisions"}],"wp:attachment":[{"href":"https:\/\/sindromecharge.es\/index.php\/wp-json\/wp\/v2\/media?parent=10824"}],"wp:term":[{"taxonomy":"category","embeddable":true,"href":"https:\/\/sindromecharge.es\/index.php\/wp-json\/wp\/v2\/categories?post=10824"},{"taxonomy":"post_tag","embeddable":true,"href":"https:\/\/sindromecharge.es\/index.php\/wp-json\/wp\/v2\/tags?post=10824"}],"curies":[{"name":"wp","href":"https:\/\/api.w.org\/{rel}","templated":true}]}}