{"id":10822,"date":"2025-02-11T10:09:13","date_gmt":"2025-02-11T10:09:13","guid":{"rendered":"https:\/\/sindromecharge.es\/index.php\/2025\/02\/11\/que-grado-discapacidad-se-necesita-para-obtener-tarjeta-pmr-aparcamiento-2025-5681198\/"},"modified":"2025-02-11T10:09:13","modified_gmt":"2025-02-11T10:09:13","slug":"que-grado-discapacidad-se-necesita-para-obtener-tarjeta-pmr-aparcamiento-2025-5681198","status":"publish","type":"post","link":"https:\/\/sindromecharge.es\/index.php\/2025\/02\/11\/que-grado-discapacidad-se-necesita-para-obtener-tarjeta-pmr-aparcamiento-2025-5681198\/","title":{"rendered":"\u00bfQu\u00e9 grado de discapacidad se necesita para obtener la tarjeta PMR de aparcamiento en 2025?"},"content":{"rendered":"<p>Leemos en Discapacidad la siguiente noticia que os reproducimos de forma \u00edntegra: <\/p>\n<div>\n<p>La tarjeta para personas con movilidad reducida (PMR) permite estacionar el veh\u00edculo gratuitamente y durante el tiempo imprescindible para recoger o dejar personas con discapacidad y movilidad reducida, en las zonas verdes, azules, y de carga y descarga, y en cualquier lugar de la v\u00eda p\u00fablica, siempre que no impida la circulaci\u00f3n de veh\u00edculos y peatones. Para poder acceder a esta tarjeta de aparcamiento, las personas van a tener que certificar tener cierto grado de discapacidad.<\/p>\n<p>Como explican en la p\u00e1gina web especializada <i>Todo Disca<\/i>, \u00abaunque esta tarjeta se tenga que conseguir a trav\u00e9s del ayuntamiento o comunidad aut\u00f3noma, su utilizaci\u00f3n se extiende a todo el territorio de la Uni\u00f3n Europea en los t\u00e9rminos que establezcan las normas nacionales de los Estados miembros\u00bb.<\/p>\n<h2>\u00bfQu\u00e9 grado de discapacidad hay que acreditar para obtener la tarjeta PMR?<br \/><\/h2>\n<p>Aquellas personas que quieran disponer de la tarjeta de aparcamiento para personas con movilidad reducida deber\u00e1n t<b>ener una discapacidad reconocida igual o superior al 33%<\/b> y presentar movilidad reducida.<\/p>\n<p>Con ella, seg\u00fan detalla la Junta de Andaluc\u00eda, los usuarios podr\u00e1n:<\/p>\n<ul>\n<li>Estacionar en zonas reservadas para personas con movilidad reducida.<\/li>\n<li>Aparcar el veh\u00edculo gratuitamente y sin limitaci\u00f3n de tiempo en las \u00e1reas verdes, azules, y zonas de carga y descarga, siempre que no afecte las limitaciones de circulaci\u00f3n y estacionamiento de las \u00e1reas peatonales. Y siguiendo las Ordenanzas del Ayuntamiento.<\/li>\n<li>Acceder a las plazas de aparcamiento reservadas y habilitadas por los Ayuntamientos.<\/li>\n<li>Estacionar en las plazas de aparcamiento p\u00fablicas reservadas para personas con discapacidad, distribuidas en las zonas consideradas de inter\u00e9s, en los n\u00facleos urbanos.<\/li>\n<li>Aparcar en cualquier lugar de la v\u00eda p\u00fablica, durante el tiempo imprescindible, siempre que no impida la circulaci\u00f3n de veh\u00edculos o peatones.<\/li>\n<\/ul>\n<h2>\u00bfQui\u00e9n puede utilizar la Tarjeta de Aparcamiento?<\/h2>\n<p>La tarjeta de aparcamiento de veh\u00edculos de transporte colectivo de personas con movilidad reducida <b>solo podr\u00e1 utilizarse por su titular en el veh\u00edculo autorizado cuyo n\u00famero de matr\u00edcula figure en la tarjeta<\/b>, y siempre que se est\u00e9n efectuando los servicios de transporte de personas con movilidad reducida.<\/p>\n<p>Esta tarjeta debe colocarse en el salpicadero del coche, de manera visible,  o adherirla al parabrisas delantero por el interior, siempre con el documento original.<\/p>\n<\/div>\n<p>Fuente: Discapacidad https:\/\/www.20minutos.es\/lainformacion\/economia-y-finanzas\/que-grado-discapacidad-se-necesita-para-obtener-tarjeta-pmr-aparcamiento-2025-5681198\/<\/p>\n","protected":false},"excerpt":{"rendered":"<p>Este documento permite aparcar los veh\u00edculos en los que viajan las personas con discapacidad en las plazas habilitadas para ellas.<\/p>\n","protected":false},"author":1,"featured_media":0,"comment_status":"closed","ping_status":"closed","sticky":false,"template":"","format":"standard","meta":{"footnotes":""},"categories":[8],"tags":[],"class_list":["post-10822","post","type-post","status-publish","format-standard","hentry","category-noticias"],"yoast_head":"<!-- This site is optimized with the Yoast SEO plugin v27.4 - https:\/\/yoast.com\/product\/yoast-seo-wordpress\/ -->\n<title>\u00bfQu\u00e9 grado de discapacidad se necesita para obtener la tarjeta PMR de aparcamiento en 2025? - Asociaci\u00f3n Espa\u00f1ola S\u00edndrome de Charge<\/title>\n<meta name=\"robots\" content=\"index, follow, max-snippet:-1, max-image-preview:large, max-video-preview:-1\" \/>\n<link rel=\"canonical\" href=\"https:\/\/sindromecharge.es\/index.php\/2025\/02\/11\/que-grado-discapacidad-se-necesita-para-obtener-tarjeta-pmr-aparcamiento-2025-5681198\/\" \/>\n<meta property=\"og:locale\" content=\"es_ES\" \/>\n<meta property=\"og:type\" content=\"article\" \/>\n<meta property=\"og:title\" content=\"\u00bfQu\u00e9 grado de discapacidad se necesita para obtener la tarjeta PMR de aparcamiento en 2025? - Asociaci\u00f3n Espa\u00f1ola S\u00edndrome de Charge\" \/>\n<meta property=\"og:description\" content=\"Este documento permite aparcar los veh\u00edculos en los que viajan las personas con discapacidad en las plazas habilitadas para ellas.\" \/>\n<meta property=\"og:url\" content=\"https:\/\/sindromecharge.es\/index.php\/2025\/02\/11\/que-grado-discapacidad-se-necesita-para-obtener-tarjeta-pmr-aparcamiento-2025-5681198\/\" \/>\n<meta property=\"og:site_name\" content=\"Asociaci\u00f3n Espa\u00f1ola S\u00edndrome de Charge\" \/>\n<meta property=\"article:publisher\" content=\"https:\/\/www.facebook.com\/asociacionsindromecharge\" \/>\n<meta property=\"article:published_time\" content=\"2025-02-11T10:09:13+00:00\" \/>\n<meta property=\"og:image\" content=\"https:\/\/sindromecharge.es\/wp-content\/uploads\/2013\/09\/logodecharge300x98.png\" \/>\n\t<meta property=\"og:image:width\" content=\"300\" \/>\n\t<meta property=\"og:image:height\" content=\"98\" \/>\n\t<meta property=\"og:image:type\" content=\"image\/png\" \/>\n<meta name=\"author\" content=\"Charge\" \/>\n<meta name=\"twitter:card\" content=\"summary_large_image\" \/>\n<meta name=\"twitter:creator\" content=\"@sindromecharge\" \/>\n<meta name=\"twitter:site\" content=\"@sindromecharge\" \/>\n<meta name=\"twitter:label1\" content=\"Escrito por\" \/>\n\t<meta name=\"twitter:data1\" content=\"Charge\" \/>\n\t<meta name=\"twitter:label2\" content=\"Tiempo de lectura\" \/>\n\t<meta name=\"twitter:data2\" content=\"2 minutos\" \/>\n<script type=\"application\/ld+json\" class=\"yoast-schema-graph\">{\"@context\":\"https:\\\/\\\/schema.org\",\"@graph\":[{\"@type\":\"Article\",\"@id\":\"https:\\\/\\\/sindromecharge.es\\\/index.php\\\/2025\\\/02\\\/11\\\/que-grado-discapacidad-se-necesita-para-obtener-tarjeta-pmr-aparcamiento-2025-5681198\\\/#article\",\"isPartOf\":{\"@id\":\"https:\\\/\\\/sindromecharge.es\\\/index.php\\\/2025\\\/02\\\/11\\\/que-grado-discapacidad-se-necesita-para-obtener-tarjeta-pmr-aparcamiento-2025-5681198\\\/\"},\"author\":{\"name\":\"Charge\",\"@id\":\"https:\\\/\\\/sindromecharge.es\\\/#\\\/schema\\\/person\\\/39a60ebe0a2b4d5a11179701e336b039\"},\"headline\":\"\u00bfQu\u00e9 grado de discapacidad se necesita para obtener la tarjeta PMR de aparcamiento en 2025?\",\"datePublished\":\"2025-02-11T10:09:13+00:00\",\"mainEntityOfPage\":{\"@id\":\"https:\\\/\\\/sindromecharge.es\\\/index.php\\\/2025\\\/02\\\/11\\\/que-grado-discapacidad-se-necesita-para-obtener-tarjeta-pmr-aparcamiento-2025-5681198\\\/\"},\"wordCount\":426,\"articleSection\":[\"noticias\"],\"inLanguage\":\"es\"},{\"@type\":\"WebPage\",\"@id\":\"https:\\\/\\\/sindromecharge.es\\\/index.php\\\/2025\\\/02\\\/11\\\/que-grado-discapacidad-se-necesita-para-obtener-tarjeta-pmr-aparcamiento-2025-5681198\\\/\",\"url\":\"https:\\\/\\\/sindromecharge.es\\\/index.php\\\/2025\\\/02\\\/11\\\/que-grado-discapacidad-se-necesita-para-obtener-tarjeta-pmr-aparcamiento-2025-5681198\\\/\",\"name\":\"\u00bfQu\u00e9 grado de discapacidad se necesita para obtener la tarjeta PMR de aparcamiento en 2025? - Asociaci\u00f3n Espa\u00f1ola S\u00edndrome de Charge\",\"isPartOf\":{\"@id\":\"https:\\\/\\\/sindromecharge.es\\\/#website\"},\"datePublished\":\"2025-02-11T10:09:13+00:00\",\"author\":{\"@id\":\"https:\\\/\\\/sindromecharge.es\\\/#\\\/schema\\\/person\\\/39a60ebe0a2b4d5a11179701e336b039\"},\"breadcrumb\":{\"@id\":\"https:\\\/\\\/sindromecharge.es\\\/index.php\\\/2025\\\/02\\\/11\\\/que-grado-discapacidad-se-necesita-para-obtener-tarjeta-pmr-aparcamiento-2025-5681198\\\/#breadcrumb\"},\"inLanguage\":\"es\",\"potentialAction\":[{\"@type\":\"ReadAction\",\"target\":[\"https:\\\/\\\/sindromecharge.es\\\/index.php\\\/2025\\\/02\\\/11\\\/que-grado-discapacidad-se-necesita-para-obtener-tarjeta-pmr-aparcamiento-2025-5681198\\\/\"]}]},{\"@type\":\"BreadcrumbList\",\"@id\":\"https:\\\/\\\/sindromecharge.es\\\/index.php\\\/2025\\\/02\\\/11\\\/que-grado-discapacidad-se-necesita-para-obtener-tarjeta-pmr-aparcamiento-2025-5681198\\\/#breadcrumb\",\"itemListElement\":[{\"@type\":\"ListItem\",\"position\":1,\"name\":\"Portada\",\"item\":\"https:\\\/\\\/sindromecharge.es\\\/\"},{\"@type\":\"ListItem\",\"position\":2,\"name\":\"\u00bfQu\u00e9 grado de discapacidad se necesita para obtener la tarjeta PMR de aparcamiento en 2025?\"}]},{\"@type\":\"WebSite\",\"@id\":\"https:\\\/\\\/sindromecharge.es\\\/#website\",\"url\":\"https:\\\/\\\/sindromecharge.es\\\/\",\"name\":\"Asociaci\u00f3n Espa\u00f1ola S\u00edndrome de Charge\",\"description\":\"\",\"potentialAction\":[{\"@type\":\"SearchAction\",\"target\":{\"@type\":\"EntryPoint\",\"urlTemplate\":\"https:\\\/\\\/sindromecharge.es\\\/?s={search_term_string}\"},\"query-input\":{\"@type\":\"PropertyValueSpecification\",\"valueRequired\":true,\"valueName\":\"search_term_string\"}}],\"inLanguage\":\"es\"},{\"@type\":\"Person\",\"@id\":\"https:\\\/\\\/sindromecharge.es\\\/#\\\/schema\\\/person\\\/39a60ebe0a2b4d5a11179701e336b039\",\"name\":\"Charge\",\"image\":{\"@type\":\"ImageObject\",\"inLanguage\":\"es\",\"@id\":\"https:\\\/\\\/secure.gravatar.com\\\/avatar\\\/c3b46e32a0fc3b093a0873fb767bf3293de856293065e84ef06b7ec7a8acfb98?s=96&d=identicon&r=x\",\"url\":\"https:\\\/\\\/secure.gravatar.com\\\/avatar\\\/c3b46e32a0fc3b093a0873fb767bf3293de856293065e84ef06b7ec7a8acfb98?s=96&d=identicon&r=x\",\"contentUrl\":\"https:\\\/\\\/secure.gravatar.com\\\/avatar\\\/c3b46e32a0fc3b093a0873fb767bf3293de856293065e84ef06b7ec7a8acfb98?s=96&d=identicon&r=x\",\"caption\":\"Charge\"},\"url\":\"https:\\\/\\\/sindromecharge.es\\\/index.php\\\/author\\\/admin\\\/\"}]}<\/script>\n<!-- \/ Yoast SEO plugin. -->","yoast_head_json":{"title":"\u00bfQu\u00e9 grado de discapacidad se necesita para obtener la tarjeta PMR de aparcamiento en 2025? - Asociaci\u00f3n Espa\u00f1ola S\u00edndrome de Charge","robots":{"index":"index","follow":"follow","max-snippet":"max-snippet:-1","max-image-preview":"max-image-preview:large","max-video-preview":"max-video-preview:-1"},"canonical":"https:\/\/sindromecharge.es\/index.php\/2025\/02\/11\/que-grado-discapacidad-se-necesita-para-obtener-tarjeta-pmr-aparcamiento-2025-5681198\/","og_locale":"es_ES","og_type":"article","og_title":"\u00bfQu\u00e9 grado de discapacidad se necesita para obtener la tarjeta PMR de aparcamiento en 2025? - Asociaci\u00f3n Espa\u00f1ola S\u00edndrome de Charge","og_description":"Este documento permite aparcar los veh\u00edculos en los que viajan las personas con discapacidad en las plazas habilitadas para ellas.","og_url":"https:\/\/sindromecharge.es\/index.php\/2025\/02\/11\/que-grado-discapacidad-se-necesita-para-obtener-tarjeta-pmr-aparcamiento-2025-5681198\/","og_site_name":"Asociaci\u00f3n Espa\u00f1ola S\u00edndrome de Charge","article_publisher":"https:\/\/www.facebook.com\/asociacionsindromecharge","article_published_time":"2025-02-11T10:09:13+00:00","og_image":[{"width":300,"height":98,"url":"https:\/\/sindromecharge.es\/wp-content\/uploads\/2013\/09\/logodecharge300x98.png","type":"image\/png"}],"author":"Charge","twitter_card":"summary_large_image","twitter_creator":"@sindromecharge","twitter_site":"@sindromecharge","twitter_misc":{"Escrito por":"Charge","Tiempo de lectura":"2 minutos"},"schema":{"@context":"https:\/\/schema.org","@graph":[{"@type":"Article","@id":"https:\/\/sindromecharge.es\/index.php\/2025\/02\/11\/que-grado-discapacidad-se-necesita-para-obtener-tarjeta-pmr-aparcamiento-2025-5681198\/#article","isPartOf":{"@id":"https:\/\/sindromecharge.es\/index.php\/2025\/02\/11\/que-grado-discapacidad-se-necesita-para-obtener-tarjeta-pmr-aparcamiento-2025-5681198\/"},"author":{"name":"Charge","@id":"https:\/\/sindromecharge.es\/#\/schema\/person\/39a60ebe0a2b4d5a11179701e336b039"},"headline":"\u00bfQu\u00e9 grado de discapacidad se necesita para obtener la tarjeta PMR de aparcamiento en 2025?","datePublished":"2025-02-11T10:09:13+00:00","mainEntityOfPage":{"@id":"https:\/\/sindromecharge.es\/index.php\/2025\/02\/11\/que-grado-discapacidad-se-necesita-para-obtener-tarjeta-pmr-aparcamiento-2025-5681198\/"},"wordCount":426,"articleSection":["noticias"],"inLanguage":"es"},{"@type":"WebPage","@id":"https:\/\/sindromecharge.es\/index.php\/2025\/02\/11\/que-grado-discapacidad-se-necesita-para-obtener-tarjeta-pmr-aparcamiento-2025-5681198\/","url":"https:\/\/sindromecharge.es\/index.php\/2025\/02\/11\/que-grado-discapacidad-se-necesita-para-obtener-tarjeta-pmr-aparcamiento-2025-5681198\/","name":"\u00bfQu\u00e9 grado de discapacidad se necesita para obtener la tarjeta PMR de aparcamiento en 2025? - Asociaci\u00f3n Espa\u00f1ola S\u00edndrome de Charge","isPartOf":{"@id":"https:\/\/sindromecharge.es\/#website"},"datePublished":"2025-02-11T10:09:13+00:00","author":{"@id":"https:\/\/sindromecharge.es\/#\/schema\/person\/39a60ebe0a2b4d5a11179701e336b039"},"breadcrumb":{"@id":"https:\/\/sindromecharge.es\/index.php\/2025\/02\/11\/que-grado-discapacidad-se-necesita-para-obtener-tarjeta-pmr-aparcamiento-2025-5681198\/#breadcrumb"},"inLanguage":"es","potentialAction":[{"@type":"ReadAction","target":["https:\/\/sindromecharge.es\/index.php\/2025\/02\/11\/que-grado-discapacidad-se-necesita-para-obtener-tarjeta-pmr-aparcamiento-2025-5681198\/"]}]},{"@type":"BreadcrumbList","@id":"https:\/\/sindromecharge.es\/index.php\/2025\/02\/11\/que-grado-discapacidad-se-necesita-para-obtener-tarjeta-pmr-aparcamiento-2025-5681198\/#breadcrumb","itemListElement":[{"@type":"ListItem","position":1,"name":"Portada","item":"https:\/\/sindromecharge.es\/"},{"@type":"ListItem","position":2,"name":"\u00bfQu\u00e9 grado de discapacidad se necesita para obtener la tarjeta PMR de aparcamiento en 2025?"}]},{"@type":"WebSite","@id":"https:\/\/sindromecharge.es\/#website","url":"https:\/\/sindromecharge.es\/","name":"Asociaci\u00f3n Espa\u00f1ola S\u00edndrome de Charge","description":"","potentialAction":[{"@type":"SearchAction","target":{"@type":"EntryPoint","urlTemplate":"https:\/\/sindromecharge.es\/?s={search_term_string}"},"query-input":{"@type":"PropertyValueSpecification","valueRequired":true,"valueName":"search_term_string"}}],"inLanguage":"es"},{"@type":"Person","@id":"https:\/\/sindromecharge.es\/#\/schema\/person\/39a60ebe0a2b4d5a11179701e336b039","name":"Charge","image":{"@type":"ImageObject","inLanguage":"es","@id":"https:\/\/secure.gravatar.com\/avatar\/c3b46e32a0fc3b093a0873fb767bf3293de856293065e84ef06b7ec7a8acfb98?s=96&d=identicon&r=x","url":"https:\/\/secure.gravatar.com\/avatar\/c3b46e32a0fc3b093a0873fb767bf3293de856293065e84ef06b7ec7a8acfb98?s=96&d=identicon&r=x","contentUrl":"https:\/\/secure.gravatar.com\/avatar\/c3b46e32a0fc3b093a0873fb767bf3293de856293065e84ef06b7ec7a8acfb98?s=96&d=identicon&r=x","caption":"Charge"},"url":"https:\/\/sindromecharge.es\/index.php\/author\/admin\/"}]}},"_links":{"self":[{"href":"https:\/\/sindromecharge.es\/index.php\/wp-json\/wp\/v2\/posts\/10822","targetHints":{"allow":["GET"]}}],"collection":[{"href":"https:\/\/sindromecharge.es\/index.php\/wp-json\/wp\/v2\/posts"}],"about":[{"href":"https:\/\/sindromecharge.es\/index.php\/wp-json\/wp\/v2\/types\/post"}],"author":[{"embeddable":true,"href":"https:\/\/sindromecharge.es\/index.php\/wp-json\/wp\/v2\/users\/1"}],"replies":[{"embeddable":true,"href":"https:\/\/sindromecharge.es\/index.php\/wp-json\/wp\/v2\/comments?post=10822"}],"version-history":[{"count":0,"href":"https:\/\/sindromecharge.es\/index.php\/wp-json\/wp\/v2\/posts\/10822\/revisions"}],"wp:attachment":[{"href":"https:\/\/sindromecharge.es\/index.php\/wp-json\/wp\/v2\/media?parent=10822"}],"wp:term":[{"taxonomy":"category","embeddable":true,"href":"https:\/\/sindromecharge.es\/index.php\/wp-json\/wp\/v2\/categories?post=10822"},{"taxonomy":"post_tag","embeddable":true,"href":"https:\/\/sindromecharge.es\/index.php\/wp-json\/wp\/v2\/tags?post=10822"}],"curies":[{"name":"wp","href":"https:\/\/api.w.org\/{rel}","templated":true}]}}