{"id":10820,"date":"2025-02-11T06:46:46","date_gmt":"2025-02-11T06:46:46","guid":{"rendered":"https:\/\/sindromecharge.es\/index.php\/2025\/02\/11\/conela-preocupada-por-falta-avances-implementacion-ley-ela\/"},"modified":"2025-02-11T06:46:46","modified_gmt":"2025-02-11T06:46:46","slug":"conela-preocupada-por-falta-avances-implementacion-ley-ela","status":"publish","type":"post","link":"https:\/\/sindromecharge.es\/index.php\/2025\/02\/11\/conela-preocupada-por-falta-avances-implementacion-ley-ela\/","title":{"rendered":"Preocupaci\u00f3n por la falta de avances en la ley ELA: \u00abInsistimos en la urgencia de atender a los enfermos\u00bb"},"content":{"rendered":"<p>Leemos en Discapacidad la siguiente noticia que os reproducimos de forma \u00edntegra: <\/p>\n<div>\n<p>La <b>Confederaci\u00f3n Nacional de Entidades de Esclerosis Lateral Amiotr\u00f3fica (ConELA) <\/b>expres\u00f3 este lunes su preocupaci\u00f3n por la falta de avances en la implementaci\u00f3n de la <b>Ley ELA<\/b>, publicada el 31 de octubre de 2024 para su entrada en vigor el d\u00eda siguiente.<\/p>\n<p>Seg\u00fan destac\u00f3 el presidente de ConELA, Fernando Mart\u00edn P\u00e9rez, \u00abhan transcurrido m\u00e1s de 100 d\u00edas desde entonces, y hasta la fecha,<b> las personas afectadas por ELA y sus familias siguen sin recibir respuestas<\/b> concretas ni garant\u00edas de financiaci\u00f3n para la aplicaci\u00f3n de la norma\u00bb.<\/p>\n<p>Hasta el momento, la \u00fanica reuni\u00f3n mantenida con el Gobierno despu\u00e9s de la aprobaci\u00f3n de la ley tuvo lugar el pasado 10 de enero, cuando los ministerios de Sanidad y de Derechos Sociales, Consumo y Agenda 2030 presentaron a ConELA <b>un borrador de plan para el despliegue de la ley<\/b>.<\/p>\n<p>En aquel encuentro, subray\u00f3, \u00abmanifestamos nuestra comprensi\u00f3n respecto a la complejidad de la puesta en marcha de una ley de estas caracter\u00edsticas, pero tambi\u00e9n <b>insistimos en la urgencia de atender a los enfermos <\/b>que requieren ayuda de manera inmediata\u00bb.<\/p>\n<p>Con este fin, a\u00f1adi\u00f3 el presidente de ConELA, \u00abenviamos nuestras aportaciones al Plan y presentamos una propuesta para comenzar a implementar medidas urgentes de manera inmediata. Seguimos<b> a la espera de respuesta a nuestra propuesta\u00bb<\/b>.<\/p>\n<h2>Reuniones ministeriales<\/h2>\n<p>Adem\u00e1s, continu\u00f3, \u00abconstatamos con inquietud que la cuesti\u00f3n de la financiaci\u00f3n de<b> la ley no ha sido tratada ni en el Consejo Interterritorial del Sistema Nacional de Salud ni en el Consejo Territorial de Servicios Sociales<\/b>, ni est\u00e1 previsto hacerlo en las pr\u00f3ximas semanas\u00bb.<\/p>\n<p>De forma paralela, en las reuniones mantenidas por las entidades territoriales de ConELA con distintos gobiernos auton\u00f3micos, \u00abse nos ha trasladado que la implementaci\u00f3n de la Ley<b> requiere de financiaci\u00f3n y de una coordinaci\u00f3n efectiva por parte del Gobierno central<\/b>, aspectos que hasta ahora no se han materializado\u00bb, indicaron desde la asociaci\u00f3n.<\/p>\n<p>Por lo tanto, \u00abdesde ConELA, entendemos que los cambios estructurales requieren tiempo, pero tambi\u00e9n creemos que el tiempo transcurrido desde la aprobaci\u00f3n de la ley es suficiente para que las personas afectadas por <a href=\"https:\/\/www.20minutos.es\/minuteca\/ela-esclerosis-lateral-amiotrofica\/\" title=\"ELA - Esclerosis lateral amiotr\u00f3fica\" target=\"_blank\">ELA<\/a><b> comiencen a ejercer el derecho que la propia Ley les reconoce<\/b>. La situaci\u00f3n de muchos enfermos y de sus familias es cr\u00edtica y exige respuestas inmediatas\u00bb.<\/p>\n<h1>El tiempo transcurrido desde la aprobaci\u00f3n de la ley es suficiente para que las personas afectadas por ELA comiencen a ejercer el derecho que la propia Ley les reconoce<\/h1>\n<h2>Disponibilidad<\/h2>\n<p>A pesar de esta preocupaci\u00f3n, esta organizaci\u00f3n remarc\u00f3 su <b>disponibilidad al di\u00e1logo y a la colaboraci\u00f3n con el Gobierno<\/b> y con las administraciones auton\u00f3micas para lograr la puesta en marcha efectiva de la Ley ELA.<\/p>\n<p>\u00abCreemos que,<b> con voluntad pol\u00edtica y coordinaci\u00f3n, a\u00fan estamos a tiempo<\/b> de convertir esta ley en un verdadero avance para mejorar la calidad de vida de las personas afectadas por esta enfermedad y sus familias\u00bb, puntualiz\u00f3 Mart\u00edn P\u00e9rez.<\/p>\n<p>La Esclerosis Lateral Amiotr\u00f3fica es una enfermedad neurodegenerativa u progresiva. Caracterizada por una p\u00e9rdida gradual de las neuronas motoras, la ELA provoca una progresiva paralizaci\u00f3n de los m\u00fasculos que intervienen en la movilidad, el habla, la degluci\u00f3n y la respiraci\u00f3n.<\/p>\n<p>Sin embargo, esta patolog\u00eda no afecta a la musculatura ocular, al control de esf\u00ednteres ni a la sensibilidad cut\u00e1nea. La enfermedad tiene un promedio de <b>supervivencia de entre tres y cinco a\u00f1os desde su diagn\u00f3stico<\/b>, por lo que el tiempo y los plazos son fundamentales para las personas afectadas por ELA.<\/p>\n<\/div>\n<p>Fuente: Discapacidad https:\/\/www.20minutos.es\/noticia\/5681125\/0\/conela-preocupada-por-falta-avances-implementacion-ley-ela\/<\/p>\n","protected":false},"excerpt":{"rendered":"<p>Han pasado m\u00e1s de 100 d\u00edas desde su aprobaci\u00f3n y aseguran que \u00ablas personas afectadas por ELA siguen sin recibir respuesta\u00bb<\/p>\n","protected":false},"author":1,"featured_media":0,"comment_status":"closed","ping_status":"closed","sticky":false,"template":"","format":"standard","meta":{"footnotes":""},"categories":[8],"tags":[],"class_list":["post-10820","post","type-post","status-publish","format-standard","hentry","category-noticias"],"yoast_head":"<!-- This site is optimized with the Yoast SEO plugin v27.4 - https:\/\/yoast.com\/product\/yoast-seo-wordpress\/ -->\n<title>Preocupaci\u00f3n por la falta de avances en la ley ELA: &quot;Insistimos en la urgencia de atender a los enfermos&quot; - Asociaci\u00f3n Espa\u00f1ola S\u00edndrome de Charge<\/title>\n<meta name=\"robots\" content=\"index, follow, max-snippet:-1, max-image-preview:large, max-video-preview:-1\" \/>\n<link rel=\"canonical\" href=\"https:\/\/sindromecharge.es\/index.php\/2025\/02\/11\/conela-preocupada-por-falta-avances-implementacion-ley-ela\/\" \/>\n<meta property=\"og:locale\" content=\"es_ES\" \/>\n<meta property=\"og:type\" content=\"article\" \/>\n<meta property=\"og:title\" content=\"Preocupaci\u00f3n por la falta de avances en la ley ELA: &quot;Insistimos en la urgencia de atender a los enfermos&quot; - Asociaci\u00f3n Espa\u00f1ola S\u00edndrome de Charge\" \/>\n<meta property=\"og:description\" content=\"Han pasado m\u00e1s de 100 d\u00edas desde su aprobaci\u00f3n y aseguran que \u00ablas personas afectadas por ELA siguen sin recibir respuesta\u00bb\" \/>\n<meta property=\"og:url\" content=\"https:\/\/sindromecharge.es\/index.php\/2025\/02\/11\/conela-preocupada-por-falta-avances-implementacion-ley-ela\/\" \/>\n<meta property=\"og:site_name\" content=\"Asociaci\u00f3n Espa\u00f1ola S\u00edndrome de Charge\" \/>\n<meta property=\"article:publisher\" content=\"https:\/\/www.facebook.com\/asociacionsindromecharge\" \/>\n<meta property=\"article:published_time\" content=\"2025-02-11T06:46:46+00:00\" \/>\n<meta property=\"og:image\" content=\"https:\/\/sindromecharge.es\/wp-content\/uploads\/2013\/09\/logodecharge300x98.png\" \/>\n\t<meta property=\"og:image:width\" content=\"300\" \/>\n\t<meta property=\"og:image:height\" content=\"98\" \/>\n\t<meta property=\"og:image:type\" content=\"image\/png\" \/>\n<meta name=\"author\" content=\"Charge\" \/>\n<meta name=\"twitter:card\" content=\"summary_large_image\" \/>\n<meta name=\"twitter:creator\" content=\"@sindromecharge\" \/>\n<meta name=\"twitter:site\" content=\"@sindromecharge\" \/>\n<meta name=\"twitter:label1\" content=\"Escrito por\" \/>\n\t<meta name=\"twitter:data1\" content=\"Charge\" \/>\n\t<meta name=\"twitter:label2\" content=\"Tiempo de lectura\" \/>\n\t<meta name=\"twitter:data2\" content=\"3 minutos\" \/>\n<script type=\"application\/ld+json\" class=\"yoast-schema-graph\">{\"@context\":\"https:\\\/\\\/schema.org\",\"@graph\":[{\"@type\":\"Article\",\"@id\":\"https:\\\/\\\/sindromecharge.es\\\/index.php\\\/2025\\\/02\\\/11\\\/conela-preocupada-por-falta-avances-implementacion-ley-ela\\\/#article\",\"isPartOf\":{\"@id\":\"https:\\\/\\\/sindromecharge.es\\\/index.php\\\/2025\\\/02\\\/11\\\/conela-preocupada-por-falta-avances-implementacion-ley-ela\\\/\"},\"author\":{\"name\":\"Charge\",\"@id\":\"https:\\\/\\\/sindromecharge.es\\\/#\\\/schema\\\/person\\\/39a60ebe0a2b4d5a11179701e336b039\"},\"headline\":\"Preocupaci\u00f3n por la falta de avances en la ley ELA: \u00abInsistimos en la urgencia de atender a los enfermos\u00bb\",\"datePublished\":\"2025-02-11T06:46:46+00:00\",\"mainEntityOfPage\":{\"@id\":\"https:\\\/\\\/sindromecharge.es\\\/index.php\\\/2025\\\/02\\\/11\\\/conela-preocupada-por-falta-avances-implementacion-ley-ela\\\/\"},\"wordCount\":652,\"articleSection\":[\"noticias\"],\"inLanguage\":\"es\"},{\"@type\":\"WebPage\",\"@id\":\"https:\\\/\\\/sindromecharge.es\\\/index.php\\\/2025\\\/02\\\/11\\\/conela-preocupada-por-falta-avances-implementacion-ley-ela\\\/\",\"url\":\"https:\\\/\\\/sindromecharge.es\\\/index.php\\\/2025\\\/02\\\/11\\\/conela-preocupada-por-falta-avances-implementacion-ley-ela\\\/\",\"name\":\"Preocupaci\u00f3n por la falta de avances en la ley ELA: \\\"Insistimos en la urgencia de atender a los enfermos\\\" - Asociaci\u00f3n Espa\u00f1ola S\u00edndrome de Charge\",\"isPartOf\":{\"@id\":\"https:\\\/\\\/sindromecharge.es\\\/#website\"},\"datePublished\":\"2025-02-11T06:46:46+00:00\",\"author\":{\"@id\":\"https:\\\/\\\/sindromecharge.es\\\/#\\\/schema\\\/person\\\/39a60ebe0a2b4d5a11179701e336b039\"},\"breadcrumb\":{\"@id\":\"https:\\\/\\\/sindromecharge.es\\\/index.php\\\/2025\\\/02\\\/11\\\/conela-preocupada-por-falta-avances-implementacion-ley-ela\\\/#breadcrumb\"},\"inLanguage\":\"es\",\"potentialAction\":[{\"@type\":\"ReadAction\",\"target\":[\"https:\\\/\\\/sindromecharge.es\\\/index.php\\\/2025\\\/02\\\/11\\\/conela-preocupada-por-falta-avances-implementacion-ley-ela\\\/\"]}]},{\"@type\":\"BreadcrumbList\",\"@id\":\"https:\\\/\\\/sindromecharge.es\\\/index.php\\\/2025\\\/02\\\/11\\\/conela-preocupada-por-falta-avances-implementacion-ley-ela\\\/#breadcrumb\",\"itemListElement\":[{\"@type\":\"ListItem\",\"position\":1,\"name\":\"Portada\",\"item\":\"https:\\\/\\\/sindromecharge.es\\\/\"},{\"@type\":\"ListItem\",\"position\":2,\"name\":\"Preocupaci\u00f3n por la falta de avances en la ley ELA: \u00abInsistimos en la urgencia de atender a los enfermos\u00bb\"}]},{\"@type\":\"WebSite\",\"@id\":\"https:\\\/\\\/sindromecharge.es\\\/#website\",\"url\":\"https:\\\/\\\/sindromecharge.es\\\/\",\"name\":\"Asociaci\u00f3n Espa\u00f1ola S\u00edndrome de Charge\",\"description\":\"\",\"potentialAction\":[{\"@type\":\"SearchAction\",\"target\":{\"@type\":\"EntryPoint\",\"urlTemplate\":\"https:\\\/\\\/sindromecharge.es\\\/?s={search_term_string}\"},\"query-input\":{\"@type\":\"PropertyValueSpecification\",\"valueRequired\":true,\"valueName\":\"search_term_string\"}}],\"inLanguage\":\"es\"},{\"@type\":\"Person\",\"@id\":\"https:\\\/\\\/sindromecharge.es\\\/#\\\/schema\\\/person\\\/39a60ebe0a2b4d5a11179701e336b039\",\"name\":\"Charge\",\"image\":{\"@type\":\"ImageObject\",\"inLanguage\":\"es\",\"@id\":\"https:\\\/\\\/secure.gravatar.com\\\/avatar\\\/c3b46e32a0fc3b093a0873fb767bf3293de856293065e84ef06b7ec7a8acfb98?s=96&d=identicon&r=x\",\"url\":\"https:\\\/\\\/secure.gravatar.com\\\/avatar\\\/c3b46e32a0fc3b093a0873fb767bf3293de856293065e84ef06b7ec7a8acfb98?s=96&d=identicon&r=x\",\"contentUrl\":\"https:\\\/\\\/secure.gravatar.com\\\/avatar\\\/c3b46e32a0fc3b093a0873fb767bf3293de856293065e84ef06b7ec7a8acfb98?s=96&d=identicon&r=x\",\"caption\":\"Charge\"},\"url\":\"https:\\\/\\\/sindromecharge.es\\\/index.php\\\/author\\\/admin\\\/\"}]}<\/script>\n<!-- \/ Yoast SEO plugin. -->","yoast_head_json":{"title":"Preocupaci\u00f3n por la falta de avances en la ley ELA: \"Insistimos en la urgencia de atender a los enfermos\" - Asociaci\u00f3n Espa\u00f1ola S\u00edndrome de Charge","robots":{"index":"index","follow":"follow","max-snippet":"max-snippet:-1","max-image-preview":"max-image-preview:large","max-video-preview":"max-video-preview:-1"},"canonical":"https:\/\/sindromecharge.es\/index.php\/2025\/02\/11\/conela-preocupada-por-falta-avances-implementacion-ley-ela\/","og_locale":"es_ES","og_type":"article","og_title":"Preocupaci\u00f3n por la falta de avances en la ley ELA: \"Insistimos en la urgencia de atender a los enfermos\" - Asociaci\u00f3n Espa\u00f1ola S\u00edndrome de Charge","og_description":"Han pasado m\u00e1s de 100 d\u00edas desde su aprobaci\u00f3n y aseguran que \u00ablas personas afectadas por ELA siguen sin recibir respuesta\u00bb","og_url":"https:\/\/sindromecharge.es\/index.php\/2025\/02\/11\/conela-preocupada-por-falta-avances-implementacion-ley-ela\/","og_site_name":"Asociaci\u00f3n Espa\u00f1ola S\u00edndrome de Charge","article_publisher":"https:\/\/www.facebook.com\/asociacionsindromecharge","article_published_time":"2025-02-11T06:46:46+00:00","og_image":[{"width":300,"height":98,"url":"https:\/\/sindromecharge.es\/wp-content\/uploads\/2013\/09\/logodecharge300x98.png","type":"image\/png"}],"author":"Charge","twitter_card":"summary_large_image","twitter_creator":"@sindromecharge","twitter_site":"@sindromecharge","twitter_misc":{"Escrito por":"Charge","Tiempo de lectura":"3 minutos"},"schema":{"@context":"https:\/\/schema.org","@graph":[{"@type":"Article","@id":"https:\/\/sindromecharge.es\/index.php\/2025\/02\/11\/conela-preocupada-por-falta-avances-implementacion-ley-ela\/#article","isPartOf":{"@id":"https:\/\/sindromecharge.es\/index.php\/2025\/02\/11\/conela-preocupada-por-falta-avances-implementacion-ley-ela\/"},"author":{"name":"Charge","@id":"https:\/\/sindromecharge.es\/#\/schema\/person\/39a60ebe0a2b4d5a11179701e336b039"},"headline":"Preocupaci\u00f3n por la falta de avances en la ley ELA: \u00abInsistimos en la urgencia de atender a los enfermos\u00bb","datePublished":"2025-02-11T06:46:46+00:00","mainEntityOfPage":{"@id":"https:\/\/sindromecharge.es\/index.php\/2025\/02\/11\/conela-preocupada-por-falta-avances-implementacion-ley-ela\/"},"wordCount":652,"articleSection":["noticias"],"inLanguage":"es"},{"@type":"WebPage","@id":"https:\/\/sindromecharge.es\/index.php\/2025\/02\/11\/conela-preocupada-por-falta-avances-implementacion-ley-ela\/","url":"https:\/\/sindromecharge.es\/index.php\/2025\/02\/11\/conela-preocupada-por-falta-avances-implementacion-ley-ela\/","name":"Preocupaci\u00f3n por la falta de avances en la ley ELA: \"Insistimos en la urgencia de atender a los enfermos\" - Asociaci\u00f3n Espa\u00f1ola S\u00edndrome de Charge","isPartOf":{"@id":"https:\/\/sindromecharge.es\/#website"},"datePublished":"2025-02-11T06:46:46+00:00","author":{"@id":"https:\/\/sindromecharge.es\/#\/schema\/person\/39a60ebe0a2b4d5a11179701e336b039"},"breadcrumb":{"@id":"https:\/\/sindromecharge.es\/index.php\/2025\/02\/11\/conela-preocupada-por-falta-avances-implementacion-ley-ela\/#breadcrumb"},"inLanguage":"es","potentialAction":[{"@type":"ReadAction","target":["https:\/\/sindromecharge.es\/index.php\/2025\/02\/11\/conela-preocupada-por-falta-avances-implementacion-ley-ela\/"]}]},{"@type":"BreadcrumbList","@id":"https:\/\/sindromecharge.es\/index.php\/2025\/02\/11\/conela-preocupada-por-falta-avances-implementacion-ley-ela\/#breadcrumb","itemListElement":[{"@type":"ListItem","position":1,"name":"Portada","item":"https:\/\/sindromecharge.es\/"},{"@type":"ListItem","position":2,"name":"Preocupaci\u00f3n por la falta de avances en la ley ELA: \u00abInsistimos en la urgencia de atender a los enfermos\u00bb"}]},{"@type":"WebSite","@id":"https:\/\/sindromecharge.es\/#website","url":"https:\/\/sindromecharge.es\/","name":"Asociaci\u00f3n Espa\u00f1ola S\u00edndrome de Charge","description":"","potentialAction":[{"@type":"SearchAction","target":{"@type":"EntryPoint","urlTemplate":"https:\/\/sindromecharge.es\/?s={search_term_string}"},"query-input":{"@type":"PropertyValueSpecification","valueRequired":true,"valueName":"search_term_string"}}],"inLanguage":"es"},{"@type":"Person","@id":"https:\/\/sindromecharge.es\/#\/schema\/person\/39a60ebe0a2b4d5a11179701e336b039","name":"Charge","image":{"@type":"ImageObject","inLanguage":"es","@id":"https:\/\/secure.gravatar.com\/avatar\/c3b46e32a0fc3b093a0873fb767bf3293de856293065e84ef06b7ec7a8acfb98?s=96&d=identicon&r=x","url":"https:\/\/secure.gravatar.com\/avatar\/c3b46e32a0fc3b093a0873fb767bf3293de856293065e84ef06b7ec7a8acfb98?s=96&d=identicon&r=x","contentUrl":"https:\/\/secure.gravatar.com\/avatar\/c3b46e32a0fc3b093a0873fb767bf3293de856293065e84ef06b7ec7a8acfb98?s=96&d=identicon&r=x","caption":"Charge"},"url":"https:\/\/sindromecharge.es\/index.php\/author\/admin\/"}]}},"_links":{"self":[{"href":"https:\/\/sindromecharge.es\/index.php\/wp-json\/wp\/v2\/posts\/10820","targetHints":{"allow":["GET"]}}],"collection":[{"href":"https:\/\/sindromecharge.es\/index.php\/wp-json\/wp\/v2\/posts"}],"about":[{"href":"https:\/\/sindromecharge.es\/index.php\/wp-json\/wp\/v2\/types\/post"}],"author":[{"embeddable":true,"href":"https:\/\/sindromecharge.es\/index.php\/wp-json\/wp\/v2\/users\/1"}],"replies":[{"embeddable":true,"href":"https:\/\/sindromecharge.es\/index.php\/wp-json\/wp\/v2\/comments?post=10820"}],"version-history":[{"count":0,"href":"https:\/\/sindromecharge.es\/index.php\/wp-json\/wp\/v2\/posts\/10820\/revisions"}],"wp:attachment":[{"href":"https:\/\/sindromecharge.es\/index.php\/wp-json\/wp\/v2\/media?parent=10820"}],"wp:term":[{"taxonomy":"category","embeddable":true,"href":"https:\/\/sindromecharge.es\/index.php\/wp-json\/wp\/v2\/categories?post=10820"},{"taxonomy":"post_tag","embeddable":true,"href":"https:\/\/sindromecharge.es\/index.php\/wp-json\/wp\/v2\/tags?post=10820"}],"curies":[{"name":"wp","href":"https:\/\/api.w.org\/{rel}","templated":true}]}}