{"id":10818,"date":"2025-02-11T06:27:48","date_gmt":"2025-02-11T06:27:48","guid":{"rendered":"https:\/\/sindromecharge.es\/index.php\/2025\/02\/11\/esqui-sin-limites-como-formigal-candanchu-hacen-nieve-un-espacio-inclusivo\/"},"modified":"2025-02-11T06:27:48","modified_gmt":"2025-02-11T06:27:48","slug":"esqui-sin-limites-como-formigal-candanchu-hacen-nieve-un-espacio-inclusivo","status":"publish","type":"post","link":"https:\/\/sindromecharge.es\/index.php\/2025\/02\/11\/esqui-sin-limites-como-formigal-candanchu-hacen-nieve-un-espacio-inclusivo\/","title":{"rendered":"Moncasi, Valladares, S\u00e1ez y su empe\u00f1o por un esqu\u00ed sin barreras: \u00abQueremos que las personas con discapacidad disfruten\u00bb"},"content":{"rendered":"<p>Leemos en Discapacidad la siguiente noticia que os reproducimos de forma \u00edntegra: <\/p>\n<div>\n<p>El <a href=\"https:\/\/www.20minutos.es\/deportes\/minuteca\/esqui\/\" title=\"Esqu\u00ed\">esqu\u00ed<\/a>, un deporte que evoca adrenalina, paisajes imponentes y el crujir de la nieve bajo las tablas, ha sido hist\u00f3ricamente visto como una actividad reservada a quienes no tienen ning\u00fan tipo de limitaci\u00f3n f\u00edsica. Sin embargo, en Espa\u00f1a,<b> las estaciones de Formigal y Candanch\u00fa <\/b>han demostrado que <b>la nieve no entiende de barreras<\/b>, gracias a la dedicaci\u00f3n de monitores que han convertido la <a href=\"https:\/\/www.20minutos.es\/minuteca\/inclusion\/\" title=\"Inclusi\u00f3n\">inclusi\u00f3n<\/a> en su bandera.<\/p>\n<p><b>Urbez Moncasi y V\u00edctor Valladares, en Formigal, y C\u00e1ndido S\u00e1ez, en Candanch\u00fa<\/b>, han transformado la experiencia del esqu\u00ed para personas con <a href=\"https:\/\/www.20minutos.es\/minuteca\/discapacidad\/\" title=\"Discapacidad\">discapacidad<\/a>. Su labor, llena de esfuerzo, formaci\u00f3n y vocaci\u00f3n, ha permitido que cientos de esquiadores con diversidad funcional disfruten de este deporte cada temporada.<\/p>\n<p>La inclusi\u00f3n en las pistas no es fruto de la casualidad, sino de la tenacidad de profesionales como V\u00edctor Valladares, quien, hace m\u00e1s de dos d\u00e9cadas, se dio cuenta de que <b>muchas personas con discapacidad estaban completamente excluidas del esqu<\/b>\u00ed. La chispa que encendi\u00f3 el cambio se produjo cuando un colegio quiso llevar a un ni\u00f1o ciego a una estaci\u00f3n de esqu\u00ed, pero la direcci\u00f3n se neg\u00f3 por miedo a posibles accidentes.<\/p>\n<p>\u00abNos dimos cuenta de que <b>algo estaba fallando<\/b> y decidimos formarnos en esqu\u00ed adaptado\u00bb, explica Valladares. As\u00ed naci\u00f3 <b>la Fundaci\u00f3n Deporte Solidario<\/b>, una entidad que lleva casi 20 a\u00f1os facilitando el acceso a la nieve a personas con discapacidad en la estaci\u00f3n de Formigal. Gracias a su empe\u00f1o y al apoyo de empresarios locales, lograron reunir fondos para comprar material adaptado y formar monitores especializados.<\/p>\n<p>Desde entonces, Formigal se ha convertido en una referencia en el esqu\u00ed adaptado en Espa\u00f1a. Cada temporada,<b> entre 650 y 700 personas con discapacidad disfrutan de la nieve<\/b> en sus pistas, con clases personalizadas y material espec\u00edfico para sus necesidades.<\/p>\n<h2>Una ense\u00f1anza sin barreras en Formigal<\/h2>\n<p>La escuela de esqu\u00ed de Formigal ha integrado completamente el esqu\u00ed adaptado dentro de su programa oficial. \u00abAunque llevamos casi dos d\u00e9cadas aqu\u00ed, todav\u00eda hay gente que no sabe que existe esta posibilidad\u00bb, lamenta Valladares. <b>La falta de visibilidad ha sido uno de los principales retos<\/b>, ya que muchas familias desconocen que este deporte es accesible para sus hijos.<\/p>\n<p>Gracias a la Fundaci\u00f3n, las clases de esqu\u00ed para personas con discapacidad<b> tienen un precio reducido<\/b>: mientras que una sesi\u00f3n normal cuesta 60 euros, <b>las adaptadas solo cuestan 35,<\/b> ya que la diferencia es cubierta por la entidad. \u00abEs un esfuerzo enorme, pero lo hacemos con vocaci\u00f3n\u00bb, asegura Urbez Moncasi, otro de los monitores especializados.<\/p>\n<h2>Adaptaciones para cada esquiador<\/h2>\n<p>En Formigal, el equipo de esqu\u00ed adaptado cuenta con <b>un arsenal de material espec\u00edfico<\/b> para cada tipo de discapacidad:<\/p>\n<p><b>&#8211; Para personas con discapacidad visual<\/b>, se utilizan meg\u00e1fonos e intercomunicadores para guiarles durante el descenso.<\/p>\n<p><b>&#8211; Para quienes tienen movilidad reducida<\/b>, hay diferentes tipos de sillas adaptadas, que requieren una formaci\u00f3n espec\u00edfica para su manejo.<\/p>\n<p><b>&#8211; Para esquiadores con discapacidad intelectual<\/b>, la clave est\u00e1 en adaptar la metodolog\u00eda y los tiempos de aprendizaje a cada persona.<\/p>\n<p>\u00abEn 17 a\u00f1os, <b>no hemos tenido ni un solo accidente<\/b>\u00ab, afirma Valladares, resaltando la importancia de la seguridad y la formaci\u00f3n de los instructores. \u00abManejar una silla adaptada no es solo deslizarse por la pista, implica saber usar los remontes, gestionar el peso y garantizar la estabilidad en todo momento\u00bb.<\/p>\n<p>Para los monitores, la mayor recompensa es ver la transformaci\u00f3n que el esqu\u00ed genera en sus alumnos. \u00abMuchas familias llegan pensando que su hijo nunca podr\u00e1 esquiar, y cuando los ven bajar una pista con una sonrisa, <b>se dan cuenta de que s\u00ed es posible<\/b>\u00ab, dice Moncasi.<\/p>\n<h2>El ejemplo de Candanch\u00fa<\/h2>\n<p>A pocos kil\u00f3metros de Formigal, en la estaci\u00f3n de <a href=\"https:\/\/www.20minutos.es\/minuteca\/candanchu\/\" title=\"Candanch\u00fa\">Candanch\u00fa<\/a>, otro nombre ha sido clave en la evoluci\u00f3n del esqu\u00ed adaptado en Espa\u00f1a: C\u00e1ndido S\u00e1ez, quien lleva <b>m\u00e1s de 40 a\u00f1os dedic\u00e1ndose a la ense\u00f1anza del esqu\u00ed<\/b>. Su historia con la discapacidad comenz\u00f3 casi por casualidad, cuando un ni\u00f1o con <a href=\"https:\/\/www.20minutos.es\/minuteca\/sindrome-de-down\/\" title=\"S\u00edndrome de Down\">s\u00edndrome de Down<\/a> lleg\u00f3 a una de sus clases.<\/p>\n<p>\u00ab<b>Al principio no sab\u00eda c\u00f3mo actuar<\/b>\u00ab, reconoce. \u00abPasamos dos horas sin lograr que esquiara, pero cuando sus padres volvieron y me dijeron que se lo hab\u00eda pasado bien, entend\u00ed que deb\u00eda hacer algo m\u00e1s\u00bb.<\/p>\n<p>As\u00ed comenz\u00f3 un proceso de formaci\u00f3n que llev\u00f3 a S\u00e1ez a<b> especializarse en la ense\u00f1anza del esqu\u00ed para personas con discapacidad<\/b>. Con el tiempo, no solo consigui\u00f3 que aquel ni\u00f1o esquiara, sino que form\u00f3 un grupo de alumnos que acab\u00f3 compitiendo en una Olimpiada en Canad\u00e1.<\/p>\n<p>Hoy en d\u00eda, Candanch\u00fa cuenta con un equipo estable <b>de entre 15 y 20 deportistas con discapacidad<\/b>, que cada a\u00f1o disfrutan de la nieve y mejoran su coordinaci\u00f3n y confianza. \u00abLa clave no es que lleguen a ser grandes esquiadores, <b>sino que se diviertan y ganen autonom\u00eda<\/b>\u00ab, explica S\u00e1ez.<\/p>\n<p>Aunque el esqu\u00ed adaptado<b> ha evolucionado mucho<\/b> en las \u00faltimas d\u00e9cadas, todav\u00eda hay retos pendientes. En estaciones como Formigal o Candanch\u00fa, la accesibilidad depende m\u00e1s del esfuerzo de los monitores y las fundaciones que de infraestructuras espec\u00edficas.<\/p>\n<p>\u00abEn nuestra estaci\u00f3n <b>no hay adaptaciones <\/b>como las que existen en otros pa\u00edses\u00bb, se\u00f1ala S\u00e1ez. \u00abNo hay remontes dise\u00f1ados para personas con movilidad reducida ni espacios adaptados en los alojamientos cercanos\u00bb.<\/p>\n<p>A pesar de estas dificultades, <b>el esqu\u00ed adaptado sigue creciendo en Espa\u00f1a<\/b> gracias a la labor de monitores comprometidos como Urbez Moncasi, V\u00edctor Valladares y C\u00e1ndido S\u00e1ez. Su trabajo demuestra que la nieve no entiende de barreras y que cualquier persona, independientemente de su capacidad, puede disfrutar del esqu\u00ed con la formaci\u00f3n y los recursos adecuados.<\/p>\n<h2>\u00abLo importante es que disfruten\u00bb<\/h2>\n<p>Para los instructores, lo m\u00e1s gratificante no es ver a sus alumnos bajar una pista con t\u00e9cnica impecable, sino verlos sonre\u00edr. \u00abNo nos interesa la competici\u00f3n\u00bb, aclara Moncasi. \u00ab<b>Nuestro objetivo es que las personas con discapacidad disfruten del esqu\u00ed<\/b> y vivan la experiencia con sus familias\u00bb.<\/p>\n<\/div>\n<p>Fuente: Discapacidad https:\/\/www.20minutos.es\/noticia\/5680325\/0\/esqui-sin-limites-como-formigal-candanchu-hacen-nieve-un-espacio-inclusivo\/<\/p>\n","protected":false},"excerpt":{"rendered":"<p>Un deporte de invierno para todos gracias a la labor de monitores especializados en esqu\u00ed adaptado.<\/p>\n","protected":false},"author":1,"featured_media":0,"comment_status":"closed","ping_status":"closed","sticky":false,"template":"","format":"standard","meta":{"footnotes":""},"categories":[8],"tags":[],"class_list":["post-10818","post","type-post","status-publish","format-standard","hentry","category-noticias"],"yoast_head":"<!-- This site is optimized with the Yoast SEO plugin v27.4 - https:\/\/yoast.com\/product\/yoast-seo-wordpress\/ -->\n<title>Moncasi, Valladares, S\u00e1ez y su empe\u00f1o por un esqu\u00ed sin barreras: &quot;Queremos que las personas con discapacidad disfruten&quot; - Asociaci\u00f3n Espa\u00f1ola S\u00edndrome de Charge<\/title>\n<meta name=\"robots\" content=\"index, follow, max-snippet:-1, max-image-preview:large, max-video-preview:-1\" \/>\n<link rel=\"canonical\" href=\"https:\/\/sindromecharge.es\/index.php\/2025\/02\/11\/esqui-sin-limites-como-formigal-candanchu-hacen-nieve-un-espacio-inclusivo\/\" \/>\n<meta property=\"og:locale\" content=\"es_ES\" \/>\n<meta property=\"og:type\" content=\"article\" \/>\n<meta property=\"og:title\" content=\"Moncasi, Valladares, S\u00e1ez y su empe\u00f1o por un esqu\u00ed sin barreras: &quot;Queremos que las personas con discapacidad disfruten&quot; - Asociaci\u00f3n Espa\u00f1ola S\u00edndrome de Charge\" \/>\n<meta property=\"og:description\" content=\"Un deporte de invierno para todos gracias a la labor de monitores especializados en esqu\u00ed adaptado.\" \/>\n<meta property=\"og:url\" content=\"https:\/\/sindromecharge.es\/index.php\/2025\/02\/11\/esqui-sin-limites-como-formigal-candanchu-hacen-nieve-un-espacio-inclusivo\/\" \/>\n<meta property=\"og:site_name\" content=\"Asociaci\u00f3n Espa\u00f1ola S\u00edndrome de Charge\" \/>\n<meta property=\"article:publisher\" content=\"https:\/\/www.facebook.com\/asociacionsindromecharge\" \/>\n<meta property=\"article:published_time\" content=\"2025-02-11T06:27:48+00:00\" \/>\n<meta property=\"og:image\" content=\"https:\/\/sindromecharge.es\/wp-content\/uploads\/2013\/09\/logodecharge300x98.png\" \/>\n\t<meta property=\"og:image:width\" content=\"300\" \/>\n\t<meta property=\"og:image:height\" content=\"98\" \/>\n\t<meta property=\"og:image:type\" content=\"image\/png\" \/>\n<meta name=\"author\" content=\"Charge\" \/>\n<meta name=\"twitter:card\" content=\"summary_large_image\" \/>\n<meta name=\"twitter:creator\" content=\"@sindromecharge\" \/>\n<meta name=\"twitter:site\" content=\"@sindromecharge\" \/>\n<meta name=\"twitter:label1\" content=\"Escrito por\" \/>\n\t<meta name=\"twitter:data1\" content=\"Charge\" \/>\n\t<meta name=\"twitter:label2\" content=\"Tiempo de lectura\" \/>\n\t<meta name=\"twitter:data2\" content=\"5 minutos\" \/>\n<script type=\"application\/ld+json\" class=\"yoast-schema-graph\">{\"@context\":\"https:\\\/\\\/schema.org\",\"@graph\":[{\"@type\":\"Article\",\"@id\":\"https:\\\/\\\/sindromecharge.es\\\/index.php\\\/2025\\\/02\\\/11\\\/esqui-sin-limites-como-formigal-candanchu-hacen-nieve-un-espacio-inclusivo\\\/#article\",\"isPartOf\":{\"@id\":\"https:\\\/\\\/sindromecharge.es\\\/index.php\\\/2025\\\/02\\\/11\\\/esqui-sin-limites-como-formigal-candanchu-hacen-nieve-un-espacio-inclusivo\\\/\"},\"author\":{\"name\":\"Charge\",\"@id\":\"https:\\\/\\\/sindromecharge.es\\\/#\\\/schema\\\/person\\\/39a60ebe0a2b4d5a11179701e336b039\"},\"headline\":\"Moncasi, Valladares, S\u00e1ez y su empe\u00f1o por un esqu\u00ed sin barreras: \u00abQueremos que las personas con discapacidad disfruten\u00bb\",\"datePublished\":\"2025-02-11T06:27:48+00:00\",\"mainEntityOfPage\":{\"@id\":\"https:\\\/\\\/sindromecharge.es\\\/index.php\\\/2025\\\/02\\\/11\\\/esqui-sin-limites-como-formigal-candanchu-hacen-nieve-un-espacio-inclusivo\\\/\"},\"wordCount\":1068,\"articleSection\":[\"noticias\"],\"inLanguage\":\"es\"},{\"@type\":\"WebPage\",\"@id\":\"https:\\\/\\\/sindromecharge.es\\\/index.php\\\/2025\\\/02\\\/11\\\/esqui-sin-limites-como-formigal-candanchu-hacen-nieve-un-espacio-inclusivo\\\/\",\"url\":\"https:\\\/\\\/sindromecharge.es\\\/index.php\\\/2025\\\/02\\\/11\\\/esqui-sin-limites-como-formigal-candanchu-hacen-nieve-un-espacio-inclusivo\\\/\",\"name\":\"Moncasi, Valladares, S\u00e1ez y su empe\u00f1o por un esqu\u00ed sin barreras: \\\"Queremos que las personas con discapacidad disfruten\\\" - Asociaci\u00f3n Espa\u00f1ola S\u00edndrome de Charge\",\"isPartOf\":{\"@id\":\"https:\\\/\\\/sindromecharge.es\\\/#website\"},\"datePublished\":\"2025-02-11T06:27:48+00:00\",\"author\":{\"@id\":\"https:\\\/\\\/sindromecharge.es\\\/#\\\/schema\\\/person\\\/39a60ebe0a2b4d5a11179701e336b039\"},\"breadcrumb\":{\"@id\":\"https:\\\/\\\/sindromecharge.es\\\/index.php\\\/2025\\\/02\\\/11\\\/esqui-sin-limites-como-formigal-candanchu-hacen-nieve-un-espacio-inclusivo\\\/#breadcrumb\"},\"inLanguage\":\"es\",\"potentialAction\":[{\"@type\":\"ReadAction\",\"target\":[\"https:\\\/\\\/sindromecharge.es\\\/index.php\\\/2025\\\/02\\\/11\\\/esqui-sin-limites-como-formigal-candanchu-hacen-nieve-un-espacio-inclusivo\\\/\"]}]},{\"@type\":\"BreadcrumbList\",\"@id\":\"https:\\\/\\\/sindromecharge.es\\\/index.php\\\/2025\\\/02\\\/11\\\/esqui-sin-limites-como-formigal-candanchu-hacen-nieve-un-espacio-inclusivo\\\/#breadcrumb\",\"itemListElement\":[{\"@type\":\"ListItem\",\"position\":1,\"name\":\"Portada\",\"item\":\"https:\\\/\\\/sindromecharge.es\\\/\"},{\"@type\":\"ListItem\",\"position\":2,\"name\":\"Moncasi, Valladares, S\u00e1ez y su empe\u00f1o por un esqu\u00ed sin barreras: \u00abQueremos que las personas con discapacidad disfruten\u00bb\"}]},{\"@type\":\"WebSite\",\"@id\":\"https:\\\/\\\/sindromecharge.es\\\/#website\",\"url\":\"https:\\\/\\\/sindromecharge.es\\\/\",\"name\":\"Asociaci\u00f3n Espa\u00f1ola S\u00edndrome de Charge\",\"description\":\"\",\"potentialAction\":[{\"@type\":\"SearchAction\",\"target\":{\"@type\":\"EntryPoint\",\"urlTemplate\":\"https:\\\/\\\/sindromecharge.es\\\/?s={search_term_string}\"},\"query-input\":{\"@type\":\"PropertyValueSpecification\",\"valueRequired\":true,\"valueName\":\"search_term_string\"}}],\"inLanguage\":\"es\"},{\"@type\":\"Person\",\"@id\":\"https:\\\/\\\/sindromecharge.es\\\/#\\\/schema\\\/person\\\/39a60ebe0a2b4d5a11179701e336b039\",\"name\":\"Charge\",\"image\":{\"@type\":\"ImageObject\",\"inLanguage\":\"es\",\"@id\":\"https:\\\/\\\/secure.gravatar.com\\\/avatar\\\/c3b46e32a0fc3b093a0873fb767bf3293de856293065e84ef06b7ec7a8acfb98?s=96&d=identicon&r=x\",\"url\":\"https:\\\/\\\/secure.gravatar.com\\\/avatar\\\/c3b46e32a0fc3b093a0873fb767bf3293de856293065e84ef06b7ec7a8acfb98?s=96&d=identicon&r=x\",\"contentUrl\":\"https:\\\/\\\/secure.gravatar.com\\\/avatar\\\/c3b46e32a0fc3b093a0873fb767bf3293de856293065e84ef06b7ec7a8acfb98?s=96&d=identicon&r=x\",\"caption\":\"Charge\"},\"url\":\"https:\\\/\\\/sindromecharge.es\\\/index.php\\\/author\\\/admin\\\/\"}]}<\/script>\n<!-- \/ Yoast SEO plugin. -->","yoast_head_json":{"title":"Moncasi, Valladares, S\u00e1ez y su empe\u00f1o por un esqu\u00ed sin barreras: \"Queremos que las personas con discapacidad disfruten\" - Asociaci\u00f3n Espa\u00f1ola S\u00edndrome de Charge","robots":{"index":"index","follow":"follow","max-snippet":"max-snippet:-1","max-image-preview":"max-image-preview:large","max-video-preview":"max-video-preview:-1"},"canonical":"https:\/\/sindromecharge.es\/index.php\/2025\/02\/11\/esqui-sin-limites-como-formigal-candanchu-hacen-nieve-un-espacio-inclusivo\/","og_locale":"es_ES","og_type":"article","og_title":"Moncasi, Valladares, S\u00e1ez y su empe\u00f1o por un esqu\u00ed sin barreras: \"Queremos que las personas con discapacidad disfruten\" - Asociaci\u00f3n Espa\u00f1ola S\u00edndrome de Charge","og_description":"Un deporte de invierno para todos gracias a la labor de monitores especializados en esqu\u00ed adaptado.","og_url":"https:\/\/sindromecharge.es\/index.php\/2025\/02\/11\/esqui-sin-limites-como-formigal-candanchu-hacen-nieve-un-espacio-inclusivo\/","og_site_name":"Asociaci\u00f3n Espa\u00f1ola S\u00edndrome de Charge","article_publisher":"https:\/\/www.facebook.com\/asociacionsindromecharge","article_published_time":"2025-02-11T06:27:48+00:00","og_image":[{"width":300,"height":98,"url":"https:\/\/sindromecharge.es\/wp-content\/uploads\/2013\/09\/logodecharge300x98.png","type":"image\/png"}],"author":"Charge","twitter_card":"summary_large_image","twitter_creator":"@sindromecharge","twitter_site":"@sindromecharge","twitter_misc":{"Escrito por":"Charge","Tiempo de lectura":"5 minutos"},"schema":{"@context":"https:\/\/schema.org","@graph":[{"@type":"Article","@id":"https:\/\/sindromecharge.es\/index.php\/2025\/02\/11\/esqui-sin-limites-como-formigal-candanchu-hacen-nieve-un-espacio-inclusivo\/#article","isPartOf":{"@id":"https:\/\/sindromecharge.es\/index.php\/2025\/02\/11\/esqui-sin-limites-como-formigal-candanchu-hacen-nieve-un-espacio-inclusivo\/"},"author":{"name":"Charge","@id":"https:\/\/sindromecharge.es\/#\/schema\/person\/39a60ebe0a2b4d5a11179701e336b039"},"headline":"Moncasi, Valladares, S\u00e1ez y su empe\u00f1o por un esqu\u00ed sin barreras: \u00abQueremos que las personas con discapacidad disfruten\u00bb","datePublished":"2025-02-11T06:27:48+00:00","mainEntityOfPage":{"@id":"https:\/\/sindromecharge.es\/index.php\/2025\/02\/11\/esqui-sin-limites-como-formigal-candanchu-hacen-nieve-un-espacio-inclusivo\/"},"wordCount":1068,"articleSection":["noticias"],"inLanguage":"es"},{"@type":"WebPage","@id":"https:\/\/sindromecharge.es\/index.php\/2025\/02\/11\/esqui-sin-limites-como-formigal-candanchu-hacen-nieve-un-espacio-inclusivo\/","url":"https:\/\/sindromecharge.es\/index.php\/2025\/02\/11\/esqui-sin-limites-como-formigal-candanchu-hacen-nieve-un-espacio-inclusivo\/","name":"Moncasi, Valladares, S\u00e1ez y su empe\u00f1o por un esqu\u00ed sin barreras: \"Queremos que las personas con discapacidad disfruten\" - Asociaci\u00f3n Espa\u00f1ola S\u00edndrome de Charge","isPartOf":{"@id":"https:\/\/sindromecharge.es\/#website"},"datePublished":"2025-02-11T06:27:48+00:00","author":{"@id":"https:\/\/sindromecharge.es\/#\/schema\/person\/39a60ebe0a2b4d5a11179701e336b039"},"breadcrumb":{"@id":"https:\/\/sindromecharge.es\/index.php\/2025\/02\/11\/esqui-sin-limites-como-formigal-candanchu-hacen-nieve-un-espacio-inclusivo\/#breadcrumb"},"inLanguage":"es","potentialAction":[{"@type":"ReadAction","target":["https:\/\/sindromecharge.es\/index.php\/2025\/02\/11\/esqui-sin-limites-como-formigal-candanchu-hacen-nieve-un-espacio-inclusivo\/"]}]},{"@type":"BreadcrumbList","@id":"https:\/\/sindromecharge.es\/index.php\/2025\/02\/11\/esqui-sin-limites-como-formigal-candanchu-hacen-nieve-un-espacio-inclusivo\/#breadcrumb","itemListElement":[{"@type":"ListItem","position":1,"name":"Portada","item":"https:\/\/sindromecharge.es\/"},{"@type":"ListItem","position":2,"name":"Moncasi, Valladares, S\u00e1ez y su empe\u00f1o por un esqu\u00ed sin barreras: \u00abQueremos que las personas con discapacidad disfruten\u00bb"}]},{"@type":"WebSite","@id":"https:\/\/sindromecharge.es\/#website","url":"https:\/\/sindromecharge.es\/","name":"Asociaci\u00f3n Espa\u00f1ola S\u00edndrome de Charge","description":"","potentialAction":[{"@type":"SearchAction","target":{"@type":"EntryPoint","urlTemplate":"https:\/\/sindromecharge.es\/?s={search_term_string}"},"query-input":{"@type":"PropertyValueSpecification","valueRequired":true,"valueName":"search_term_string"}}],"inLanguage":"es"},{"@type":"Person","@id":"https:\/\/sindromecharge.es\/#\/schema\/person\/39a60ebe0a2b4d5a11179701e336b039","name":"Charge","image":{"@type":"ImageObject","inLanguage":"es","@id":"https:\/\/secure.gravatar.com\/avatar\/c3b46e32a0fc3b093a0873fb767bf3293de856293065e84ef06b7ec7a8acfb98?s=96&d=identicon&r=x","url":"https:\/\/secure.gravatar.com\/avatar\/c3b46e32a0fc3b093a0873fb767bf3293de856293065e84ef06b7ec7a8acfb98?s=96&d=identicon&r=x","contentUrl":"https:\/\/secure.gravatar.com\/avatar\/c3b46e32a0fc3b093a0873fb767bf3293de856293065e84ef06b7ec7a8acfb98?s=96&d=identicon&r=x","caption":"Charge"},"url":"https:\/\/sindromecharge.es\/index.php\/author\/admin\/"}]}},"_links":{"self":[{"href":"https:\/\/sindromecharge.es\/index.php\/wp-json\/wp\/v2\/posts\/10818","targetHints":{"allow":["GET"]}}],"collection":[{"href":"https:\/\/sindromecharge.es\/index.php\/wp-json\/wp\/v2\/posts"}],"about":[{"href":"https:\/\/sindromecharge.es\/index.php\/wp-json\/wp\/v2\/types\/post"}],"author":[{"embeddable":true,"href":"https:\/\/sindromecharge.es\/index.php\/wp-json\/wp\/v2\/users\/1"}],"replies":[{"embeddable":true,"href":"https:\/\/sindromecharge.es\/index.php\/wp-json\/wp\/v2\/comments?post=10818"}],"version-history":[{"count":0,"href":"https:\/\/sindromecharge.es\/index.php\/wp-json\/wp\/v2\/posts\/10818\/revisions"}],"wp:attachment":[{"href":"https:\/\/sindromecharge.es\/index.php\/wp-json\/wp\/v2\/media?parent=10818"}],"wp:term":[{"taxonomy":"category","embeddable":true,"href":"https:\/\/sindromecharge.es\/index.php\/wp-json\/wp\/v2\/categories?post=10818"},{"taxonomy":"post_tag","embeddable":true,"href":"https:\/\/sindromecharge.es\/index.php\/wp-json\/wp\/v2\/tags?post=10818"}],"curies":[{"name":"wp","href":"https:\/\/api.w.org\/{rel}","templated":true}]}}