{"id":10815,"date":"2025-02-10T07:48:03","date_gmt":"2025-02-10T07:48:03","guid":{"rendered":"https:\/\/sindromecharge.es\/index.php\/2025\/02\/10\/5-000-calcetines-desparejados-reto-colegio-cambrils-para-celebrar-dia-sindrome-down\/"},"modified":"2025-02-10T07:48:03","modified_gmt":"2025-02-10T07:48:03","slug":"5-000-calcetines-desparejados-reto-colegio-cambrils-para-celebrar-dia-sindrome-down","status":"publish","type":"post","link":"https:\/\/sindromecharge.es\/index.php\/2025\/02\/10\/5-000-calcetines-desparejados-reto-colegio-cambrils-para-celebrar-dia-sindrome-down\/","title":{"rendered":"5.000 calcetines &#8216;desparejados&#8217;, el reto del colegio Cambrils para celebrar el d\u00eda del S\u00edndrome de Down"},"content":{"rendered":"<p>Leemos en Discapacidad la siguiente noticia que os reproducimos de forma \u00edntegra: <\/p>\n<div>\n<p>El d\u00eda mundial del <a href=\"https:\/\/www.20minutos.es\/minuteca\/sindrome-de-down\/\" title=\"S\u00edndrome de Down\" target=\"_blank\">s\u00edndrome de Down<\/a> cada 21 de marzo, pero en el Colegio Cambrils, un colegio de <a href=\"https:\/\/www.20minutos.es\/minuteca\/educacion-especial\/\" title=\"Educaci\u00f3n Especial\" target=\"_blank\">educaci\u00f3n especial<\/a> con casi 40 a\u00f1os de historia especializado en alumnos con <a href=\"https:\/\/www.20minutos.es\/minuteca\/discapacidad-intelectual\/\" title=\"Discapacidad intelectual\" target=\"_blank\">discapacidad intelectual<\/a>, ya se est\u00e1 preparando para celebrarlo. <\/p>\n<p>Cada 21 de marzo, un gesto muy extendido para conmemorar este d\u00eda es <b>llevar calcetines desparejados<\/b>, ya que el cariotipo del S\u00edndrome de Down recuerda a un par de calcetines diferentes. Es una forma sencilla y visual de mostrar apoyo y promover la vida de las personas s\u00edndrome de Down y su <a href=\"https:\/\/www.20minutos.es\/minuteca\/inclusion\/\" title=\"Inclusi\u00f3n\" target=\"_blank\">inclusi\u00f3n<\/a>.<\/p>\n<p>Desde Cambrils aseguran que no quieren imaginar un mundo sin personas S\u00edndrome de Down. Por eso, lanzan una serie de acciones<b> bajo el lema MERECE LA PENA<\/b>, \u00abqueremos que todas las personas, ni\u00f1os y adultos, se sumen a una acci\u00f3n conjunta para defender la vida, los derechos y la inclusi\u00f3n de las personas con S\u00edndrome de Down en nuestras comunidades y en todo el mundo\u00bb.<\/p>\n<p>Para ello proponen un reto: conseguir<b> que m\u00e1s de 5.000 personas en nuestro pa\u00eds lleven su calcetines desparejados el 21 de Marzo<\/b> y subirlo a redes con el lema <b>#merecelapena<\/b>.<\/p>\n<p>Cada empresa, colegio, instituci\u00f3n, fundaci\u00f3n, particular, asociaci\u00f3n\u2026 puede hacer su pedido hasta el 16 de febrero a las 23:59, y podr\u00e1 <b>retirar sus calcetines a partir del 17 de marzo<\/b> en el colegio seleccionado m\u00e1s cercano al domicilio donde se encuentre.<\/p>\n<p>Los calcetines pueden comprarse aqu\u00ed:<\/p>\n<p><a href=\"https:\/\/comprascentroseducativos.com\/inicio\/18369-calcetines-desparejados.html\" target=\"_blank\" rel=\"nofollow\">https:\/\/comprascentroseducativos.com\/inicio\/18369-calcetines-desparejados.htm<\/a><\/p>\n<p>El dinero recaudado ir\u00e1 destinado a la segunda acci\u00f3n de la campa\u00f1a MERECE LA PENA, el proyecto Cambrils CREA &#8211; Centro de Recursos Educativos y Asesoramiento.<\/p>\n<p>Este centro nace con el objetivo de apoyar a los colegios de Arenales Red Educativa y otras instituciones que escolaricen alumnado con <b>necesidades educativas especiales<\/b> y convertirlos en un referente en inclusi\u00f3n y atenci\u00f3n a la diversidad.<\/p>\n<\/div>\n<p>Fuente: Discapacidad https:\/\/www.20minutos.es\/noticia\/5680741\/0\/5-000-calcetines-desparejados-reto-colegio-cambrils-para-celebrar-dia-sindrome-down\/<\/p>\n","protected":false},"excerpt":{"rendered":"<p>El colegio Cambrils, especializado en atender ni\u00f1os con discapacidad intelectual, ha anunciado la campa\u00f1a &#8216;Merece la pena&#8217; para concienciar sobre la inclusi\u00f3n de las personas con s\u00edndrome de Down.<\/p>\n","protected":false},"author":1,"featured_media":0,"comment_status":"closed","ping_status":"closed","sticky":false,"template":"","format":"standard","meta":{"footnotes":""},"categories":[8],"tags":[],"class_list":["post-10815","post","type-post","status-publish","format-standard","hentry","category-noticias"],"yoast_head":"<!-- This site is optimized with the Yoast SEO plugin v27.4 - https:\/\/yoast.com\/product\/yoast-seo-wordpress\/ -->\n<title>5.000 calcetines &#039;desparejados&#039;, el reto del colegio Cambrils para celebrar el d\u00eda del S\u00edndrome de Down - Asociaci\u00f3n Espa\u00f1ola S\u00edndrome de Charge<\/title>\n<meta name=\"robots\" content=\"index, follow, max-snippet:-1, max-image-preview:large, max-video-preview:-1\" \/>\n<link rel=\"canonical\" href=\"https:\/\/sindromecharge.es\/index.php\/2025\/02\/10\/5-000-calcetines-desparejados-reto-colegio-cambrils-para-celebrar-dia-sindrome-down\/\" \/>\n<meta property=\"og:locale\" content=\"es_ES\" \/>\n<meta property=\"og:type\" content=\"article\" \/>\n<meta property=\"og:title\" content=\"5.000 calcetines &#039;desparejados&#039;, el reto del colegio Cambrils para celebrar el d\u00eda del S\u00edndrome de Down - Asociaci\u00f3n Espa\u00f1ola S\u00edndrome de Charge\" \/>\n<meta property=\"og:description\" content=\"El colegio Cambrils, especializado en atender ni\u00f1os con discapacidad intelectual, ha anunciado la campa\u00f1a &#8216;Merece la pena&#8217; para concienciar sobre la inclusi\u00f3n de las personas con s\u00edndrome de Down.\" \/>\n<meta property=\"og:url\" content=\"https:\/\/sindromecharge.es\/index.php\/2025\/02\/10\/5-000-calcetines-desparejados-reto-colegio-cambrils-para-celebrar-dia-sindrome-down\/\" \/>\n<meta property=\"og:site_name\" content=\"Asociaci\u00f3n Espa\u00f1ola S\u00edndrome de Charge\" \/>\n<meta property=\"article:publisher\" content=\"https:\/\/www.facebook.com\/asociacionsindromecharge\" \/>\n<meta property=\"article:published_time\" content=\"2025-02-10T07:48:03+00:00\" \/>\n<meta property=\"og:image\" content=\"https:\/\/sindromecharge.es\/wp-content\/uploads\/2013\/09\/logodecharge300x98.png\" \/>\n\t<meta property=\"og:image:width\" content=\"300\" \/>\n\t<meta property=\"og:image:height\" content=\"98\" \/>\n\t<meta property=\"og:image:type\" content=\"image\/png\" \/>\n<meta name=\"author\" content=\"Charge\" \/>\n<meta name=\"twitter:card\" content=\"summary_large_image\" \/>\n<meta name=\"twitter:creator\" content=\"@sindromecharge\" \/>\n<meta name=\"twitter:site\" content=\"@sindromecharge\" \/>\n<meta name=\"twitter:label1\" content=\"Escrito por\" \/>\n\t<meta name=\"twitter:data1\" content=\"Charge\" \/>\n\t<meta name=\"twitter:label2\" content=\"Tiempo de lectura\" \/>\n\t<meta name=\"twitter:data2\" content=\"2 minutos\" \/>\n<script type=\"application\/ld+json\" class=\"yoast-schema-graph\">{\"@context\":\"https:\\\/\\\/schema.org\",\"@graph\":[{\"@type\":\"Article\",\"@id\":\"https:\\\/\\\/sindromecharge.es\\\/index.php\\\/2025\\\/02\\\/10\\\/5-000-calcetines-desparejados-reto-colegio-cambrils-para-celebrar-dia-sindrome-down\\\/#article\",\"isPartOf\":{\"@id\":\"https:\\\/\\\/sindromecharge.es\\\/index.php\\\/2025\\\/02\\\/10\\\/5-000-calcetines-desparejados-reto-colegio-cambrils-para-celebrar-dia-sindrome-down\\\/\"},\"author\":{\"name\":\"Charge\",\"@id\":\"https:\\\/\\\/sindromecharge.es\\\/#\\\/schema\\\/person\\\/39a60ebe0a2b4d5a11179701e336b039\"},\"headline\":\"5.000 calcetines &#8216;desparejados&#8217;, el reto del colegio Cambrils para celebrar el d\u00eda del S\u00edndrome de Down\",\"datePublished\":\"2025-02-10T07:48:03+00:00\",\"mainEntityOfPage\":{\"@id\":\"https:\\\/\\\/sindromecharge.es\\\/index.php\\\/2025\\\/02\\\/10\\\/5-000-calcetines-desparejados-reto-colegio-cambrils-para-celebrar-dia-sindrome-down\\\/\"},\"wordCount\":355,\"articleSection\":[\"noticias\"],\"inLanguage\":\"es\"},{\"@type\":\"WebPage\",\"@id\":\"https:\\\/\\\/sindromecharge.es\\\/index.php\\\/2025\\\/02\\\/10\\\/5-000-calcetines-desparejados-reto-colegio-cambrils-para-celebrar-dia-sindrome-down\\\/\",\"url\":\"https:\\\/\\\/sindromecharge.es\\\/index.php\\\/2025\\\/02\\\/10\\\/5-000-calcetines-desparejados-reto-colegio-cambrils-para-celebrar-dia-sindrome-down\\\/\",\"name\":\"5.000 calcetines 'desparejados', el reto del colegio Cambrils para celebrar el d\u00eda del S\u00edndrome de Down - Asociaci\u00f3n Espa\u00f1ola S\u00edndrome de Charge\",\"isPartOf\":{\"@id\":\"https:\\\/\\\/sindromecharge.es\\\/#website\"},\"datePublished\":\"2025-02-10T07:48:03+00:00\",\"author\":{\"@id\":\"https:\\\/\\\/sindromecharge.es\\\/#\\\/schema\\\/person\\\/39a60ebe0a2b4d5a11179701e336b039\"},\"breadcrumb\":{\"@id\":\"https:\\\/\\\/sindromecharge.es\\\/index.php\\\/2025\\\/02\\\/10\\\/5-000-calcetines-desparejados-reto-colegio-cambrils-para-celebrar-dia-sindrome-down\\\/#breadcrumb\"},\"inLanguage\":\"es\",\"potentialAction\":[{\"@type\":\"ReadAction\",\"target\":[\"https:\\\/\\\/sindromecharge.es\\\/index.php\\\/2025\\\/02\\\/10\\\/5-000-calcetines-desparejados-reto-colegio-cambrils-para-celebrar-dia-sindrome-down\\\/\"]}]},{\"@type\":\"BreadcrumbList\",\"@id\":\"https:\\\/\\\/sindromecharge.es\\\/index.php\\\/2025\\\/02\\\/10\\\/5-000-calcetines-desparejados-reto-colegio-cambrils-para-celebrar-dia-sindrome-down\\\/#breadcrumb\",\"itemListElement\":[{\"@type\":\"ListItem\",\"position\":1,\"name\":\"Portada\",\"item\":\"https:\\\/\\\/sindromecharge.es\\\/\"},{\"@type\":\"ListItem\",\"position\":2,\"name\":\"5.000 calcetines &#8216;desparejados&#8217;, el reto del colegio Cambrils para celebrar el d\u00eda del S\u00edndrome de Down\"}]},{\"@type\":\"WebSite\",\"@id\":\"https:\\\/\\\/sindromecharge.es\\\/#website\",\"url\":\"https:\\\/\\\/sindromecharge.es\\\/\",\"name\":\"Asociaci\u00f3n Espa\u00f1ola S\u00edndrome de Charge\",\"description\":\"\",\"potentialAction\":[{\"@type\":\"SearchAction\",\"target\":{\"@type\":\"EntryPoint\",\"urlTemplate\":\"https:\\\/\\\/sindromecharge.es\\\/?s={search_term_string}\"},\"query-input\":{\"@type\":\"PropertyValueSpecification\",\"valueRequired\":true,\"valueName\":\"search_term_string\"}}],\"inLanguage\":\"es\"},{\"@type\":\"Person\",\"@id\":\"https:\\\/\\\/sindromecharge.es\\\/#\\\/schema\\\/person\\\/39a60ebe0a2b4d5a11179701e336b039\",\"name\":\"Charge\",\"image\":{\"@type\":\"ImageObject\",\"inLanguage\":\"es\",\"@id\":\"https:\\\/\\\/secure.gravatar.com\\\/avatar\\\/c3b46e32a0fc3b093a0873fb767bf3293de856293065e84ef06b7ec7a8acfb98?s=96&d=identicon&r=x\",\"url\":\"https:\\\/\\\/secure.gravatar.com\\\/avatar\\\/c3b46e32a0fc3b093a0873fb767bf3293de856293065e84ef06b7ec7a8acfb98?s=96&d=identicon&r=x\",\"contentUrl\":\"https:\\\/\\\/secure.gravatar.com\\\/avatar\\\/c3b46e32a0fc3b093a0873fb767bf3293de856293065e84ef06b7ec7a8acfb98?s=96&d=identicon&r=x\",\"caption\":\"Charge\"},\"url\":\"https:\\\/\\\/sindromecharge.es\\\/index.php\\\/author\\\/admin\\\/\"}]}<\/script>\n<!-- \/ Yoast SEO plugin. -->","yoast_head_json":{"title":"5.000 calcetines 'desparejados', el reto del colegio Cambrils para celebrar el d\u00eda del S\u00edndrome de Down - Asociaci\u00f3n Espa\u00f1ola S\u00edndrome de Charge","robots":{"index":"index","follow":"follow","max-snippet":"max-snippet:-1","max-image-preview":"max-image-preview:large","max-video-preview":"max-video-preview:-1"},"canonical":"https:\/\/sindromecharge.es\/index.php\/2025\/02\/10\/5-000-calcetines-desparejados-reto-colegio-cambrils-para-celebrar-dia-sindrome-down\/","og_locale":"es_ES","og_type":"article","og_title":"5.000 calcetines 'desparejados', el reto del colegio Cambrils para celebrar el d\u00eda del S\u00edndrome de Down - Asociaci\u00f3n Espa\u00f1ola S\u00edndrome de Charge","og_description":"El colegio Cambrils, especializado en atender ni\u00f1os con discapacidad intelectual, ha anunciado la campa\u00f1a &#8216;Merece la pena&#8217; para concienciar sobre la inclusi\u00f3n de las personas con s\u00edndrome de Down.","og_url":"https:\/\/sindromecharge.es\/index.php\/2025\/02\/10\/5-000-calcetines-desparejados-reto-colegio-cambrils-para-celebrar-dia-sindrome-down\/","og_site_name":"Asociaci\u00f3n Espa\u00f1ola S\u00edndrome de Charge","article_publisher":"https:\/\/www.facebook.com\/asociacionsindromecharge","article_published_time":"2025-02-10T07:48:03+00:00","og_image":[{"width":300,"height":98,"url":"https:\/\/sindromecharge.es\/wp-content\/uploads\/2013\/09\/logodecharge300x98.png","type":"image\/png"}],"author":"Charge","twitter_card":"summary_large_image","twitter_creator":"@sindromecharge","twitter_site":"@sindromecharge","twitter_misc":{"Escrito por":"Charge","Tiempo de lectura":"2 minutos"},"schema":{"@context":"https:\/\/schema.org","@graph":[{"@type":"Article","@id":"https:\/\/sindromecharge.es\/index.php\/2025\/02\/10\/5-000-calcetines-desparejados-reto-colegio-cambrils-para-celebrar-dia-sindrome-down\/#article","isPartOf":{"@id":"https:\/\/sindromecharge.es\/index.php\/2025\/02\/10\/5-000-calcetines-desparejados-reto-colegio-cambrils-para-celebrar-dia-sindrome-down\/"},"author":{"name":"Charge","@id":"https:\/\/sindromecharge.es\/#\/schema\/person\/39a60ebe0a2b4d5a11179701e336b039"},"headline":"5.000 calcetines &#8216;desparejados&#8217;, el reto del colegio Cambrils para celebrar el d\u00eda del S\u00edndrome de Down","datePublished":"2025-02-10T07:48:03+00:00","mainEntityOfPage":{"@id":"https:\/\/sindromecharge.es\/index.php\/2025\/02\/10\/5-000-calcetines-desparejados-reto-colegio-cambrils-para-celebrar-dia-sindrome-down\/"},"wordCount":355,"articleSection":["noticias"],"inLanguage":"es"},{"@type":"WebPage","@id":"https:\/\/sindromecharge.es\/index.php\/2025\/02\/10\/5-000-calcetines-desparejados-reto-colegio-cambrils-para-celebrar-dia-sindrome-down\/","url":"https:\/\/sindromecharge.es\/index.php\/2025\/02\/10\/5-000-calcetines-desparejados-reto-colegio-cambrils-para-celebrar-dia-sindrome-down\/","name":"5.000 calcetines 'desparejados', el reto del colegio Cambrils para celebrar el d\u00eda del S\u00edndrome de Down - Asociaci\u00f3n Espa\u00f1ola S\u00edndrome de Charge","isPartOf":{"@id":"https:\/\/sindromecharge.es\/#website"},"datePublished":"2025-02-10T07:48:03+00:00","author":{"@id":"https:\/\/sindromecharge.es\/#\/schema\/person\/39a60ebe0a2b4d5a11179701e336b039"},"breadcrumb":{"@id":"https:\/\/sindromecharge.es\/index.php\/2025\/02\/10\/5-000-calcetines-desparejados-reto-colegio-cambrils-para-celebrar-dia-sindrome-down\/#breadcrumb"},"inLanguage":"es","potentialAction":[{"@type":"ReadAction","target":["https:\/\/sindromecharge.es\/index.php\/2025\/02\/10\/5-000-calcetines-desparejados-reto-colegio-cambrils-para-celebrar-dia-sindrome-down\/"]}]},{"@type":"BreadcrumbList","@id":"https:\/\/sindromecharge.es\/index.php\/2025\/02\/10\/5-000-calcetines-desparejados-reto-colegio-cambrils-para-celebrar-dia-sindrome-down\/#breadcrumb","itemListElement":[{"@type":"ListItem","position":1,"name":"Portada","item":"https:\/\/sindromecharge.es\/"},{"@type":"ListItem","position":2,"name":"5.000 calcetines &#8216;desparejados&#8217;, el reto del colegio Cambrils para celebrar el d\u00eda del S\u00edndrome de Down"}]},{"@type":"WebSite","@id":"https:\/\/sindromecharge.es\/#website","url":"https:\/\/sindromecharge.es\/","name":"Asociaci\u00f3n Espa\u00f1ola S\u00edndrome de Charge","description":"","potentialAction":[{"@type":"SearchAction","target":{"@type":"EntryPoint","urlTemplate":"https:\/\/sindromecharge.es\/?s={search_term_string}"},"query-input":{"@type":"PropertyValueSpecification","valueRequired":true,"valueName":"search_term_string"}}],"inLanguage":"es"},{"@type":"Person","@id":"https:\/\/sindromecharge.es\/#\/schema\/person\/39a60ebe0a2b4d5a11179701e336b039","name":"Charge","image":{"@type":"ImageObject","inLanguage":"es","@id":"https:\/\/secure.gravatar.com\/avatar\/c3b46e32a0fc3b093a0873fb767bf3293de856293065e84ef06b7ec7a8acfb98?s=96&d=identicon&r=x","url":"https:\/\/secure.gravatar.com\/avatar\/c3b46e32a0fc3b093a0873fb767bf3293de856293065e84ef06b7ec7a8acfb98?s=96&d=identicon&r=x","contentUrl":"https:\/\/secure.gravatar.com\/avatar\/c3b46e32a0fc3b093a0873fb767bf3293de856293065e84ef06b7ec7a8acfb98?s=96&d=identicon&r=x","caption":"Charge"},"url":"https:\/\/sindromecharge.es\/index.php\/author\/admin\/"}]}},"_links":{"self":[{"href":"https:\/\/sindromecharge.es\/index.php\/wp-json\/wp\/v2\/posts\/10815","targetHints":{"allow":["GET"]}}],"collection":[{"href":"https:\/\/sindromecharge.es\/index.php\/wp-json\/wp\/v2\/posts"}],"about":[{"href":"https:\/\/sindromecharge.es\/index.php\/wp-json\/wp\/v2\/types\/post"}],"author":[{"embeddable":true,"href":"https:\/\/sindromecharge.es\/index.php\/wp-json\/wp\/v2\/users\/1"}],"replies":[{"embeddable":true,"href":"https:\/\/sindromecharge.es\/index.php\/wp-json\/wp\/v2\/comments?post=10815"}],"version-history":[{"count":0,"href":"https:\/\/sindromecharge.es\/index.php\/wp-json\/wp\/v2\/posts\/10815\/revisions"}],"wp:attachment":[{"href":"https:\/\/sindromecharge.es\/index.php\/wp-json\/wp\/v2\/media?parent=10815"}],"wp:term":[{"taxonomy":"category","embeddable":true,"href":"https:\/\/sindromecharge.es\/index.php\/wp-json\/wp\/v2\/categories?post=10815"},{"taxonomy":"post_tag","embeddable":true,"href":"https:\/\/sindromecharge.es\/index.php\/wp-json\/wp\/v2\/tags?post=10815"}],"curies":[{"name":"wp","href":"https:\/\/api.w.org\/{rel}","templated":true}]}}