{"id":10814,"date":"2025-02-10T07:09:18","date_gmt":"2025-02-10T07:09:18","guid":{"rendered":"https:\/\/sindromecharge.es\/index.php\/2025\/02\/10\/un-30-los-casos-epilepsia-se-podrian-evitar-con-control-los-factores-riesgo-5680726\/"},"modified":"2025-02-10T07:09:18","modified_gmt":"2025-02-10T07:09:18","slug":"un-30-los-casos-epilepsia-se-podrian-evitar-con-control-los-factores-riesgo-5680726","status":"publish","type":"post","link":"https:\/\/sindromecharge.es\/index.php\/2025\/02\/10\/un-30-los-casos-epilepsia-se-podrian-evitar-con-control-los-factores-riesgo-5680726\/","title":{"rendered":"Un 30% de los casos de epilepsia se podr\u00edan evitar controlando los factores de riesgo"},"content":{"rendered":"<p>Leemos en Discapacidad la siguiente noticia que os reproducimos de forma \u00edntegra: <\/p>\n<div>\n<p><b>Cerca de un 30% de los casos de <a href=\"https:\/\/www.20minutos.es\/minuteca\/epilepsia\/\" title=\"Epilepsia\" target=\"_blank\">epilepsia<\/a> se podr\u00edan evitar<\/b> con el control de los factores de riesgo, como traumatismos, infecciones, enfermedades gen\u00e9ticas o problemas vasculares, seg\u00fan afirm\u00f3 la <a href=\"https:\/\/www.20minutos.es\/minuteca\/sociedad-espanola-de-neurologia-sen\/\" title=\"Sociedad Espa\u00f1ola de Neurolog\u00eda (SEN)\" target=\"_blank\">Sociedad Espa\u00f1ola de Neurolog\u00eda (SEN)<\/a>, que record\u00f3 que esta enfermedad se caracteriza por la presencia de crisis epil\u00e9pticas y por la predisposici\u00f3n del cerebro a generar dichas crisis.<\/p>\n<p>Con motivo de la celebraci\u00f3n el<b> 10 de febrero del D\u00eda Internacional de la Epilepsia<\/b>, la SEN subray\u00f3 que para evitar esta enfermedad ser\u00eda aconsejable<b> protegerse contra los traumatismos craneales,<\/b> controlar los <b>factores de riesgo<\/b> vascular (con una buena dieta, ejercicio, evitando t\u00f3xicos, etc.), seguir las pautas de vacunaci\u00f3n e higiene, y llevar un correcto seguimiento del embarazo y del parto.<\/p>\n<p>Adem\u00e1s, los neur\u00f3logos recordaron que esta enfermedad afecta ya en Espa\u00f1a a casi 500.000 personas mientras que la Organizaci\u00f3n Mundial de la Salud (<a href=\"https:\/\/www.20minutos.es\/minuteca\/oms\/\" title=\"OMS\" target=\"_blank\">OMS<\/a>) estima que m\u00e1s de 50 millones de personas padecen epilepsia en todo el mundo.<\/p>\n<p>Seg\u00fan se recoge en el informe<b> &#8216;Impacto sociosanitario de las enfermedades neurol\u00f3gicas en Espa\u00f1a&#8217;<\/b> de la SEN, a escala global, las personas con epilepsia tienen mayor riesgo de sufrir lesiones f\u00edsicas que la poblaci\u00f3n general y el riesgo de padecer accidentes fatales es entre dos y cuatro veces superior.<\/p>\n<p>Por otro lado, cerca del 50% de las personas con epilepsia asocian una o <b>m\u00e1s comorbilidades: las enfermedades psiqui\u00e1tricas, en especial la ansiedad y la depresi\u00f3n<\/b>, tienen una prevalencia entre 7 y 10 veces superior. Lo mismo sucede con los trastornos cognitivos, la migra\u00f1a, las enfermedades cardiovasculares y las endocrino-metab\u00f3licas.<\/p>\n<h1>Cerca del 50% de las personas con epilepsia asocian una o m\u00e1s comorbilidades<\/h1>\n<h2>Mortalidad<\/h2>\n<p>En cuanto a la mortalidad, numerosos estudios demostraron que el <b>riesgo de muerte es mayor por epilepsia<\/b>. La muerte s\u00fabita asociada a la epilepsia (Sudep), el estatus epil\u00e9ptico, el riesgo de suicidio y los accidentes provocados por las crisis son las principales causas que contribuyen a la <b>elevada morbimortalidad asociada a esta enfermedad<\/b>, seg\u00fan el informe del IHME (Institute fo Health Metrics an Evaluation) del Global Burden Disease study (GBD).<\/p>\n<p>En este mismo informe se se\u00f1al\u00f3 que la <b>epilepsia no sintom\u00e1tica<\/b> fue la responsable del 5% del total de a\u00f1os de vida perdidos debido a discapacidad o muerte prematura (DALY) por causa neurol\u00f3gica y del 1,3% de las muertes.<\/p>\n<p>A este respecto, el coordinador del Grupo de Estudio de Epilepsia de la SEN, el doctor Manuel Toledo, subray\u00f3 que <b>\u00abla epilepsia es una enfermedad cr\u00f3nica con un alto impacto sobre la calidad de vida<\/b>, tanto para quien lo sufre como para sus familiares y afecta tambi\u00e9n a los sistemas sanitarios\u00bb.<\/p>\n<p>Adem\u00e1s de las crisis, esta patolog\u00eda <b>\u00abpuede ser una causa importante de discapacidad<\/b>. En todo el mundo, es una de las enfermedades neurol\u00f3gicas que<b> m\u00e1s a\u00f1os de vida perdidos por discapacidad produce<\/b>, aunque su impacto depende de muchos factores, como las enfermedades subyacentes o el grado de respuesta al tratamiento\u00bb, a\u00f1adi\u00f3.<\/p>\n<p>Cada a\u00f1o se diagnostican <b>m\u00e1s de 2,4 millones de nuevos casos de epilepsia en el mundo<\/b>, pero incluso en pa\u00edses desarrollados el retraso en el diagn\u00f3stico de esta enfermedad puede alcanzar los 10 a\u00f1os.<\/p>\n<p>Entorno a <b>un 10% de la poblaci\u00f3n padecer\u00e1 una crisis epil\u00e9ptica a lo largo de su vida <\/b>y es importante <b>detectar de forma precoz <\/b>qui\u00e9n llegar\u00e1 a desarrollar la enfermedad, teniendo en cuenta que puede debutar a cualquier edad, aunque tiene una incidencia mayor en ni\u00f1os y adultos mayores.<\/p>\n<\/div>\n<p>Fuente: Discapacidad https:\/\/www.20minutos.es\/noticia\/5680726\/0\/un-30-los-casos-epilepsia-se-podrian-evitar-con-control-los-factores-riesgo-5680726\/<\/p>\n","protected":false},"excerpt":{"rendered":"<p>El 20 de febrero se celebra el D\u00eda Internacional de la epilepsia, causa importante de discapacidad.<\/p>\n","protected":false},"author":1,"featured_media":0,"comment_status":"closed","ping_status":"closed","sticky":false,"template":"","format":"standard","meta":{"footnotes":""},"categories":[8],"tags":[],"class_list":["post-10814","post","type-post","status-publish","format-standard","hentry","category-noticias"],"yoast_head":"<!-- This site is optimized with the Yoast SEO plugin v27.4 - https:\/\/yoast.com\/product\/yoast-seo-wordpress\/ -->\n<title>Un 30% de los casos de epilepsia se podr\u00edan evitar controlando los factores de riesgo - Asociaci\u00f3n Espa\u00f1ola S\u00edndrome de Charge<\/title>\n<meta name=\"robots\" content=\"index, follow, max-snippet:-1, max-image-preview:large, max-video-preview:-1\" \/>\n<link rel=\"canonical\" href=\"https:\/\/sindromecharge.es\/index.php\/2025\/02\/10\/un-30-los-casos-epilepsia-se-podrian-evitar-con-control-los-factores-riesgo-5680726\/\" \/>\n<meta property=\"og:locale\" content=\"es_ES\" \/>\n<meta property=\"og:type\" content=\"article\" \/>\n<meta property=\"og:title\" content=\"Un 30% de los casos de epilepsia se podr\u00edan evitar controlando los factores de riesgo - Asociaci\u00f3n Espa\u00f1ola S\u00edndrome de Charge\" \/>\n<meta property=\"og:description\" content=\"El 20 de febrero se celebra el D\u00eda Internacional de la epilepsia, causa importante de discapacidad.\" \/>\n<meta property=\"og:url\" content=\"https:\/\/sindromecharge.es\/index.php\/2025\/02\/10\/un-30-los-casos-epilepsia-se-podrian-evitar-con-control-los-factores-riesgo-5680726\/\" \/>\n<meta property=\"og:site_name\" content=\"Asociaci\u00f3n Espa\u00f1ola S\u00edndrome de Charge\" \/>\n<meta property=\"article:publisher\" content=\"https:\/\/www.facebook.com\/asociacionsindromecharge\" \/>\n<meta property=\"article:published_time\" content=\"2025-02-10T07:09:18+00:00\" \/>\n<meta property=\"og:image\" content=\"https:\/\/sindromecharge.es\/wp-content\/uploads\/2013\/09\/logodecharge300x98.png\" \/>\n\t<meta property=\"og:image:width\" content=\"300\" \/>\n\t<meta property=\"og:image:height\" content=\"98\" \/>\n\t<meta property=\"og:image:type\" content=\"image\/png\" \/>\n<meta name=\"author\" content=\"Charge\" \/>\n<meta name=\"twitter:card\" content=\"summary_large_image\" \/>\n<meta name=\"twitter:creator\" content=\"@sindromecharge\" \/>\n<meta name=\"twitter:site\" content=\"@sindromecharge\" \/>\n<meta name=\"twitter:label1\" content=\"Escrito por\" \/>\n\t<meta name=\"twitter:data1\" content=\"Charge\" \/>\n\t<meta name=\"twitter:label2\" content=\"Tiempo de lectura\" \/>\n\t<meta name=\"twitter:data2\" content=\"3 minutos\" \/>\n<script type=\"application\/ld+json\" class=\"yoast-schema-graph\">{\"@context\":\"https:\\\/\\\/schema.org\",\"@graph\":[{\"@type\":\"Article\",\"@id\":\"https:\\\/\\\/sindromecharge.es\\\/index.php\\\/2025\\\/02\\\/10\\\/un-30-los-casos-epilepsia-se-podrian-evitar-con-control-los-factores-riesgo-5680726\\\/#article\",\"isPartOf\":{\"@id\":\"https:\\\/\\\/sindromecharge.es\\\/index.php\\\/2025\\\/02\\\/10\\\/un-30-los-casos-epilepsia-se-podrian-evitar-con-control-los-factores-riesgo-5680726\\\/\"},\"author\":{\"name\":\"Charge\",\"@id\":\"https:\\\/\\\/sindromecharge.es\\\/#\\\/schema\\\/person\\\/39a60ebe0a2b4d5a11179701e336b039\"},\"headline\":\"Un 30% de los casos de epilepsia se podr\u00edan evitar controlando los factores de riesgo\",\"datePublished\":\"2025-02-10T07:09:18+00:00\",\"mainEntityOfPage\":{\"@id\":\"https:\\\/\\\/sindromecharge.es\\\/index.php\\\/2025\\\/02\\\/10\\\/un-30-los-casos-epilepsia-se-podrian-evitar-con-control-los-factores-riesgo-5680726\\\/\"},\"wordCount\":640,\"articleSection\":[\"noticias\"],\"inLanguage\":\"es\"},{\"@type\":\"WebPage\",\"@id\":\"https:\\\/\\\/sindromecharge.es\\\/index.php\\\/2025\\\/02\\\/10\\\/un-30-los-casos-epilepsia-se-podrian-evitar-con-control-los-factores-riesgo-5680726\\\/\",\"url\":\"https:\\\/\\\/sindromecharge.es\\\/index.php\\\/2025\\\/02\\\/10\\\/un-30-los-casos-epilepsia-se-podrian-evitar-con-control-los-factores-riesgo-5680726\\\/\",\"name\":\"Un 30% de los casos de epilepsia se podr\u00edan evitar controlando los factores de riesgo - Asociaci\u00f3n Espa\u00f1ola S\u00edndrome de Charge\",\"isPartOf\":{\"@id\":\"https:\\\/\\\/sindromecharge.es\\\/#website\"},\"datePublished\":\"2025-02-10T07:09:18+00:00\",\"author\":{\"@id\":\"https:\\\/\\\/sindromecharge.es\\\/#\\\/schema\\\/person\\\/39a60ebe0a2b4d5a11179701e336b039\"},\"breadcrumb\":{\"@id\":\"https:\\\/\\\/sindromecharge.es\\\/index.php\\\/2025\\\/02\\\/10\\\/un-30-los-casos-epilepsia-se-podrian-evitar-con-control-los-factores-riesgo-5680726\\\/#breadcrumb\"},\"inLanguage\":\"es\",\"potentialAction\":[{\"@type\":\"ReadAction\",\"target\":[\"https:\\\/\\\/sindromecharge.es\\\/index.php\\\/2025\\\/02\\\/10\\\/un-30-los-casos-epilepsia-se-podrian-evitar-con-control-los-factores-riesgo-5680726\\\/\"]}]},{\"@type\":\"BreadcrumbList\",\"@id\":\"https:\\\/\\\/sindromecharge.es\\\/index.php\\\/2025\\\/02\\\/10\\\/un-30-los-casos-epilepsia-se-podrian-evitar-con-control-los-factores-riesgo-5680726\\\/#breadcrumb\",\"itemListElement\":[{\"@type\":\"ListItem\",\"position\":1,\"name\":\"Portada\",\"item\":\"https:\\\/\\\/sindromecharge.es\\\/\"},{\"@type\":\"ListItem\",\"position\":2,\"name\":\"Un 30% de los casos de epilepsia se podr\u00edan evitar controlando los factores de riesgo\"}]},{\"@type\":\"WebSite\",\"@id\":\"https:\\\/\\\/sindromecharge.es\\\/#website\",\"url\":\"https:\\\/\\\/sindromecharge.es\\\/\",\"name\":\"Asociaci\u00f3n Espa\u00f1ola S\u00edndrome de Charge\",\"description\":\"\",\"potentialAction\":[{\"@type\":\"SearchAction\",\"target\":{\"@type\":\"EntryPoint\",\"urlTemplate\":\"https:\\\/\\\/sindromecharge.es\\\/?s={search_term_string}\"},\"query-input\":{\"@type\":\"PropertyValueSpecification\",\"valueRequired\":true,\"valueName\":\"search_term_string\"}}],\"inLanguage\":\"es\"},{\"@type\":\"Person\",\"@id\":\"https:\\\/\\\/sindromecharge.es\\\/#\\\/schema\\\/person\\\/39a60ebe0a2b4d5a11179701e336b039\",\"name\":\"Charge\",\"image\":{\"@type\":\"ImageObject\",\"inLanguage\":\"es\",\"@id\":\"https:\\\/\\\/secure.gravatar.com\\\/avatar\\\/c3b46e32a0fc3b093a0873fb767bf3293de856293065e84ef06b7ec7a8acfb98?s=96&d=identicon&r=x\",\"url\":\"https:\\\/\\\/secure.gravatar.com\\\/avatar\\\/c3b46e32a0fc3b093a0873fb767bf3293de856293065e84ef06b7ec7a8acfb98?s=96&d=identicon&r=x\",\"contentUrl\":\"https:\\\/\\\/secure.gravatar.com\\\/avatar\\\/c3b46e32a0fc3b093a0873fb767bf3293de856293065e84ef06b7ec7a8acfb98?s=96&d=identicon&r=x\",\"caption\":\"Charge\"},\"url\":\"https:\\\/\\\/sindromecharge.es\\\/index.php\\\/author\\\/admin\\\/\"}]}<\/script>\n<!-- \/ Yoast SEO plugin. -->","yoast_head_json":{"title":"Un 30% de los casos de epilepsia se podr\u00edan evitar controlando los factores de riesgo - Asociaci\u00f3n Espa\u00f1ola S\u00edndrome de Charge","robots":{"index":"index","follow":"follow","max-snippet":"max-snippet:-1","max-image-preview":"max-image-preview:large","max-video-preview":"max-video-preview:-1"},"canonical":"https:\/\/sindromecharge.es\/index.php\/2025\/02\/10\/un-30-los-casos-epilepsia-se-podrian-evitar-con-control-los-factores-riesgo-5680726\/","og_locale":"es_ES","og_type":"article","og_title":"Un 30% de los casos de epilepsia se podr\u00edan evitar controlando los factores de riesgo - Asociaci\u00f3n Espa\u00f1ola S\u00edndrome de Charge","og_description":"El 20 de febrero se celebra el D\u00eda Internacional de la epilepsia, causa importante de discapacidad.","og_url":"https:\/\/sindromecharge.es\/index.php\/2025\/02\/10\/un-30-los-casos-epilepsia-se-podrian-evitar-con-control-los-factores-riesgo-5680726\/","og_site_name":"Asociaci\u00f3n Espa\u00f1ola S\u00edndrome de Charge","article_publisher":"https:\/\/www.facebook.com\/asociacionsindromecharge","article_published_time":"2025-02-10T07:09:18+00:00","og_image":[{"width":300,"height":98,"url":"https:\/\/sindromecharge.es\/wp-content\/uploads\/2013\/09\/logodecharge300x98.png","type":"image\/png"}],"author":"Charge","twitter_card":"summary_large_image","twitter_creator":"@sindromecharge","twitter_site":"@sindromecharge","twitter_misc":{"Escrito por":"Charge","Tiempo de lectura":"3 minutos"},"schema":{"@context":"https:\/\/schema.org","@graph":[{"@type":"Article","@id":"https:\/\/sindromecharge.es\/index.php\/2025\/02\/10\/un-30-los-casos-epilepsia-se-podrian-evitar-con-control-los-factores-riesgo-5680726\/#article","isPartOf":{"@id":"https:\/\/sindromecharge.es\/index.php\/2025\/02\/10\/un-30-los-casos-epilepsia-se-podrian-evitar-con-control-los-factores-riesgo-5680726\/"},"author":{"name":"Charge","@id":"https:\/\/sindromecharge.es\/#\/schema\/person\/39a60ebe0a2b4d5a11179701e336b039"},"headline":"Un 30% de los casos de epilepsia se podr\u00edan evitar controlando los factores de riesgo","datePublished":"2025-02-10T07:09:18+00:00","mainEntityOfPage":{"@id":"https:\/\/sindromecharge.es\/index.php\/2025\/02\/10\/un-30-los-casos-epilepsia-se-podrian-evitar-con-control-los-factores-riesgo-5680726\/"},"wordCount":640,"articleSection":["noticias"],"inLanguage":"es"},{"@type":"WebPage","@id":"https:\/\/sindromecharge.es\/index.php\/2025\/02\/10\/un-30-los-casos-epilepsia-se-podrian-evitar-con-control-los-factores-riesgo-5680726\/","url":"https:\/\/sindromecharge.es\/index.php\/2025\/02\/10\/un-30-los-casos-epilepsia-se-podrian-evitar-con-control-los-factores-riesgo-5680726\/","name":"Un 30% de los casos de epilepsia se podr\u00edan evitar controlando los factores de riesgo - Asociaci\u00f3n Espa\u00f1ola S\u00edndrome de Charge","isPartOf":{"@id":"https:\/\/sindromecharge.es\/#website"},"datePublished":"2025-02-10T07:09:18+00:00","author":{"@id":"https:\/\/sindromecharge.es\/#\/schema\/person\/39a60ebe0a2b4d5a11179701e336b039"},"breadcrumb":{"@id":"https:\/\/sindromecharge.es\/index.php\/2025\/02\/10\/un-30-los-casos-epilepsia-se-podrian-evitar-con-control-los-factores-riesgo-5680726\/#breadcrumb"},"inLanguage":"es","potentialAction":[{"@type":"ReadAction","target":["https:\/\/sindromecharge.es\/index.php\/2025\/02\/10\/un-30-los-casos-epilepsia-se-podrian-evitar-con-control-los-factores-riesgo-5680726\/"]}]},{"@type":"BreadcrumbList","@id":"https:\/\/sindromecharge.es\/index.php\/2025\/02\/10\/un-30-los-casos-epilepsia-se-podrian-evitar-con-control-los-factores-riesgo-5680726\/#breadcrumb","itemListElement":[{"@type":"ListItem","position":1,"name":"Portada","item":"https:\/\/sindromecharge.es\/"},{"@type":"ListItem","position":2,"name":"Un 30% de los casos de epilepsia se podr\u00edan evitar controlando los factores de riesgo"}]},{"@type":"WebSite","@id":"https:\/\/sindromecharge.es\/#website","url":"https:\/\/sindromecharge.es\/","name":"Asociaci\u00f3n Espa\u00f1ola S\u00edndrome de Charge","description":"","potentialAction":[{"@type":"SearchAction","target":{"@type":"EntryPoint","urlTemplate":"https:\/\/sindromecharge.es\/?s={search_term_string}"},"query-input":{"@type":"PropertyValueSpecification","valueRequired":true,"valueName":"search_term_string"}}],"inLanguage":"es"},{"@type":"Person","@id":"https:\/\/sindromecharge.es\/#\/schema\/person\/39a60ebe0a2b4d5a11179701e336b039","name":"Charge","image":{"@type":"ImageObject","inLanguage":"es","@id":"https:\/\/secure.gravatar.com\/avatar\/c3b46e32a0fc3b093a0873fb767bf3293de856293065e84ef06b7ec7a8acfb98?s=96&d=identicon&r=x","url":"https:\/\/secure.gravatar.com\/avatar\/c3b46e32a0fc3b093a0873fb767bf3293de856293065e84ef06b7ec7a8acfb98?s=96&d=identicon&r=x","contentUrl":"https:\/\/secure.gravatar.com\/avatar\/c3b46e32a0fc3b093a0873fb767bf3293de856293065e84ef06b7ec7a8acfb98?s=96&d=identicon&r=x","caption":"Charge"},"url":"https:\/\/sindromecharge.es\/index.php\/author\/admin\/"}]}},"_links":{"self":[{"href":"https:\/\/sindromecharge.es\/index.php\/wp-json\/wp\/v2\/posts\/10814","targetHints":{"allow":["GET"]}}],"collection":[{"href":"https:\/\/sindromecharge.es\/index.php\/wp-json\/wp\/v2\/posts"}],"about":[{"href":"https:\/\/sindromecharge.es\/index.php\/wp-json\/wp\/v2\/types\/post"}],"author":[{"embeddable":true,"href":"https:\/\/sindromecharge.es\/index.php\/wp-json\/wp\/v2\/users\/1"}],"replies":[{"embeddable":true,"href":"https:\/\/sindromecharge.es\/index.php\/wp-json\/wp\/v2\/comments?post=10814"}],"version-history":[{"count":0,"href":"https:\/\/sindromecharge.es\/index.php\/wp-json\/wp\/v2\/posts\/10814\/revisions"}],"wp:attachment":[{"href":"https:\/\/sindromecharge.es\/index.php\/wp-json\/wp\/v2\/media?parent=10814"}],"wp:term":[{"taxonomy":"category","embeddable":true,"href":"https:\/\/sindromecharge.es\/index.php\/wp-json\/wp\/v2\/categories?post=10814"},{"taxonomy":"post_tag","embeddable":true,"href":"https:\/\/sindromecharge.es\/index.php\/wp-json\/wp\/v2\/tags?post=10814"}],"curies":[{"name":"wp","href":"https:\/\/api.w.org\/{rel}","templated":true}]}}