{"id":10813,"date":"2025-02-10T06:22:24","date_gmt":"2025-02-10T06:22:24","guid":{"rendered":"https:\/\/sindromecharge.es\/index.php\/2025\/02\/10\/se-ha-agravado-tu-discapacidad-asi-puedes-pedir-una-revision\/"},"modified":"2025-02-10T06:22:24","modified_gmt":"2025-02-10T06:22:24","slug":"se-ha-agravado-tu-discapacidad-asi-puedes-pedir-una-revision","status":"publish","type":"post","link":"https:\/\/sindromecharge.es\/index.php\/2025\/02\/10\/se-ha-agravado-tu-discapacidad-asi-puedes-pedir-una-revision\/","title":{"rendered":"\u00bfSe ha agravado tu discapacidad? As\u00ed puedes pedir una revisi\u00f3n para tener un mayor porcentaje"},"content":{"rendered":"<p>Leemos en Discapacidad la siguiente noticia que os reproducimos de forma \u00edntegra: <\/p>\n<div>\n<p>El <b>grado de <a href=\"https:\/\/www.20minutos.es\/minuteca\/discapacidad\/\" title=\"Discapacidad\">discapacidad<\/a><\/b> puede tener un periodo de validez determinado o ser permanente, algo que ocurre<b> en muchos casos cuando las personas cumplen 18 a\u00f1os<\/b>. En caso de que tenga un periodo de validez determinado, el beneficiario deber\u00e1 renovarlo si quiere conservar su tarjeta, pero<b> \u00bfqu\u00e9 ocurre cuando el porcentaje de discapacidad reconocida nos ha sido concedido de manera permanente<\/b> y<b> <\/b>nuestra situaci\u00f3n se ha visto agravada?<b> <\/b>\u00bfVamos a tener el mismo porcentaje toda la vida?.<\/p>\n<p>Si no<b> pedimos una revisi\u00f3n de manera voluntaria<\/b>, s\u00ed. Por eso, en caso de que una persona con discapacidad reconocida crea que su <a href=\"https:\/\/www.20minutos.es\/minuteca\/discapacidad\/\" title=\"Discapacidad\" target=\"_blank\">discapacidad<\/a> es superior a la que tiene reconocida administrativamente, tiene que iniciar un nuevo proceso, aunque debe cumplir una serie de requisitos.<\/p>\n<h2>\u00bfQui\u00e9nes pueden solicitar una revisi\u00f3n?<\/h2>\n<p>Cualquier persona que tenga una discapacidad reconocida de manera permanente <b>puede solicitar una revisi\u00f3n si considera que su situaci\u00f3n se ha agravado<\/b>, es decir, si considera que el grado que tiene reconocido no se corresponde con su situaci\u00f3n actual, que le corresponder\u00eda un porcentaje superior.<\/p>\n<p>Para poder solicitar esta revisi\u00f3n, tienen que haber<b> pasado al menos dos a\u00f1os<\/b> de la \u00faltima resoluci\u00f3n, y solo en caso de que<b> haya habido cambios repentinos <\/b>importantes en la situaci\u00f3n de la persona con discapacidad o si ha habido un error que afecta al grado reconocido, se podr\u00e1 solicitar antes adjuntando informes m\u00e9dicos actualizados que justifiquen la urgencia.<\/p>\n<h2>\u00bfC\u00f3mo solicitar una revisi\u00f3n del grado de discapacidad?<\/h2>\n<p>Los responsables de gestionar y expedir las tarjetas de discapacidad son las<b> comunidades aut\u00f3nomas <\/b>-a excepci\u00f3n de Ceuta y Melilla, que son tramitadas por el <a href=\"https:\/\/www.20minutos.es\/minuteca\/imserso\/\" title=\"Imserso\" target=\"_blank\">IMSERSO<\/a>&#8211; por lo que su tr\u00e1mite hay que hacerlo a trav\u00e9s de las<b> consejer\u00edas responsables<\/b>, generalmente las de asuntos sociales.<\/p>\n<p>En <a href=\"https:\/\/imserso.es\/el-imserso\/mas-informacion\/enlaces-interes\/organismos-administracion-publica\/administraciones-autonomicas\" target=\"_blank\" rel=\"nofollow\">este enlace del IMSERSO<\/a> se especifica qu\u00e9 organismo lo gestiona en cada una de las comunidades y c\u00f3mo acceder a las distintas administraciones.<\/p>\n<p>Aunque estos tr\u00e1mites pueden variar levemente de una comunidad a otra, en general, pueden solicitarse de<b> manera presencial u online<\/b>  adjuntando la siguiente documentaci\u00f3n:<\/p>\n<ul>\n<li>Tarjeta sanitaria.<\/li>\n<li>Informes que m\u00e9dicos y\/o psicol\u00f3gicos que acrediten el agravamiento.<\/li>\n<li>En caso de tener representante legal, el documento acreditativo de la representaci\u00f3n legal o guardador de hecho.<\/li>\n<li>Libro de Familia o documento que lo sustituya.<\/li>\n<\/ul>\n<h2>\u00bfQu\u00e9 hacer despu\u00e9s?<\/h2>\n<p>Como en cualquier otro tr\u00e1mite, una vez presentada la solicitud, hay que <b>esperar una respuesta de la administraci\u00f3n<\/b>, en este caso de la comunidad aut\u00f3noma correspondiente, que se pondr\u00e1 en contacto con la persona solicitante para convocarlo para la revisi\u00f3n.<\/p>\n<p>Aunque, <b>legalmente, deber\u00edan convocar antes de los seis meses<\/b>, lo cierto es que, dadas las listas de espera para la revisi\u00f3n de la discapacidad, lo normal es que haya que esperar varios meses, pues la <b>media de espera en toda Espa\u00f1a es de alrededor de un a\u00f1o<\/b>, llegando incluso a dos en caso de regiones como Canarias o Extremadura.<\/p>\n<p>Una vez recibida esta respuesta, la persona que solicita la revisi\u00f3n deber\u00e1 <b>acudir a la evaluaci\u00f3n <\/b>y se realizar\u00e1 un informe <b>y una resoluci\u00f3n<\/b> que constate que ha variado su porcentaje de discapacidad.<\/p>\n<p>Cabe recordar que esto puede no ser as\u00ed, es decir, que solicitar una revisi\u00f3n del grado de discapacidad <b>no implica que el porcentaje vaya a subir<\/b> o a subir tanto como la persona espera, pues<b> no todo empeoramiento confiere un grado de discapacidad superior<\/b>.<\/p>\n<p>En caso de<b> no estar conforme con la resoluci\u00f3n<\/b>, existe un plazo de 45 d\u00edas para <b>reclamar <\/b>y presentar alegaciones, e incluso acudir, si la administraci\u00f3n o responde o la respuesta es negativa, se puede<b> acudir a los tribunales <\/b>si el solicitante considera que est\u00e1 vulnerando sus derechos. <\/p>\n<\/div>\n<p>Fuente: Discapacidad https:\/\/www.20minutos.es\/noticia\/5680199\/0\/se-ha-agravado-tu-discapacidad-asi-puedes-pedir-una-revision\/<\/p>\n","protected":false},"excerpt":{"rendered":"<p>Si una persona con una discapacidad reconocida considera que su situaci\u00f3n ha empeorado puede solicitar una revisi\u00f3n.<\/p>\n","protected":false},"author":1,"featured_media":0,"comment_status":"closed","ping_status":"closed","sticky":false,"template":"","format":"standard","meta":{"footnotes":""},"categories":[8],"tags":[],"class_list":["post-10813","post","type-post","status-publish","format-standard","hentry","category-noticias"],"yoast_head":"<!-- This site is optimized with the Yoast SEO plugin v27.4 - https:\/\/yoast.com\/product\/yoast-seo-wordpress\/ -->\n<title>\u00bfSe ha agravado tu discapacidad? As\u00ed puedes pedir una revisi\u00f3n para tener un mayor porcentaje - Asociaci\u00f3n Espa\u00f1ola S\u00edndrome de Charge<\/title>\n<meta name=\"robots\" content=\"index, follow, max-snippet:-1, max-image-preview:large, max-video-preview:-1\" \/>\n<link rel=\"canonical\" href=\"https:\/\/sindromecharge.es\/index.php\/2025\/02\/10\/se-ha-agravado-tu-discapacidad-asi-puedes-pedir-una-revision\/\" \/>\n<meta property=\"og:locale\" content=\"es_ES\" \/>\n<meta property=\"og:type\" content=\"article\" \/>\n<meta property=\"og:title\" content=\"\u00bfSe ha agravado tu discapacidad? As\u00ed puedes pedir una revisi\u00f3n para tener un mayor porcentaje - Asociaci\u00f3n Espa\u00f1ola S\u00edndrome de Charge\" \/>\n<meta property=\"og:description\" content=\"Si una persona con una discapacidad reconocida considera que su situaci\u00f3n ha empeorado puede solicitar una revisi\u00f3n.\" \/>\n<meta property=\"og:url\" content=\"https:\/\/sindromecharge.es\/index.php\/2025\/02\/10\/se-ha-agravado-tu-discapacidad-asi-puedes-pedir-una-revision\/\" \/>\n<meta property=\"og:site_name\" content=\"Asociaci\u00f3n Espa\u00f1ola S\u00edndrome de Charge\" \/>\n<meta property=\"article:publisher\" content=\"https:\/\/www.facebook.com\/asociacionsindromecharge\" \/>\n<meta property=\"article:published_time\" content=\"2025-02-10T06:22:24+00:00\" \/>\n<meta property=\"og:image\" content=\"https:\/\/sindromecharge.es\/wp-content\/uploads\/2013\/09\/logodecharge300x98.png\" \/>\n\t<meta property=\"og:image:width\" content=\"300\" \/>\n\t<meta property=\"og:image:height\" content=\"98\" \/>\n\t<meta property=\"og:image:type\" content=\"image\/png\" \/>\n<meta name=\"author\" content=\"Charge\" \/>\n<meta name=\"twitter:card\" content=\"summary_large_image\" \/>\n<meta name=\"twitter:creator\" content=\"@sindromecharge\" \/>\n<meta name=\"twitter:site\" content=\"@sindromecharge\" \/>\n<meta name=\"twitter:label1\" content=\"Escrito por\" \/>\n\t<meta name=\"twitter:data1\" content=\"Charge\" \/>\n\t<meta name=\"twitter:label2\" content=\"Tiempo de lectura\" \/>\n\t<meta name=\"twitter:data2\" content=\"3 minutos\" \/>\n<script type=\"application\/ld+json\" class=\"yoast-schema-graph\">{\"@context\":\"https:\\\/\\\/schema.org\",\"@graph\":[{\"@type\":\"Article\",\"@id\":\"https:\\\/\\\/sindromecharge.es\\\/index.php\\\/2025\\\/02\\\/10\\\/se-ha-agravado-tu-discapacidad-asi-puedes-pedir-una-revision\\\/#article\",\"isPartOf\":{\"@id\":\"https:\\\/\\\/sindromecharge.es\\\/index.php\\\/2025\\\/02\\\/10\\\/se-ha-agravado-tu-discapacidad-asi-puedes-pedir-una-revision\\\/\"},\"author\":{\"name\":\"Charge\",\"@id\":\"https:\\\/\\\/sindromecharge.es\\\/#\\\/schema\\\/person\\\/39a60ebe0a2b4d5a11179701e336b039\"},\"headline\":\"\u00bfSe ha agravado tu discapacidad? As\u00ed puedes pedir una revisi\u00f3n para tener un mayor porcentaje\",\"datePublished\":\"2025-02-10T06:22:24+00:00\",\"mainEntityOfPage\":{\"@id\":\"https:\\\/\\\/sindromecharge.es\\\/index.php\\\/2025\\\/02\\\/10\\\/se-ha-agravado-tu-discapacidad-asi-puedes-pedir-una-revision\\\/\"},\"wordCount\":673,\"articleSection\":[\"noticias\"],\"inLanguage\":\"es\"},{\"@type\":\"WebPage\",\"@id\":\"https:\\\/\\\/sindromecharge.es\\\/index.php\\\/2025\\\/02\\\/10\\\/se-ha-agravado-tu-discapacidad-asi-puedes-pedir-una-revision\\\/\",\"url\":\"https:\\\/\\\/sindromecharge.es\\\/index.php\\\/2025\\\/02\\\/10\\\/se-ha-agravado-tu-discapacidad-asi-puedes-pedir-una-revision\\\/\",\"name\":\"\u00bfSe ha agravado tu discapacidad? As\u00ed puedes pedir una revisi\u00f3n para tener un mayor porcentaje - Asociaci\u00f3n Espa\u00f1ola S\u00edndrome de Charge\",\"isPartOf\":{\"@id\":\"https:\\\/\\\/sindromecharge.es\\\/#website\"},\"datePublished\":\"2025-02-10T06:22:24+00:00\",\"author\":{\"@id\":\"https:\\\/\\\/sindromecharge.es\\\/#\\\/schema\\\/person\\\/39a60ebe0a2b4d5a11179701e336b039\"},\"breadcrumb\":{\"@id\":\"https:\\\/\\\/sindromecharge.es\\\/index.php\\\/2025\\\/02\\\/10\\\/se-ha-agravado-tu-discapacidad-asi-puedes-pedir-una-revision\\\/#breadcrumb\"},\"inLanguage\":\"es\",\"potentialAction\":[{\"@type\":\"ReadAction\",\"target\":[\"https:\\\/\\\/sindromecharge.es\\\/index.php\\\/2025\\\/02\\\/10\\\/se-ha-agravado-tu-discapacidad-asi-puedes-pedir-una-revision\\\/\"]}]},{\"@type\":\"BreadcrumbList\",\"@id\":\"https:\\\/\\\/sindromecharge.es\\\/index.php\\\/2025\\\/02\\\/10\\\/se-ha-agravado-tu-discapacidad-asi-puedes-pedir-una-revision\\\/#breadcrumb\",\"itemListElement\":[{\"@type\":\"ListItem\",\"position\":1,\"name\":\"Portada\",\"item\":\"https:\\\/\\\/sindromecharge.es\\\/\"},{\"@type\":\"ListItem\",\"position\":2,\"name\":\"\u00bfSe ha agravado tu discapacidad? As\u00ed puedes pedir una revisi\u00f3n para tener un mayor porcentaje\"}]},{\"@type\":\"WebSite\",\"@id\":\"https:\\\/\\\/sindromecharge.es\\\/#website\",\"url\":\"https:\\\/\\\/sindromecharge.es\\\/\",\"name\":\"Asociaci\u00f3n Espa\u00f1ola S\u00edndrome de Charge\",\"description\":\"\",\"potentialAction\":[{\"@type\":\"SearchAction\",\"target\":{\"@type\":\"EntryPoint\",\"urlTemplate\":\"https:\\\/\\\/sindromecharge.es\\\/?s={search_term_string}\"},\"query-input\":{\"@type\":\"PropertyValueSpecification\",\"valueRequired\":true,\"valueName\":\"search_term_string\"}}],\"inLanguage\":\"es\"},{\"@type\":\"Person\",\"@id\":\"https:\\\/\\\/sindromecharge.es\\\/#\\\/schema\\\/person\\\/39a60ebe0a2b4d5a11179701e336b039\",\"name\":\"Charge\",\"image\":{\"@type\":\"ImageObject\",\"inLanguage\":\"es\",\"@id\":\"https:\\\/\\\/secure.gravatar.com\\\/avatar\\\/c3b46e32a0fc3b093a0873fb767bf3293de856293065e84ef06b7ec7a8acfb98?s=96&d=identicon&r=x\",\"url\":\"https:\\\/\\\/secure.gravatar.com\\\/avatar\\\/c3b46e32a0fc3b093a0873fb767bf3293de856293065e84ef06b7ec7a8acfb98?s=96&d=identicon&r=x\",\"contentUrl\":\"https:\\\/\\\/secure.gravatar.com\\\/avatar\\\/c3b46e32a0fc3b093a0873fb767bf3293de856293065e84ef06b7ec7a8acfb98?s=96&d=identicon&r=x\",\"caption\":\"Charge\"},\"url\":\"https:\\\/\\\/sindromecharge.es\\\/index.php\\\/author\\\/admin\\\/\"}]}<\/script>\n<!-- \/ Yoast SEO plugin. -->","yoast_head_json":{"title":"\u00bfSe ha agravado tu discapacidad? As\u00ed puedes pedir una revisi\u00f3n para tener un mayor porcentaje - Asociaci\u00f3n Espa\u00f1ola S\u00edndrome de Charge","robots":{"index":"index","follow":"follow","max-snippet":"max-snippet:-1","max-image-preview":"max-image-preview:large","max-video-preview":"max-video-preview:-1"},"canonical":"https:\/\/sindromecharge.es\/index.php\/2025\/02\/10\/se-ha-agravado-tu-discapacidad-asi-puedes-pedir-una-revision\/","og_locale":"es_ES","og_type":"article","og_title":"\u00bfSe ha agravado tu discapacidad? As\u00ed puedes pedir una revisi\u00f3n para tener un mayor porcentaje - Asociaci\u00f3n Espa\u00f1ola S\u00edndrome de Charge","og_description":"Si una persona con una discapacidad reconocida considera que su situaci\u00f3n ha empeorado puede solicitar una revisi\u00f3n.","og_url":"https:\/\/sindromecharge.es\/index.php\/2025\/02\/10\/se-ha-agravado-tu-discapacidad-asi-puedes-pedir-una-revision\/","og_site_name":"Asociaci\u00f3n Espa\u00f1ola S\u00edndrome de Charge","article_publisher":"https:\/\/www.facebook.com\/asociacionsindromecharge","article_published_time":"2025-02-10T06:22:24+00:00","og_image":[{"width":300,"height":98,"url":"https:\/\/sindromecharge.es\/wp-content\/uploads\/2013\/09\/logodecharge300x98.png","type":"image\/png"}],"author":"Charge","twitter_card":"summary_large_image","twitter_creator":"@sindromecharge","twitter_site":"@sindromecharge","twitter_misc":{"Escrito por":"Charge","Tiempo de lectura":"3 minutos"},"schema":{"@context":"https:\/\/schema.org","@graph":[{"@type":"Article","@id":"https:\/\/sindromecharge.es\/index.php\/2025\/02\/10\/se-ha-agravado-tu-discapacidad-asi-puedes-pedir-una-revision\/#article","isPartOf":{"@id":"https:\/\/sindromecharge.es\/index.php\/2025\/02\/10\/se-ha-agravado-tu-discapacidad-asi-puedes-pedir-una-revision\/"},"author":{"name":"Charge","@id":"https:\/\/sindromecharge.es\/#\/schema\/person\/39a60ebe0a2b4d5a11179701e336b039"},"headline":"\u00bfSe ha agravado tu discapacidad? As\u00ed puedes pedir una revisi\u00f3n para tener un mayor porcentaje","datePublished":"2025-02-10T06:22:24+00:00","mainEntityOfPage":{"@id":"https:\/\/sindromecharge.es\/index.php\/2025\/02\/10\/se-ha-agravado-tu-discapacidad-asi-puedes-pedir-una-revision\/"},"wordCount":673,"articleSection":["noticias"],"inLanguage":"es"},{"@type":"WebPage","@id":"https:\/\/sindromecharge.es\/index.php\/2025\/02\/10\/se-ha-agravado-tu-discapacidad-asi-puedes-pedir-una-revision\/","url":"https:\/\/sindromecharge.es\/index.php\/2025\/02\/10\/se-ha-agravado-tu-discapacidad-asi-puedes-pedir-una-revision\/","name":"\u00bfSe ha agravado tu discapacidad? As\u00ed puedes pedir una revisi\u00f3n para tener un mayor porcentaje - Asociaci\u00f3n Espa\u00f1ola S\u00edndrome de Charge","isPartOf":{"@id":"https:\/\/sindromecharge.es\/#website"},"datePublished":"2025-02-10T06:22:24+00:00","author":{"@id":"https:\/\/sindromecharge.es\/#\/schema\/person\/39a60ebe0a2b4d5a11179701e336b039"},"breadcrumb":{"@id":"https:\/\/sindromecharge.es\/index.php\/2025\/02\/10\/se-ha-agravado-tu-discapacidad-asi-puedes-pedir-una-revision\/#breadcrumb"},"inLanguage":"es","potentialAction":[{"@type":"ReadAction","target":["https:\/\/sindromecharge.es\/index.php\/2025\/02\/10\/se-ha-agravado-tu-discapacidad-asi-puedes-pedir-una-revision\/"]}]},{"@type":"BreadcrumbList","@id":"https:\/\/sindromecharge.es\/index.php\/2025\/02\/10\/se-ha-agravado-tu-discapacidad-asi-puedes-pedir-una-revision\/#breadcrumb","itemListElement":[{"@type":"ListItem","position":1,"name":"Portada","item":"https:\/\/sindromecharge.es\/"},{"@type":"ListItem","position":2,"name":"\u00bfSe ha agravado tu discapacidad? As\u00ed puedes pedir una revisi\u00f3n para tener un mayor porcentaje"}]},{"@type":"WebSite","@id":"https:\/\/sindromecharge.es\/#website","url":"https:\/\/sindromecharge.es\/","name":"Asociaci\u00f3n Espa\u00f1ola S\u00edndrome de Charge","description":"","potentialAction":[{"@type":"SearchAction","target":{"@type":"EntryPoint","urlTemplate":"https:\/\/sindromecharge.es\/?s={search_term_string}"},"query-input":{"@type":"PropertyValueSpecification","valueRequired":true,"valueName":"search_term_string"}}],"inLanguage":"es"},{"@type":"Person","@id":"https:\/\/sindromecharge.es\/#\/schema\/person\/39a60ebe0a2b4d5a11179701e336b039","name":"Charge","image":{"@type":"ImageObject","inLanguage":"es","@id":"https:\/\/secure.gravatar.com\/avatar\/c3b46e32a0fc3b093a0873fb767bf3293de856293065e84ef06b7ec7a8acfb98?s=96&d=identicon&r=x","url":"https:\/\/secure.gravatar.com\/avatar\/c3b46e32a0fc3b093a0873fb767bf3293de856293065e84ef06b7ec7a8acfb98?s=96&d=identicon&r=x","contentUrl":"https:\/\/secure.gravatar.com\/avatar\/c3b46e32a0fc3b093a0873fb767bf3293de856293065e84ef06b7ec7a8acfb98?s=96&d=identicon&r=x","caption":"Charge"},"url":"https:\/\/sindromecharge.es\/index.php\/author\/admin\/"}]}},"_links":{"self":[{"href":"https:\/\/sindromecharge.es\/index.php\/wp-json\/wp\/v2\/posts\/10813","targetHints":{"allow":["GET"]}}],"collection":[{"href":"https:\/\/sindromecharge.es\/index.php\/wp-json\/wp\/v2\/posts"}],"about":[{"href":"https:\/\/sindromecharge.es\/index.php\/wp-json\/wp\/v2\/types\/post"}],"author":[{"embeddable":true,"href":"https:\/\/sindromecharge.es\/index.php\/wp-json\/wp\/v2\/users\/1"}],"replies":[{"embeddable":true,"href":"https:\/\/sindromecharge.es\/index.php\/wp-json\/wp\/v2\/comments?post=10813"}],"version-history":[{"count":0,"href":"https:\/\/sindromecharge.es\/index.php\/wp-json\/wp\/v2\/posts\/10813\/revisions"}],"wp:attachment":[{"href":"https:\/\/sindromecharge.es\/index.php\/wp-json\/wp\/v2\/media?parent=10813"}],"wp:term":[{"taxonomy":"category","embeddable":true,"href":"https:\/\/sindromecharge.es\/index.php\/wp-json\/wp\/v2\/categories?post=10813"},{"taxonomy":"post_tag","embeddable":true,"href":"https:\/\/sindromecharge.es\/index.php\/wp-json\/wp\/v2\/tags?post=10813"}],"curies":[{"name":"wp","href":"https:\/\/api.w.org\/{rel}","templated":true}]}}